{"id":10238,"date":"2019-08-03T11:00:23","date_gmt":"2019-08-03T17:00:23","guid":{"rendered":"https:\/\/www.igssgt.org\/noticias\/?p=10238"},"modified":"2019-08-05T09:16:24","modified_gmt":"2019-08-05T15:16:24","slug":"tn23-semana-mundial-de-la-lactancia-materna","status":"publish","type":"post","link":"https:\/\/www.igssgt.org\/noticias\/2019\/08\/03\/tn23-semana-mundial-de-la-lactancia-materna\/","title":{"rendered":"TN23: Semana Mundial de la Lactancia Materna"},"content":{"rendered":"\n<p>El IGSS se une a m\u00e1s de 120 pa\u00edses as\u00ed como a otras instituciones nacionales que conmemoran esta semana, con el prop\u00f3sito de promover activamente la lactancia materna como la mejor forma de nutrici\u00f3n para los lactantes e invitar a fomentar esta pr\u00e1ctica para as\u00ed mejorar la salud de los beb\u00e9s de todo el mundo.<\/p>\n<p>Entre las maravillas y bondades de la lactancia materna est\u00e1 que tiene propiedades inmunol\u00f3gicas que hacen que tengamos un mundo con ni\u00f1os m\u00e1s sanos, m\u00e1s inteligentes y sobre todo con m\u00e1s igualdad. La lactancia es un bien social, es la alimentaci\u00f3n natural del lactante en los primeros seis meses de edad.<\/p>\n<p>El 25 % de la poblaci\u00f3n que atiende el IGSS son ni\u00f1os, a quienes les garantizan la protecci\u00f3n de la Seguridad Social para que no crezcan en estado de desnutrici\u00f3n, para lo cual se inspiran en la Pol\u00edtica Preventiva.<\/p>\n<p>Fuente: <strong>TN23<\/strong><\/p>\n<p>Enlace en internet: <a href=\"https:\/\/www.tn23.tv\/2019\/08\/03\/semana-mundial-de-la-lactancia-materna\/\"><strong>https:\/\/www.tn23.tv\/2019\/08\/03\/semana-mundial-de-la-lactancia-materna\/<\/strong><\/a><\/p>\n\n\n\n<ul class=\"wp-block-gallery columns-3 is-cropped wp-block-gallery-1 is-layout-flex wp-block-gallery-is-layout-flex\"><li class=\"blocks-gallery-item\"><figure><img loading=\"lazy\" decoding=\"async\" width=\"1024\" height=\"683\" src=\"\/wp-content\/uploads\/sites\/5\/2019\/08\/TN23-Semana-Mundial-de-la-Lactancia-Materna-IGSS-2019-1-1024x683.jpg\" alt=\"\" data-id=\"10239\" data-link=\"https:\/\/www.igssgt.org\/noticias\/?attachment_id=10239\" class=\"wp-image-10239\" srcset=\"\/wp-content\/uploads\/sites\/5\/2019\/08\/TN23-Semana-Mundial-de-la-Lactancia-Materna-IGSS-2019-1.jpg 1024w, \/wp-content\/uploads\/sites\/5\/2019\/08\/TN23-Semana-Mundial-de-la-Lactancia-Materna-IGSS-2019-1-300x200.jpg 300w, \/wp-content\/uploads\/sites\/5\/2019\/08\/TN23-Semana-Mundial-de-la-Lactancia-Materna-IGSS-2019-1-768x512.jpg 768w, \/wp-content\/uploads\/sites\/5\/2019\/08\/TN23-Semana-Mundial-de-la-Lactancia-Materna-IGSS-2019-1-630x420.jpg 630w, \/wp-content\/uploads\/sites\/5\/2019\/08\/TN23-Semana-Mundial-de-la-Lactancia-Materna-IGSS-2019-1-696x464.jpg 696w, \/wp-content\/uploads\/sites\/5\/2019\/08\/TN23-Semana-Mundial-de-la-Lactancia-Materna-IGSS-2019-1-534x356.jpg 534w\" sizes=\"auto, (max-width: 1024px) 100vw, 1024px\" \/><\/figure><\/li><li class=\"blocks-gallery-item\"><figure><img loading=\"lazy\" decoding=\"async\" width=\"700\" height=\"467\" src=\"\/wp-content\/uploads\/sites\/5\/2019\/08\/TN23-Semana-Mundial-de-la-Lactancia-Materna-IGSS-2019-2.jpg\" alt=\"\" data-id=\"10240\" data-link=\"https:\/\/www.igssgt.org\/noticias\/?attachment_id=10240\" class=\"wp-image-10240\" srcset=\"\/wp-content\/uploads\/sites\/5\/2019\/08\/TN23-Semana-Mundial-de-la-Lactancia-Materna-IGSS-2019-2.jpg 700w, \/wp-content\/uploads\/sites\/5\/2019\/08\/TN23-Semana-Mundial-de-la-Lactancia-Materna-IGSS-2019-2-300x200.jpg 300w, \/wp-content\/uploads\/sites\/5\/2019\/08\/TN23-Semana-Mundial-de-la-Lactancia-Materna-IGSS-2019-2-630x420.jpg 630w, \/wp-content\/uploads\/sites\/5\/2019\/08\/TN23-Semana-Mundial-de-la-Lactancia-Materna-IGSS-2019-2-696x464.jpg 696w, \/wp-content\/uploads\/sites\/5\/2019\/08\/TN23-Semana-Mundial-de-la-Lactancia-Materna-IGSS-2019-2-534x356.jpg 534w\" sizes=\"auto, (max-width: 700px) 100vw, 700px\" \/><\/figure><\/li><li class=\"blocks-gallery-item\"><figure><img loading=\"lazy\" decoding=\"async\" width=\"1024\" height=\"682\" src=\"\/wp-content\/uploads\/sites\/5\/2019\/08\/TN23-Semana-Mundial-de-la-Lactancia-Materna-IGSS-2019-3-1024x682.jpg\" alt=\"\" data-id=\"10241\" data-link=\"https:\/\/www.igssgt.org\/noticias\/?attachment_id=10241\" class=\"wp-image-10241\" srcset=\"\/wp-content\/uploads\/sites\/5\/2019\/08\/TN23-Semana-Mundial-de-la-Lactancia-Materna-IGSS-2019-3.jpg 1024w, \/wp-content\/uploads\/sites\/5\/2019\/08\/TN23-Semana-Mundial-de-la-Lactancia-Materna-IGSS-2019-3-300x200.jpg 300w, \/wp-content\/uploads\/sites\/5\/2019\/08\/TN23-Semana-Mundial-de-la-Lactancia-Materna-IGSS-2019-3-768x512.jpg 768w, \/wp-content\/uploads\/sites\/5\/2019\/08\/TN23-Semana-Mundial-de-la-Lactancia-Materna-IGSS-2019-3-631x420.jpg 631w, \/wp-content\/uploads\/sites\/5\/2019\/08\/TN23-Semana-Mundial-de-la-Lactancia-Materna-IGSS-2019-3-696x464.jpg 696w, \/wp-content\/uploads\/sites\/5\/2019\/08\/TN23-Semana-Mundial-de-la-Lactancia-Materna-IGSS-2019-3-534x356.jpg 534w\" sizes=\"auto, (max-width: 1024px) 100vw, 1024px\" \/><\/figure><\/li><li class=\"blocks-gallery-item\"><figure><img loading=\"lazy\" decoding=\"async\" width=\"1024\" height=\"683\" src=\"\/wp-content\/uploads\/sites\/5\/2019\/08\/TN23-Semana-Mundial-de-la-Lactancia-Materna-IGSS-2019-4-1024x683.jpg\" alt=\"\" data-id=\"10242\" data-link=\"https:\/\/www.igssgt.org\/noticias\/?attachment_id=10242\" class=\"wp-image-10242\" srcset=\"\/wp-content\/uploads\/sites\/5\/2019\/08\/TN23-Semana-Mundial-de-la-Lactancia-Materna-IGSS-2019-4-1024x683.jpg 1024w, \/wp-content\/uploads\/sites\/5\/2019\/08\/TN23-Semana-Mundial-de-la-Lactancia-Materna-IGSS-2019-4-300x200.jpg 300w, \/wp-content\/uploads\/sites\/5\/2019\/08\/TN23-Semana-Mundial-de-la-Lactancia-Materna-IGSS-2019-4-768x512.jpg 768w, \/wp-content\/uploads\/sites\/5\/2019\/08\/TN23-Semana-Mundial-de-la-Lactancia-Materna-IGSS-2019-4-630x420.jpg 630w, \/wp-content\/uploads\/sites\/5\/2019\/08\/TN23-Semana-Mundial-de-la-Lactancia-Materna-IGSS-2019-4-696x464.jpg 696w, \/wp-content\/uploads\/sites\/5\/2019\/08\/TN23-Semana-Mundial-de-la-Lactancia-Materna-IGSS-2019-4.jpg 1068w, \/wp-content\/uploads\/sites\/5\/2019\/08\/TN23-Semana-Mundial-de-la-Lactancia-Materna-IGSS-2019-4-534x356.jpg 534w\" sizes=\"auto, (max-width: 1024px) 100vw, 1024px\" \/><\/figure><\/li><\/ul>\n","protected":false},"excerpt":{"rendered":"<p>El IGSS se une a m\u00e1s de 120 pa\u00edses as\u00ed como a otras instituciones nacionales que conmemoran esta semana, con el prop\u00f3sito de promover activamente la lactancia materna como la mejor forma de nutrici\u00f3n para los lactantes e invitar a fomentar esta pr\u00e1ctica para as\u00ed mejorar la salud de los beb\u00e9s de todo el mundo. [&hellip;]<\/p>\n","protected":false},"author":4,"featured_media":10240,"comment_status":"open","ping_status":"open","sticky":false,"template":"","format":"standard","meta":{"footnotes":""},"categories":[3,15,41,45,29],"tags":[556,817],"coauthors":[881],"class_list":{"0":"post-10238","1":"post","2":"type-post","3":"status-publish","4":"format-standard","5":"has-post-thumbnail","7":"category-actualidad","8":"category-destacado","9":"category-igss-en-los-medios","10":"category-jornadas-medicas","11":"category-publicaciones","12":"tag-lactancia-materna-igss","13":"tag-tn23"},"_links":{"self":[{"href":"https:\/\/www.igssgt.org\/noticias\/wp-json\/wp\/v2\/posts\/10238","targetHints":{"allow":["GET"]}}],"collection":[{"href":"https:\/\/www.igssgt.org\/noticias\/wp-json\/wp\/v2\/posts"}],"about":[{"href":"https:\/\/www.igssgt.org\/noticias\/wp-json\/wp\/v2\/types\/post"}],"author":[{"embeddable":true,"href":"https:\/\/www.igssgt.org\/noticias\/wp-json\/wp\/v2\/users\/4"}],"replies":[{"embeddable":true,"href":"https:\/\/www.igssgt.org\/noticias\/wp-json\/wp\/v2\/comments?post=10238"}],"version-history":[{"count":1,"href":"https:\/\/www.igssgt.org\/noticias\/wp-json\/wp\/v2\/posts\/10238\/revisions"}],"predecessor-version":[{"id":10244,"href":"https:\/\/www.igssgt.org\/noticias\/wp-json\/wp\/v2\/posts\/10238\/revisions\/10244"}],"wp:featuredmedia":[{"embeddable":true,"href":"https:\/\/www.igssgt.org\/noticias\/wp-json\/wp\/v2\/media\/10240"}],"wp:attachment":[{"href":"https:\/\/www.igssgt.org\/noticias\/wp-json\/wp\/v2\/media?parent=10238"}],"wp:term":[{"taxonomy":"category","embeddable":true,"href":"https:\/\/www.igssgt.org\/noticias\/wp-json\/wp\/v2\/categories?post=10238"},{"taxonomy":"post_tag","embeddable":true,"href":"https:\/\/www.igssgt.org\/noticias\/wp-json\/wp\/v2\/tags?post=10238"},{"taxonomy":"author","embeddable":true,"href":"https:\/\/www.igssgt.org\/noticias\/wp-json\/wp\/v2\/coauthors?post=10238"}],"curies":[{"name":"wp","href":"https:\/\/api.w.org\/{rel}","templated":true}]}}