{"id":10411,"date":"2019-08-26T12:30:11","date_gmt":"2019-08-26T18:30:11","guid":{"rendered":"https:\/\/www.igssgt.org\/noticias\/?p=10411"},"modified":"2019-08-26T12:32:48","modified_gmt":"2019-08-26T18:32:48","slug":"dia-internacional-contra-el-dengue","status":"publish","type":"post","link":"https:\/\/www.igssgt.org\/noticias\/2019\/08\/26\/dia-internacional-contra-el-dengue\/","title":{"rendered":"D\u00eda Internacional contra el Dengue"},"content":{"rendered":"<p>El 26 de agosto se conmemora el D\u00eda Internacional contra el Dengue, el cual tiene como objetivo informar acerca de c\u00f3mo prevenir la transmisi\u00f3n de esta enfermedad. El Instituto mantiene un programa permanente en todas sus unidades del pa\u00eds de prevenci\u00f3n y combate de las enfermedades transmitidas por mosquitos.<br \/><br \/>La coordinaci\u00f3n del programa est\u00e1 a cargo de la Secci\u00f3n de Epidemiolog\u00eda del Departamento de Medicina Preventiva, que ha implementado una serie de acciones como la vigilancia epidemiol\u00f3gica y charlas informativas y educativas que se proporcionan a los diferentes grupos de derechohabientes que asisten a las unidades de la instituci\u00f3n.<\/p>\n<p>El objetivo fundamental de estas acciones es detectar tempranamente a pacientes con s\u00edntomas de dengue y dengue grave, para darles una atenci\u00f3n oportuna y personalizada, en las que adem\u00e1s se incluye detectar chikungunya, zika, mayaro y otras, inform\u00f3 el doctor Oscar Donis, jefe de esta Secci\u00f3n.<\/p>\n<blockquote class=\"twitter-tweet\">\n<p dir=\"ltr\" lang=\"es\">PROT\u00c9GETE del <a href=\"https:\/\/twitter.com\/hashtag\/dengue?src=hash&amp;ref_src=twsrc%5Etfw\">#dengue<\/a> <a href=\"https:\/\/twitter.com\/hashtag\/chikungunya?src=hash&amp;ref_src=twsrc%5Etfw\">#chikungunya<\/a> y <a href=\"https:\/\/twitter.com\/hashtag\/zika?src=hash&amp;ref_src=twsrc%5Etfw\">#zika<\/a> El <a href=\"https:\/\/twitter.com\/hashtag\/IGSS?src=hash&amp;ref_src=twsrc%5Etfw\">#IGSS<\/a> te hace estas recomendaciones \u25ba <a href=\"https:\/\/t.co\/zLY9piLPRE\">https:\/\/t.co\/zLY9piLPRE<\/a> <a href=\"https:\/\/twitter.com\/hashtag\/Prot%C3%A9geteDelDengueIGSS?src=hash&amp;ref_src=twsrc%5Etfw\">#Prot\u00e9geteDelDengueIGSS<\/a> <a href=\"https:\/\/twitter.com\/hashtag\/IGSS2019A%C3%B1oPrevenci%C3%B3n?src=hash&amp;ref_src=twsrc%5Etfw\">#IGSS2019A\u00f1oPrevenci\u00f3n<\/a> <a href=\"https:\/\/t.co\/Z3xGDA6hEJ\">pic.twitter.com\/Z3xGDA6hEJ<\/a><\/p>\n\u2014 Noticias IGSS (@Noticias_IGSS) <a href=\"https:\/\/twitter.com\/Noticias_IGSS\/status\/1165706741532827650?ref_src=twsrc%5Etfw\">August 25, 2019<\/a><\/blockquote>\n<p>\u00a0<\/p>\n<p>Se recomienda que las personas que tengan alguno de estos s\u00edntomas asistan a la unidad m\u00e9dica que les corresponde, visiten a su m\u00e9dico o al centro asistencial m\u00e1s cercano, para tener el tratamiento adecuado y oportuno, resalt\u00f3 el doctor Donis. <br \/><br \/>Seg\u00fan los registro de casos detectados en las unidades m\u00e9dicas del Seguro Social, los departamentos con mayor incidencia son Guatemala, Izabal, Retalhuleu, Escuintla y Sacatep\u00e9quez, concluy\u00f3 el profesional.<\/p>\n\n\n<ul class=\"wp-block-gallery columns-3 is-cropped wp-block-gallery-1 is-layout-flex wp-block-gallery-is-layout-flex\"><li class=\"blocks-gallery-item\"><figure><img loading=\"lazy\" decoding=\"async\" width=\"1024\" height=\"1024\" src=\"\/wp-content\/uploads\/sites\/5\/2019\/07\/dengue-afiche-03-igss-2019-1024x1024.jpg\" alt=\"\" data-id=\"10183\" data-link=\"https:\/\/www.igssgt.org\/noticias\/2019\/07\/31\/protegete-del-dengue\/dengue-afiche-03-igss-2019\/\" class=\"wp-image-10183\" srcset=\"\/wp-content\/uploads\/sites\/5\/2019\/07\/dengue-afiche-03-igss-2019-1024x1024.jpg 1024w, \/wp-content\/uploads\/sites\/5\/2019\/07\/dengue-afiche-03-igss-2019-150x150.jpg 150w, \/wp-content\/uploads\/sites\/5\/2019\/07\/dengue-afiche-03-igss-2019-300x300.jpg 300w, \/wp-content\/uploads\/sites\/5\/2019\/07\/dengue-afiche-03-igss-2019-768x767.jpg 768w, \/wp-content\/uploads\/sites\/5\/2019\/07\/dengue-afiche-03-igss-2019-420x420.jpg 420w, \/wp-content\/uploads\/sites\/5\/2019\/07\/dengue-afiche-03-igss-2019-696x695.jpg 696w, \/wp-content\/uploads\/sites\/5\/2019\/07\/dengue-afiche-03-igss-2019-1068x1067.jpg 1068w, \/wp-content\/uploads\/sites\/5\/2019\/07\/dengue-afiche-03-igss-2019-462x462.jpg 462w, \/wp-content\/uploads\/sites\/5\/2019\/07\/dengue-afiche-03-igss-2019.jpg 1201w\" sizes=\"auto, (max-width: 1024px) 100vw, 1024px\" \/><\/figure><\/li><li class=\"blocks-gallery-item\"><figure><img loading=\"lazy\" decoding=\"async\" width=\"1024\" height=\"1024\" src=\"\/wp-content\/uploads\/sites\/5\/2019\/07\/dengue-afiche-02-igss-2019-1024x1024.jpg\" alt=\"\" data-id=\"10182\" data-link=\"https:\/\/www.igssgt.org\/noticias\/2019\/07\/31\/protegete-del-dengue\/dengue-afiche-02-igss-2019\/\" class=\"wp-image-10182\" srcset=\"\/wp-content\/uploads\/sites\/5\/2019\/07\/dengue-afiche-02-igss-2019-1024x1024.jpg 1024w, \/wp-content\/uploads\/sites\/5\/2019\/07\/dengue-afiche-02-igss-2019-150x150.jpg 150w, \/wp-content\/uploads\/sites\/5\/2019\/07\/dengue-afiche-02-igss-2019-300x300.jpg 300w, \/wp-content\/uploads\/sites\/5\/2019\/07\/dengue-afiche-02-igss-2019-768x767.jpg 768w, \/wp-content\/uploads\/sites\/5\/2019\/07\/dengue-afiche-02-igss-2019-420x420.jpg 420w, \/wp-content\/uploads\/sites\/5\/2019\/07\/dengue-afiche-02-igss-2019-696x695.jpg 696w, \/wp-content\/uploads\/sites\/5\/2019\/07\/dengue-afiche-02-igss-2019-1068x1067.jpg 1068w, \/wp-content\/uploads\/sites\/5\/2019\/07\/dengue-afiche-02-igss-2019-462x462.jpg 462w, \/wp-content\/uploads\/sites\/5\/2019\/07\/dengue-afiche-02-igss-2019.jpg 1201w\" sizes=\"auto, (max-width: 1024px) 100vw, 1024px\" \/><\/figure><\/li><li class=\"blocks-gallery-item\"><figure><img loading=\"lazy\" decoding=\"async\" width=\"1024\" height=\"1024\" src=\"\/wp-content\/uploads\/sites\/5\/2019\/07\/dengue-afiche-01-igss-2019-1024x1024.jpg\" alt=\"\" data-id=\"10181\" data-link=\"https:\/\/www.igssgt.org\/noticias\/2019\/07\/31\/protegete-del-dengue\/dengue-afiche-01-igss-2019\/\" class=\"wp-image-10181\" srcset=\"\/wp-content\/uploads\/sites\/5\/2019\/07\/dengue-afiche-01-igss-2019-1024x1024.jpg 1024w, \/wp-content\/uploads\/sites\/5\/2019\/07\/dengue-afiche-01-igss-2019-150x150.jpg 150w, \/wp-content\/uploads\/sites\/5\/2019\/07\/dengue-afiche-01-igss-2019-300x300.jpg 300w, \/wp-content\/uploads\/sites\/5\/2019\/07\/dengue-afiche-01-igss-2019-768x768.jpg 768w, \/wp-content\/uploads\/sites\/5\/2019\/07\/dengue-afiche-01-igss-2019-420x420.jpg 420w, \/wp-content\/uploads\/sites\/5\/2019\/07\/dengue-afiche-01-igss-2019-696x696.jpg 696w, \/wp-content\/uploads\/sites\/5\/2019\/07\/dengue-afiche-01-igss-2019-1068x1068.jpg 1068w, \/wp-content\/uploads\/sites\/5\/2019\/07\/dengue-afiche-01-igss-2019-462x462.jpg 462w, \/wp-content\/uploads\/sites\/5\/2019\/07\/dengue-afiche-01-igss-2019.jpg 1200w\" sizes=\"auto, (max-width: 1024px) 100vw, 1024px\" \/><\/figure><\/li><li class=\"blocks-gallery-item\"><figure><img loading=\"lazy\" decoding=\"async\" width=\"387\" height=\"585\" src=\"\/wp-content\/uploads\/sites\/5\/2019\/07\/Proteja-a-sus-ninos-del-dengue-IGSS-20194.jpg\" alt=\"\" data-id=\"10177\" data-link=\"https:\/\/www.igssgt.org\/noticias\/2019\/07\/31\/proteja-a-sus-ninos-del-dengue\/proteja-a-sus-ninos-del-dengue-igss-20194\/\" class=\"wp-image-10177\" srcset=\"\/wp-content\/uploads\/sites\/5\/2019\/07\/Proteja-a-sus-ninos-del-dengue-IGSS-20194.jpg 387w, \/wp-content\/uploads\/sites\/5\/2019\/07\/Proteja-a-sus-ninos-del-dengue-IGSS-20194-198x300.jpg 198w, \/wp-content\/uploads\/sites\/5\/2019\/07\/Proteja-a-sus-ninos-del-dengue-IGSS-20194-278x420.jpg 278w, \/wp-content\/uploads\/sites\/5\/2019\/07\/Proteja-a-sus-ninos-del-dengue-IGSS-20194-306x462.jpg 306w\" sizes=\"auto, (max-width: 387px) 100vw, 387px\" \/><\/figure><\/li><li class=\"blocks-gallery-item\"><figure><img loading=\"lazy\" decoding=\"async\" width=\"1024\" height=\"682\" src=\"\/wp-content\/uploads\/sites\/5\/2019\/07\/Proteja-a-sus-ninos-del-dengue-IGSS-20192-1024x682.jpg\" alt=\"\" data-id=\"10175\" data-link=\"https:\/\/www.igssgt.org\/noticias\/2019\/07\/31\/proteja-a-sus-ninos-del-dengue\/proteja-a-sus-ninos-del-dengue-igss-20192\/\" class=\"wp-image-10175\" srcset=\"\/wp-content\/uploads\/sites\/5\/2019\/07\/Proteja-a-sus-ninos-del-dengue-IGSS-20192-1024x682.jpg 1024w, \/wp-content\/uploads\/sites\/5\/2019\/07\/Proteja-a-sus-ninos-del-dengue-IGSS-20192-300x200.jpg 300w, \/wp-content\/uploads\/sites\/5\/2019\/07\/Proteja-a-sus-ninos-del-dengue-IGSS-20192-768x512.jpg 768w, \/wp-content\/uploads\/sites\/5\/2019\/07\/Proteja-a-sus-ninos-del-dengue-IGSS-20192-630x420.jpg 630w, \/wp-content\/uploads\/sites\/5\/2019\/07\/Proteja-a-sus-ninos-del-dengue-IGSS-20192-696x464.jpg 696w, \/wp-content\/uploads\/sites\/5\/2019\/07\/Proteja-a-sus-ninos-del-dengue-IGSS-20192-1068x712.jpg 1068w, \/wp-content\/uploads\/sites\/5\/2019\/07\/Proteja-a-sus-ninos-del-dengue-IGSS-20192-534x356.jpg 534w, \/wp-content\/uploads\/sites\/5\/2019\/07\/Proteja-a-sus-ninos-del-dengue-IGSS-20192.jpg 1280w\" sizes=\"auto, (max-width: 1024px) 100vw, 1024px\" \/><\/figure><\/li><li class=\"blocks-gallery-item\"><figure><img loading=\"lazy\" decoding=\"async\" width=\"1024\" height=\"682\" src=\"\/wp-content\/uploads\/sites\/5\/2019\/07\/Recaudacion-patronos-igss-2019-2-1024x682.jpg\" alt=\"\" data-id=\"10397\" data-link=\"https:\/\/www.igssgt.org\/noticias\/2019\/07\/03\/el-igss-empieza-la-primera-fase-del-plan-integral-de-recaudacion-2\/recaudacion-patronos-igss-2019-2\/\" class=\"wp-image-10397\" srcset=\"\/wp-content\/uploads\/sites\/5\/2019\/07\/Recaudacion-patronos-igss-2019-2-1024x682.jpg 1024w, \/wp-content\/uploads\/sites\/5\/2019\/07\/Recaudacion-patronos-igss-2019-2-300x200.jpg 300w, \/wp-content\/uploads\/sites\/5\/2019\/07\/Recaudacion-patronos-igss-2019-2-768x512.jpg 768w, \/wp-content\/uploads\/sites\/5\/2019\/07\/Recaudacion-patronos-igss-2019-2-630x420.jpg 630w, \/wp-content\/uploads\/sites\/5\/2019\/07\/Recaudacion-patronos-igss-2019-2-696x464.jpg 696w, \/wp-content\/uploads\/sites\/5\/2019\/07\/Recaudacion-patronos-igss-2019-2-1068x712.jpg 1068w, \/wp-content\/uploads\/sites\/5\/2019\/07\/Recaudacion-patronos-igss-2019-2-534x356.jpg 534w, \/wp-content\/uploads\/sites\/5\/2019\/07\/Recaudacion-patronos-igss-2019-2.jpg 1280w\" sizes=\"auto, (max-width: 1024px) 100vw, 1024px\" \/><\/figure><\/li><li class=\"blocks-gallery-item\"><figure><img loading=\"lazy\" decoding=\"async\" width=\"1024\" height=\"685\" src=\"\/wp-content\/uploads\/sites\/5\/2019\/07\/Prevenga-la-proliferacion4-1024x685.jpg\" alt=\"\" data-id=\"10153\" data-link=\"https:\/\/www.igssgt.org\/noticias\/2019\/07\/30\/prevenga-la-proliferacion-de-zancudos-para-evitar-el-dengue\/prevenga-la-proliferacion4\/\" class=\"wp-image-10153\" srcset=\"\/wp-content\/uploads\/sites\/5\/2019\/07\/Prevenga-la-proliferacion4-1024x685.jpg 1024w, \/wp-content\/uploads\/sites\/5\/2019\/07\/Prevenga-la-proliferacion4-300x201.jpg 300w, \/wp-content\/uploads\/sites\/5\/2019\/07\/Prevenga-la-proliferacion4-768x514.jpg 768w, \/wp-content\/uploads\/sites\/5\/2019\/07\/Prevenga-la-proliferacion4-628x420.jpg 628w, \/wp-content\/uploads\/sites\/5\/2019\/07\/Prevenga-la-proliferacion4-696x465.jpg 696w, \/wp-content\/uploads\/sites\/5\/2019\/07\/Prevenga-la-proliferacion4-1068x714.jpg 1068w, \/wp-content\/uploads\/sites\/5\/2019\/07\/Prevenga-la-proliferacion4-534x357.jpg 534w, \/wp-content\/uploads\/sites\/5\/2019\/07\/Prevenga-la-proliferacion4.jpg 1280w\" sizes=\"auto, (max-width: 1024px) 100vw, 1024px\" \/><\/figure><\/li><li class=\"blocks-gallery-item\"><figure><img loading=\"lazy\" decoding=\"async\" width=\"1024\" height=\"682\" src=\"\/wp-content\/uploads\/sites\/5\/2019\/07\/Prevenga-la-proliferacion3-1024x682.jpg\" alt=\"\" data-id=\"10152\" data-link=\"https:\/\/www.igssgt.org\/noticias\/2019\/07\/30\/prevenga-la-proliferacion-de-zancudos-para-evitar-el-dengue\/prevenga-la-proliferacion3\/\" class=\"wp-image-10152\" srcset=\"\/wp-content\/uploads\/sites\/5\/2019\/07\/Prevenga-la-proliferacion3-1024x682.jpg 1024w, \/wp-content\/uploads\/sites\/5\/2019\/07\/Prevenga-la-proliferacion3-300x200.jpg 300w, \/wp-content\/uploads\/sites\/5\/2019\/07\/Prevenga-la-proliferacion3-768x512.jpg 768w, \/wp-content\/uploads\/sites\/5\/2019\/07\/Prevenga-la-proliferacion3-630x420.jpg 630w, \/wp-content\/uploads\/sites\/5\/2019\/07\/Prevenga-la-proliferacion3-696x464.jpg 696w, \/wp-content\/uploads\/sites\/5\/2019\/07\/Prevenga-la-proliferacion3-1068x712.jpg 1068w, \/wp-content\/uploads\/sites\/5\/2019\/07\/Prevenga-la-proliferacion3-534x356.jpg 534w, \/wp-content\/uploads\/sites\/5\/2019\/07\/Prevenga-la-proliferacion3.jpg 1280w\" sizes=\"auto, (max-width: 1024px) 100vw, 1024px\" \/><\/figure><\/li><li class=\"blocks-gallery-item\"><figure><img loading=\"lazy\" decoding=\"async\" width=\"1024\" height=\"768\" src=\"\/wp-content\/uploads\/sites\/5\/2019\/07\/Prevenga-la-proliferacion2-1024x768.jpg\" alt=\"\" data-id=\"10151\" data-link=\"https:\/\/www.igssgt.org\/noticias\/2019\/07\/30\/prevenga-la-proliferacion-de-zancudos-para-evitar-el-dengue\/prevenga-la-proliferacion2\/\" class=\"wp-image-10151\" srcset=\"\/wp-content\/uploads\/sites\/5\/2019\/07\/Prevenga-la-proliferacion2-1024x768.jpg 1024w, \/wp-content\/uploads\/sites\/5\/2019\/07\/Prevenga-la-proliferacion2-300x225.jpg 300w, \/wp-content\/uploads\/sites\/5\/2019\/07\/Prevenga-la-proliferacion2-768x576.jpg 768w, \/wp-content\/uploads\/sites\/5\/2019\/07\/Prevenga-la-proliferacion2-560x420.jpg 560w, \/wp-content\/uploads\/sites\/5\/2019\/07\/Prevenga-la-proliferacion2-80x60.jpg 80w, \/wp-content\/uploads\/sites\/5\/2019\/07\/Prevenga-la-proliferacion2-696x522.jpg 696w, \/wp-content\/uploads\/sites\/5\/2019\/07\/Prevenga-la-proliferacion2-1068x801.jpg 1068w, \/wp-content\/uploads\/sites\/5\/2019\/07\/Prevenga-la-proliferacion2-265x198.jpg 265w, \/wp-content\/uploads\/sites\/5\/2019\/07\/Prevenga-la-proliferacion2-534x401.jpg 534w, \/wp-content\/uploads\/sites\/5\/2019\/07\/Prevenga-la-proliferacion2.jpg 1280w\" sizes=\"auto, (max-width: 1024px) 100vw, 1024px\" \/><\/figure><\/li><li class=\"blocks-gallery-item\"><figure><img loading=\"lazy\" decoding=\"async\" width=\"1024\" height=\"682\" src=\"\/wp-content\/uploads\/sites\/5\/2019\/07\/Prevenga-la-proliferacion1-1024x682.jpg\" alt=\"\" data-id=\"10150\" data-link=\"https:\/\/www.igssgt.org\/noticias\/2019\/07\/30\/prevenga-la-proliferacion-de-zancudos-para-evitar-el-dengue\/prevenga-la-proliferacion1\/\" class=\"wp-image-10150\" srcset=\"\/wp-content\/uploads\/sites\/5\/2019\/07\/Prevenga-la-proliferacion1-1024x682.jpg 1024w, \/wp-content\/uploads\/sites\/5\/2019\/07\/Prevenga-la-proliferacion1-300x200.jpg 300w, \/wp-content\/uploads\/sites\/5\/2019\/07\/Prevenga-la-proliferacion1-768x512.jpg 768w, \/wp-content\/uploads\/sites\/5\/2019\/07\/Prevenga-la-proliferacion1-630x420.jpg 630w, \/wp-content\/uploads\/sites\/5\/2019\/07\/Prevenga-la-proliferacion1-696x464.jpg 696w, \/wp-content\/uploads\/sites\/5\/2019\/07\/Prevenga-la-proliferacion1-1068x712.jpg 1068w, \/wp-content\/uploads\/sites\/5\/2019\/07\/Prevenga-la-proliferacion1-534x356.jpg 534w, \/wp-content\/uploads\/sites\/5\/2019\/07\/Prevenga-la-proliferacion1.jpg 1280w\" sizes=\"auto, (max-width: 1024px) 100vw, 1024px\" \/><\/figure><\/li><\/ul>\n","protected":false},"excerpt":{"rendered":"<p>El 26 de agosto se conmemora el D\u00eda Internacional contra el Dengue, el cual tiene como objetivo informar acerca de c\u00f3mo prevenir la transmisi\u00f3n de esta enfermedad. El Instituto mantiene un programa permanente en todas sus unidades del pa\u00eds de prevenci\u00f3n y combate de las enfermedades transmitidas por mosquitos. La coordinaci\u00f3n del programa est\u00e1 a [&hellip;]<\/p>\n","protected":false},"author":4,"featured_media":10151,"comment_status":"open","ping_status":"open","sticky":false,"template":"","format":"standard","meta":{"footnotes":""},"categories":[3],"tags":[227,490],"coauthors":[881],"class_list":{"0":"post-10411","1":"post","2":"type-post","3":"status-publish","4":"format-standard","5":"has-post-thumbnail","7":"category-actualidad","8":"tag-dengue","9":"tag-igss"},"_links":{"self":[{"href":"https:\/\/www.igssgt.org\/noticias\/wp-json\/wp\/v2\/posts\/10411","targetHints":{"allow":["GET"]}}],"collection":[{"href":"https:\/\/www.igssgt.org\/noticias\/wp-json\/wp\/v2\/posts"}],"about":[{"href":"https:\/\/www.igssgt.org\/noticias\/wp-json\/wp\/v2\/types\/post"}],"author":[{"embeddable":true,"href":"https:\/\/www.igssgt.org\/noticias\/wp-json\/wp\/v2\/users\/4"}],"replies":[{"embeddable":true,"href":"https:\/\/www.igssgt.org\/noticias\/wp-json\/wp\/v2\/comments?post=10411"}],"version-history":[{"count":3,"href":"https:\/\/www.igssgt.org\/noticias\/wp-json\/wp\/v2\/posts\/10411\/revisions"}],"predecessor-version":[{"id":10416,"href":"https:\/\/www.igssgt.org\/noticias\/wp-json\/wp\/v2\/posts\/10411\/revisions\/10416"}],"wp:featuredmedia":[{"embeddable":true,"href":"https:\/\/www.igssgt.org\/noticias\/wp-json\/wp\/v2\/media\/10151"}],"wp:attachment":[{"href":"https:\/\/www.igssgt.org\/noticias\/wp-json\/wp\/v2\/media?parent=10411"}],"wp:term":[{"taxonomy":"category","embeddable":true,"href":"https:\/\/www.igssgt.org\/noticias\/wp-json\/wp\/v2\/categories?post=10411"},{"taxonomy":"post_tag","embeddable":true,"href":"https:\/\/www.igssgt.org\/noticias\/wp-json\/wp\/v2\/tags?post=10411"},{"taxonomy":"author","embeddable":true,"href":"https:\/\/www.igssgt.org\/noticias\/wp-json\/wp\/v2\/coauthors?post=10411"}],"curies":[{"name":"wp","href":"https:\/\/api.w.org\/{rel}","templated":true}]}}