{"id":10484,"date":"2019-09-02T08:30:25","date_gmt":"2019-09-02T14:30:25","guid":{"rendered":"https:\/\/www.igssgt.org\/noticias\/?p=10484"},"modified":"2019-09-02T10:18:18","modified_gmt":"2019-09-02T16:18:18","slug":"el-igss-fortalece-la-formacion-del-personal-de-enfermeria","status":"publish","type":"post","link":"https:\/\/www.igssgt.org\/noticias\/2019\/09\/02\/el-igss-fortalece-la-formacion-del-personal-de-enfermeria\/","title":{"rendered":"El IGSS fortalece la formaci\u00f3n del personal de enfermer\u00eda"},"content":{"rendered":"\n<p>Como parte del programa de docencia para el \u00e1rea de Enfermer\u00eda de la Unidad del Hospital Gineco Obstetricia, se imparte capacitaci\u00f3n te\u00f3rico pr\u00e1ctica para fortalecer las capacidades del personal.<\/p>\n<p>Los temas impartidos fueron de humanizaci\u00f3n, s\u00edndrome de anticuerpos, antifosfol\u00edpidos y reanimaci\u00f3n cardiopulmonar (RCP), con \u00e9nfasis al fortalecimiento y desarrollo del personal para brindar un servicio de calidad a los derechohabientes.<\/p>\n<p>El IGSS \u00a0implementa programas preventivos para optimizar los objetivos del Instituto con el fin de promover la salud y la prevenci\u00f3n de la enfermedad.<\/p>\n\n\n\n<ul class=\"wp-block-gallery columns-3 is-cropped wp-block-gallery-1 is-layout-flex wp-block-gallery-is-layout-flex\"><li class=\"blocks-gallery-item\"><figure><img loading=\"lazy\" decoding=\"async\" width=\"1024\" height=\"768\" src=\"\/wp-content\/uploads\/sites\/5\/2019\/09\/Capacitacion-personal-de-enfermeria-igss-2019-1-1024x768.jpg\" alt=\"\" data-id=\"10486\" data-link=\"https:\/\/www.igssgt.org\/noticias\/?attachment_id=10486\" class=\"wp-image-10486\" srcset=\"\/wp-content\/uploads\/sites\/5\/2019\/09\/Capacitacion-personal-de-enfermeria-igss-2019-1-1024x768.jpg 1024w, \/wp-content\/uploads\/sites\/5\/2019\/09\/Capacitacion-personal-de-enfermeria-igss-2019-1-300x225.jpg 300w, \/wp-content\/uploads\/sites\/5\/2019\/09\/Capacitacion-personal-de-enfermeria-igss-2019-1-768x576.jpg 768w, \/wp-content\/uploads\/sites\/5\/2019\/09\/Capacitacion-personal-de-enfermeria-igss-2019-1-560x420.jpg 560w, \/wp-content\/uploads\/sites\/5\/2019\/09\/Capacitacion-personal-de-enfermeria-igss-2019-1-80x60.jpg 80w, \/wp-content\/uploads\/sites\/5\/2019\/09\/Capacitacion-personal-de-enfermeria-igss-2019-1-696x522.jpg 696w, \/wp-content\/uploads\/sites\/5\/2019\/09\/Capacitacion-personal-de-enfermeria-igss-2019-1-265x198.jpg 265w, \/wp-content\/uploads\/sites\/5\/2019\/09\/Capacitacion-personal-de-enfermeria-igss-2019-1-534x401.jpg 534w, \/wp-content\/uploads\/sites\/5\/2019\/09\/Capacitacion-personal-de-enfermeria-igss-2019-1.jpg 1040w\" sizes=\"auto, (max-width: 1024px) 100vw, 1024px\" \/><\/figure><\/li><li class=\"blocks-gallery-item\"><figure><img loading=\"lazy\" decoding=\"async\" width=\"1024\" height=\"768\" src=\"\/wp-content\/uploads\/sites\/5\/2019\/09\/Capacitacion-personal-de-enfermeria-igss-2019-2-1024x768.jpg\" alt=\"\" data-id=\"10487\" data-link=\"https:\/\/www.igssgt.org\/noticias\/?attachment_id=10487\" class=\"wp-image-10487\" srcset=\"\/wp-content\/uploads\/sites\/5\/2019\/09\/Capacitacion-personal-de-enfermeria-igss-2019-2-1024x768.jpg 1024w, \/wp-content\/uploads\/sites\/5\/2019\/09\/Capacitacion-personal-de-enfermeria-igss-2019-2-300x225.jpg 300w, \/wp-content\/uploads\/sites\/5\/2019\/09\/Capacitacion-personal-de-enfermeria-igss-2019-2-768x576.jpg 768w, \/wp-content\/uploads\/sites\/5\/2019\/09\/Capacitacion-personal-de-enfermeria-igss-2019-2-560x420.jpg 560w, \/wp-content\/uploads\/sites\/5\/2019\/09\/Capacitacion-personal-de-enfermeria-igss-2019-2-80x60.jpg 80w, \/wp-content\/uploads\/sites\/5\/2019\/09\/Capacitacion-personal-de-enfermeria-igss-2019-2-696x522.jpg 696w, \/wp-content\/uploads\/sites\/5\/2019\/09\/Capacitacion-personal-de-enfermeria-igss-2019-2-265x198.jpg 265w, \/wp-content\/uploads\/sites\/5\/2019\/09\/Capacitacion-personal-de-enfermeria-igss-2019-2-534x401.jpg 534w, \/wp-content\/uploads\/sites\/5\/2019\/09\/Capacitacion-personal-de-enfermeria-igss-2019-2.jpg 1040w\" sizes=\"auto, (max-width: 1024px) 100vw, 1024px\" \/><\/figure><\/li><li class=\"blocks-gallery-item\"><figure><img loading=\"lazy\" decoding=\"async\" width=\"1024\" height=\"768\" src=\"\/wp-content\/uploads\/sites\/5\/2019\/09\/Capacitacion-personal-de-enfermeria-igss-2019-3-1024x768.jpg\" alt=\"\" data-id=\"10488\" data-link=\"https:\/\/www.igssgt.org\/noticias\/?attachment_id=10488\" class=\"wp-image-10488\" srcset=\"\/wp-content\/uploads\/sites\/5\/2019\/09\/Capacitacion-personal-de-enfermeria-igss-2019-3-1024x768.jpg 1024w, \/wp-content\/uploads\/sites\/5\/2019\/09\/Capacitacion-personal-de-enfermeria-igss-2019-3-300x225.jpg 300w, \/wp-content\/uploads\/sites\/5\/2019\/09\/Capacitacion-personal-de-enfermeria-igss-2019-3-768x576.jpg 768w, \/wp-content\/uploads\/sites\/5\/2019\/09\/Capacitacion-personal-de-enfermeria-igss-2019-3-560x420.jpg 560w, \/wp-content\/uploads\/sites\/5\/2019\/09\/Capacitacion-personal-de-enfermeria-igss-2019-3-80x60.jpg 80w, \/wp-content\/uploads\/sites\/5\/2019\/09\/Capacitacion-personal-de-enfermeria-igss-2019-3-696x522.jpg 696w, \/wp-content\/uploads\/sites\/5\/2019\/09\/Capacitacion-personal-de-enfermeria-igss-2019-3-265x198.jpg 265w, \/wp-content\/uploads\/sites\/5\/2019\/09\/Capacitacion-personal-de-enfermeria-igss-2019-3-534x401.jpg 534w, \/wp-content\/uploads\/sites\/5\/2019\/09\/Capacitacion-personal-de-enfermeria-igss-2019-3.jpg 1040w\" sizes=\"auto, (max-width: 1024px) 100vw, 1024px\" \/><\/figure><\/li><li class=\"blocks-gallery-item\"><figure><img loading=\"lazy\" decoding=\"async\" width=\"1024\" height=\"644\" src=\"\/wp-content\/uploads\/sites\/5\/2019\/09\/Capacitacion-personal-de-enfermeria-igss-2019-4-1-1024x644.jpg\" alt=\"\" data-id=\"10491\" data-link=\"https:\/\/www.igssgt.org\/noticias\/?attachment_id=10491\" class=\"wp-image-10491\" srcset=\"\/wp-content\/uploads\/sites\/5\/2019\/09\/Capacitacion-personal-de-enfermeria-igss-2019-4-1-1024x644.jpg 1024w, \/wp-content\/uploads\/sites\/5\/2019\/09\/Capacitacion-personal-de-enfermeria-igss-2019-4-1-300x189.jpg 300w, \/wp-content\/uploads\/sites\/5\/2019\/09\/Capacitacion-personal-de-enfermeria-igss-2019-4-1-768x483.jpg 768w, \/wp-content\/uploads\/sites\/5\/2019\/09\/Capacitacion-personal-de-enfermeria-igss-2019-4-1-668x420.jpg 668w, \/wp-content\/uploads\/sites\/5\/2019\/09\/Capacitacion-personal-de-enfermeria-igss-2019-4-1-696x438.jpg 696w, \/wp-content\/uploads\/sites\/5\/2019\/09\/Capacitacion-personal-de-enfermeria-igss-2019-4-1-534x336.jpg 534w, \/wp-content\/uploads\/sites\/5\/2019\/09\/Capacitacion-personal-de-enfermeria-igss-2019-4-1.jpg 1040w\" sizes=\"auto, (max-width: 1024px) 100vw, 1024px\" \/><\/figure><\/li><\/ul>\n\n\n\n<hr \/>\n<p>\u00a0<\/p>\n","protected":false},"excerpt":{"rendered":"<p>Como parte del programa de docencia para el \u00e1rea de Enfermer\u00eda de la Unidad del Hospital Gineco Obstetricia, se imparte capacitaci\u00f3n te\u00f3rico pr\u00e1ctica para fortalecer las capacidades del personal. Los temas impartidos fueron de humanizaci\u00f3n, s\u00edndrome de anticuerpos, antifosfol\u00edpidos y reanimaci\u00f3n cardiopulmonar (RCP), con \u00e9nfasis al fortalecimiento y desarrollo del personal para brindar un servicio [&hellip;]<\/p>\n","protected":false},"author":4,"featured_media":10491,"comment_status":"open","ping_status":"open","sticky":false,"template":"","format":"standard","meta":{"footnotes":""},"categories":[3,17,29,36],"tags":[406,477,490],"coauthors":[881],"class_list":{"0":"post-10484","1":"post","2":"type-post","3":"status-publish","4":"format-standard","5":"has-post-thumbnail","7":"category-actualidad","8":"category-formacion-y-desarrollo","9":"category-publicaciones","10":"category-unidades-medicas","11":"tag-enfermeria","12":"tag-hospital-de-gineco-obstetricia","13":"tag-igss"},"_links":{"self":[{"href":"https:\/\/www.igssgt.org\/noticias\/wp-json\/wp\/v2\/posts\/10484","targetHints":{"allow":["GET"]}}],"collection":[{"href":"https:\/\/www.igssgt.org\/noticias\/wp-json\/wp\/v2\/posts"}],"about":[{"href":"https:\/\/www.igssgt.org\/noticias\/wp-json\/wp\/v2\/types\/post"}],"author":[{"embeddable":true,"href":"https:\/\/www.igssgt.org\/noticias\/wp-json\/wp\/v2\/users\/4"}],"replies":[{"embeddable":true,"href":"https:\/\/www.igssgt.org\/noticias\/wp-json\/wp\/v2\/comments?post=10484"}],"version-history":[{"count":4,"href":"https:\/\/www.igssgt.org\/noticias\/wp-json\/wp\/v2\/posts\/10484\/revisions"}],"predecessor-version":[{"id":10493,"href":"https:\/\/www.igssgt.org\/noticias\/wp-json\/wp\/v2\/posts\/10484\/revisions\/10493"}],"wp:featuredmedia":[{"embeddable":true,"href":"https:\/\/www.igssgt.org\/noticias\/wp-json\/wp\/v2\/media\/10491"}],"wp:attachment":[{"href":"https:\/\/www.igssgt.org\/noticias\/wp-json\/wp\/v2\/media?parent=10484"}],"wp:term":[{"taxonomy":"category","embeddable":true,"href":"https:\/\/www.igssgt.org\/noticias\/wp-json\/wp\/v2\/categories?post=10484"},{"taxonomy":"post_tag","embeddable":true,"href":"https:\/\/www.igssgt.org\/noticias\/wp-json\/wp\/v2\/tags?post=10484"},{"taxonomy":"author","embeddable":true,"href":"https:\/\/www.igssgt.org\/noticias\/wp-json\/wp\/v2\/coauthors?post=10484"}],"curies":[{"name":"wp","href":"https:\/\/api.w.org\/{rel}","templated":true}]}}