{"id":10667,"date":"2019-06-03T12:43:35","date_gmt":"2019-06-03T18:43:35","guid":{"rendered":"https:\/\/www.igssgt.org\/noticias\/?p=10667"},"modified":"2019-09-05T14:06:59","modified_gmt":"2019-09-05T20:06:59","slug":"hospital-general-de-accidentes-ceibal-atiende-60-pacientes-con-pie-equino-varo-al-ano","status":"publish","type":"post","link":"https:\/\/www.igssgt.org\/noticias\/2019\/06\/03\/hospital-general-de-accidentes-ceibal-atiende-60-pacientes-con-pie-equino-varo-al-ano\/","title":{"rendered":"Cl\u00ednica especializada del IGSS atiende a pacientes con pie equino varo"},"content":{"rendered":"\n<p>Discapacidad, marginalidad y alto costo social son las principales consecuencias al dejar de tratar el pie equino varo en un ni\u00f1o que lo padece, destaca la doctora Ana Zambrano, especialista en ortopedia y traumatolog\u00eda pedi\u00e1trica del Hospital General de Accidentes Ceibal.<\/p>\n\n\n\n<p>En la cl\u00ednica del hospital se atiende anualmente a un promedio de 60 ni\u00f1os diagnosticados con este padecimiento. La cl\u00ednica es de referencia nacional para las unidades m\u00e9dicas de la instituci\u00f3n.<\/p>\n\n\n\n<p>El pie equino varo se presenta durante el embarazo y se diagnostica al nacer el ni\u00f1o. No se necesita ning\u00fan examen especial para diagnosticarlo, \u201cel pie est\u00e1 hacia adentro como un palo de golf.&nbsp; A simple vista se ve la deformidad\u201d destaca la especialista del IGSS.<\/p>\n\n\n\n<p>Esta enfermedad es tratada mediante un procedimiento que recibe el nombre de m\u00e9todo Ponseti. Este m\u00e9todo consiste en una serie de manipulaciones gentiles al pie acompa\u00f1adas de la colocaci\u00f3n de un yeso corrector cada semana. Esta manipulaci\u00f3n y los yesos llevan al paciente casi a la normalidad. Lo \u00fanico que&nbsp; no corrige el yeso es el tend\u00f3n de Aquiles, que en un 99 %&nbsp; tiene que ser corregido a trav\u00e9s de una peque\u00f1a cirug\u00eda con anestesia local.<\/p>\n\n\n\n<p>El tratamiento finaliza con el uso de barras inmovilizadoras recomendadas hasta los cinco a\u00f1os de edad.<\/p>\n\n\n\n<p>La especialista asegura que se coordina con las unidades m\u00e9dicas del Seguro Social para lograr la referencia temprana de los pacientes con pie equino varo. De esta cuenta el hospital registra a pacientes a partir de los dos meses de edad.<\/p>\n\n\n\n<ul class=\"wp-block-gallery columns-3 is-cropped wp-block-gallery-1 is-layout-flex wp-block-gallery-is-layout-flex\"><li class=\"blocks-gallery-item\"><figure><a href=\"\/wp-content\/uploads\/sites\/5\/2019\/09\/Pie-equino-varo-hospital-general-de-accidentes-ceibal-igss-2019-1-1024x768.jpg\"><img loading=\"lazy\" decoding=\"async\" width=\"1024\" height=\"768\" src=\"\/wp-content\/uploads\/sites\/5\/2019\/09\/Pie-equino-varo-hospital-general-de-accidentes-ceibal-igss-2019-1-1024x768.jpg\" alt=\"\" data-id=\"10681\" data-link=\"https:\/\/www.igssgt.org\/noticias\/?attachment_id=10681\" class=\"wp-image-10681\" srcset=\"\/wp-content\/uploads\/sites\/5\/2019\/09\/Pie-equino-varo-hospital-general-de-accidentes-ceibal-igss-2019-1-1024x768.jpg 1024w, \/wp-content\/uploads\/sites\/5\/2019\/09\/Pie-equino-varo-hospital-general-de-accidentes-ceibal-igss-2019-1-300x225.jpg 300w, \/wp-content\/uploads\/sites\/5\/2019\/09\/Pie-equino-varo-hospital-general-de-accidentes-ceibal-igss-2019-1-768x576.jpg 768w, \/wp-content\/uploads\/sites\/5\/2019\/09\/Pie-equino-varo-hospital-general-de-accidentes-ceibal-igss-2019-1-560x420.jpg 560w, \/wp-content\/uploads\/sites\/5\/2019\/09\/Pie-equino-varo-hospital-general-de-accidentes-ceibal-igss-2019-1-80x60.jpg 80w, \/wp-content\/uploads\/sites\/5\/2019\/09\/Pie-equino-varo-hospital-general-de-accidentes-ceibal-igss-2019-1-696x522.jpg 696w, \/wp-content\/uploads\/sites\/5\/2019\/09\/Pie-equino-varo-hospital-general-de-accidentes-ceibal-igss-2019-1-265x198.jpg 265w, \/wp-content\/uploads\/sites\/5\/2019\/09\/Pie-equino-varo-hospital-general-de-accidentes-ceibal-igss-2019-1-534x401.jpg 534w, \/wp-content\/uploads\/sites\/5\/2019\/09\/Pie-equino-varo-hospital-general-de-accidentes-ceibal-igss-2019-1.jpg 1040w\" sizes=\"auto, (max-width: 1024px) 100vw, 1024px\" \/><\/a><\/figure><\/li><li class=\"blocks-gallery-item\"><figure><a href=\"\/wp-content\/uploads\/sites\/5\/2019\/09\/Pie-equino-varo-hospital-general-de-accidentes-ceibal-igss-2019-2-1024x768.jpg\"><img loading=\"lazy\" decoding=\"async\" width=\"1024\" height=\"768\" src=\"\/wp-content\/uploads\/sites\/5\/2019\/09\/Pie-equino-varo-hospital-general-de-accidentes-ceibal-igss-2019-2-1024x768.jpg\" alt=\"\" data-id=\"10682\" data-link=\"https:\/\/www.igssgt.org\/noticias\/?attachment_id=10682\" class=\"wp-image-10682\" srcset=\"\/wp-content\/uploads\/sites\/5\/2019\/09\/Pie-equino-varo-hospital-general-de-accidentes-ceibal-igss-2019-2-1024x768.jpg 1024w, \/wp-content\/uploads\/sites\/5\/2019\/09\/Pie-equino-varo-hospital-general-de-accidentes-ceibal-igss-2019-2-300x225.jpg 300w, \/wp-content\/uploads\/sites\/5\/2019\/09\/Pie-equino-varo-hospital-general-de-accidentes-ceibal-igss-2019-2-768x576.jpg 768w, \/wp-content\/uploads\/sites\/5\/2019\/09\/Pie-equino-varo-hospital-general-de-accidentes-ceibal-igss-2019-2-560x420.jpg 560w, \/wp-content\/uploads\/sites\/5\/2019\/09\/Pie-equino-varo-hospital-general-de-accidentes-ceibal-igss-2019-2-80x60.jpg 80w, \/wp-content\/uploads\/sites\/5\/2019\/09\/Pie-equino-varo-hospital-general-de-accidentes-ceibal-igss-2019-2-696x522.jpg 696w, \/wp-content\/uploads\/sites\/5\/2019\/09\/Pie-equino-varo-hospital-general-de-accidentes-ceibal-igss-2019-2-265x198.jpg 265w, \/wp-content\/uploads\/sites\/5\/2019\/09\/Pie-equino-varo-hospital-general-de-accidentes-ceibal-igss-2019-2-534x401.jpg 534w, \/wp-content\/uploads\/sites\/5\/2019\/09\/Pie-equino-varo-hospital-general-de-accidentes-ceibal-igss-2019-2.jpg 1040w\" sizes=\"auto, (max-width: 1024px) 100vw, 1024px\" \/><\/a><\/figure><\/li><li class=\"blocks-gallery-item\"><figure><a href=\"\/wp-content\/uploads\/sites\/5\/2019\/09\/Pie-equino-varo-hospital-general-de-accidentes-ceibal-igss-2019-3-1024x768.jpg\"><img loading=\"lazy\" decoding=\"async\" width=\"1024\" height=\"768\" src=\"\/wp-content\/uploads\/sites\/5\/2019\/09\/Pie-equino-varo-hospital-general-de-accidentes-ceibal-igss-2019-3-1024x768.jpg\" alt=\"\" data-id=\"10683\" data-link=\"https:\/\/www.igssgt.org\/noticias\/?attachment_id=10683\" class=\"wp-image-10683\" srcset=\"\/wp-content\/uploads\/sites\/5\/2019\/09\/Pie-equino-varo-hospital-general-de-accidentes-ceibal-igss-2019-3-1024x768.jpg 1024w, \/wp-content\/uploads\/sites\/5\/2019\/09\/Pie-equino-varo-hospital-general-de-accidentes-ceibal-igss-2019-3-300x225.jpg 300w, \/wp-content\/uploads\/sites\/5\/2019\/09\/Pie-equino-varo-hospital-general-de-accidentes-ceibal-igss-2019-3-768x576.jpg 768w, \/wp-content\/uploads\/sites\/5\/2019\/09\/Pie-equino-varo-hospital-general-de-accidentes-ceibal-igss-2019-3-560x420.jpg 560w, \/wp-content\/uploads\/sites\/5\/2019\/09\/Pie-equino-varo-hospital-general-de-accidentes-ceibal-igss-2019-3-80x60.jpg 80w, \/wp-content\/uploads\/sites\/5\/2019\/09\/Pie-equino-varo-hospital-general-de-accidentes-ceibal-igss-2019-3-696x522.jpg 696w, \/wp-content\/uploads\/sites\/5\/2019\/09\/Pie-equino-varo-hospital-general-de-accidentes-ceibal-igss-2019-3-265x198.jpg 265w, \/wp-content\/uploads\/sites\/5\/2019\/09\/Pie-equino-varo-hospital-general-de-accidentes-ceibal-igss-2019-3-534x401.jpg 534w, \/wp-content\/uploads\/sites\/5\/2019\/09\/Pie-equino-varo-hospital-general-de-accidentes-ceibal-igss-2019-3.jpg 1040w\" sizes=\"auto, (max-width: 1024px) 100vw, 1024px\" \/><\/a><\/figure><\/li><li class=\"blocks-gallery-item\"><figure><a href=\"\/wp-content\/uploads\/sites\/5\/2019\/09\/Pie-equino-varo-hospital-general-de-accidentes-ceibal-igss-2019-4-1-1024x768.jpg\"><img loading=\"lazy\" decoding=\"async\" width=\"1024\" height=\"768\" src=\"\/wp-content\/uploads\/sites\/5\/2019\/09\/Pie-equino-varo-hospital-general-de-accidentes-ceibal-igss-2019-4-1-1024x768.jpg\" alt=\"\" data-id=\"10684\" data-link=\"https:\/\/www.igssgt.org\/noticias\/?attachment_id=10684\" class=\"wp-image-10684\" srcset=\"\/wp-content\/uploads\/sites\/5\/2019\/09\/Pie-equino-varo-hospital-general-de-accidentes-ceibal-igss-2019-4-1-1024x768.jpg 1024w, \/wp-content\/uploads\/sites\/5\/2019\/09\/Pie-equino-varo-hospital-general-de-accidentes-ceibal-igss-2019-4-1-300x225.jpg 300w, \/wp-content\/uploads\/sites\/5\/2019\/09\/Pie-equino-varo-hospital-general-de-accidentes-ceibal-igss-2019-4-1-768x576.jpg 768w, \/wp-content\/uploads\/sites\/5\/2019\/09\/Pie-equino-varo-hospital-general-de-accidentes-ceibal-igss-2019-4-1-560x420.jpg 560w, \/wp-content\/uploads\/sites\/5\/2019\/09\/Pie-equino-varo-hospital-general-de-accidentes-ceibal-igss-2019-4-1-80x60.jpg 80w, \/wp-content\/uploads\/sites\/5\/2019\/09\/Pie-equino-varo-hospital-general-de-accidentes-ceibal-igss-2019-4-1-696x522.jpg 696w, \/wp-content\/uploads\/sites\/5\/2019\/09\/Pie-equino-varo-hospital-general-de-accidentes-ceibal-igss-2019-4-1-265x198.jpg 265w, \/wp-content\/uploads\/sites\/5\/2019\/09\/Pie-equino-varo-hospital-general-de-accidentes-ceibal-igss-2019-4-1-534x401.jpg 534w, \/wp-content\/uploads\/sites\/5\/2019\/09\/Pie-equino-varo-hospital-general-de-accidentes-ceibal-igss-2019-4-1.jpg 1040w\" sizes=\"auto, (max-width: 1024px) 100vw, 1024px\" \/><\/a><\/figure><\/li><li class=\"blocks-gallery-item\"><figure><a href=\"\/wp-content\/uploads\/sites\/5\/2019\/09\/Pie-equino-varo-hospital-general-de-accidentes-ceibal-igss-2019-5-1024x683.jpg\"><img loading=\"lazy\" decoding=\"async\" width=\"1024\" height=\"683\" src=\"\/wp-content\/uploads\/sites\/5\/2019\/09\/Pie-equino-varo-hospital-general-de-accidentes-ceibal-igss-2019-5-1024x683.jpg\" alt=\"\" data-id=\"10685\" data-link=\"https:\/\/www.igssgt.org\/noticias\/?attachment_id=10685\" class=\"wp-image-10685\" srcset=\"\/wp-content\/uploads\/sites\/5\/2019\/09\/Pie-equino-varo-hospital-general-de-accidentes-ceibal-igss-2019-5-1024x683.jpg 1024w, \/wp-content\/uploads\/sites\/5\/2019\/09\/Pie-equino-varo-hospital-general-de-accidentes-ceibal-igss-2019-5-1536x1024.jpg 1536w, \/wp-content\/uploads\/sites\/5\/2019\/09\/Pie-equino-varo-hospital-general-de-accidentes-ceibal-igss-2019-5-300x200.jpg 300w, \/wp-content\/uploads\/sites\/5\/2019\/09\/Pie-equino-varo-hospital-general-de-accidentes-ceibal-igss-2019-5-768x512.jpg 768w, \/wp-content\/uploads\/sites\/5\/2019\/09\/Pie-equino-varo-hospital-general-de-accidentes-ceibal-igss-2019-5-630x420.jpg 630w, \/wp-content\/uploads\/sites\/5\/2019\/09\/Pie-equino-varo-hospital-general-de-accidentes-ceibal-igss-2019-5-696x464.jpg 696w, \/wp-content\/uploads\/sites\/5\/2019\/09\/Pie-equino-varo-hospital-general-de-accidentes-ceibal-igss-2019-5-1068x712.jpg 1068w, \/wp-content\/uploads\/sites\/5\/2019\/09\/Pie-equino-varo-hospital-general-de-accidentes-ceibal-igss-2019-5-534x356.jpg 534w, \/wp-content\/uploads\/sites\/5\/2019\/09\/Pie-equino-varo-hospital-general-de-accidentes-ceibal-igss-2019-5.jpg 1824w\" sizes=\"auto, (max-width: 1024px) 100vw, 1024px\" \/><\/a><\/figure><\/li><\/ul>\n","protected":false},"excerpt":{"rendered":"<p>Discapacidad, marginalidad y alto costo social son las principales consecuencias al dejar de tratar el pie equino varo en un ni\u00f1o que lo padece, destaca la doctora Ana Zambrano, especialista en ortopedia y traumatolog\u00eda pedi\u00e1trica del Hospital General de Accidentes Ceibal. En la cl\u00ednica del hospital se atiende anualmente a un promedio de 60 ni\u00f1os [&hellip;]<\/p>\n","protected":false},"author":9,"featured_media":10684,"comment_status":"open","ping_status":"open","sticky":false,"template":"","format":"standard","meta":{"footnotes":""},"categories":[3],"tags":[480,490,703],"coauthors":[888],"class_list":{"0":"post-10667","1":"post","2":"type-post","3":"status-publish","4":"format-standard","5":"has-post-thumbnail","7":"category-actualidad","8":"tag-hospital-general-de-accidentes-ceibal","9":"tag-igss","10":"tag-pie-equino-varo"},"_links":{"self":[{"href":"https:\/\/www.igssgt.org\/noticias\/wp-json\/wp\/v2\/posts\/10667","targetHints":{"allow":["GET"]}}],"collection":[{"href":"https:\/\/www.igssgt.org\/noticias\/wp-json\/wp\/v2\/posts"}],"about":[{"href":"https:\/\/www.igssgt.org\/noticias\/wp-json\/wp\/v2\/types\/post"}],"author":[{"embeddable":true,"href":"https:\/\/www.igssgt.org\/noticias\/wp-json\/wp\/v2\/users\/9"}],"replies":[{"embeddable":true,"href":"https:\/\/www.igssgt.org\/noticias\/wp-json\/wp\/v2\/comments?post=10667"}],"version-history":[{"count":1,"href":"https:\/\/www.igssgt.org\/noticias\/wp-json\/wp\/v2\/posts\/10667\/revisions"}],"predecessor-version":[{"id":10686,"href":"https:\/\/www.igssgt.org\/noticias\/wp-json\/wp\/v2\/posts\/10667\/revisions\/10686"}],"wp:featuredmedia":[{"embeddable":true,"href":"https:\/\/www.igssgt.org\/noticias\/wp-json\/wp\/v2\/media\/10684"}],"wp:attachment":[{"href":"https:\/\/www.igssgt.org\/noticias\/wp-json\/wp\/v2\/media?parent=10667"}],"wp:term":[{"taxonomy":"category","embeddable":true,"href":"https:\/\/www.igssgt.org\/noticias\/wp-json\/wp\/v2\/categories?post=10667"},{"taxonomy":"post_tag","embeddable":true,"href":"https:\/\/www.igssgt.org\/noticias\/wp-json\/wp\/v2\/tags?post=10667"},{"taxonomy":"author","embeddable":true,"href":"https:\/\/www.igssgt.org\/noticias\/wp-json\/wp\/v2\/coauthors?post=10667"}],"curies":[{"name":"wp","href":"https:\/\/api.w.org\/{rel}","templated":true}]}}