{"id":10690,"date":"2019-09-06T09:00:28","date_gmt":"2019-09-06T15:00:28","guid":{"rendered":"https:\/\/www.igssgt.org\/noticias\/?p=10690"},"modified":"2019-09-06T09:53:19","modified_gmt":"2019-09-06T15:53:19","slug":"el-igss-participa-en-el-congreso-regional-de-la-calidad","status":"publish","type":"post","link":"https:\/\/www.igssgt.org\/noticias\/2019\/09\/06\/el-igss-participa-en-el-congreso-regional-de-la-calidad\/","title":{"rendered":"El IGSS participa en el Congreso Regional de la Calidad"},"content":{"rendered":"\n<p>El Instituto, como integrante del Sistema Nacional de Calidad (SNC), particip\u00f3 en el Congreso Regional de la Calidad, realizado en un hotel de la zona 10, con el objetivo de lograr que trabajadores, estudiantes, t\u00e9cnicos, profesionales, docentes y empresarios conozcan y pongan en pr\u00e1ctica las herramientas para una gesti\u00f3n de calidad.<br \/><br \/>El IGSS instal\u00f3 un stand en este evento, donde personal de enfermer\u00eda e inspectores de la Secci\u00f3n de Seguridad e Higiene y Prevenci\u00f3n de Accidentes hicieron pruebas de glucosa, presi\u00f3n arterial, peso, talla y masa corporal, y compartieron informaci\u00f3n sobre Salud y Seguridad Ocupacional.<\/p>\n<p>\u201cEntre los temas que estamos informando a los asistentes a este congreso est\u00e1n: seguridad laboral, higiene ocupacional, riesgos ergon\u00f3micos y riesgos psicosociales\u201d, explic\u00f3 Juan Luis Argueta, inspector del IGSS.<\/p>\n<p>La participaci\u00f3n del IGSS en este congreso es por su gran importancia, pues se trata de una instituci\u00f3n que cuenta con laboratorios, procesos, y procedimientos especiales para desempe\u00f1ar gestiones con calidad, y por esa raz\u00f3n la formaci\u00f3n que hoy se est\u00e1 impartiendo contribuye a\u00fan m\u00e1s para brindar una excelente atenci\u00f3n a sus derechohabientes\u201d, coment\u00f3 Pablo Alexander Pineda, director del SNC.<\/p>\n<p>El doctor Mynor Mej\u00eda, jefe de la Secci\u00f3n de Seguridad, destac\u00f3 que estas actividades evidencian el trabajo que realiza Instituto en cumplimiento de la implementaci\u00f3n de los cinco ejes de la Pol\u00edtica Preventiva, porque se trabaja en la prevenci\u00f3n de enfermedades cr\u00f3nicas degenerativas, a trav\u00e9s de sistemas de calidad, y as\u00ed se fortalece la atenci\u00f3n que se le da a los derechohabientes.<\/p>\n\n\n\n<ul class=\"wp-block-gallery columns-3 is-cropped wp-block-gallery-1 is-layout-flex wp-block-gallery-is-layout-flex\"><li class=\"blocks-gallery-item\"><figure><img loading=\"lazy\" decoding=\"async\" width=\"813\" height=\"564\" src=\"\/wp-content\/uploads\/sites\/5\/2019\/09\/EDuHzMkXoAM1Vum.jpg\" alt=\"\" data-id=\"10692\" data-link=\"https:\/\/www.igssgt.org\/noticias\/?attachment_id=10692\" class=\"wp-image-10692\" srcset=\"\/wp-content\/uploads\/sites\/5\/2019\/09\/EDuHzMkXoAM1Vum.jpg 813w, \/wp-content\/uploads\/sites\/5\/2019\/09\/EDuHzMkXoAM1Vum-300x208.jpg 300w, \/wp-content\/uploads\/sites\/5\/2019\/09\/EDuHzMkXoAM1Vum-768x533.jpg 768w, \/wp-content\/uploads\/sites\/5\/2019\/09\/EDuHzMkXoAM1Vum-605x420.jpg 605w, \/wp-content\/uploads\/sites\/5\/2019\/09\/EDuHzMkXoAM1Vum-218x150.jpg 218w, \/wp-content\/uploads\/sites\/5\/2019\/09\/EDuHzMkXoAM1Vum-696x483.jpg 696w, \/wp-content\/uploads\/sites\/5\/2019\/09\/EDuHzMkXoAM1Vum-100x70.jpg 100w, \/wp-content\/uploads\/sites\/5\/2019\/09\/EDuHzMkXoAM1Vum-534x370.jpg 534w\" sizes=\"auto, (max-width: 813px) 100vw, 813px\" \/><\/figure><\/li><li class=\"blocks-gallery-item\"><figure><img loading=\"lazy\" decoding=\"async\" width=\"360\" height=\"289\" src=\"\/wp-content\/uploads\/sites\/5\/2019\/09\/EDuHzNBX4AAyUuL.jpg\" alt=\"\" data-id=\"10693\" data-link=\"https:\/\/www.igssgt.org\/noticias\/?attachment_id=10693\" class=\"wp-image-10693\" srcset=\"\/wp-content\/uploads\/sites\/5\/2019\/09\/EDuHzNBX4AAyUuL.jpg 360w, \/wp-content\/uploads\/sites\/5\/2019\/09\/EDuHzNBX4AAyUuL-300x241.jpg 300w\" sizes=\"auto, (max-width: 360px) 100vw, 360px\" \/><\/figure><\/li><li class=\"blocks-gallery-item\"><figure><img loading=\"lazy\" decoding=\"async\" width=\"360\" height=\"236\" src=\"\/wp-content\/uploads\/sites\/5\/2019\/09\/EDuHzN9WwAATHF-.jpg\" alt=\"\" data-id=\"10694\" data-link=\"https:\/\/www.igssgt.org\/noticias\/?attachment_id=10694\" class=\"wp-image-10694\" srcset=\"\/wp-content\/uploads\/sites\/5\/2019\/09\/EDuHzN9WwAATHF-.jpg 360w, \/wp-content\/uploads\/sites\/5\/2019\/09\/EDuHzN9WwAATHF--300x197.jpg 300w\" sizes=\"auto, (max-width: 360px) 100vw, 360px\" \/><\/figure><\/li><\/ul>\n","protected":false},"excerpt":{"rendered":"<p>El Instituto, como integrante del Sistema Nacional de Calidad (SNC), particip\u00f3 en el Congreso Regional de la Calidad, realizado en un hotel de la zona 10, con el objetivo de lograr que trabajadores, estudiantes, t\u00e9cnicos, profesionales, docentes y empresarios conozcan y pongan en pr\u00e1ctica las herramientas para una gesti\u00f3n de calidad. El IGSS instal\u00f3 un [&hellip;]<\/p>\n","protected":false},"author":4,"featured_media":10692,"comment_status":"open","ping_status":"open","sticky":false,"template":"","format":"standard","meta":{"footnotes":""},"categories":[3,29],"tags":[320,490,769],"coauthors":[881],"class_list":{"0":"post-10690","1":"post","2":"type-post","3":"status-publish","4":"format-standard","5":"has-post-thumbnail","7":"category-actualidad","8":"category-publicaciones","9":"tag-dr-mynor-mejia","10":"tag-igss","11":"tag-salud-y-seguridad-ocupacional"},"_links":{"self":[{"href":"https:\/\/www.igssgt.org\/noticias\/wp-json\/wp\/v2\/posts\/10690","targetHints":{"allow":["GET"]}}],"collection":[{"href":"https:\/\/www.igssgt.org\/noticias\/wp-json\/wp\/v2\/posts"}],"about":[{"href":"https:\/\/www.igssgt.org\/noticias\/wp-json\/wp\/v2\/types\/post"}],"author":[{"embeddable":true,"href":"https:\/\/www.igssgt.org\/noticias\/wp-json\/wp\/v2\/users\/4"}],"replies":[{"embeddable":true,"href":"https:\/\/www.igssgt.org\/noticias\/wp-json\/wp\/v2\/comments?post=10690"}],"version-history":[{"count":1,"href":"https:\/\/www.igssgt.org\/noticias\/wp-json\/wp\/v2\/posts\/10690\/revisions"}],"predecessor-version":[{"id":10695,"href":"https:\/\/www.igssgt.org\/noticias\/wp-json\/wp\/v2\/posts\/10690\/revisions\/10695"}],"wp:featuredmedia":[{"embeddable":true,"href":"https:\/\/www.igssgt.org\/noticias\/wp-json\/wp\/v2\/media\/10692"}],"wp:attachment":[{"href":"https:\/\/www.igssgt.org\/noticias\/wp-json\/wp\/v2\/media?parent=10690"}],"wp:term":[{"taxonomy":"category","embeddable":true,"href":"https:\/\/www.igssgt.org\/noticias\/wp-json\/wp\/v2\/categories?post=10690"},{"taxonomy":"post_tag","embeddable":true,"href":"https:\/\/www.igssgt.org\/noticias\/wp-json\/wp\/v2\/tags?post=10690"},{"taxonomy":"author","embeddable":true,"href":"https:\/\/www.igssgt.org\/noticias\/wp-json\/wp\/v2\/coauthors?post=10690"}],"curies":[{"name":"wp","href":"https:\/\/api.w.org\/{rel}","templated":true}]}}