{"id":10713,"date":"2019-09-06T12:00:48","date_gmt":"2019-09-06T18:00:48","guid":{"rendered":"https:\/\/www.igssgt.org\/noticias\/?p=10713"},"modified":"2019-09-06T16:00:23","modified_gmt":"2019-09-06T22:00:23","slug":"trabajadores-del-igss-participan-en-simulacro-de-evacuacion","status":"publish","type":"post","link":"https:\/\/www.igssgt.org\/noticias\/2019\/09\/06\/trabajadores-del-igss-participan-en-simulacro-de-evacuacion\/","title":{"rendered":"Trabajadores del IGSS participan en simulacro de evacuaci\u00f3n"},"content":{"rendered":"\n<p>M\u00e1s de 2,500 trabajadores de las Oficinas Centrales del IGSS participaron hoy en un simulacro de evacuaci\u00f3n el cual fue organizado y supervisado por los integrantes del Subcomit\u00e9 Local de Desastres de la instituci\u00f3n.<\/p>\n<p>Esta actividad fue realizada con el objetivo de evaluar la capacidad de organizaci\u00f3n y respuesta que se tiene por parte de los trabajadores de cada uno de los niveles del edificio, como una acci\u00f3n preparatoria al simulacro general de las instituciones que forman parte del Centro C\u00edvico, el cual est\u00e1 programado para el 20 del presente mes a las 10 de la ma\u00f1ana, indic\u00f3 el doctor Mynor Mej\u00eda, coordinador del Subcomit\u00e9.<\/p>\n<p>Adem\u00e1s, la idea fundamental es medir la respuesta que se tiene para brindar asistencia a los trabajadores en y a los derechohabientes, entre ellos algunos con discapacidad y adultos mayores que van a las Oficinas Centrales a hacer gestiones, explic\u00f3 el Dr. Mej\u00eda.<\/p>\n<p>Este viernes tambi\u00e9n se puso en pr\u00e1ctica la respuesta del grupo de rescatadores, pues tambi\u00e9n se simul\u00f3 la evacuaci\u00f3n de personas heridas y fallecidas.<\/p>\n<p>La evaluaci\u00f3n preliminar, seg\u00fan los integrantes del Subcomit\u00e9 y de otros expertos de instituciones que participaron, esta simulaci\u00f3n fue buena pues se hizo en 12 minutos hasta llegar a los puntos de reuni\u00f3n, puntualiz\u00f3 el entrevistado.<\/p>\n","protected":false},"excerpt":{"rendered":"<p>M\u00e1s de 2,500 trabajadores de las Oficinas Centrales del IGSS participaron hoy en un simulacro de evacuaci\u00f3n el cual fue organizado y supervisado por los integrantes del Subcomit\u00e9 Local de Desastres de la instituci\u00f3n. Esta actividad fue realizada con el objetivo de evaluar la capacidad de organizaci\u00f3n y respuesta que se tiene por parte de [&hellip;]<\/p>\n","protected":false},"author":4,"featured_media":10714,"comment_status":"open","ping_status":"open","sticky":false,"template":"","format":"standard","meta":{"footnotes":""},"categories":[3,29],"tags":[490,797],"coauthors":[881],"class_list":{"0":"post-10713","1":"post","2":"type-post","3":"status-publish","4":"format-standard","5":"has-post-thumbnail","7":"category-actualidad","8":"category-publicaciones","9":"tag-igss","10":"tag-simulacros-de-evacuacion"},"_links":{"self":[{"href":"https:\/\/www.igssgt.org\/noticias\/wp-json\/wp\/v2\/posts\/10713","targetHints":{"allow":["GET"]}}],"collection":[{"href":"https:\/\/www.igssgt.org\/noticias\/wp-json\/wp\/v2\/posts"}],"about":[{"href":"https:\/\/www.igssgt.org\/noticias\/wp-json\/wp\/v2\/types\/post"}],"author":[{"embeddable":true,"href":"https:\/\/www.igssgt.org\/noticias\/wp-json\/wp\/v2\/users\/4"}],"replies":[{"embeddable":true,"href":"https:\/\/www.igssgt.org\/noticias\/wp-json\/wp\/v2\/comments?post=10713"}],"version-history":[{"count":2,"href":"https:\/\/www.igssgt.org\/noticias\/wp-json\/wp\/v2\/posts\/10713\/revisions"}],"predecessor-version":[{"id":10728,"href":"https:\/\/www.igssgt.org\/noticias\/wp-json\/wp\/v2\/posts\/10713\/revisions\/10728"}],"wp:featuredmedia":[{"embeddable":true,"href":"https:\/\/www.igssgt.org\/noticias\/wp-json\/wp\/v2\/media\/10714"}],"wp:attachment":[{"href":"https:\/\/www.igssgt.org\/noticias\/wp-json\/wp\/v2\/media?parent=10713"}],"wp:term":[{"taxonomy":"category","embeddable":true,"href":"https:\/\/www.igssgt.org\/noticias\/wp-json\/wp\/v2\/categories?post=10713"},{"taxonomy":"post_tag","embeddable":true,"href":"https:\/\/www.igssgt.org\/noticias\/wp-json\/wp\/v2\/tags?post=10713"},{"taxonomy":"author","embeddable":true,"href":"https:\/\/www.igssgt.org\/noticias\/wp-json\/wp\/v2\/coauthors?post=10713"}],"curies":[{"name":"wp","href":"https:\/\/api.w.org\/{rel}","templated":true}]}}