{"id":10923,"date":"2019-09-18T13:46:53","date_gmt":"2019-09-18T19:46:53","guid":{"rendered":"https:\/\/www.igssgt.org\/noticias\/?p=10923"},"modified":"2019-09-18T16:24:31","modified_gmt":"2019-09-18T22:24:31","slug":"sintomas-para-detectar-ideas-suicidas","status":"publish","type":"post","link":"https:\/\/www.igssgt.org\/noticias\/2019\/09\/18\/sintomas-para-detectar-ideas-suicidas\/","title":{"rendered":"S\u00edntomas para detectar ideas suicidas"},"content":{"rendered":"\n<p>Seg\u00fan la Organizaci\u00f3n Mundial de la Salud (OMS) cada a\u00f1o en el mundo ocurren m\u00e1s de 800 mil suicidios. En Guatemala durante los \u00faltimos cinco a\u00f1os se han reportado 2,261, situaci\u00f3n que ha aumentado en adolescentes, de los cuales un 74% son hombres. Un 43% de estos suicidios se registraron en el hogar.<\/p>\n<p>Es importante reconocer los s\u00edntomas cuando un familiar tiene tendencias suicidas, as\u00ed como saber brindarle la ayuda oportuna, por esa raz\u00f3n recientemente la psiquiatra Mar\u00eda Elisa Argueta, del Hospital General de Enfermedades, imparti\u00f3 la charla \u201cPrevenci\u00f3n del suicidio\u201d como parte de las actividades del Comit\u00e9 de Promoci\u00f3n y Prevenci\u00f3n, de este centro asistencial.<\/p>\n<p>A criterio de la profesional, existen varias causas que pueden llevar a una persona a tomar la decisi\u00f3n de suicidarse, como por ejemplo padecer una enfermedad cr\u00f3nica, tener trastorno bipolar, la psicosis, la depresi\u00f3n, el consumo de sustancias, el alcohol, las drogas, crisis econ\u00f3mica, muerte de un ser querido, t\u00e9rmino de una relaci\u00f3n sentimental, violencia f\u00edsica, verbal, psicol\u00f3gica, sexual.<\/p>\n<p>Cuando una persona piensa en suicidarse no le cuenta nada a nadie, pero presenta indicios que pueden ser alertas para la familia, el hecho de decir \u201cme quiero quitar la vida\u201d, \u201cprefiero no despertar\u201d o \u201cdeber\u00eda estar muerto\u201d. Otros tienen conductas autodestructivas y propician accidentes, no usan casco al manejar moto, conducen a excesiva velocidad.<\/p>\n<p>La profesional enfatiz\u00f3 que si se detectan estos s\u00edntomas en un familiar, se debe evitar dejar armas a su alcance, tijeras, cuchillos, lazos, medicamentos o insecticidas. Si la persona se a\u00edsla del grupo, h\u00e1blele con amor y haga que comparta en familia, trate que tenga un estilo de vida saludable, que se alimente sanamente y haga ejercicio. En casos de riesgo hay que solicitar tratamiento m\u00e9dico y psicol\u00f3gico.<\/p>\n\n\n\n\r\n                <style type=\"text\/css\">\r\n                    \r\n                    #tdi_1  .td-doubleSlider-2 .td-item1 {\r\n                        background: url(\/wp-content\/uploads\/sites\/5\/2019\/09\/Prevencion-del-suicidio-IGSS-2019-1-80x60.jpg) 0 0 no-repeat;\r\n                    }\r\n                    #tdi_1  .td-doubleSlider-2 .td-item2 {\r\n                        background: url(\/wp-content\/uploads\/sites\/5\/2019\/09\/Prevencion-del-suicidio-IGSS-2019-2-80x60.jpg) 0 0 no-repeat;\r\n                    }\r\n                    #tdi_1  .td-doubleSlider-2 .td-item3 {\r\n                        background: url(\/wp-content\/uploads\/sites\/5\/2019\/09\/Prevencion-del-suicidio-IGSS-2019-3-80x60.jpg) 0 0 no-repeat;\r\n                    }\r\n                    #tdi_1  .td-doubleSlider-2 .td-item4 {\r\n                        background: url(\/wp-content\/uploads\/sites\/5\/2019\/09\/Prevencion-del-suicidio-IGSS-2019-4-80x60.jpg) 0 0 no-repeat;\r\n                    }\r\n                <\/style>\r\n\r\n                <div id=\"tdi_1\" class=\"td-gallery td-slide-on-2-columns\">\r\n                    <div class=\"post_td_gallery\">\r\n                        <div class=\"td-gallery-slide-top\">\r\n                           <div class=\"td-gallery-title\">Galer\u00eda de Im\u00e1genes<\/div>\r\n\r\n                            <div class=\"td-gallery-controls-wrapper\">\r\n                                <div class=\"td-gallery-slide-count\"><span class=\"td-gallery-slide-item-focus\">1<\/span> de 4<\/div>\r\n                                <div class=\"td-gallery-slide-prev-next-but\">\r\n                                    <i class = \"td-icon-left doubleSliderPrevButton\"><\/i>\r\n                                    <i class = \"td-icon-right doubleSliderNextButton\"><\/i>\r\n                                <\/div>\r\n                            <\/div>\r\n                        <\/div>\r\n\r\n                        <div class = \"td-doubleSlider-1 \">\r\n                            <div class = \"td-slider\">\r\n                                \r\n                    <div class = \"td-slide-item td-item1\">\r\n                        <figure class=\"td-slide-galery-figure td-slide-popup-gallery\">\r\n                            <a class=\"slide-gallery-image-link\" href=\"\/wp-content\/uploads\/sites\/5\/2019\/09\/Prevencion-del-suicidio-IGSS-2019-1.jpg\" title=\"Prevencion del suicidio IGSS 2019-1\"  data-caption=\"\"  data-description=\"\">\r\n                                <img decoding=\"async\" src=\"\/wp-content\/uploads\/sites\/5\/2019\/09\/Prevencion-del-suicidio-IGSS-2019-1-373x420.jpg\" srcset=\"\/wp-content\/uploads\/sites\/5\/2019\/09\/Prevencion-del-suicidio-IGSS-2019-1-373x420.jpg 373w, \/wp-content\/uploads\/sites\/5\/2019\/09\/Prevencion-del-suicidio-IGSS-2019-1-266x300.jpg 266w, \/wp-content\/uploads\/sites\/5\/2019\/09\/Prevencion-del-suicidio-IGSS-2019-1-768x865.jpg 768w, \/wp-content\/uploads\/sites\/5\/2019\/09\/Prevencion-del-suicidio-IGSS-2019-1-910x1024.jpg 910w, \/wp-content\/uploads\/sites\/5\/2019\/09\/Prevencion-del-suicidio-IGSS-2019-1-696x784.jpg 696w, \/wp-content\/uploads\/sites\/5\/2019\/09\/Prevencion-del-suicidio-IGSS-2019-1-1068x1202.jpg 1068w, \/wp-content\/uploads\/sites\/5\/2019\/09\/Prevencion-del-suicidio-IGSS-2019-1-410x462.jpg 410w, \/wp-content\/uploads\/sites\/5\/2019\/09\/Prevencion-del-suicidio-IGSS-2019-1.jpg 1137w\" sizes=\"(max-width: 373px) 100vw, 373px\" alt=\"\">\r\n                            <\/a>\r\n                            \r\n                        <\/figure>\r\n                    <\/div>\r\n                    <div class = \"td-slide-item td-item2\">\r\n                        <figure class=\"td-slide-galery-figure td-slide-popup-gallery\">\r\n                            <a class=\"slide-gallery-image-link\" href=\"\/wp-content\/uploads\/sites\/5\/2019\/09\/Prevencion-del-suicidio-IGSS-2019-2.jpg\" title=\"Prevencion del suicidio IGSS 2019-2\"  data-caption=\"\"  data-description=\"\">\r\n                                <img decoding=\"async\" src=\"\/wp-content\/uploads\/sites\/5\/2019\/09\/Prevencion-del-suicidio-IGSS-2019-2-560x420.jpg\" srcset=\"\/wp-content\/uploads\/sites\/5\/2019\/09\/Prevencion-del-suicidio-IGSS-2019-2-560x420.jpg 560w, \/wp-content\/uploads\/sites\/5\/2019\/09\/Prevencion-del-suicidio-IGSS-2019-2-300x225.jpg 300w, \/wp-content\/uploads\/sites\/5\/2019\/09\/Prevencion-del-suicidio-IGSS-2019-2-768x576.jpg 768w, \/wp-content\/uploads\/sites\/5\/2019\/09\/Prevencion-del-suicidio-IGSS-2019-2-1024x768.jpg 1024w, \/wp-content\/uploads\/sites\/5\/2019\/09\/Prevencion-del-suicidio-IGSS-2019-2-80x60.jpg 80w, \/wp-content\/uploads\/sites\/5\/2019\/09\/Prevencion-del-suicidio-IGSS-2019-2-696x522.jpg 696w, \/wp-content\/uploads\/sites\/5\/2019\/09\/Prevencion-del-suicidio-IGSS-2019-2-1068x801.jpg 1068w, \/wp-content\/uploads\/sites\/5\/2019\/09\/Prevencion-del-suicidio-IGSS-2019-2-265x198.jpg 265w, \/wp-content\/uploads\/sites\/5\/2019\/09\/Prevencion-del-suicidio-IGSS-2019-2-534x401.jpg 534w, \/wp-content\/uploads\/sites\/5\/2019\/09\/Prevencion-del-suicidio-IGSS-2019-2.jpg 1280w\" sizes=\"(max-width: 560px) 100vw, 560px\" alt=\"\">\r\n                            <\/a>\r\n                            \r\n                        <\/figure>\r\n                    <\/div>\r\n                    <div class = \"td-slide-item td-item3\">\r\n                        <figure class=\"td-slide-galery-figure td-slide-popup-gallery\">\r\n                            <a class=\"slide-gallery-image-link\" href=\"\/wp-content\/uploads\/sites\/5\/2019\/09\/Prevencion-del-suicidio-IGSS-2019-3.jpg\" title=\"Prevencion del suicidio IGSS 2019-3\"  data-caption=\"\"  data-description=\"\">\r\n                                <img decoding=\"async\" src=\"\/wp-content\/uploads\/sites\/5\/2019\/09\/Prevencion-del-suicidio-IGSS-2019-3-560x420.jpg\" srcset=\"\/wp-content\/uploads\/sites\/5\/2019\/09\/Prevencion-del-suicidio-IGSS-2019-3-560x420.jpg 560w, \/wp-content\/uploads\/sites\/5\/2019\/09\/Prevencion-del-suicidio-IGSS-2019-3-300x225.jpg 300w, \/wp-content\/uploads\/sites\/5\/2019\/09\/Prevencion-del-suicidio-IGSS-2019-3-768x576.jpg 768w, \/wp-content\/uploads\/sites\/5\/2019\/09\/Prevencion-del-suicidio-IGSS-2019-3.jpg 1024w, \/wp-content\/uploads\/sites\/5\/2019\/09\/Prevencion-del-suicidio-IGSS-2019-3-80x60.jpg 80w, \/wp-content\/uploads\/sites\/5\/2019\/09\/Prevencion-del-suicidio-IGSS-2019-3-696x522.jpg 696w, \/wp-content\/uploads\/sites\/5\/2019\/09\/Prevencion-del-suicidio-IGSS-2019-3-265x198.jpg 265w, \/wp-content\/uploads\/sites\/5\/2019\/09\/Prevencion-del-suicidio-IGSS-2019-3-534x401.jpg 534w\" sizes=\"(max-width: 560px) 100vw, 560px\" alt=\"\">\r\n                            <\/a>\r\n                            \r\n                        <\/figure>\r\n                    <\/div>\r\n                    <div class = \"td-slide-item td-item4\">\r\n                        <figure class=\"td-slide-galery-figure td-slide-popup-gallery\">\r\n                            <a class=\"slide-gallery-image-link\" href=\"\/wp-content\/uploads\/sites\/5\/2019\/09\/Prevencion-del-suicidio-IGSS-2019-4.jpg\" title=\"Prevencion del suicidio IGSS 2019-4\"  data-caption=\"\"  data-description=\"\">\r\n                                <img decoding=\"async\" src=\"\/wp-content\/uploads\/sites\/5\/2019\/09\/Prevencion-del-suicidio-IGSS-2019-4-438x420.jpg\" srcset=\"\/wp-content\/uploads\/sites\/5\/2019\/09\/Prevencion-del-suicidio-IGSS-2019-4-438x420.jpg 438w, \/wp-content\/uploads\/sites\/5\/2019\/09\/Prevencion-del-suicidio-IGSS-2019-4-300x288.jpg 300w, \/wp-content\/uploads\/sites\/5\/2019\/09\/Prevencion-del-suicidio-IGSS-2019-4-768x737.jpg 768w, \/wp-content\/uploads\/sites\/5\/2019\/09\/Prevencion-del-suicidio-IGSS-2019-4-1024x982.jpg 1024w, \/wp-content\/uploads\/sites\/5\/2019\/09\/Prevencion-del-suicidio-IGSS-2019-4-696x668.jpg 696w, \/wp-content\/uploads\/sites\/5\/2019\/09\/Prevencion-del-suicidio-IGSS-2019-4-1068x1025.jpg 1068w, \/wp-content\/uploads\/sites\/5\/2019\/09\/Prevencion-del-suicidio-IGSS-2019-4-482x462.jpg 482w, \/wp-content\/uploads\/sites\/5\/2019\/09\/Prevencion-del-suicidio-IGSS-2019-4.jpg 1280w\" sizes=\"(max-width: 438px) 100vw, 438px\" alt=\"\">\r\n                            <\/a>\r\n                            \r\n                        <\/figure>\r\n                    <\/div>\r\n                            <\/div>\r\n                        <\/div>\r\n\r\n                        <div class = \"td-doubleSlider-2\">\r\n                            <div class = \"td-slider\">\r\n                                \r\n                    <div class = \"td-button td-item1\">\r\n                        <div class = \"td-border\"><\/div>\r\n                    <\/div>\r\n                    <div class = \"td-button td-item2\">\r\n                        <div class = \"td-border\"><\/div>\r\n                    <\/div>\r\n                    <div class = \"td-button td-item3\">\r\n                        <div class = \"td-border\"><\/div>\r\n                    <\/div>\r\n                    <div class = \"td-button td-item4\">\r\n                        <div class = \"td-border\"><\/div>\r\n                    <\/div>\r\n                            <\/div>\r\n                        <\/div>\r\n\r\n                    <\/div>\r\n\r\n                <\/div>\r\n                \n","protected":false},"excerpt":{"rendered":"<p>Seg\u00fan la Organizaci\u00f3n Mundial de la Salud (OMS) cada a\u00f1o en el mundo ocurren m\u00e1s de 800 mil suicidios. En Guatemala durante los \u00faltimos cinco a\u00f1os se han reportado 2,261, situaci\u00f3n que ha aumentado en adolescentes, de los cuales un 74% son hombres. Un 43% de estos suicidios se registraron en el hogar. Es importante [&hellip;]<\/p>\n","protected":false},"author":4,"featured_media":10930,"comment_status":"open","ping_status":"open","sticky":false,"template":"","format":"standard","meta":{"footnotes":""},"categories":[3,36],"tags":[481,490,931],"coauthors":[881],"class_list":{"0":"post-10923","1":"post","2":"type-post","3":"status-publish","4":"format-standard","5":"has-post-thumbnail","7":"category-actualidad","8":"category-unidades-medicas","9":"tag-hospital-general-de-enfermedades","10":"tag-igss","11":"tag-prevencion-del-suicidio"},"_links":{"self":[{"href":"https:\/\/www.igssgt.org\/noticias\/wp-json\/wp\/v2\/posts\/10923","targetHints":{"allow":["GET"]}}],"collection":[{"href":"https:\/\/www.igssgt.org\/noticias\/wp-json\/wp\/v2\/posts"}],"about":[{"href":"https:\/\/www.igssgt.org\/noticias\/wp-json\/wp\/v2\/types\/post"}],"author":[{"embeddable":true,"href":"https:\/\/www.igssgt.org\/noticias\/wp-json\/wp\/v2\/users\/4"}],"replies":[{"embeddable":true,"href":"https:\/\/www.igssgt.org\/noticias\/wp-json\/wp\/v2\/comments?post=10923"}],"version-history":[{"count":1,"href":"https:\/\/www.igssgt.org\/noticias\/wp-json\/wp\/v2\/posts\/10923\/revisions"}],"predecessor-version":[{"id":10928,"href":"https:\/\/www.igssgt.org\/noticias\/wp-json\/wp\/v2\/posts\/10923\/revisions\/10928"}],"wp:featuredmedia":[{"embeddable":true,"href":"https:\/\/www.igssgt.org\/noticias\/wp-json\/wp\/v2\/media\/10930"}],"wp:attachment":[{"href":"https:\/\/www.igssgt.org\/noticias\/wp-json\/wp\/v2\/media?parent=10923"}],"wp:term":[{"taxonomy":"category","embeddable":true,"href":"https:\/\/www.igssgt.org\/noticias\/wp-json\/wp\/v2\/categories?post=10923"},{"taxonomy":"post_tag","embeddable":true,"href":"https:\/\/www.igssgt.org\/noticias\/wp-json\/wp\/v2\/tags?post=10923"},{"taxonomy":"author","embeddable":true,"href":"https:\/\/www.igssgt.org\/noticias\/wp-json\/wp\/v2\/coauthors?post=10923"}],"curies":[{"name":"wp","href":"https:\/\/api.w.org\/{rel}","templated":true}]}}