{"id":10987,"date":"2019-09-24T08:36:27","date_gmt":"2019-09-24T14:36:27","guid":{"rendered":"https:\/\/www.igssgt.org\/noticias\/?p=10987"},"modified":"2019-09-24T08:47:48","modified_gmt":"2019-09-24T14:47:48","slug":"capacitan-a-auxiliares-de-enfermeria-del-area-de-ambulancias","status":"publish","type":"post","link":"https:\/\/www.igssgt.org\/noticias\/2019\/09\/24\/capacitan-a-auxiliares-de-enfermeria-del-area-de-ambulancias\/","title":{"rendered":"Capacitan a auxiliares de enfermer\u00eda del \u00e1rea de ambulancias"},"content":{"rendered":"\n<p><span style=\"font-size: inherit\">Personal auxiliar de enfermer\u00eda del \u00e1rea de ambulancias, del hospital Dr. Juan Jos\u00e9 Ar\u00e9valo Bermejo recibieron una capacitaci\u00f3n sobre los temas: primeros auxilios, reanimaci\u00f3n cardiopulmonar (RCP) y atenci\u00f3n primaria, la cual se realiz\u00f3 en las instalaciones de este centro asistencial.<\/span><\/p>\n<p>Esta capacitaci\u00f3n fue impartida por expertos de la Secci\u00f3n de Higiene Materno Infantil y de la Secci\u00f3n de Enfermer\u00eda de la Subgerencia de Prestaciones en Salud, con el apoyo del proyecto ASSIST ZIKA USAID, para que tengan el conocimiento b\u00e1sico de c\u00f3mo tratar a pacientes en circunstancias delicadas\u201d, coment\u00f3 Gloria J\u00e1come supervisora de esta secci\u00f3n.<\/p>\n<p>\u201cIniciamos la capacitaci\u00f3n enfatiz\u00e1ndonos en la atenci\u00f3n en primeros auxilios y RCP avanzado para que ellos puedan mejorar la atenci\u00f3n integral de los pacientes. Tambi\u00e9n se tiene previsto el taller sobre el traslado integral del paciente, inmovilizaci\u00f3n e incluso atenci\u00f3n hospitalaria avanzada\u201d, dijo Edgar Ra\u00fal Cacacho, encargado de impartir el taller.<\/p>\n<p>\u201cMe siento contento por haber participado en este curso, pues como personal auxiliar enfermer\u00eda, considero que es necesario actualizar nuestros conocimientos para el fortalecimiento del servicio que se le da a los usuarios\u201d dijo Marvin Rafael R\u00edos auxiliar de enfermer\u00eda del \u00e1rea de ambulancias.<\/p>\n<p><a href=\"\/wp-content\/uploads\/sites\/5\/2019\/09\/AA9F4C58-A746-4D9B-BC8C-271845E1D821.jpeg\"><img loading=\"lazy\" decoding=\"async\" class=\"aligncenter size-full wp-image-10989\" src=\"\/wp-content\/uploads\/sites\/5\/2019\/09\/AA9F4C58-A746-4D9B-BC8C-271845E1D821.jpeg\" alt=\"\" width=\"1280\" height=\"854\" srcset=\"\/wp-content\/uploads\/sites\/5\/2019\/09\/AA9F4C58-A746-4D9B-BC8C-271845E1D821.jpeg 1280w, \/wp-content\/uploads\/sites\/5\/2019\/09\/AA9F4C58-A746-4D9B-BC8C-271845E1D821-300x200.jpeg 300w, \/wp-content\/uploads\/sites\/5\/2019\/09\/AA9F4C58-A746-4D9B-BC8C-271845E1D821-768x512.jpeg 768w, \/wp-content\/uploads\/sites\/5\/2019\/09\/AA9F4C58-A746-4D9B-BC8C-271845E1D821-1024x683.jpeg 1024w, \/wp-content\/uploads\/sites\/5\/2019\/09\/AA9F4C58-A746-4D9B-BC8C-271845E1D821-630x420.jpeg 630w, \/wp-content\/uploads\/sites\/5\/2019\/09\/AA9F4C58-A746-4D9B-BC8C-271845E1D821-696x464.jpeg 696w, \/wp-content\/uploads\/sites\/5\/2019\/09\/AA9F4C58-A746-4D9B-BC8C-271845E1D821-1068x713.jpeg 1068w, \/wp-content\/uploads\/sites\/5\/2019\/09\/AA9F4C58-A746-4D9B-BC8C-271845E1D821-534x356.jpeg 534w\" sizes=\"auto, (max-width: 1280px) 100vw, 1280px\" \/><\/a><\/p>\n","protected":false},"excerpt":{"rendered":"<p>Personal auxiliar de enfermer\u00eda del \u00e1rea de ambulancias, del hospital Dr. Juan Jos\u00e9 Ar\u00e9valo Bermejo recibieron una capacitaci\u00f3n sobre los temas: primeros auxilios, reanimaci\u00f3n cardiopulmonar (RCP) y atenci\u00f3n primaria, la cual se realiz\u00f3 en las instalaciones de este centro asistencial. Esta capacitaci\u00f3n fue impartida por expertos de la Secci\u00f3n de Higiene Materno Infantil y de [&hellip;]<\/p>\n","protected":false},"author":4,"featured_media":10988,"comment_status":"open","ping_status":"open","sticky":false,"template":"","format":"standard","meta":{"footnotes":""},"categories":[3,15,17,29],"tags":[160,490],"coauthors":[881],"class_list":{"0":"post-10987","1":"post","2":"type-post","3":"status-publish","4":"format-standard","5":"has-post-thumbnail","7":"category-actualidad","8":"category-destacado","9":"category-formacion-y-desarrollo","10":"category-publicaciones","11":"tag-capacitacion","12":"tag-igss"},"_links":{"self":[{"href":"https:\/\/www.igssgt.org\/noticias\/wp-json\/wp\/v2\/posts\/10987","targetHints":{"allow":["GET"]}}],"collection":[{"href":"https:\/\/www.igssgt.org\/noticias\/wp-json\/wp\/v2\/posts"}],"about":[{"href":"https:\/\/www.igssgt.org\/noticias\/wp-json\/wp\/v2\/types\/post"}],"author":[{"embeddable":true,"href":"https:\/\/www.igssgt.org\/noticias\/wp-json\/wp\/v2\/users\/4"}],"replies":[{"embeddable":true,"href":"https:\/\/www.igssgt.org\/noticias\/wp-json\/wp\/v2\/comments?post=10987"}],"version-history":[{"count":1,"href":"https:\/\/www.igssgt.org\/noticias\/wp-json\/wp\/v2\/posts\/10987\/revisions"}],"predecessor-version":[{"id":10990,"href":"https:\/\/www.igssgt.org\/noticias\/wp-json\/wp\/v2\/posts\/10987\/revisions\/10990"}],"wp:featuredmedia":[{"embeddable":true,"href":"https:\/\/www.igssgt.org\/noticias\/wp-json\/wp\/v2\/media\/10988"}],"wp:attachment":[{"href":"https:\/\/www.igssgt.org\/noticias\/wp-json\/wp\/v2\/media?parent=10987"}],"wp:term":[{"taxonomy":"category","embeddable":true,"href":"https:\/\/www.igssgt.org\/noticias\/wp-json\/wp\/v2\/categories?post=10987"},{"taxonomy":"post_tag","embeddable":true,"href":"https:\/\/www.igssgt.org\/noticias\/wp-json\/wp\/v2\/tags?post=10987"},{"taxonomy":"author","embeddable":true,"href":"https:\/\/www.igssgt.org\/noticias\/wp-json\/wp\/v2\/coauthors?post=10987"}],"curies":[{"name":"wp","href":"https:\/\/api.w.org\/{rel}","templated":true}]}}