{"id":10991,"date":"2019-09-24T08:00:51","date_gmt":"2019-09-24T14:00:51","guid":{"rendered":"https:\/\/www.igssgt.org\/noticias\/?p=10991"},"modified":"2019-09-24T14:26:31","modified_gmt":"2019-09-24T20:26:31","slug":"taller-sobre-enfermedades-cardiacas-dirigido-a-jubilados-y-pensionados","status":"publish","type":"post","link":"https:\/\/www.igssgt.org\/noticias\/2019\/09\/24\/taller-sobre-enfermedades-cardiacas-dirigido-a-jubilados-y-pensionados\/","title":{"rendered":"Taller sobre enfermedades card\u00edacas dirigido a jubilados y pensionados"},"content":{"rendered":"\n<p>En el marco del D\u00eda Mundial del Coraz\u00f3n que se conmemora el 29 de septiembre, esta ma\u00f1ana fue impartido un taller informativo dirigido a jubilados y pensionados del Seguro Social en el municipio de San Jos\u00e9, Escuintla, en el que se resalt\u00f3 la importancia del cuidado de la salud cardiovascular y se les explic\u00f3 acerca de las enfermedades m\u00e1s propensas en adultos mayores.<\/p>\n<p>En la actividad participaron m\u00e1s de 80 personas quienes en su mayor\u00eda expusieron sus dudas las cuales fueron resueltas por los expositores. Adem\u00e1s personal de la unidad realiz\u00f3 pruebas de presi\u00f3n arterial, glucosa, y otras con el objetivo de contar con un diagn\u00f3stico de los pacientes.<\/p>\n<p>Los expertos a cargo de este taller recomendaron a los asistentes que se debe comer sano, hacer ejercicio moderado, controlar su presi\u00f3n arterial, colesterol, glucosa, y no fumar.<\/p>\n<p>La actividad estuvo a cargo de profesionales de la Secci\u00f3n de Trabajo Social, del consultorio de Puerto San Jos\u00e9, bajo la coordinaci\u00f3n de la licenciada Rosario G\u00f3mez, supervisora de trabajo social de la Direcci\u00f3n Departamental de Escuintla.<\/p>\n\n\n\n\r\n                <style type=\"text\/css\">\r\n                    \r\n                    #tdi_1  .td-doubleSlider-2 .td-item1 {\r\n                        background: url(\/wp-content\/uploads\/sites\/5\/2019\/09\/Taller-sobre-enfermedades-cardiacas-dirigidos-a-jubilados-y-pensionados-igss-3-80x60.jpg) 0 0 no-repeat;\r\n                    }\r\n                    #tdi_1  .td-doubleSlider-2 .td-item2 {\r\n                        background: url(\/wp-content\/uploads\/sites\/5\/2019\/09\/Taller-sobre-enfermedades-cardiacas-dirigidos-a-jubilados-y-pensionados-igss-1-80x60.jpg) 0 0 no-repeat;\r\n                    }\r\n                    #tdi_1  .td-doubleSlider-2 .td-item3 {\r\n                        background: url(\/wp-content\/uploads\/sites\/5\/2019\/09\/Taller-sobre-enfermedades-cardiacas-dirigidos-a-jubilados-y-pensionados-igss-2-80x60.jpg) 0 0 no-repeat;\r\n                    }\r\n                    #tdi_1  .td-doubleSlider-2 .td-item4 {\r\n                        background: url(\/wp-content\/uploads\/sites\/5\/2019\/09\/Taller-sobre-enfermedades-cardiacas-dirigidos-a-jubilados-y-pensionados-igss-4-80x60.jpg) 0 0 no-repeat;\r\n                    }\r\n                <\/style>\r\n\r\n                <div id=\"tdi_1\" class=\"td-gallery td-slide-on-2-columns\">\r\n                    <div class=\"post_td_gallery\">\r\n                        <div class=\"td-gallery-slide-top\">\r\n                           <div class=\"td-gallery-title\">Galer\u00eda de Im\u00e1genes<\/div>\r\n\r\n                            <div class=\"td-gallery-controls-wrapper\">\r\n                                <div class=\"td-gallery-slide-count\"><span class=\"td-gallery-slide-item-focus\">1<\/span> de 4<\/div>\r\n                                <div class=\"td-gallery-slide-prev-next-but\">\r\n                                    <i class = \"td-icon-left doubleSliderPrevButton\"><\/i>\r\n                                    <i class = \"td-icon-right doubleSliderNextButton\"><\/i>\r\n                                <\/div>\r\n                            <\/div>\r\n                        <\/div>\r\n\r\n                        <div class = \"td-doubleSlider-1 \">\r\n                            <div class = \"td-slider\">\r\n                                \r\n                    <div class = \"td-slide-item td-item1\">\r\n                        <figure class=\"td-slide-galery-figure td-slide-popup-gallery\">\r\n                            <a class=\"slide-gallery-image-link\" href=\"\/wp-content\/uploads\/sites\/5\/2019\/09\/Taller-sobre-enfermedades-cardiacas-dirigidos-a-jubilados-y-pensionados-igss-3.jpg\" title=\"Taller sobre enfermedades cardiacas dirigidos a jubilados y pensionados igss-3\"  data-caption=\"\"  data-description=\"\">\r\n                                <img decoding=\"async\" src=\"\/wp-content\/uploads\/sites\/5\/2019\/09\/Taller-sobre-enfermedades-cardiacas-dirigidos-a-jubilados-y-pensionados-igss-3-560x420.jpg\" srcset=\"\/wp-content\/uploads\/sites\/5\/2019\/09\/Taller-sobre-enfermedades-cardiacas-dirigidos-a-jubilados-y-pensionados-igss-3-560x420.jpg 560w, \/wp-content\/uploads\/sites\/5\/2019\/09\/Taller-sobre-enfermedades-cardiacas-dirigidos-a-jubilados-y-pensionados-igss-3-300x225.jpg 300w, \/wp-content\/uploads\/sites\/5\/2019\/09\/Taller-sobre-enfermedades-cardiacas-dirigidos-a-jubilados-y-pensionados-igss-3-768x576.jpg 768w, \/wp-content\/uploads\/sites\/5\/2019\/09\/Taller-sobre-enfermedades-cardiacas-dirigidos-a-jubilados-y-pensionados-igss-3-1024x768.jpg 1024w, \/wp-content\/uploads\/sites\/5\/2019\/09\/Taller-sobre-enfermedades-cardiacas-dirigidos-a-jubilados-y-pensionados-igss-3-80x60.jpg 80w, \/wp-content\/uploads\/sites\/5\/2019\/09\/Taller-sobre-enfermedades-cardiacas-dirigidos-a-jubilados-y-pensionados-igss-3-696x522.jpg 696w, \/wp-content\/uploads\/sites\/5\/2019\/09\/Taller-sobre-enfermedades-cardiacas-dirigidos-a-jubilados-y-pensionados-igss-3-1068x801.jpg 1068w, \/wp-content\/uploads\/sites\/5\/2019\/09\/Taller-sobre-enfermedades-cardiacas-dirigidos-a-jubilados-y-pensionados-igss-3-265x198.jpg 265w, \/wp-content\/uploads\/sites\/5\/2019\/09\/Taller-sobre-enfermedades-cardiacas-dirigidos-a-jubilados-y-pensionados-igss-3-534x401.jpg 534w, \/wp-content\/uploads\/sites\/5\/2019\/09\/Taller-sobre-enfermedades-cardiacas-dirigidos-a-jubilados-y-pensionados-igss-3.jpg 1152w\" sizes=\"(max-width: 560px) 100vw, 560px\" alt=\"\">\r\n                            <\/a>\r\n                            \r\n                        <\/figure>\r\n                    <\/div>\r\n                    <div class = \"td-slide-item td-item2\">\r\n                        <figure class=\"td-slide-galery-figure td-slide-popup-gallery\">\r\n                            <a class=\"slide-gallery-image-link\" href=\"\/wp-content\/uploads\/sites\/5\/2019\/09\/Taller-sobre-enfermedades-cardiacas-dirigidos-a-jubilados-y-pensionados-igss-1.jpg\" title=\"Taller sobre enfermedades cardiacas dirigidos a jubilados y pensionados igss-1\"  data-caption=\"\"  data-description=\"\">\r\n                                <img decoding=\"async\" src=\"\/wp-content\/uploads\/sites\/5\/2019\/09\/Taller-sobre-enfermedades-cardiacas-dirigidos-a-jubilados-y-pensionados-igss-1-560x420.jpg\" srcset=\"\/wp-content\/uploads\/sites\/5\/2019\/09\/Taller-sobre-enfermedades-cardiacas-dirigidos-a-jubilados-y-pensionados-igss-1-560x420.jpg 560w, \/wp-content\/uploads\/sites\/5\/2019\/09\/Taller-sobre-enfermedades-cardiacas-dirigidos-a-jubilados-y-pensionados-igss-1-300x225.jpg 300w, \/wp-content\/uploads\/sites\/5\/2019\/09\/Taller-sobre-enfermedades-cardiacas-dirigidos-a-jubilados-y-pensionados-igss-1-768x576.jpg 768w, \/wp-content\/uploads\/sites\/5\/2019\/09\/Taller-sobre-enfermedades-cardiacas-dirigidos-a-jubilados-y-pensionados-igss-1-1024x768.jpg 1024w, \/wp-content\/uploads\/sites\/5\/2019\/09\/Taller-sobre-enfermedades-cardiacas-dirigidos-a-jubilados-y-pensionados-igss-1-80x60.jpg 80w, \/wp-content\/uploads\/sites\/5\/2019\/09\/Taller-sobre-enfermedades-cardiacas-dirigidos-a-jubilados-y-pensionados-igss-1-696x522.jpg 696w, \/wp-content\/uploads\/sites\/5\/2019\/09\/Taller-sobre-enfermedades-cardiacas-dirigidos-a-jubilados-y-pensionados-igss-1-1068x801.jpg 1068w, \/wp-content\/uploads\/sites\/5\/2019\/09\/Taller-sobre-enfermedades-cardiacas-dirigidos-a-jubilados-y-pensionados-igss-1-265x198.jpg 265w, \/wp-content\/uploads\/sites\/5\/2019\/09\/Taller-sobre-enfermedades-cardiacas-dirigidos-a-jubilados-y-pensionados-igss-1-534x401.jpg 534w, \/wp-content\/uploads\/sites\/5\/2019\/09\/Taller-sobre-enfermedades-cardiacas-dirigidos-a-jubilados-y-pensionados-igss-1.jpg 1152w\" sizes=\"(max-width: 560px) 100vw, 560px\" alt=\"\">\r\n                            <\/a>\r\n                            \r\n                        <\/figure>\r\n                    <\/div>\r\n                    <div class = \"td-slide-item td-item3\">\r\n                        <figure class=\"td-slide-galery-figure td-slide-popup-gallery\">\r\n                            <a class=\"slide-gallery-image-link\" href=\"\/wp-content\/uploads\/sites\/5\/2019\/09\/Taller-sobre-enfermedades-cardiacas-dirigidos-a-jubilados-y-pensionados-igss-2.jpg\" title=\"Taller sobre enfermedades cardiacas dirigidos a jubilados y pensionados igss-2\"  data-caption=\"\"  data-description=\"\">\r\n                                <img decoding=\"async\" src=\"\/wp-content\/uploads\/sites\/5\/2019\/09\/Taller-sobre-enfermedades-cardiacas-dirigidos-a-jubilados-y-pensionados-igss-2-546x420.jpg\" srcset=\"\/wp-content\/uploads\/sites\/5\/2019\/09\/Taller-sobre-enfermedades-cardiacas-dirigidos-a-jubilados-y-pensionados-igss-2-546x420.jpg 546w, \/wp-content\/uploads\/sites\/5\/2019\/09\/Taller-sobre-enfermedades-cardiacas-dirigidos-a-jubilados-y-pensionados-igss-2-300x231.jpg 300w, \/wp-content\/uploads\/sites\/5\/2019\/09\/Taller-sobre-enfermedades-cardiacas-dirigidos-a-jubilados-y-pensionados-igss-2-768x590.jpg 768w, \/wp-content\/uploads\/sites\/5\/2019\/09\/Taller-sobre-enfermedades-cardiacas-dirigidos-a-jubilados-y-pensionados-igss-2-1024x787.jpg 1024w, \/wp-content\/uploads\/sites\/5\/2019\/09\/Taller-sobre-enfermedades-cardiacas-dirigidos-a-jubilados-y-pensionados-igss-2-696x535.jpg 696w, \/wp-content\/uploads\/sites\/5\/2019\/09\/Taller-sobre-enfermedades-cardiacas-dirigidos-a-jubilados-y-pensionados-igss-2-1068x821.jpg 1068w, \/wp-content\/uploads\/sites\/5\/2019\/09\/Taller-sobre-enfermedades-cardiacas-dirigidos-a-jubilados-y-pensionados-igss-2-534x411.jpg 534w, \/wp-content\/uploads\/sites\/5\/2019\/09\/Taller-sobre-enfermedades-cardiacas-dirigidos-a-jubilados-y-pensionados-igss-2.jpg 1280w\" sizes=\"(max-width: 546px) 100vw, 546px\" alt=\"\">\r\n                            <\/a>\r\n                            \r\n                        <\/figure>\r\n                    <\/div>\r\n                    <div class = \"td-slide-item td-item4\">\r\n                        <figure class=\"td-slide-galery-figure td-slide-popup-gallery\">\r\n                            <a class=\"slide-gallery-image-link\" href=\"\/wp-content\/uploads\/sites\/5\/2019\/09\/Taller-sobre-enfermedades-cardiacas-dirigidos-a-jubilados-y-pensionados-igss-4.jpg\" title=\"Taller sobre enfermedades cardiacas dirigidos a jubilados y pensionados igss-4\"  data-caption=\"\"  data-description=\"\">\r\n                                <img decoding=\"async\" src=\"\/wp-content\/uploads\/sites\/5\/2019\/09\/Taller-sobre-enfermedades-cardiacas-dirigidos-a-jubilados-y-pensionados-igss-4-560x420.jpg\" srcset=\"\/wp-content\/uploads\/sites\/5\/2019\/09\/Taller-sobre-enfermedades-cardiacas-dirigidos-a-jubilados-y-pensionados-igss-4-560x420.jpg 560w, \/wp-content\/uploads\/sites\/5\/2019\/09\/Taller-sobre-enfermedades-cardiacas-dirigidos-a-jubilados-y-pensionados-igss-4-300x225.jpg 300w, \/wp-content\/uploads\/sites\/5\/2019\/09\/Taller-sobre-enfermedades-cardiacas-dirigidos-a-jubilados-y-pensionados-igss-4-768x576.jpg 768w, \/wp-content\/uploads\/sites\/5\/2019\/09\/Taller-sobre-enfermedades-cardiacas-dirigidos-a-jubilados-y-pensionados-igss-4-1024x768.jpg 1024w, \/wp-content\/uploads\/sites\/5\/2019\/09\/Taller-sobre-enfermedades-cardiacas-dirigidos-a-jubilados-y-pensionados-igss-4-80x60.jpg 80w, \/wp-content\/uploads\/sites\/5\/2019\/09\/Taller-sobre-enfermedades-cardiacas-dirigidos-a-jubilados-y-pensionados-igss-4-696x522.jpg 696w, \/wp-content\/uploads\/sites\/5\/2019\/09\/Taller-sobre-enfermedades-cardiacas-dirigidos-a-jubilados-y-pensionados-igss-4-1068x801.jpg 1068w, \/wp-content\/uploads\/sites\/5\/2019\/09\/Taller-sobre-enfermedades-cardiacas-dirigidos-a-jubilados-y-pensionados-igss-4-265x198.jpg 265w, \/wp-content\/uploads\/sites\/5\/2019\/09\/Taller-sobre-enfermedades-cardiacas-dirigidos-a-jubilados-y-pensionados-igss-4-534x401.jpg 534w, \/wp-content\/uploads\/sites\/5\/2019\/09\/Taller-sobre-enfermedades-cardiacas-dirigidos-a-jubilados-y-pensionados-igss-4.jpg 1152w\" sizes=\"(max-width: 560px) 100vw, 560px\" alt=\"\">\r\n                            <\/a>\r\n                            \r\n                        <\/figure>\r\n                    <\/div>\r\n                            <\/div>\r\n                        <\/div>\r\n\r\n                        <div class = \"td-doubleSlider-2\">\r\n                            <div class = \"td-slider\">\r\n                                \r\n                    <div class = \"td-button td-item1\">\r\n                        <div class = \"td-border\"><\/div>\r\n                    <\/div>\r\n                    <div class = \"td-button td-item2\">\r\n                        <div class = \"td-border\"><\/div>\r\n                    <\/div>\r\n                    <div class = \"td-button td-item3\">\r\n                        <div class = \"td-border\"><\/div>\r\n                    <\/div>\r\n                    <div class = \"td-button td-item4\">\r\n                        <div class = \"td-border\"><\/div>\r\n                    <\/div>\r\n                            <\/div>\r\n                        <\/div>\r\n\r\n                    <\/div>\r\n\r\n                <\/div>\r\n                \n","protected":false},"excerpt":{"rendered":"<p>En el marco del D\u00eda Mundial del Coraz\u00f3n que se conmemora el 29 de septiembre, esta ma\u00f1ana fue impartido un taller informativo dirigido a jubilados y pensionados del Seguro Social en el municipio de San Jos\u00e9, Escuintla, en el que se resalt\u00f3 la importancia del cuidado de la salud cardiovascular y se les explic\u00f3 acerca [&hellip;]<\/p>\n","protected":false},"author":4,"featured_media":10993,"comment_status":"open","ping_status":"open","sticky":false,"template":"","format":"standard","meta":{"footnotes":""},"categories":[3,15,20,25,29],"tags":[932,421,490],"coauthors":[881],"class_list":{"0":"post-10991","1":"post","2":"type-post","3":"status-publish","4":"format-standard","5":"has-post-thumbnail","7":"category-actualidad","8":"category-destacado","9":"category-jubilados","10":"category-pensionados","11":"category-publicaciones","12":"tag-dia-mundial-del-corazon","13":"tag-escuintla","14":"tag-igss"},"_links":{"self":[{"href":"https:\/\/www.igssgt.org\/noticias\/wp-json\/wp\/v2\/posts\/10991","targetHints":{"allow":["GET"]}}],"collection":[{"href":"https:\/\/www.igssgt.org\/noticias\/wp-json\/wp\/v2\/posts"}],"about":[{"href":"https:\/\/www.igssgt.org\/noticias\/wp-json\/wp\/v2\/types\/post"}],"author":[{"embeddable":true,"href":"https:\/\/www.igssgt.org\/noticias\/wp-json\/wp\/v2\/users\/4"}],"replies":[{"embeddable":true,"href":"https:\/\/www.igssgt.org\/noticias\/wp-json\/wp\/v2\/comments?post=10991"}],"version-history":[{"count":1,"href":"https:\/\/www.igssgt.org\/noticias\/wp-json\/wp\/v2\/posts\/10991\/revisions"}],"predecessor-version":[{"id":10996,"href":"https:\/\/www.igssgt.org\/noticias\/wp-json\/wp\/v2\/posts\/10991\/revisions\/10996"}],"wp:featuredmedia":[{"embeddable":true,"href":"https:\/\/www.igssgt.org\/noticias\/wp-json\/wp\/v2\/media\/10993"}],"wp:attachment":[{"href":"https:\/\/www.igssgt.org\/noticias\/wp-json\/wp\/v2\/media?parent=10991"}],"wp:term":[{"taxonomy":"category","embeddable":true,"href":"https:\/\/www.igssgt.org\/noticias\/wp-json\/wp\/v2\/categories?post=10991"},{"taxonomy":"post_tag","embeddable":true,"href":"https:\/\/www.igssgt.org\/noticias\/wp-json\/wp\/v2\/tags?post=10991"},{"taxonomy":"author","embeddable":true,"href":"https:\/\/www.igssgt.org\/noticias\/wp-json\/wp\/v2\/coauthors?post=10991"}],"curies":[{"name":"wp","href":"https:\/\/api.w.org\/{rel}","templated":true}]}}