{"id":10997,"date":"2019-09-24T21:00:30","date_gmt":"2019-09-25T03:00:30","guid":{"rendered":"https:\/\/www.igssgt.org\/noticias\/?p=10997"},"modified":"2020-04-23T18:53:34","modified_gmt":"2020-04-24T00:53:34","slug":"diario-la-hora-terapia-ocupacional-ofrece-beneficios-para-adultos-mayores-que-gozan-del-seguro-social","status":"publish","type":"post","link":"https:\/\/www.igssgt.org\/noticias\/2019\/09\/24\/diario-la-hora-terapia-ocupacional-ofrece-beneficios-para-adultos-mayores-que-gozan-del-seguro-social\/","title":{"rendered":"Diario La Hora: Terapia ocupacional ofrece beneficios para adultos mayores que gozan del Seguro Social"},"content":{"rendered":"\n<figure id=\"attachment_10998\" aria-describedby=\"caption-attachment-10998\" style=\"width: 1091px\" class=\"wp-caption aligncenter\"><a href=\"\/wp-content\/uploads\/sites\/5\/2019\/09\/Diario-La-Hora-Tu-IGSS-24-septiembre-2019-Terapia-ocupacional-adultos-mayores.jpg\"><img loading=\"lazy\" decoding=\"async\" class=\"wp-image-10998 size-full\" src=\"\/wp-content\/uploads\/sites\/5\/2019\/09\/Diario-La-Hora-Tu-IGSS-24-septiembre-2019-Terapia-ocupacional-adultos-mayores.jpg\" alt=\"\" width=\"1091\" height=\"1350\" srcset=\"\/wp-content\/uploads\/sites\/5\/2019\/09\/Diario-La-Hora-Tu-IGSS-24-septiembre-2019-Terapia-ocupacional-adultos-mayores.jpg 1091w, \/wp-content\/uploads\/sites\/5\/2019\/09\/Diario-La-Hora-Tu-IGSS-24-septiembre-2019-Terapia-ocupacional-adultos-mayores-242x300.jpg 242w, \/wp-content\/uploads\/sites\/5\/2019\/09\/Diario-La-Hora-Tu-IGSS-24-septiembre-2019-Terapia-ocupacional-adultos-mayores-768x950.jpg 768w, \/wp-content\/uploads\/sites\/5\/2019\/09\/Diario-La-Hora-Tu-IGSS-24-septiembre-2019-Terapia-ocupacional-adultos-mayores-828x1024.jpg 828w, \/wp-content\/uploads\/sites\/5\/2019\/09\/Diario-La-Hora-Tu-IGSS-24-septiembre-2019-Terapia-ocupacional-adultos-mayores-339x420.jpg 339w, \/wp-content\/uploads\/sites\/5\/2019\/09\/Diario-La-Hora-Tu-IGSS-24-septiembre-2019-Terapia-ocupacional-adultos-mayores-324x400.jpg 324w, \/wp-content\/uploads\/sites\/5\/2019\/09\/Diario-La-Hora-Tu-IGSS-24-septiembre-2019-Terapia-ocupacional-adultos-mayores-696x861.jpg 696w, \/wp-content\/uploads\/sites\/5\/2019\/09\/Diario-La-Hora-Tu-IGSS-24-septiembre-2019-Terapia-ocupacional-adultos-mayores-1068x1322.jpg 1068w, \/wp-content\/uploads\/sites\/5\/2019\/09\/Diario-La-Hora-Tu-IGSS-24-septiembre-2019-Terapia-ocupacional-adultos-mayores-373x462.jpg 373w\" sizes=\"auto, (max-width: 1091px) 100vw, 1091px\" \/><\/a><figcaption id=\"caption-attachment-10998\" class=\"wp-caption-text\">Publicaci\u00f3n de Diario La Hora de fecha 24 de septiembre de 2019, p\u00e1g. 11.<\/figcaption><\/figure>\n<p><em><strong>Por Margarita Gir\u00f3n<\/strong><\/em><br \/><em><strong>jgiron@lahora.com.gt<\/strong><\/em><\/p>\n<p>En el Centro de Atenci\u00f3n M\u00e9dica Integral para Pensionados (CAMIP) de la zona 12, del Instituto Guatemalteco de Seguridad Social (IGSS) los adultos mayores, adem\u00e1s de gozar del beneficio de atenci\u00f3n m\u00e9dica, cada semana acuden a los programas de terapia ocupacional que van desde hidroterapia, reposter\u00eda, tejido, hasta clases de taich\u00ed, ajedrez y gimnasia, entre otros.<\/p>\n<p>De enero a agosto, el IGSS ha beneficiado a un promedio de 7 mil 875 jubilados cada mes, quienes acuden a su respectiva terapia ocupacional; sin embargo, de septiembre a diciembre la cantidad de adultos mayores que reciben este beneficio, aumenta, registrando hasta 9 mil jubilados por mes.<\/p>\n<figure id=\"attachment_11004\" aria-describedby=\"caption-attachment-11004\" style=\"width: 355px\" class=\"wp-caption alignright\"><a href=\"\/wp-content\/uploads\/sites\/5\/2019\/09\/Diario-La-Hora-Terapia-Ocupacional-IGSS-2019-04.jpg\"><img loading=\"lazy\" decoding=\"async\" class=\" wp-image-11004\" src=\"\/wp-content\/uploads\/sites\/5\/2019\/09\/Diario-La-Hora-Terapia-Ocupacional-IGSS-2019-04.jpg\" alt=\"\" width=\"355\" height=\"266\" srcset=\"\/wp-content\/uploads\/sites\/5\/2019\/09\/Diario-La-Hora-Terapia-Ocupacional-IGSS-2019-04.jpg 777w, \/wp-content\/uploads\/sites\/5\/2019\/09\/Diario-La-Hora-Terapia-Ocupacional-IGSS-2019-04-300x225.jpg 300w, \/wp-content\/uploads\/sites\/5\/2019\/09\/Diario-La-Hora-Terapia-Ocupacional-IGSS-2019-04-768x575.jpg 768w, \/wp-content\/uploads\/sites\/5\/2019\/09\/Diario-La-Hora-Terapia-Ocupacional-IGSS-2019-04-561x420.jpg 561w, \/wp-content\/uploads\/sites\/5\/2019\/09\/Diario-La-Hora-Terapia-Ocupacional-IGSS-2019-04-80x60.jpg 80w, \/wp-content\/uploads\/sites\/5\/2019\/09\/Diario-La-Hora-Terapia-Ocupacional-IGSS-2019-04-696x521.jpg 696w, \/wp-content\/uploads\/sites\/5\/2019\/09\/Diario-La-Hora-Terapia-Ocupacional-IGSS-2019-04-265x198.jpg 265w, \/wp-content\/uploads\/sites\/5\/2019\/09\/Diario-La-Hora-Terapia-Ocupacional-IGSS-2019-04-534x400.jpg 534w\" sizes=\"auto, (max-width: 355px) 100vw, 355px\" \/><\/a><figcaption id=\"caption-attachment-11004\" class=\"wp-caption-text\">Irma de Garc\u00eda: Casi todas asistimos inicialmente para tomar nuestra terapia y eso nos ayuda para tener m\u00e1s habilidad en nuestras manos y tambi\u00e9n nos ayuda a mejorar nuestro estr\u00e9s. Foto La Hora\/Margarita Gir<\/figcaption><\/figure>\n<p>Dayda Abac, directora en funciones del CAMIP, indic\u00f3 que como parte del desarrollo integral del \u00e1rea m\u00e9dica que atiende dicha sede del Instituto, los m\u00e9dicos determinan c\u00f3mo pueden complementar los tratamientos para los jubilados de esta Instituci\u00f3n adicionalmente al suministro de medicamentos y atenci\u00f3n m\u00e9dica.<\/p>\n<p>\u201cSe han denominado terapias ocupacionales porque se basan en la ejercitaci\u00f3n f\u00edsica, participaci\u00f3n social y orientaci\u00f3n. La salud tambi\u00e9n implica una parte emocional y mental y lo que buscamos es que ellos puedan estar ocupados a trav\u00e9s de actividades que les beneficien\u201d, dijo Abac.<\/p>\n<p>Una de las terapias, que ofrece este centro de atenci\u00f3n m\u00e9dica es la hidroterapia, este tratamiento se imparte los mi\u00e9rcoles y viernes, lo cual contribuye a mejorar la salud de los pacientes, pues seg\u00fan detallan representantes del Instituto, esta estimula el sistema respiratorio, ayuda a la p\u00e9rdida de peso y fortalece el sistema sangu\u00edneo, ya que las rutinas est\u00e1n acompa\u00f1adas de ejercicios m\u00e9dicos.<\/p>\n<p>En ese sentido, Abac, describi\u00f3 que la hidroterapia se basa en ejercicios acu\u00e1ticos que les ayuda a los adultos mayores cuando presentan problemas musculares.<\/p>\n<p>\u201cTambi\u00e9n tenemos las terapias de grupo y lo que se busca es fortalecer la salud de nuestros pacientes, no solo en la parte f\u00edsica. Ellos han encontrado ac\u00e1 un ambiente en el que se pueden seguir desenvolviendo, aparte de contar con la asistencia m\u00e9dica integral\u201d, destac\u00f3 Abac.<\/p>\n<figure id=\"attachment_11002\" aria-describedby=\"caption-attachment-11002\" style=\"width: 777px\" class=\"wp-caption aligncenter\"><a href=\"\/wp-content\/uploads\/sites\/5\/2019\/09\/Diario-La-Hora-Terapia-Ocupacional-IGSS-2019-02.jpg\"><img loading=\"lazy\" decoding=\"async\" class=\"size-full wp-image-11002\" src=\"\/wp-content\/uploads\/sites\/5\/2019\/09\/Diario-La-Hora-Terapia-Ocupacional-IGSS-2019-02.jpg\" alt=\"\" width=\"777\" height=\"582\" srcset=\"\/wp-content\/uploads\/sites\/5\/2019\/09\/Diario-La-Hora-Terapia-Ocupacional-IGSS-2019-02.jpg 777w, \/wp-content\/uploads\/sites\/5\/2019\/09\/Diario-La-Hora-Terapia-Ocupacional-IGSS-2019-02-300x225.jpg 300w, \/wp-content\/uploads\/sites\/5\/2019\/09\/Diario-La-Hora-Terapia-Ocupacional-IGSS-2019-02-768x575.jpg 768w, \/wp-content\/uploads\/sites\/5\/2019\/09\/Diario-La-Hora-Terapia-Ocupacional-IGSS-2019-02-561x420.jpg 561w, \/wp-content\/uploads\/sites\/5\/2019\/09\/Diario-La-Hora-Terapia-Ocupacional-IGSS-2019-02-80x60.jpg 80w, \/wp-content\/uploads\/sites\/5\/2019\/09\/Diario-La-Hora-Terapia-Ocupacional-IGSS-2019-02-696x521.jpg 696w, \/wp-content\/uploads\/sites\/5\/2019\/09\/Diario-La-Hora-Terapia-Ocupacional-IGSS-2019-02-265x198.jpg 265w, \/wp-content\/uploads\/sites\/5\/2019\/09\/Diario-La-Hora-Terapia-Ocupacional-IGSS-2019-02-534x400.jpg 534w\" sizes=\"auto, (max-width: 777px) 100vw, 777px\" \/><\/a><figcaption id=\"caption-attachment-11002\" class=\"wp-caption-text\">Do\u00f1a Irma Leticia V\u00e1squez, es otra de las participantes de la terapia ocupacional de tejedoras, quien adem\u00e1s, es sobreviviente de c\u00e1ncer. Foto La Hora\/Margarita Gir\u00f3n<\/figcaption><\/figure>\n<h4><strong>\u201cLA CONVIVENCIA NOS HA CONVERTIDO EN AMIGAS\u201d<\/strong><\/h4>\n<p>Do\u00f1a Irma de Garc\u00eda, junto a otras 30 jubiladas del Instituto, se re\u00fane todos los martes en las instalaciones del CAMIP en donde cada una comparte t\u00e9cnicas y habilidades obtenidas desde hace m\u00e1s de 10 a\u00f1os.<\/p>\n<p>\u201cCasi todas asistimos inicialmente para tomar nuestra terapia y eso nos ayuda para tener m\u00e1s habilidad en nuestras manos y tambi\u00e9n nos ayuda a mejorar nuestro estr\u00e9s. La convivencia nos ha convertido en amigas porque no solo compartimos nuestras habilidades, sino tambi\u00e9n nuestras vivencias personales\u201d, dijo de Garc\u00eda.<\/p>\n<p>Desde su\u00e9teres, gorras, blusas, bufandas y otros accesorios decorativos, son hechos a mano por cada una de las beneficiarias que seg\u00fan mencionaron, tambi\u00e9n les ha proporcionado medios econ\u00f3micos, al vender entre sus conocidos, familiares y amigos las piezas tejidas.<\/p>\n<p>\u201cViera qu\u00e9 bonito, porque hasta se relaja uno, yo vivo sola y aqu\u00ed me relajo y soy feliz ac\u00e1 con mis compa\u00f1eras\u201d, dijo Irma Leticia V\u00e1squez, otra de las participantes de la terapia ocupacional, quien adem\u00e1s, es sobreviviente de c\u00e1ncer.<\/p>\n<p>Bac a\u00f1adi\u00f3 que el Centro de Atenci\u00f3n cuenta con personal experto en cada \u00e1rea para brindar atenci\u00f3n a los adultos mayores de acuerdo a sus necesidades.<\/p>\n<p>Asimismo, indic\u00f3 que quienes deseen optar a una terapia ocupacional, pueden solicitarlo en la consulta con el m\u00e9dico, quien determinar\u00e1 cu\u00e1l es la opci\u00f3n id\u00f3nea para cada paciente seg\u00fan su necesidad o bien dirigirse al departamento de Trabajo Social para que pueda ser evaluado seg\u00fan \u00e9l \u00e1rea de inter\u00e9s del jubilado.<\/p>\n<p>\u201cTenemos el plan de atender a m\u00e1s personas, las instalaciones son aptas para atender a todos nuestros afiliados\u201d, puntualiz\u00f3 Abac.<\/p>\n<p>Actualmente, se estima que la poblaci\u00f3n derechohabiente del CAMIP es de 40 mil 233 derechohabientes que reciben atenci\u00f3n m\u00e9dica en este centro.<\/p>\n<figure id=\"attachment_11003\" aria-describedby=\"caption-attachment-11003\" style=\"width: 777px\" class=\"wp-caption aligncenter\"><a href=\"\/wp-content\/uploads\/sites\/5\/2019\/09\/Diario-La-Hora-Terapia-Ocupacional-IGSS-2019-03.jpg\"><img loading=\"lazy\" decoding=\"async\" class=\"wp-image-11003 size-full\" src=\"\/wp-content\/uploads\/sites\/5\/2019\/09\/Diario-La-Hora-Terapia-Ocupacional-IGSS-2019-03.jpg\" alt=\"\" width=\"777\" height=\"582\" srcset=\"\/wp-content\/uploads\/sites\/5\/2019\/09\/Diario-La-Hora-Terapia-Ocupacional-IGSS-2019-03.jpg 777w, \/wp-content\/uploads\/sites\/5\/2019\/09\/Diario-La-Hora-Terapia-Ocupacional-IGSS-2019-03-300x225.jpg 300w, \/wp-content\/uploads\/sites\/5\/2019\/09\/Diario-La-Hora-Terapia-Ocupacional-IGSS-2019-03-768x575.jpg 768w, \/wp-content\/uploads\/sites\/5\/2019\/09\/Diario-La-Hora-Terapia-Ocupacional-IGSS-2019-03-561x420.jpg 561w, \/wp-content\/uploads\/sites\/5\/2019\/09\/Diario-La-Hora-Terapia-Ocupacional-IGSS-2019-03-80x60.jpg 80w, \/wp-content\/uploads\/sites\/5\/2019\/09\/Diario-La-Hora-Terapia-Ocupacional-IGSS-2019-03-696x521.jpg 696w, \/wp-content\/uploads\/sites\/5\/2019\/09\/Diario-La-Hora-Terapia-Ocupacional-IGSS-2019-03-265x198.jpg 265w, \/wp-content\/uploads\/sites\/5\/2019\/09\/Diario-La-Hora-Terapia-Ocupacional-IGSS-2019-03-534x400.jpg 534w\" sizes=\"auto, (max-width: 777px) 100vw, 777px\" \/><\/a><figcaption id=\"caption-attachment-11003\" class=\"wp-caption-text\">Para quienes deseen optar a una terapia ocupacional, pueden solicitarlo en la consulta con el m\u00e9dico, quien determinar\u00e1 cu\u00e1l es la opci\u00f3n id\u00f3nea para cada paciente seg\u00fan su necesidad. Foto La Hora\/Margarita Gir\u00f3n<\/figcaption><\/figure>\n<p>Fuente: <strong>Diario La Hora<\/strong><\/p>\n<p>Enlace en internet:\u00a0<a href=\"https:\/\/lahora.gt\/terapia-ocupacional-ofrece-beneficios-para-adultos-mayores-que-gozan-del-seguro-social-margarita-giron-tuigss-lahora\/\"><strong>https:\/\/lahora.gt\/terapia-ocupacional-ofrece-beneficios-para-adultos-mayores-que-gozan-del-seguro-social-margarita-giron-tuigss-lahora\/<\/strong><\/a><\/p>\n","protected":false},"excerpt":{"rendered":"<p>Por Margarita Gir\u00f3njgiron@lahora.com.gt En el Centro de Atenci\u00f3n M\u00e9dica Integral para Pensionados (CAMIP) de la zona 12, del Instituto Guatemalteco de Seguridad Social (IGSS) los adultos mayores, adem\u00e1s de gozar del beneficio de atenci\u00f3n m\u00e9dica, cada semana acuden a los programas de terapia ocupacional que van desde hidroterapia, reposter\u00eda, tejido, hasta clases de taich\u00ed, ajedrez [&hellip;]<\/p>\n","protected":false},"author":4,"featured_media":10999,"comment_status":"open","ping_status":"open","sticky":false,"template":"","format":"standard","meta":{"footnotes":""},"categories":[3,8,15,41,20,25,29],"tags":[149,1043,490,933],"coauthors":[881],"class_list":{"0":"post-10997","1":"post","2":"type-post","3":"status-publish","4":"format-standard","5":"has-post-thumbnail","7":"category-actualidad","8":"category-camip","9":"category-destacado","10":"category-igss-en-los-medios","11":"category-jubilados","12":"category-pensionados","13":"category-publicaciones","14":"tag-camip-pamplona","15":"tag-diario-la-hora","16":"tag-igss","17":"tag-terapia-ocupacional"},"_links":{"self":[{"href":"https:\/\/www.igssgt.org\/noticias\/wp-json\/wp\/v2\/posts\/10997","targetHints":{"allow":["GET"]}}],"collection":[{"href":"https:\/\/www.igssgt.org\/noticias\/wp-json\/wp\/v2\/posts"}],"about":[{"href":"https:\/\/www.igssgt.org\/noticias\/wp-json\/wp\/v2\/types\/post"}],"author":[{"embeddable":true,"href":"https:\/\/www.igssgt.org\/noticias\/wp-json\/wp\/v2\/users\/4"}],"replies":[{"embeddable":true,"href":"https:\/\/www.igssgt.org\/noticias\/wp-json\/wp\/v2\/comments?post=10997"}],"version-history":[{"count":3,"href":"https:\/\/www.igssgt.org\/noticias\/wp-json\/wp\/v2\/posts\/10997\/revisions"}],"predecessor-version":[{"id":11005,"href":"https:\/\/www.igssgt.org\/noticias\/wp-json\/wp\/v2\/posts\/10997\/revisions\/11005"}],"wp:featuredmedia":[{"embeddable":true,"href":"https:\/\/www.igssgt.org\/noticias\/wp-json\/wp\/v2\/media\/10999"}],"wp:attachment":[{"href":"https:\/\/www.igssgt.org\/noticias\/wp-json\/wp\/v2\/media?parent=10997"}],"wp:term":[{"taxonomy":"category","embeddable":true,"href":"https:\/\/www.igssgt.org\/noticias\/wp-json\/wp\/v2\/categories?post=10997"},{"taxonomy":"post_tag","embeddable":true,"href":"https:\/\/www.igssgt.org\/noticias\/wp-json\/wp\/v2\/tags?post=10997"},{"taxonomy":"author","embeddable":true,"href":"https:\/\/www.igssgt.org\/noticias\/wp-json\/wp\/v2\/coauthors?post=10997"}],"curies":[{"name":"wp","href":"https:\/\/api.w.org\/{rel}","templated":true}]}}