{"id":11156,"date":"2016-12-16T12:22:32","date_gmt":"2016-12-16T18:22:32","guid":{"rendered":"https:\/\/www.igssgt.org\/noticias\/?p=11156"},"modified":"2019-11-05T14:31:44","modified_gmt":"2019-11-05T20:31:44","slug":"finaliza-curso-de-vacaciones-para-ninas-y-ninos-en-el-igss","status":"publish","type":"post","link":"https:\/\/www.igssgt.org\/noticias\/2016\/12\/16\/finaliza-curso-de-vacaciones-para-ninas-y-ninos-en-el-igss\/","title":{"rendered":"Finaliza curso de vacaciones para ni\u00f1as y ni\u00f1os en el IGSS"},"content":{"rendered":"\n<figure class=\"wp-block-image\"><img loading=\"lazy\" decoding=\"async\" width=\"960\" height=\"640\" src=\"\/wp-content\/uploads\/sites\/5\/2019\/09\/Escuela-de-vacaciones-igss-2016-04-1.jpg\" alt=\"\" class=\"wp-image-11158\" srcset=\"\/wp-content\/uploads\/sites\/5\/2019\/09\/Escuela-de-vacaciones-igss-2016-04-1.jpg 960w, \/wp-content\/uploads\/sites\/5\/2019\/09\/Escuela-de-vacaciones-igss-2016-04-1-300x200.jpg 300w, \/wp-content\/uploads\/sites\/5\/2019\/09\/Escuela-de-vacaciones-igss-2016-04-1-768x512.jpg 768w, \/wp-content\/uploads\/sites\/5\/2019\/09\/Escuela-de-vacaciones-igss-2016-04-1-630x420.jpg 630w, \/wp-content\/uploads\/sites\/5\/2019\/09\/Escuela-de-vacaciones-igss-2016-04-1-696x464.jpg 696w, \/wp-content\/uploads\/sites\/5\/2019\/09\/Escuela-de-vacaciones-igss-2016-04-1-534x356.jpg 534w\" sizes=\"auto, (max-width: 960px) 100vw, 960px\" \/><\/figure>\n\n\n\n<h2 class=\"wp-block-heading\"><\/h2>\n\n\n\n<p>Este d\u00eda fue realizado el acto de clausura del Curso de Vacaciones del Instituto Guatemalteco de Seguridad Social (IGSS), en el que participaron un total de 65 ni\u00f1os y ni\u00f1as, el cual se desarroll\u00f3 en la sede de la Biblioteca de las oficinas centrales de la Instituci\u00f3n.<\/p>\n\n\n\n<p>Durante esta actividad los menores recibieron su diploma de participaci\u00f3n, el cual fue entregado por el Ing. Hugo M\u00e9rida, subgerente administrativo, y la Licda. Luc\u00eda Dub\u00f3n jefe del Departamento de Comunicaci\u00f3n Social y Relaciones P\u00fablicas, del Instituto.<\/p>\n\n\n\n<figure class=\"wp-block-image\"><img loading=\"lazy\" decoding=\"async\" width=\"960\" height=\"640\" src=\"\/wp-content\/uploads\/sites\/5\/2019\/09\/Escuela-de-vacaciones-igss-2016-01-1.jpg\" alt=\"\" class=\"wp-image-11159\" srcset=\"\/wp-content\/uploads\/sites\/5\/2019\/09\/Escuela-de-vacaciones-igss-2016-01-1.jpg 960w, \/wp-content\/uploads\/sites\/5\/2019\/09\/Escuela-de-vacaciones-igss-2016-01-1-300x200.jpg 300w, \/wp-content\/uploads\/sites\/5\/2019\/09\/Escuela-de-vacaciones-igss-2016-01-1-768x512.jpg 768w, \/wp-content\/uploads\/sites\/5\/2019\/09\/Escuela-de-vacaciones-igss-2016-01-1-630x420.jpg 630w, \/wp-content\/uploads\/sites\/5\/2019\/09\/Escuela-de-vacaciones-igss-2016-01-1-696x464.jpg 696w, \/wp-content\/uploads\/sites\/5\/2019\/09\/Escuela-de-vacaciones-igss-2016-01-1-534x356.jpg 534w\" sizes=\"auto, (max-width: 960px) 100vw, 960px\" \/><\/figure>\n\n\n\n<p><strong>Formaci\u00f3n en principios y valores<\/strong><\/p>\n\n\n\n<p>Durante este periodo los menores reciben charlas de profesionales con el objetivo de formar y fortalecer sus principios y valores, adem\u00e1s elaboran distintas manualidades como un arbolito navide\u00f1o, y una bota de Santa Claus, pintaron y decoraron una botella de vidrio, as\u00ed como un comal y una teja de barro que son cubrieron con servilletas de copash selladas con cola.<\/p>\n\n\n\n<p>Entre otras actividades los ni\u00f1os tambi\u00e9n recibieron capacitaci\u00f3n en el tema de la \u201cDiscriminaci\u00f3n\u201d por representantes de la Procuradur\u00eda de Derechos Humanos (PDH), y adem\u00e1s fueron animados por integrantes del grupo de F\u00e1brica de Sonrisas.<\/p>\n\n\n\n\r\n                <style type=\"text\/css\">\r\n                    \r\n                    #tdi_1  .td-doubleSlider-2 .td-item1 {\r\n                        background: url(\/wp-content\/uploads\/sites\/5\/2019\/09\/Escuela-de-vacaciones-igss-2016-02-80x60.jpg) 0 0 no-repeat;\r\n                    }\r\n                    #tdi_1  .td-doubleSlider-2 .td-item2 {\r\n                        background: url(\/wp-content\/uploads\/sites\/5\/2019\/09\/Escuela-de-vacaciones-igss-2016-05-80x60.jpg) 0 0 no-repeat;\r\n                    }\r\n                    #tdi_1  .td-doubleSlider-2 .td-item3 {\r\n                        background: url(\/wp-content\/uploads\/sites\/5\/2019\/09\/Escuela-de-vacaciones-igss-2016-01-1-80x60.jpg) 0 0 no-repeat;\r\n                    }\r\n                    #tdi_1  .td-doubleSlider-2 .td-item4 {\r\n                        background: url(\/wp-content\/uploads\/sites\/5\/2019\/09\/Escuela-de-vacaciones-igss-2016-04-1-80x60.jpg) 0 0 no-repeat;\r\n                    }\r\n                    #tdi_1  .td-doubleSlider-2 .td-item5 {\r\n                        background: url(\/wp-content\/uploads\/sites\/5\/2019\/09\/Escuela-de-vacaciones-igss-2016-03-1-80x60.jpg) 0 0 no-repeat;\r\n                    }\r\n                <\/style>\r\n\r\n                <div id=\"tdi_1\" class=\"td-gallery td-slide-on-2-columns\">\r\n                    <div class=\"post_td_gallery\">\r\n                        <div class=\"td-gallery-slide-top\">\r\n                           <div class=\"td-gallery-title\"><\/div>\r\n\r\n                            <div class=\"td-gallery-controls-wrapper\">\r\n                                <div class=\"td-gallery-slide-count\"><span class=\"td-gallery-slide-item-focus\">1<\/span> de 5<\/div>\r\n                                <div class=\"td-gallery-slide-prev-next-but\">\r\n                                    <i class = \"td-icon-left doubleSliderPrevButton\"><\/i>\r\n                                    <i class = \"td-icon-right doubleSliderNextButton\"><\/i>\r\n                                <\/div>\r\n                            <\/div>\r\n                        <\/div>\r\n\r\n                        <div class = \"td-doubleSlider-1 \">\r\n                            <div class = \"td-slider\">\r\n                                \r\n                    <div class = \"td-slide-item td-item1\">\r\n                        <figure class=\"td-slide-galery-figure td-slide-popup-gallery\">\r\n                            <a class=\"slide-gallery-image-link\" href=\"\/wp-content\/uploads\/sites\/5\/2019\/09\/Escuela-de-vacaciones-igss-2016-02.jpg\" title=\"Escuela-de-vacaciones-igss-2016-02\"  data-caption=\"\"  data-description=\"\">\r\n                                <img decoding=\"async\" src=\"\/wp-content\/uploads\/sites\/5\/2019\/09\/Escuela-de-vacaciones-igss-2016-02-630x420.jpg\" srcset=\"\/wp-content\/uploads\/sites\/5\/2019\/09\/Escuela-de-vacaciones-igss-2016-02-630x420.jpg 630w, \/wp-content\/uploads\/sites\/5\/2019\/09\/Escuela-de-vacaciones-igss-2016-02-300x200.jpg 300w, \/wp-content\/uploads\/sites\/5\/2019\/09\/Escuela-de-vacaciones-igss-2016-02-768x512.jpg 768w, \/wp-content\/uploads\/sites\/5\/2019\/09\/Escuela-de-vacaciones-igss-2016-02-696x464.jpg 696w, \/wp-content\/uploads\/sites\/5\/2019\/09\/Escuela-de-vacaciones-igss-2016-02-534x356.jpg 534w, \/wp-content\/uploads\/sites\/5\/2019\/09\/Escuela-de-vacaciones-igss-2016-02.jpg 960w\" sizes=\"(max-width: 630px) 100vw, 630px\" alt=\"\">\r\n                            <\/a>\r\n                            \r\n                        <\/figure>\r\n                    <\/div>\r\n                    <div class = \"td-slide-item td-item2\">\r\n                        <figure class=\"td-slide-galery-figure td-slide-popup-gallery\">\r\n                            <a class=\"slide-gallery-image-link\" href=\"\/wp-content\/uploads\/sites\/5\/2019\/09\/Escuela-de-vacaciones-igss-2016-05.jpg\" title=\"Escuela-de-vacaciones-igss-2016-05\"  data-caption=\"\"  data-description=\"\">\r\n                                <img decoding=\"async\" src=\"\/wp-content\/uploads\/sites\/5\/2019\/09\/Escuela-de-vacaciones-igss-2016-05-630x420.jpg\" srcset=\"\/wp-content\/uploads\/sites\/5\/2019\/09\/Escuela-de-vacaciones-igss-2016-05-630x420.jpg 630w, \/wp-content\/uploads\/sites\/5\/2019\/09\/Escuela-de-vacaciones-igss-2016-05-300x200.jpg 300w, \/wp-content\/uploads\/sites\/5\/2019\/09\/Escuela-de-vacaciones-igss-2016-05-768x512.jpg 768w, \/wp-content\/uploads\/sites\/5\/2019\/09\/Escuela-de-vacaciones-igss-2016-05-696x464.jpg 696w, \/wp-content\/uploads\/sites\/5\/2019\/09\/Escuela-de-vacaciones-igss-2016-05-534x356.jpg 534w, \/wp-content\/uploads\/sites\/5\/2019\/09\/Escuela-de-vacaciones-igss-2016-05.jpg 960w\" sizes=\"(max-width: 630px) 100vw, 630px\" alt=\"\">\r\n                            <\/a>\r\n                            \r\n                        <\/figure>\r\n                    <\/div>\r\n                    <div class = \"td-slide-item td-item3\">\r\n                        <figure class=\"td-slide-galery-figure td-slide-popup-gallery\">\r\n                            <a class=\"slide-gallery-image-link\" href=\"\/wp-content\/uploads\/sites\/5\/2019\/09\/Escuela-de-vacaciones-igss-2016-01-1.jpg\" title=\"Escuela-de-vacaciones-igss-2016-01 (1)\"  data-caption=\"\"  data-description=\"\">\r\n                                <img decoding=\"async\" src=\"\/wp-content\/uploads\/sites\/5\/2019\/09\/Escuela-de-vacaciones-igss-2016-01-1-630x420.jpg\" srcset=\"\/wp-content\/uploads\/sites\/5\/2019\/09\/Escuela-de-vacaciones-igss-2016-01-1-630x420.jpg 630w, \/wp-content\/uploads\/sites\/5\/2019\/09\/Escuela-de-vacaciones-igss-2016-01-1-300x200.jpg 300w, \/wp-content\/uploads\/sites\/5\/2019\/09\/Escuela-de-vacaciones-igss-2016-01-1-768x512.jpg 768w, \/wp-content\/uploads\/sites\/5\/2019\/09\/Escuela-de-vacaciones-igss-2016-01-1-696x464.jpg 696w, \/wp-content\/uploads\/sites\/5\/2019\/09\/Escuela-de-vacaciones-igss-2016-01-1-534x356.jpg 534w, \/wp-content\/uploads\/sites\/5\/2019\/09\/Escuela-de-vacaciones-igss-2016-01-1.jpg 960w\" sizes=\"(max-width: 630px) 100vw, 630px\" alt=\"\">\r\n                            <\/a>\r\n                            \r\n                        <\/figure>\r\n                    <\/div>\r\n                    <div class = \"td-slide-item td-item4\">\r\n                        <figure class=\"td-slide-galery-figure td-slide-popup-gallery\">\r\n                            <a class=\"slide-gallery-image-link\" href=\"\/wp-content\/uploads\/sites\/5\/2019\/09\/Escuela-de-vacaciones-igss-2016-04-1.jpg\" title=\"Escuela-de-vacaciones-igss-2016-04 (1)\"  data-caption=\"\"  data-description=\"\">\r\n                                <img decoding=\"async\" src=\"\/wp-content\/uploads\/sites\/5\/2019\/09\/Escuela-de-vacaciones-igss-2016-04-1-630x420.jpg\" srcset=\"\/wp-content\/uploads\/sites\/5\/2019\/09\/Escuela-de-vacaciones-igss-2016-04-1-630x420.jpg 630w, \/wp-content\/uploads\/sites\/5\/2019\/09\/Escuela-de-vacaciones-igss-2016-04-1-300x200.jpg 300w, \/wp-content\/uploads\/sites\/5\/2019\/09\/Escuela-de-vacaciones-igss-2016-04-1-768x512.jpg 768w, \/wp-content\/uploads\/sites\/5\/2019\/09\/Escuela-de-vacaciones-igss-2016-04-1-696x464.jpg 696w, \/wp-content\/uploads\/sites\/5\/2019\/09\/Escuela-de-vacaciones-igss-2016-04-1-534x356.jpg 534w, \/wp-content\/uploads\/sites\/5\/2019\/09\/Escuela-de-vacaciones-igss-2016-04-1.jpg 960w\" sizes=\"(max-width: 630px) 100vw, 630px\" alt=\"\">\r\n                            <\/a>\r\n                            \r\n                        <\/figure>\r\n                    <\/div>\r\n                    <div class = \"td-slide-item td-item5\">\r\n                        <figure class=\"td-slide-galery-figure td-slide-popup-gallery\">\r\n                            <a class=\"slide-gallery-image-link\" href=\"\/wp-content\/uploads\/sites\/5\/2019\/09\/Escuela-de-vacaciones-igss-2016-03-1.jpg\" title=\"Escuela-de-vacaciones-igss-2016-03 (1)\"  data-caption=\"\"  data-description=\"\">\r\n                                <img decoding=\"async\" src=\"\/wp-content\/uploads\/sites\/5\/2019\/09\/Escuela-de-vacaciones-igss-2016-03-1-630x420.jpg\" srcset=\"\/wp-content\/uploads\/sites\/5\/2019\/09\/Escuela-de-vacaciones-igss-2016-03-1-630x420.jpg 630w, \/wp-content\/uploads\/sites\/5\/2019\/09\/Escuela-de-vacaciones-igss-2016-03-1-300x200.jpg 300w, \/wp-content\/uploads\/sites\/5\/2019\/09\/Escuela-de-vacaciones-igss-2016-03-1-768x512.jpg 768w, \/wp-content\/uploads\/sites\/5\/2019\/09\/Escuela-de-vacaciones-igss-2016-03-1-696x464.jpg 696w, \/wp-content\/uploads\/sites\/5\/2019\/09\/Escuela-de-vacaciones-igss-2016-03-1-534x356.jpg 534w, \/wp-content\/uploads\/sites\/5\/2019\/09\/Escuela-de-vacaciones-igss-2016-03-1.jpg 960w\" sizes=\"(max-width: 630px) 100vw, 630px\" alt=\"\">\r\n                            <\/a>\r\n                            \r\n                        <\/figure>\r\n                    <\/div>\r\n                            <\/div>\r\n                        <\/div>\r\n\r\n                        <div class = \"td-doubleSlider-2\">\r\n                            <div class = \"td-slider\">\r\n                                \r\n                    <div class = \"td-button td-item1\">\r\n                        <div class = \"td-border\"><\/div>\r\n                    <\/div>\r\n                    <div class = \"td-button td-item2\">\r\n                        <div class = \"td-border\"><\/div>\r\n                    <\/div>\r\n                    <div class = \"td-button td-item3\">\r\n                        <div class = \"td-border\"><\/div>\r\n                    <\/div>\r\n                    <div class = \"td-button td-item4\">\r\n                        <div class = \"td-border\"><\/div>\r\n                    <\/div>\r\n                    <div class = \"td-button td-item5\">\r\n                        <div class = \"td-border\"><\/div>\r\n                    <\/div>\r\n                            <\/div>\r\n                        <\/div>\r\n\r\n                    <\/div>\r\n\r\n                <\/div>\r\n                \n","protected":false},"excerpt":{"rendered":"<p>Este d\u00eda fue realizado el acto de clausura del Curso de Vacaciones del Instituto Guatemalteco de Seguridad Social (IGSS), en el que participaron un total de 65 ni\u00f1os y ni\u00f1as, el cual se desarroll\u00f3 en la sede de la Biblioteca de las oficinas centrales de la Instituci\u00f3n. Durante esta actividad los menores recibieron su diploma [&hellip;]<\/p>\n","protected":false},"author":9,"featured_media":11157,"comment_status":"open","ping_status":"open","sticky":false,"template":"","format":"standard","meta":{"footnotes":""},"categories":[3,15,29],"tags":[136,419,490,509,600,810],"coauthors":[888],"class_list":{"0":"post-11156","1":"post","2":"type-post","3":"status-publish","4":"format-standard","5":"has-post-thumbnail","7":"category-actualidad","8":"category-destacado","9":"category-publicaciones","10":"tag-biblioteca","11":"tag-escuela-de-vacaciones","12":"tag-igss","13":"tag-ing-hugo-merida","14":"tag-licda-lucia-dubon","15":"tag-subgerente-administrativo"},"_links":{"self":[{"href":"https:\/\/www.igssgt.org\/noticias\/wp-json\/wp\/v2\/posts\/11156","targetHints":{"allow":["GET"]}}],"collection":[{"href":"https:\/\/www.igssgt.org\/noticias\/wp-json\/wp\/v2\/posts"}],"about":[{"href":"https:\/\/www.igssgt.org\/noticias\/wp-json\/wp\/v2\/types\/post"}],"author":[{"embeddable":true,"href":"https:\/\/www.igssgt.org\/noticias\/wp-json\/wp\/v2\/users\/9"}],"replies":[{"embeddable":true,"href":"https:\/\/www.igssgt.org\/noticias\/wp-json\/wp\/v2\/comments?post=11156"}],"version-history":[{"count":2,"href":"https:\/\/www.igssgt.org\/noticias\/wp-json\/wp\/v2\/posts\/11156\/revisions"}],"predecessor-version":[{"id":14237,"href":"https:\/\/www.igssgt.org\/noticias\/wp-json\/wp\/v2\/posts\/11156\/revisions\/14237"}],"wp:featuredmedia":[{"embeddable":true,"href":"https:\/\/www.igssgt.org\/noticias\/wp-json\/wp\/v2\/media\/11157"}],"wp:attachment":[{"href":"https:\/\/www.igssgt.org\/noticias\/wp-json\/wp\/v2\/media?parent=11156"}],"wp:term":[{"taxonomy":"category","embeddable":true,"href":"https:\/\/www.igssgt.org\/noticias\/wp-json\/wp\/v2\/categories?post=11156"},{"taxonomy":"post_tag","embeddable":true,"href":"https:\/\/www.igssgt.org\/noticias\/wp-json\/wp\/v2\/tags?post=11156"},{"taxonomy":"author","embeddable":true,"href":"https:\/\/www.igssgt.org\/noticias\/wp-json\/wp\/v2\/coauthors?post=11156"}],"curies":[{"name":"wp","href":"https:\/\/api.w.org\/{rel}","templated":true}]}}