{"id":11258,"date":"2016-11-30T10:54:12","date_gmt":"2016-11-30T16:54:12","guid":{"rendered":"https:\/\/www.igssgt.org\/noticias\/?p=11258"},"modified":"2019-11-05T15:23:17","modified_gmt":"2019-11-05T21:23:17","slug":"remodelan-auditorio-del-igss-zona-5","status":"publish","type":"post","link":"https:\/\/www.igssgt.org\/noticias\/2016\/11\/30\/remodelan-auditorio-del-igss-zona-5\/","title":{"rendered":"Remodelan auditorio del IGSS zona 5"},"content":{"rendered":"\n<figure class=\"wp-block-image\"><img loading=\"lazy\" decoding=\"async\" width=\"1024\" height=\"683\" src=\"\/wp-content\/uploads\/sites\/5\/2019\/10\/Inauguracion-auditorio-IGSS-zona-5-05-1-1024x683.jpg\" alt=\"\" class=\"wp-image-11260\" srcset=\"\/wp-content\/uploads\/sites\/5\/2019\/10\/Inauguracion-auditorio-IGSS-zona-5-05-1-1024x683.jpg 1024w, \/wp-content\/uploads\/sites\/5\/2019\/10\/Inauguracion-auditorio-IGSS-zona-5-05-1-300x200.jpg 300w, \/wp-content\/uploads\/sites\/5\/2019\/10\/Inauguracion-auditorio-IGSS-zona-5-05-1-768x512.jpg 768w, \/wp-content\/uploads\/sites\/5\/2019\/10\/Inauguracion-auditorio-IGSS-zona-5-05-1-630x420.jpg 630w, \/wp-content\/uploads\/sites\/5\/2019\/10\/Inauguracion-auditorio-IGSS-zona-5-05-1-696x464.jpg 696w, \/wp-content\/uploads\/sites\/5\/2019\/10\/Inauguracion-auditorio-IGSS-zona-5-05-1-1068x712.jpg 1068w, \/wp-content\/uploads\/sites\/5\/2019\/10\/Inauguracion-auditorio-IGSS-zona-5-05-1-534x356.jpg 534w, \/wp-content\/uploads\/sites\/5\/2019\/10\/Inauguracion-auditorio-IGSS-zona-5-05-1.jpg 1440w\" sizes=\"auto, (max-width: 1024px) 100vw, 1024px\" \/><\/figure>\n\n\n\n<p>Autoridades del Instituto Guatemalteco de Seguridad Social (IGSS), y de la Unidad Perif\u00e9rica de la zona 5, inauguraron hoy la remodelaci\u00f3n del auditorio en dicho lugar, cuyas instalaciones son utilizadas para impartir cursos de capacitaci\u00f3n y terapias psicol\u00f3gicas grupales a pacientes de los diferentes servicios, indica la Licda. Enma Hern\u00e1ndez, administradora de dicha unidad.<\/p>\n\n\n\n<blockquote class=\"wp-block-quote is-layout-flow wp-block-quote-is-layout-flow\"><p>CADA D\u00cdA SON ATENDIDOS UN PROMEDIO DE 800 PACIENTES<\/p><\/blockquote>\n\n\n\n<p>Los trabajos realizados incluyen, el cambio total del piso, el equipamiento con sillas tipo auditorio con su respectiva paleta, iluminaci\u00f3n, equipo audiovisual para proyecci\u00f3n de presentaciones, pintura, ventanales, instalaci\u00f3n de cortinas, entre otros, informa Hern\u00e1ndez.<\/p>\n\n\n\n<p>El doctor Jos\u00e9 Napole\u00f3n Castillo, director m\u00e9dico de dicha unidad perif\u00e9rica, al tomar la palabra remarc\u00f3 la importancia del espacio que es utilizado por especialistas de distintas unidades del Instituto, para brindar docencia m\u00e9dica, as\u00ed como charlas de capacitaci\u00f3n y orientaci\u00f3n del personal que atiende a afiliados y derechohabientes.<\/p>\n\n\n\n<p>Agreg\u00f3 el doctor Castillo especific\u00f3 que seg\u00fan los registros, cada d\u00eda son atendidos un promedio de 800 pacientes, o sea unas 16 mil al mes.<\/p>\n\n\n\n\r\n                <style type=\"text\/css\">\r\n                    \r\n                    #tdi_1  .td-doubleSlider-2 .td-item1 {\r\n                        background: url(\/wp-content\/uploads\/sites\/5\/2019\/10\/Inauguracion-auditorio-IGSS-zona-5-06-2-80x60.jpg) 0 0 no-repeat;\r\n                    }\r\n                    #tdi_1  .td-doubleSlider-2 .td-item2 {\r\n                        background: url(\/wp-content\/uploads\/sites\/5\/2019\/10\/Inauguracion-auditorio-IGSS-zona-5-04-1-80x60.jpg) 0 0 no-repeat;\r\n                    }\r\n                    #tdi_1  .td-doubleSlider-2 .td-item3 {\r\n                        background: url(\/wp-content\/uploads\/sites\/5\/2019\/10\/Inauguracion-auditorio-IGSS-zona-5-03-1-80x60.jpg) 0 0 no-repeat;\r\n                    }\r\n                    #tdi_1  .td-doubleSlider-2 .td-item4 {\r\n                        background: url(\/wp-content\/uploads\/sites\/5\/2019\/10\/Inauguracion-auditorio-IGSS-zona-5-02-1-80x60.jpg) 0 0 no-repeat;\r\n                    }\r\n                    #tdi_1  .td-doubleSlider-2 .td-item5 {\r\n                        background: url(\/wp-content\/uploads\/sites\/5\/2019\/10\/Inauguracion-auditorio-IGSS-zona-5-01-1-80x60.jpg) 0 0 no-repeat;\r\n                    }\r\n                    #tdi_1  .td-doubleSlider-2 .td-item6 {\r\n                        background: url(\/wp-content\/uploads\/sites\/5\/2019\/10\/Inauguracion-auditorio-IGSS-zona-5-05-1-1-80x60.jpg) 0 0 no-repeat;\r\n                    }\r\n                    #tdi_1  .td-doubleSlider-2 .td-item7 {\r\n                        background: url(\/wp-content\/uploads\/sites\/5\/2019\/10\/Inauguracion-auditorio-IGSS-zona-5-04-80x60.jpg) 0 0 no-repeat;\r\n                    }\r\n                    #tdi_1  .td-doubleSlider-2 .td-item8 {\r\n                        background: url(\/wp-content\/uploads\/sites\/5\/2019\/10\/Inauguracion-auditorio-IGSS-zona-5-03-80x60.jpg) 0 0 no-repeat;\r\n                    }\r\n                    #tdi_1  .td-doubleSlider-2 .td-item9 {\r\n                        background: url(\/wp-content\/uploads\/sites\/5\/2019\/10\/Inauguracion-auditorio-IGSS-zona-5-02-80x60.jpg) 0 0 no-repeat;\r\n                    }\r\n                    #tdi_1  .td-doubleSlider-2 .td-item10 {\r\n                        background: url(\/wp-content\/uploads\/sites\/5\/2019\/10\/Inauguracion-auditorio-IGSS-zona-5-01-80x60.jpg) 0 0 no-repeat;\r\n                    }\r\n                <\/style>\r\n\r\n                <div id=\"tdi_1\" class=\"td-gallery td-slide-on-2-columns\">\r\n                    <div class=\"post_td_gallery\">\r\n                        <div class=\"td-gallery-slide-top\">\r\n                           <div class=\"td-gallery-title\"><\/div>\r\n\r\n                            <div class=\"td-gallery-controls-wrapper\">\r\n                                <div class=\"td-gallery-slide-count\"><span class=\"td-gallery-slide-item-focus\">1<\/span> de 10<\/div>\r\n                                <div class=\"td-gallery-slide-prev-next-but\">\r\n                                    <i class = \"td-icon-left doubleSliderPrevButton\"><\/i>\r\n                                    <i class = \"td-icon-right doubleSliderNextButton\"><\/i>\r\n                                <\/div>\r\n                            <\/div>\r\n                        <\/div>\r\n\r\n                        <div class = \"td-doubleSlider-1 \">\r\n                            <div class = \"td-slider\">\r\n                                \r\n                    <div class = \"td-slide-item td-item1\">\r\n                        <figure class=\"td-slide-galery-figure td-slide-popup-gallery\">\r\n                            <a class=\"slide-gallery-image-link\" href=\"\/wp-content\/uploads\/sites\/5\/2019\/10\/Inauguracion-auditorio-IGSS-zona-5-06-2.jpg\" title=\"Inauguracion-auditorio-IGSS-zona-5-06-2\"  data-caption=\"\"  data-description=\"\">\r\n                                <img decoding=\"async\" src=\"\/wp-content\/uploads\/sites\/5\/2019\/10\/Inauguracion-auditorio-IGSS-zona-5-06-2-630x420.jpg\" srcset=\"\/wp-content\/uploads\/sites\/5\/2019\/10\/Inauguracion-auditorio-IGSS-zona-5-06-2-630x420.jpg 630w, \/wp-content\/uploads\/sites\/5\/2019\/10\/Inauguracion-auditorio-IGSS-zona-5-06-2-300x200.jpg 300w, \/wp-content\/uploads\/sites\/5\/2019\/10\/Inauguracion-auditorio-IGSS-zona-5-06-2-768x512.jpg 768w, \/wp-content\/uploads\/sites\/5\/2019\/10\/Inauguracion-auditorio-IGSS-zona-5-06-2-1024x683.jpg 1024w, \/wp-content\/uploads\/sites\/5\/2019\/10\/Inauguracion-auditorio-IGSS-zona-5-06-2-696x464.jpg 696w, \/wp-content\/uploads\/sites\/5\/2019\/10\/Inauguracion-auditorio-IGSS-zona-5-06-2-1068x712.jpg 1068w, \/wp-content\/uploads\/sites\/5\/2019\/10\/Inauguracion-auditorio-IGSS-zona-5-06-2-534x356.jpg 534w, \/wp-content\/uploads\/sites\/5\/2019\/10\/Inauguracion-auditorio-IGSS-zona-5-06-2.jpg 1440w\" sizes=\"(max-width: 630px) 100vw, 630px\" alt=\"\">\r\n                            <\/a>\r\n                            \r\n                        <\/figure>\r\n                    <\/div>\r\n                    <div class = \"td-slide-item td-item2\">\r\n                        <figure class=\"td-slide-galery-figure td-slide-popup-gallery\">\r\n                            <a class=\"slide-gallery-image-link\" href=\"\/wp-content\/uploads\/sites\/5\/2019\/10\/Inauguracion-auditorio-IGSS-zona-5-04-1.jpg\" title=\"Inauguracion-auditorio-IGSS-zona-5-04-1\"  data-caption=\"\"  data-description=\"\">\r\n                                <img decoding=\"async\" src=\"\/wp-content\/uploads\/sites\/5\/2019\/10\/Inauguracion-auditorio-IGSS-zona-5-04-1-630x420.jpg\" srcset=\"\/wp-content\/uploads\/sites\/5\/2019\/10\/Inauguracion-auditorio-IGSS-zona-5-04-1-630x420.jpg 630w, \/wp-content\/uploads\/sites\/5\/2019\/10\/Inauguracion-auditorio-IGSS-zona-5-04-1-300x200.jpg 300w, \/wp-content\/uploads\/sites\/5\/2019\/10\/Inauguracion-auditorio-IGSS-zona-5-04-1-768x512.jpg 768w, \/wp-content\/uploads\/sites\/5\/2019\/10\/Inauguracion-auditorio-IGSS-zona-5-04-1-1024x683.jpg 1024w, \/wp-content\/uploads\/sites\/5\/2019\/10\/Inauguracion-auditorio-IGSS-zona-5-04-1-696x464.jpg 696w, \/wp-content\/uploads\/sites\/5\/2019\/10\/Inauguracion-auditorio-IGSS-zona-5-04-1-1068x712.jpg 1068w, \/wp-content\/uploads\/sites\/5\/2019\/10\/Inauguracion-auditorio-IGSS-zona-5-04-1-534x356.jpg 534w, \/wp-content\/uploads\/sites\/5\/2019\/10\/Inauguracion-auditorio-IGSS-zona-5-04-1.jpg 1440w\" sizes=\"(max-width: 630px) 100vw, 630px\" alt=\"\">\r\n                            <\/a>\r\n                            \r\n                        <\/figure>\r\n                    <\/div>\r\n                    <div class = \"td-slide-item td-item3\">\r\n                        <figure class=\"td-slide-galery-figure td-slide-popup-gallery\">\r\n                            <a class=\"slide-gallery-image-link\" href=\"\/wp-content\/uploads\/sites\/5\/2019\/10\/Inauguracion-auditorio-IGSS-zona-5-03-1.jpg\" title=\"Inauguracion-auditorio-IGSS-zona-5-03-1\"  data-caption=\"\"  data-description=\"\">\r\n                                <img decoding=\"async\" src=\"\/wp-content\/uploads\/sites\/5\/2019\/10\/Inauguracion-auditorio-IGSS-zona-5-03-1-630x420.jpg\" srcset=\"\/wp-content\/uploads\/sites\/5\/2019\/10\/Inauguracion-auditorio-IGSS-zona-5-03-1-630x420.jpg 630w, \/wp-content\/uploads\/sites\/5\/2019\/10\/Inauguracion-auditorio-IGSS-zona-5-03-1-300x200.jpg 300w, \/wp-content\/uploads\/sites\/5\/2019\/10\/Inauguracion-auditorio-IGSS-zona-5-03-1-768x512.jpg 768w, \/wp-content\/uploads\/sites\/5\/2019\/10\/Inauguracion-auditorio-IGSS-zona-5-03-1-1024x683.jpg 1024w, \/wp-content\/uploads\/sites\/5\/2019\/10\/Inauguracion-auditorio-IGSS-zona-5-03-1-696x464.jpg 696w, \/wp-content\/uploads\/sites\/5\/2019\/10\/Inauguracion-auditorio-IGSS-zona-5-03-1-1068x712.jpg 1068w, \/wp-content\/uploads\/sites\/5\/2019\/10\/Inauguracion-auditorio-IGSS-zona-5-03-1-534x356.jpg 534w, \/wp-content\/uploads\/sites\/5\/2019\/10\/Inauguracion-auditorio-IGSS-zona-5-03-1.jpg 1440w\" sizes=\"(max-width: 630px) 100vw, 630px\" alt=\"\">\r\n                            <\/a>\r\n                            \r\n                        <\/figure>\r\n                    <\/div>\r\n                    <div class = \"td-slide-item td-item4\">\r\n                        <figure class=\"td-slide-galery-figure td-slide-popup-gallery\">\r\n                            <a class=\"slide-gallery-image-link\" href=\"\/wp-content\/uploads\/sites\/5\/2019\/10\/Inauguracion-auditorio-IGSS-zona-5-02-1.jpg\" title=\"Inauguracion-auditorio-IGSS-zona-5-02-1\"  data-caption=\"\"  data-description=\"\">\r\n                                <img decoding=\"async\" src=\"\/wp-content\/uploads\/sites\/5\/2019\/10\/Inauguracion-auditorio-IGSS-zona-5-02-1-630x420.jpg\" srcset=\"\/wp-content\/uploads\/sites\/5\/2019\/10\/Inauguracion-auditorio-IGSS-zona-5-02-1-630x420.jpg 630w, \/wp-content\/uploads\/sites\/5\/2019\/10\/Inauguracion-auditorio-IGSS-zona-5-02-1-300x200.jpg 300w, \/wp-content\/uploads\/sites\/5\/2019\/10\/Inauguracion-auditorio-IGSS-zona-5-02-1-768x512.jpg 768w, \/wp-content\/uploads\/sites\/5\/2019\/10\/Inauguracion-auditorio-IGSS-zona-5-02-1-1024x683.jpg 1024w, \/wp-content\/uploads\/sites\/5\/2019\/10\/Inauguracion-auditorio-IGSS-zona-5-02-1-696x464.jpg 696w, \/wp-content\/uploads\/sites\/5\/2019\/10\/Inauguracion-auditorio-IGSS-zona-5-02-1-1068x712.jpg 1068w, \/wp-content\/uploads\/sites\/5\/2019\/10\/Inauguracion-auditorio-IGSS-zona-5-02-1-534x356.jpg 534w, \/wp-content\/uploads\/sites\/5\/2019\/10\/Inauguracion-auditorio-IGSS-zona-5-02-1.jpg 1440w\" sizes=\"(max-width: 630px) 100vw, 630px\" alt=\"\">\r\n                            <\/a>\r\n                            \r\n                        <\/figure>\r\n                    <\/div>\r\n                    <div class = \"td-slide-item td-item5\">\r\n                        <figure class=\"td-slide-galery-figure td-slide-popup-gallery\">\r\n                            <a class=\"slide-gallery-image-link\" href=\"\/wp-content\/uploads\/sites\/5\/2019\/10\/Inauguracion-auditorio-IGSS-zona-5-01-1.jpg\" title=\"Inauguracion-auditorio-IGSS-zona-5-01-1\"  data-caption=\"\"  data-description=\"\">\r\n                                <img decoding=\"async\" src=\"\/wp-content\/uploads\/sites\/5\/2019\/10\/Inauguracion-auditorio-IGSS-zona-5-01-1-630x420.jpg\" srcset=\"\/wp-content\/uploads\/sites\/5\/2019\/10\/Inauguracion-auditorio-IGSS-zona-5-01-1-630x420.jpg 630w, \/wp-content\/uploads\/sites\/5\/2019\/10\/Inauguracion-auditorio-IGSS-zona-5-01-1-300x200.jpg 300w, \/wp-content\/uploads\/sites\/5\/2019\/10\/Inauguracion-auditorio-IGSS-zona-5-01-1-768x512.jpg 768w, \/wp-content\/uploads\/sites\/5\/2019\/10\/Inauguracion-auditorio-IGSS-zona-5-01-1-1024x683.jpg 1024w, \/wp-content\/uploads\/sites\/5\/2019\/10\/Inauguracion-auditorio-IGSS-zona-5-01-1-696x464.jpg 696w, \/wp-content\/uploads\/sites\/5\/2019\/10\/Inauguracion-auditorio-IGSS-zona-5-01-1-1068x712.jpg 1068w, \/wp-content\/uploads\/sites\/5\/2019\/10\/Inauguracion-auditorio-IGSS-zona-5-01-1-534x356.jpg 534w, \/wp-content\/uploads\/sites\/5\/2019\/10\/Inauguracion-auditorio-IGSS-zona-5-01-1.jpg 1440w\" sizes=\"(max-width: 630px) 100vw, 630px\" alt=\"\">\r\n                            <\/a>\r\n                            \r\n                        <\/figure>\r\n                    <\/div>\r\n                    <div class = \"td-slide-item td-item6\">\r\n                        <figure class=\"td-slide-galery-figure td-slide-popup-gallery\">\r\n                            <a class=\"slide-gallery-image-link\" href=\"\/wp-content\/uploads\/sites\/5\/2019\/10\/Inauguracion-auditorio-IGSS-zona-5-05-1-1.jpg\" title=\"Inauguracion-auditorio-IGSS-zona-5-05-1-1\"  data-caption=\"\"  data-description=\"\">\r\n                                <img decoding=\"async\" src=\"\/wp-content\/uploads\/sites\/5\/2019\/10\/Inauguracion-auditorio-IGSS-zona-5-05-1-1-630x420.jpg\" srcset=\"\/wp-content\/uploads\/sites\/5\/2019\/10\/Inauguracion-auditorio-IGSS-zona-5-05-1-1-630x420.jpg 630w, \/wp-content\/uploads\/sites\/5\/2019\/10\/Inauguracion-auditorio-IGSS-zona-5-05-1-1-300x200.jpg 300w, \/wp-content\/uploads\/sites\/5\/2019\/10\/Inauguracion-auditorio-IGSS-zona-5-05-1-1-768x512.jpg 768w, \/wp-content\/uploads\/sites\/5\/2019\/10\/Inauguracion-auditorio-IGSS-zona-5-05-1-1-1024x683.jpg 1024w, \/wp-content\/uploads\/sites\/5\/2019\/10\/Inauguracion-auditorio-IGSS-zona-5-05-1-1-696x464.jpg 696w, \/wp-content\/uploads\/sites\/5\/2019\/10\/Inauguracion-auditorio-IGSS-zona-5-05-1-1-1068x712.jpg 1068w, \/wp-content\/uploads\/sites\/5\/2019\/10\/Inauguracion-auditorio-IGSS-zona-5-05-1-1-534x356.jpg 534w, \/wp-content\/uploads\/sites\/5\/2019\/10\/Inauguracion-auditorio-IGSS-zona-5-05-1-1.jpg 1440w\" sizes=\"(max-width: 630px) 100vw, 630px\" alt=\"\">\r\n                            <\/a>\r\n                            \r\n                        <\/figure>\r\n                    <\/div>\r\n                    <div class = \"td-slide-item td-item7\">\r\n                        <figure class=\"td-slide-galery-figure td-slide-popup-gallery\">\r\n                            <a class=\"slide-gallery-image-link\" href=\"\/wp-content\/uploads\/sites\/5\/2019\/10\/Inauguracion-auditorio-IGSS-zona-5-04.jpg\" title=\"Inauguracion-auditorio-IGSS-zona-5-04\"  data-caption=\"\"  data-description=\"\">\r\n                                <img decoding=\"async\" src=\"\/wp-content\/uploads\/sites\/5\/2019\/10\/Inauguracion-auditorio-IGSS-zona-5-04-630x420.jpg\" srcset=\"\/wp-content\/uploads\/sites\/5\/2019\/10\/Inauguracion-auditorio-IGSS-zona-5-04-630x420.jpg 630w, \/wp-content\/uploads\/sites\/5\/2019\/10\/Inauguracion-auditorio-IGSS-zona-5-04-300x200.jpg 300w, \/wp-content\/uploads\/sites\/5\/2019\/10\/Inauguracion-auditorio-IGSS-zona-5-04-768x512.jpg 768w, \/wp-content\/uploads\/sites\/5\/2019\/10\/Inauguracion-auditorio-IGSS-zona-5-04-1024x683.jpg 1024w, \/wp-content\/uploads\/sites\/5\/2019\/10\/Inauguracion-auditorio-IGSS-zona-5-04-696x464.jpg 696w, \/wp-content\/uploads\/sites\/5\/2019\/10\/Inauguracion-auditorio-IGSS-zona-5-04-1068x712.jpg 1068w, \/wp-content\/uploads\/sites\/5\/2019\/10\/Inauguracion-auditorio-IGSS-zona-5-04-534x356.jpg 534w, \/wp-content\/uploads\/sites\/5\/2019\/10\/Inauguracion-auditorio-IGSS-zona-5-04.jpg 1440w\" sizes=\"(max-width: 630px) 100vw, 630px\" alt=\"\">\r\n                            <\/a>\r\n                            \r\n                        <\/figure>\r\n                    <\/div>\r\n                    <div class = \"td-slide-item td-item8\">\r\n                        <figure class=\"td-slide-galery-figure td-slide-popup-gallery\">\r\n                            <a class=\"slide-gallery-image-link\" href=\"\/wp-content\/uploads\/sites\/5\/2019\/10\/Inauguracion-auditorio-IGSS-zona-5-03.jpg\" title=\"Inauguracion-auditorio-IGSS-zona-5-03\"  data-caption=\"\"  data-description=\"\">\r\n                                <img decoding=\"async\" src=\"\/wp-content\/uploads\/sites\/5\/2019\/10\/Inauguracion-auditorio-IGSS-zona-5-03-630x420.jpg\" srcset=\"\/wp-content\/uploads\/sites\/5\/2019\/10\/Inauguracion-auditorio-IGSS-zona-5-03-630x420.jpg 630w, \/wp-content\/uploads\/sites\/5\/2019\/10\/Inauguracion-auditorio-IGSS-zona-5-03-300x200.jpg 300w, \/wp-content\/uploads\/sites\/5\/2019\/10\/Inauguracion-auditorio-IGSS-zona-5-03-768x512.jpg 768w, \/wp-content\/uploads\/sites\/5\/2019\/10\/Inauguracion-auditorio-IGSS-zona-5-03-1024x683.jpg 1024w, \/wp-content\/uploads\/sites\/5\/2019\/10\/Inauguracion-auditorio-IGSS-zona-5-03-696x464.jpg 696w, \/wp-content\/uploads\/sites\/5\/2019\/10\/Inauguracion-auditorio-IGSS-zona-5-03-1068x712.jpg 1068w, \/wp-content\/uploads\/sites\/5\/2019\/10\/Inauguracion-auditorio-IGSS-zona-5-03-534x356.jpg 534w, \/wp-content\/uploads\/sites\/5\/2019\/10\/Inauguracion-auditorio-IGSS-zona-5-03.jpg 1440w\" sizes=\"(max-width: 630px) 100vw, 630px\" alt=\"\">\r\n                            <\/a>\r\n                            \r\n                        <\/figure>\r\n                    <\/div>\r\n                    <div class = \"td-slide-item td-item9\">\r\n                        <figure class=\"td-slide-galery-figure td-slide-popup-gallery\">\r\n                            <a class=\"slide-gallery-image-link\" href=\"\/wp-content\/uploads\/sites\/5\/2019\/10\/Inauguracion-auditorio-IGSS-zona-5-02.jpg\" title=\"Inauguracion-auditorio-IGSS-zona-5-02\"  data-caption=\"\"  data-description=\"\">\r\n                                <img decoding=\"async\" src=\"\/wp-content\/uploads\/sites\/5\/2019\/10\/Inauguracion-auditorio-IGSS-zona-5-02-630x420.jpg\" srcset=\"\/wp-content\/uploads\/sites\/5\/2019\/10\/Inauguracion-auditorio-IGSS-zona-5-02-630x420.jpg 630w, \/wp-content\/uploads\/sites\/5\/2019\/10\/Inauguracion-auditorio-IGSS-zona-5-02-300x200.jpg 300w, \/wp-content\/uploads\/sites\/5\/2019\/10\/Inauguracion-auditorio-IGSS-zona-5-02-768x512.jpg 768w, \/wp-content\/uploads\/sites\/5\/2019\/10\/Inauguracion-auditorio-IGSS-zona-5-02-1024x683.jpg 1024w, \/wp-content\/uploads\/sites\/5\/2019\/10\/Inauguracion-auditorio-IGSS-zona-5-02-696x464.jpg 696w, \/wp-content\/uploads\/sites\/5\/2019\/10\/Inauguracion-auditorio-IGSS-zona-5-02-1068x712.jpg 1068w, \/wp-content\/uploads\/sites\/5\/2019\/10\/Inauguracion-auditorio-IGSS-zona-5-02-534x356.jpg 534w, \/wp-content\/uploads\/sites\/5\/2019\/10\/Inauguracion-auditorio-IGSS-zona-5-02.jpg 1440w\" sizes=\"(max-width: 630px) 100vw, 630px\" alt=\"\">\r\n                            <\/a>\r\n                            \r\n                        <\/figure>\r\n                    <\/div>\r\n                    <div class = \"td-slide-item td-item10\">\r\n                        <figure class=\"td-slide-galery-figure td-slide-popup-gallery\">\r\n                            <a class=\"slide-gallery-image-link\" href=\"\/wp-content\/uploads\/sites\/5\/2019\/10\/Inauguracion-auditorio-IGSS-zona-5-01.jpg\" title=\"Inauguracion-auditorio-IGSS-zona-5-01\"  data-caption=\"\"  data-description=\"\">\r\n                                <img decoding=\"async\" src=\"\/wp-content\/uploads\/sites\/5\/2019\/10\/Inauguracion-auditorio-IGSS-zona-5-01-630x420.jpg\" srcset=\"\/wp-content\/uploads\/sites\/5\/2019\/10\/Inauguracion-auditorio-IGSS-zona-5-01-630x420.jpg 630w, \/wp-content\/uploads\/sites\/5\/2019\/10\/Inauguracion-auditorio-IGSS-zona-5-01-300x200.jpg 300w, \/wp-content\/uploads\/sites\/5\/2019\/10\/Inauguracion-auditorio-IGSS-zona-5-01-768x512.jpg 768w, \/wp-content\/uploads\/sites\/5\/2019\/10\/Inauguracion-auditorio-IGSS-zona-5-01-1024x683.jpg 1024w, \/wp-content\/uploads\/sites\/5\/2019\/10\/Inauguracion-auditorio-IGSS-zona-5-01-696x464.jpg 696w, \/wp-content\/uploads\/sites\/5\/2019\/10\/Inauguracion-auditorio-IGSS-zona-5-01-1068x712.jpg 1068w, \/wp-content\/uploads\/sites\/5\/2019\/10\/Inauguracion-auditorio-IGSS-zona-5-01-534x356.jpg 534w, \/wp-content\/uploads\/sites\/5\/2019\/10\/Inauguracion-auditorio-IGSS-zona-5-01.jpg 1440w\" sizes=\"(max-width: 630px) 100vw, 630px\" alt=\"\">\r\n                            <\/a>\r\n                            \r\n                        <\/figure>\r\n                    <\/div>\r\n                            <\/div>\r\n                        <\/div>\r\n\r\n                        <div class = \"td-doubleSlider-2\">\r\n                            <div class = \"td-slider\">\r\n                                \r\n                    <div class = \"td-button td-item1\">\r\n                        <div class = \"td-border\"><\/div>\r\n                    <\/div>\r\n                    <div class = \"td-button td-item2\">\r\n                        <div class = \"td-border\"><\/div>\r\n                    <\/div>\r\n                    <div class = \"td-button td-item3\">\r\n                        <div class = \"td-border\"><\/div>\r\n                    <\/div>\r\n                    <div class = \"td-button td-item4\">\r\n                        <div class = \"td-border\"><\/div>\r\n                    <\/div>\r\n                    <div class = \"td-button td-item5\">\r\n                        <div class = \"td-border\"><\/div>\r\n                    <\/div>\r\n                    <div class = \"td-button td-item6\">\r\n                        <div class = \"td-border\"><\/div>\r\n                    <\/div>\r\n                    <div class = \"td-button td-item7\">\r\n                        <div class = \"td-border\"><\/div>\r\n                    <\/div>\r\n                    <div class = \"td-button td-item8\">\r\n                        <div class = \"td-border\"><\/div>\r\n                    <\/div>\r\n                    <div class = \"td-button td-item9\">\r\n                        <div class = \"td-border\"><\/div>\r\n                    <\/div>\r\n                    <div class = \"td-button td-item10\">\r\n                        <div class = \"td-border\"><\/div>\r\n                    <\/div>\r\n                            <\/div>\r\n                        <\/div>\r\n\r\n                    <\/div>\r\n\r\n                <\/div>\r\n                \n","protected":false},"excerpt":{"rendered":"<p>Autoridades del Instituto Guatemalteco de Seguridad Social (IGSS), y de la Unidad Perif\u00e9rica de la zona 5, inauguraron hoy la remodelaci\u00f3n del auditorio en dicho lugar, cuyas instalaciones son utilizadas para impartir cursos de capacitaci\u00f3n y terapias psicol\u00f3gicas grupales a pacientes de los diferentes servicios, indica la Licda. Enma Hern\u00e1ndez, administradora de dicha unidad. CADA [&hellip;]<\/p>\n","protected":false},"author":9,"featured_media":11259,"comment_status":"open","ping_status":"open","sticky":false,"template":"","format":"standard","meta":{"footnotes":""},"categories":[3,15,36],"tags":[302,490,592,837],"coauthors":[888],"class_list":{"0":"post-11258","1":"post","2":"type-post","3":"status-publish","4":"format-standard","5":"has-post-thumbnail","7":"category-actualidad","8":"category-destacado","9":"category-unidades-medicas","10":"tag-dr-jose-napoleon-castillo","11":"tag-igss","12":"tag-licda-enma-hernandez","13":"tag-unidad-periferica-zona-5"},"_links":{"self":[{"href":"https:\/\/www.igssgt.org\/noticias\/wp-json\/wp\/v2\/posts\/11258","targetHints":{"allow":["GET"]}}],"collection":[{"href":"https:\/\/www.igssgt.org\/noticias\/wp-json\/wp\/v2\/posts"}],"about":[{"href":"https:\/\/www.igssgt.org\/noticias\/wp-json\/wp\/v2\/types\/post"}],"author":[{"embeddable":true,"href":"https:\/\/www.igssgt.org\/noticias\/wp-json\/wp\/v2\/users\/9"}],"replies":[{"embeddable":true,"href":"https:\/\/www.igssgt.org\/noticias\/wp-json\/wp\/v2\/comments?post=11258"}],"version-history":[{"count":2,"href":"https:\/\/www.igssgt.org\/noticias\/wp-json\/wp\/v2\/posts\/11258\/revisions"}],"predecessor-version":[{"id":14248,"href":"https:\/\/www.igssgt.org\/noticias\/wp-json\/wp\/v2\/posts\/11258\/revisions\/14248"}],"wp:featuredmedia":[{"embeddable":true,"href":"https:\/\/www.igssgt.org\/noticias\/wp-json\/wp\/v2\/media\/11259"}],"wp:attachment":[{"href":"https:\/\/www.igssgt.org\/noticias\/wp-json\/wp\/v2\/media?parent=11258"}],"wp:term":[{"taxonomy":"category","embeddable":true,"href":"https:\/\/www.igssgt.org\/noticias\/wp-json\/wp\/v2\/categories?post=11258"},{"taxonomy":"post_tag","embeddable":true,"href":"https:\/\/www.igssgt.org\/noticias\/wp-json\/wp\/v2\/tags?post=11258"},{"taxonomy":"author","embeddable":true,"href":"https:\/\/www.igssgt.org\/noticias\/wp-json\/wp\/v2\/coauthors?post=11258"}],"curies":[{"name":"wp","href":"https:\/\/api.w.org\/{rel}","templated":true}]}}