{"id":11285,"date":"2016-11-20T12:13:00","date_gmt":"2016-11-20T18:13:00","guid":{"rendered":"https:\/\/www.igssgt.org\/noticias\/?p=11285"},"modified":"2019-11-05T15:31:00","modified_gmt":"2019-11-05T21:31:00","slug":"aumenta-cifra-de-derechohabientes-atendidos-en-el-igss-por-accidentes-de-transito","status":"publish","type":"post","link":"https:\/\/www.igssgt.org\/noticias\/2016\/11\/20\/aumenta-cifra-de-derechohabientes-atendidos-en-el-igss-por-accidentes-de-transito\/","title":{"rendered":"Aumenta cifra de derechohabientes atendidos en el IGSS por accidentes de tr\u00e1nsito"},"content":{"rendered":"\n<figure class=\"wp-block-image\"><img loading=\"lazy\" decoding=\"async\" width=\"1024\" height=\"677\" src=\"\/wp-content\/uploads\/sites\/5\/2019\/10\/Accidentes-de-transito-igss-guatemala-09-1-1024x677.jpeg\" alt=\"\" class=\"wp-image-11296\" srcset=\"\/wp-content\/uploads\/sites\/5\/2019\/10\/Accidentes-de-transito-igss-guatemala-09-1-1024x677.jpeg 1024w, \/wp-content\/uploads\/sites\/5\/2019\/10\/Accidentes-de-transito-igss-guatemala-09-1-300x198.jpeg 300w, \/wp-content\/uploads\/sites\/5\/2019\/10\/Accidentes-de-transito-igss-guatemala-09-1-768x508.jpeg 768w, \/wp-content\/uploads\/sites\/5\/2019\/10\/Accidentes-de-transito-igss-guatemala-09-1-635x420.jpeg 635w, \/wp-content\/uploads\/sites\/5\/2019\/10\/Accidentes-de-transito-igss-guatemala-09-1-696x460.jpeg 696w, \/wp-content\/uploads\/sites\/5\/2019\/10\/Accidentes-de-transito-igss-guatemala-09-1-1068x706.jpeg 1068w, \/wp-content\/uploads\/sites\/5\/2019\/10\/Accidentes-de-transito-igss-guatemala-09-1-534x353.jpeg 534w, \/wp-content\/uploads\/sites\/5\/2019\/10\/Accidentes-de-transito-igss-guatemala-09-1.jpeg 1280w\" sizes=\"auto, (max-width: 1024px) 100vw, 1024px\" \/><\/figure>\n\n\n\n<p>El Hospital General de Accidentes \u201cCeibal\u201d (7\/19) del Instituto Guatemalteco de Seguridad Social \u2013IGSS- increment\u00f3 la atenci\u00f3n a v\u00edctimas de accidentes de tr\u00e1nsito en los \u00faltimos cinco a\u00f1os, de acuerdo con el doctor Ricardo Godoy, Jefe de Emergencias, qui\u00e9n explic\u00f3 que en 2011 atend\u00edan a unas 2,000 personas mensualmente. Sin embargo, ahora la sala de emergencia recibe 7,600 en el mismo per\u00edodo.<\/p>\n\n\n\n<p>Entre los m\u00e1s afectados, est\u00e1n los derechohabientes que transitan en veh\u00edculos de dos ruedas. El doctor Ricardo Godoy, enumera que hay un 70% de pacientes que sufren accidente en motocicleta, la mayor\u00eda de esos casos tienen da\u00f1os en las extremidades superiores, inferiores y cerebrales.<\/p>\n\n\n\n<figure class=\"wp-block-image\"><img loading=\"lazy\" decoding=\"async\" width=\"1024\" height=\"682\" src=\"\/wp-content\/uploads\/sites\/5\/2019\/10\/Accidentes-de-transito-igss-guatemala-04-1024x682.jpeg\" alt=\"\" class=\"wp-image-11294\" srcset=\"\/wp-content\/uploads\/sites\/5\/2019\/10\/Accidentes-de-transito-igss-guatemala-04-1024x682.jpeg 1024w, \/wp-content\/uploads\/sites\/5\/2019\/10\/Accidentes-de-transito-igss-guatemala-04-300x200.jpeg 300w, \/wp-content\/uploads\/sites\/5\/2019\/10\/Accidentes-de-transito-igss-guatemala-04-768x512.jpeg 768w, \/wp-content\/uploads\/sites\/5\/2019\/10\/Accidentes-de-transito-igss-guatemala-04-630x420.jpeg 630w, \/wp-content\/uploads\/sites\/5\/2019\/10\/Accidentes-de-transito-igss-guatemala-04-696x464.jpeg 696w, \/wp-content\/uploads\/sites\/5\/2019\/10\/Accidentes-de-transito-igss-guatemala-04-1068x712.jpeg 1068w, \/wp-content\/uploads\/sites\/5\/2019\/10\/Accidentes-de-transito-igss-guatemala-04-534x356.jpeg 534w, \/wp-content\/uploads\/sites\/5\/2019\/10\/Accidentes-de-transito-igss-guatemala-04.jpeg 1280w\" sizes=\"auto, (max-width: 1024px) 100vw, 1024px\" \/><\/figure>\n\n\n\n<p>Por lo que las autoridades del IGSS, en el D\u00eda Mundial de Conmemoraci\u00f3n de las V\u00edctimas del Tr\u00e1nsito, a los conductores recomiendan tomar en cuenta las siguientes medidas preventivas para evitar alg\u00fan percance:<\/p>\n\n\n\n<ul class=\"wp-block-list\"><li>Respetar las velocidades m\u00e1ximas y se\u00f1ales de tr\u00e1nsito.<\/li><li>No manejar en estado de ebriedad.<\/li><li>En caso de conducir motocicleta, utilizar siempre casco, para el piloto y el otro pasajero.<\/li><li>No sobre cargar el veh\u00edculo de dos ruedas con tres personas.<\/li><li>No usar el tel\u00e9fono celular mientras maneja.<\/li><li>Usar cintur\u00f3n de seguridad.<\/li><li>Chequear siempre el l\u00edquido de frenos, aceite, agua y llantas del autom\u00f3vil.<\/li><\/ul>\n\n\n\n\r\n                <style type=\"text\/css\">\r\n                    \r\n                    #tdi_1  .td-doubleSlider-2 .td-item1 {\r\n                        background: url(\/wp-content\/uploads\/sites\/5\/2019\/10\/Accidentes-de-transito-igss-guatemala-09-1-80x60.jpeg) 0 0 no-repeat;\r\n                    }\r\n                    #tdi_1  .td-doubleSlider-2 .td-item2 {\r\n                        background: url(\/wp-content\/uploads\/sites\/5\/2019\/10\/Accidentes-de-transito-igss-guatemala-10-80x60.jpeg) 0 0 no-repeat;\r\n                    }\r\n                    #tdi_1  .td-doubleSlider-2 .td-item3 {\r\n                        background: url(\/wp-content\/uploads\/sites\/5\/2019\/10\/Accidentes-de-transito-igss-guatemala-04-80x60.jpeg) 0 0 no-repeat;\r\n                    }\r\n                    #tdi_1  .td-doubleSlider-2 .td-item4 {\r\n                        background: url(\/wp-content\/uploads\/sites\/5\/2019\/10\/Accidentes-de-transito-igss-guatemala-01-1-80x60.jpeg) 0 0 no-repeat;\r\n                    }\r\n                    #tdi_1  .td-doubleSlider-2 .td-item5 {\r\n                        background: url(\/wp-content\/uploads\/sites\/5\/2019\/10\/Accidentes-de-transito-igss-guatemala-09-696x460-1-80x60.jpeg) 0 0 no-repeat;\r\n                    }\r\n                    #tdi_1  .td-doubleSlider-2 .td-item6 {\r\n                        background: url(\/wp-content\/uploads\/sites\/5\/2019\/10\/Accidentes-de-transito-igss-guatemala-06-80x60.jpeg) 0 0 no-repeat;\r\n                    }\r\n                    #tdi_1  .td-doubleSlider-2 .td-item7 {\r\n                        background: url(\/wp-content\/uploads\/sites\/5\/2019\/10\/Accidentes-de-transito-igss-guatemala-07-80x60.jpeg) 0 0 no-repeat;\r\n                    }\r\n                    #tdi_1  .td-doubleSlider-2 .td-item8 {\r\n                        background: url(\/wp-content\/uploads\/sites\/5\/2019\/10\/Accidentes-de-transito-igss-guatemala-08-80x60.jpeg) 0 0 no-repeat;\r\n                    }\r\n                    #tdi_1  .td-doubleSlider-2 .td-item9 {\r\n                        background: url(\/wp-content\/uploads\/sites\/5\/2019\/10\/Accidentes-de-transito-igss-guatemala-03-80x60.jpeg) 0 0 no-repeat;\r\n                    }\r\n                    #tdi_1  .td-doubleSlider-2 .td-item10 {\r\n                        background: url(\/wp-content\/uploads\/sites\/5\/2019\/10\/Accidentes-de-transito-igss-guatemala-04-696x464-80x60.jpeg) 0 0 no-repeat;\r\n                    }\r\n                    #tdi_1  .td-doubleSlider-2 .td-item11 {\r\n                        background: url(\/wp-content\/uploads\/sites\/5\/2019\/10\/Accidentes-de-transito-igss-guatemala-09-80x60.jpeg) 0 0 no-repeat;\r\n                    }\r\n                <\/style>\r\n\r\n                <div id=\"tdi_1\" class=\"td-gallery td-slide-on-2-columns\">\r\n                    <div class=\"post_td_gallery\">\r\n                        <div class=\"td-gallery-slide-top\">\r\n                           <div class=\"td-gallery-title\"><\/div>\r\n\r\n                            <div class=\"td-gallery-controls-wrapper\">\r\n                                <div class=\"td-gallery-slide-count\"><span class=\"td-gallery-slide-item-focus\">1<\/span> de 11<\/div>\r\n                                <div class=\"td-gallery-slide-prev-next-but\">\r\n                                    <i class = \"td-icon-left doubleSliderPrevButton\"><\/i>\r\n                                    <i class = \"td-icon-right doubleSliderNextButton\"><\/i>\r\n                                <\/div>\r\n                            <\/div>\r\n                        <\/div>\r\n\r\n                        <div class = \"td-doubleSlider-1 \">\r\n                            <div class = \"td-slider\">\r\n                                \r\n                    <div class = \"td-slide-item td-item1\">\r\n                        <figure class=\"td-slide-galery-figure td-slide-popup-gallery\">\r\n                            <a class=\"slide-gallery-image-link\" href=\"\/wp-content\/uploads\/sites\/5\/2019\/10\/Accidentes-de-transito-igss-guatemala-09-1.jpeg\" title=\"Accidentes-de-transito-igss-guatemala-09-1\"  data-caption=\"\"  data-description=\"\">\r\n                                <img decoding=\"async\" src=\"\/wp-content\/uploads\/sites\/5\/2019\/10\/Accidentes-de-transito-igss-guatemala-09-1-635x420.jpeg\" srcset=\"\/wp-content\/uploads\/sites\/5\/2019\/10\/Accidentes-de-transito-igss-guatemala-09-1-635x420.jpeg 635w, \/wp-content\/uploads\/sites\/5\/2019\/10\/Accidentes-de-transito-igss-guatemala-09-1-300x198.jpeg 300w, \/wp-content\/uploads\/sites\/5\/2019\/10\/Accidentes-de-transito-igss-guatemala-09-1-768x508.jpeg 768w, \/wp-content\/uploads\/sites\/5\/2019\/10\/Accidentes-de-transito-igss-guatemala-09-1-1024x677.jpeg 1024w, \/wp-content\/uploads\/sites\/5\/2019\/10\/Accidentes-de-transito-igss-guatemala-09-1-696x460.jpeg 696w, \/wp-content\/uploads\/sites\/5\/2019\/10\/Accidentes-de-transito-igss-guatemala-09-1-1068x706.jpeg 1068w, \/wp-content\/uploads\/sites\/5\/2019\/10\/Accidentes-de-transito-igss-guatemala-09-1-534x353.jpeg 534w, \/wp-content\/uploads\/sites\/5\/2019\/10\/Accidentes-de-transito-igss-guatemala-09-1.jpeg 1280w\" sizes=\"(max-width: 635px) 100vw, 635px\" alt=\"\">\r\n                            <\/a>\r\n                            \r\n                        <\/figure>\r\n                    <\/div>\r\n                    <div class = \"td-slide-item td-item2\">\r\n                        <figure class=\"td-slide-galery-figure td-slide-popup-gallery\">\r\n                            <a class=\"slide-gallery-image-link\" href=\"\/wp-content\/uploads\/sites\/5\/2019\/10\/Accidentes-de-transito-igss-guatemala-10.jpeg\" title=\"Accidentes-de-transito-igss-guatemala-10\"  data-caption=\"\"  data-description=\"\">\r\n                                <img decoding=\"async\" src=\"\/wp-content\/uploads\/sites\/5\/2019\/10\/Accidentes-de-transito-igss-guatemala-10-630x420.jpeg\" srcset=\"\/wp-content\/uploads\/sites\/5\/2019\/10\/Accidentes-de-transito-igss-guatemala-10-630x420.jpeg 630w, \/wp-content\/uploads\/sites\/5\/2019\/10\/Accidentes-de-transito-igss-guatemala-10-300x200.jpeg 300w, \/wp-content\/uploads\/sites\/5\/2019\/10\/Accidentes-de-transito-igss-guatemala-10-768x512.jpeg 768w, \/wp-content\/uploads\/sites\/5\/2019\/10\/Accidentes-de-transito-igss-guatemala-10-1024x682.jpeg 1024w, \/wp-content\/uploads\/sites\/5\/2019\/10\/Accidentes-de-transito-igss-guatemala-10-696x464.jpeg 696w, \/wp-content\/uploads\/sites\/5\/2019\/10\/Accidentes-de-transito-igss-guatemala-10-1068x712.jpeg 1068w, \/wp-content\/uploads\/sites\/5\/2019\/10\/Accidentes-de-transito-igss-guatemala-10-534x356.jpeg 534w, \/wp-content\/uploads\/sites\/5\/2019\/10\/Accidentes-de-transito-igss-guatemala-10.jpeg 1280w\" sizes=\"(max-width: 630px) 100vw, 630px\" alt=\"\">\r\n                            <\/a>\r\n                            \r\n                        <\/figure>\r\n                    <\/div>\r\n                    <div class = \"td-slide-item td-item3\">\r\n                        <figure class=\"td-slide-galery-figure td-slide-popup-gallery\">\r\n                            <a class=\"slide-gallery-image-link\" href=\"\/wp-content\/uploads\/sites\/5\/2019\/10\/Accidentes-de-transito-igss-guatemala-04.jpeg\" title=\"Accidentes-de-transito-igss-guatemala-04\"  data-caption=\"\"  data-description=\"\">\r\n                                <img decoding=\"async\" src=\"\/wp-content\/uploads\/sites\/5\/2019\/10\/Accidentes-de-transito-igss-guatemala-04-630x420.jpeg\" srcset=\"\/wp-content\/uploads\/sites\/5\/2019\/10\/Accidentes-de-transito-igss-guatemala-04-630x420.jpeg 630w, \/wp-content\/uploads\/sites\/5\/2019\/10\/Accidentes-de-transito-igss-guatemala-04-300x200.jpeg 300w, \/wp-content\/uploads\/sites\/5\/2019\/10\/Accidentes-de-transito-igss-guatemala-04-768x512.jpeg 768w, \/wp-content\/uploads\/sites\/5\/2019\/10\/Accidentes-de-transito-igss-guatemala-04-1024x682.jpeg 1024w, \/wp-content\/uploads\/sites\/5\/2019\/10\/Accidentes-de-transito-igss-guatemala-04-696x464.jpeg 696w, \/wp-content\/uploads\/sites\/5\/2019\/10\/Accidentes-de-transito-igss-guatemala-04-1068x712.jpeg 1068w, \/wp-content\/uploads\/sites\/5\/2019\/10\/Accidentes-de-transito-igss-guatemala-04-534x356.jpeg 534w, \/wp-content\/uploads\/sites\/5\/2019\/10\/Accidentes-de-transito-igss-guatemala-04.jpeg 1280w\" sizes=\"(max-width: 630px) 100vw, 630px\" alt=\"\">\r\n                            <\/a>\r\n                            \r\n                        <\/figure>\r\n                    <\/div>\r\n                    <div class = \"td-slide-item td-item4\">\r\n                        <figure class=\"td-slide-galery-figure td-slide-popup-gallery\">\r\n                            <a class=\"slide-gallery-image-link\" href=\"\/wp-content\/uploads\/sites\/5\/2019\/10\/Accidentes-de-transito-igss-guatemala-01-1.jpeg\" title=\"Accidentes-de-transito-igss-guatemala-01 (1)\"  data-caption=\"\"  data-description=\"\">\r\n                                <img decoding=\"async\" src=\"\/wp-content\/uploads\/sites\/5\/2019\/10\/Accidentes-de-transito-igss-guatemala-01-1-599x420.jpeg\" srcset=\"\/wp-content\/uploads\/sites\/5\/2019\/10\/Accidentes-de-transito-igss-guatemala-01-1-599x420.jpeg 599w, \/wp-content\/uploads\/sites\/5\/2019\/10\/Accidentes-de-transito-igss-guatemala-01-1-300x210.jpeg 300w, \/wp-content\/uploads\/sites\/5\/2019\/10\/Accidentes-de-transito-igss-guatemala-01-1-768x538.jpeg 768w, \/wp-content\/uploads\/sites\/5\/2019\/10\/Accidentes-de-transito-igss-guatemala-01-1-1024x718.jpeg 1024w, \/wp-content\/uploads\/sites\/5\/2019\/10\/Accidentes-de-transito-igss-guatemala-01-1-696x488.jpeg 696w, \/wp-content\/uploads\/sites\/5\/2019\/10\/Accidentes-de-transito-igss-guatemala-01-1-1068x749.jpeg 1068w, \/wp-content\/uploads\/sites\/5\/2019\/10\/Accidentes-de-transito-igss-guatemala-01-1-100x70.jpeg 100w, \/wp-content\/uploads\/sites\/5\/2019\/10\/Accidentes-de-transito-igss-guatemala-01-1-534x374.jpeg 534w, \/wp-content\/uploads\/sites\/5\/2019\/10\/Accidentes-de-transito-igss-guatemala-01-1.jpeg 1114w\" sizes=\"(max-width: 599px) 100vw, 599px\" alt=\"\">\r\n                            <\/a>\r\n                            \r\n                        <\/figure>\r\n                    <\/div>\r\n                    <div class = \"td-slide-item td-item5\">\r\n                        <figure class=\"td-slide-galery-figure td-slide-popup-gallery\">\r\n                            <a class=\"slide-gallery-image-link\" href=\"\/wp-content\/uploads\/sites\/5\/2019\/10\/Accidentes-de-transito-igss-guatemala-09-696x460-1.jpeg\" title=\"Accidentes-de-transito-igss-guatemala-09-696x460\"  data-caption=\"\"  data-description=\"\">\r\n                                <img decoding=\"async\" src=\"\/wp-content\/uploads\/sites\/5\/2019\/10\/Accidentes-de-transito-igss-guatemala-09-696x460-1-635x420.jpeg\" srcset=\"\/wp-content\/uploads\/sites\/5\/2019\/10\/Accidentes-de-transito-igss-guatemala-09-696x460-1-635x420.jpeg 635w, \/wp-content\/uploads\/sites\/5\/2019\/10\/Accidentes-de-transito-igss-guatemala-09-696x460-1-300x198.jpeg 300w, \/wp-content\/uploads\/sites\/5\/2019\/10\/Accidentes-de-transito-igss-guatemala-09-696x460-1.jpeg 696w, \/wp-content\/uploads\/sites\/5\/2019\/10\/Accidentes-de-transito-igss-guatemala-09-696x460-1-534x353.jpeg 534w\" sizes=\"(max-width: 635px) 100vw, 635px\" alt=\"\">\r\n                            <\/a>\r\n                            \r\n                        <\/figure>\r\n                    <\/div>\r\n                    <div class = \"td-slide-item td-item6\">\r\n                        <figure class=\"td-slide-galery-figure td-slide-popup-gallery\">\r\n                            <a class=\"slide-gallery-image-link\" href=\"\/wp-content\/uploads\/sites\/5\/2019\/10\/Accidentes-de-transito-igss-guatemala-06.jpeg\" title=\"Accidentes-de-transito-igss-guatemala-06\"  data-caption=\"\"  data-description=\"\">\r\n                                <img decoding=\"async\" src=\"\/wp-content\/uploads\/sites\/5\/2019\/10\/Accidentes-de-transito-igss-guatemala-06-630x420.jpeg\" srcset=\"\/wp-content\/uploads\/sites\/5\/2019\/10\/Accidentes-de-transito-igss-guatemala-06-630x420.jpeg 630w, \/wp-content\/uploads\/sites\/5\/2019\/10\/Accidentes-de-transito-igss-guatemala-06-300x200.jpeg 300w, \/wp-content\/uploads\/sites\/5\/2019\/10\/Accidentes-de-transito-igss-guatemala-06-768x512.jpeg 768w, \/wp-content\/uploads\/sites\/5\/2019\/10\/Accidentes-de-transito-igss-guatemala-06-1024x682.jpeg 1024w, \/wp-content\/uploads\/sites\/5\/2019\/10\/Accidentes-de-transito-igss-guatemala-06-696x464.jpeg 696w, \/wp-content\/uploads\/sites\/5\/2019\/10\/Accidentes-de-transito-igss-guatemala-06-1068x712.jpeg 1068w, \/wp-content\/uploads\/sites\/5\/2019\/10\/Accidentes-de-transito-igss-guatemala-06-534x356.jpeg 534w, \/wp-content\/uploads\/sites\/5\/2019\/10\/Accidentes-de-transito-igss-guatemala-06.jpeg 1280w\" sizes=\"(max-width: 630px) 100vw, 630px\" alt=\"\">\r\n                            <\/a>\r\n                            \r\n                        <\/figure>\r\n                    <\/div>\r\n                    <div class = \"td-slide-item td-item7\">\r\n                        <figure class=\"td-slide-galery-figure td-slide-popup-gallery\">\r\n                            <a class=\"slide-gallery-image-link\" href=\"\/wp-content\/uploads\/sites\/5\/2019\/10\/Accidentes-de-transito-igss-guatemala-07.jpeg\" title=\"Accidentes-de-transito-igss-guatemala-07\"  data-caption=\"\"  data-description=\"\">\r\n                                <img decoding=\"async\" src=\"\/wp-content\/uploads\/sites\/5\/2019\/10\/Accidentes-de-transito-igss-guatemala-07-630x420.jpeg\" srcset=\"\/wp-content\/uploads\/sites\/5\/2019\/10\/Accidentes-de-transito-igss-guatemala-07-630x420.jpeg 630w, \/wp-content\/uploads\/sites\/5\/2019\/10\/Accidentes-de-transito-igss-guatemala-07-300x200.jpeg 300w, \/wp-content\/uploads\/sites\/5\/2019\/10\/Accidentes-de-transito-igss-guatemala-07-768x512.jpeg 768w, \/wp-content\/uploads\/sites\/5\/2019\/10\/Accidentes-de-transito-igss-guatemala-07-1024x682.jpeg 1024w, \/wp-content\/uploads\/sites\/5\/2019\/10\/Accidentes-de-transito-igss-guatemala-07-696x464.jpeg 696w, \/wp-content\/uploads\/sites\/5\/2019\/10\/Accidentes-de-transito-igss-guatemala-07-1068x712.jpeg 1068w, \/wp-content\/uploads\/sites\/5\/2019\/10\/Accidentes-de-transito-igss-guatemala-07-534x356.jpeg 534w, \/wp-content\/uploads\/sites\/5\/2019\/10\/Accidentes-de-transito-igss-guatemala-07.jpeg 1280w\" sizes=\"(max-width: 630px) 100vw, 630px\" alt=\"\">\r\n                            <\/a>\r\n                            \r\n                        <\/figure>\r\n                    <\/div>\r\n                    <div class = \"td-slide-item td-item8\">\r\n                        <figure class=\"td-slide-galery-figure td-slide-popup-gallery\">\r\n                            <a class=\"slide-gallery-image-link\" href=\"\/wp-content\/uploads\/sites\/5\/2019\/10\/Accidentes-de-transito-igss-guatemala-08.jpeg\" title=\"Accidentes-de-transito-igss-guatemala-08\"  data-caption=\"\"  data-description=\"\">\r\n                                <img decoding=\"async\" src=\"\/wp-content\/uploads\/sites\/5\/2019\/10\/Accidentes-de-transito-igss-guatemala-08-630x420.jpeg\" srcset=\"\/wp-content\/uploads\/sites\/5\/2019\/10\/Accidentes-de-transito-igss-guatemala-08-630x420.jpeg 630w, \/wp-content\/uploads\/sites\/5\/2019\/10\/Accidentes-de-transito-igss-guatemala-08-300x200.jpeg 300w, \/wp-content\/uploads\/sites\/5\/2019\/10\/Accidentes-de-transito-igss-guatemala-08-768x512.jpeg 768w, \/wp-content\/uploads\/sites\/5\/2019\/10\/Accidentes-de-transito-igss-guatemala-08-1024x682.jpeg 1024w, \/wp-content\/uploads\/sites\/5\/2019\/10\/Accidentes-de-transito-igss-guatemala-08-696x464.jpeg 696w, \/wp-content\/uploads\/sites\/5\/2019\/10\/Accidentes-de-transito-igss-guatemala-08-1068x712.jpeg 1068w, \/wp-content\/uploads\/sites\/5\/2019\/10\/Accidentes-de-transito-igss-guatemala-08-534x356.jpeg 534w, \/wp-content\/uploads\/sites\/5\/2019\/10\/Accidentes-de-transito-igss-guatemala-08.jpeg 1280w\" sizes=\"(max-width: 630px) 100vw, 630px\" alt=\"\">\r\n                            <\/a>\r\n                            \r\n                        <\/figure>\r\n                    <\/div>\r\n                    <div class = \"td-slide-item td-item9\">\r\n                        <figure class=\"td-slide-galery-figure td-slide-popup-gallery\">\r\n                            <a class=\"slide-gallery-image-link\" href=\"\/wp-content\/uploads\/sites\/5\/2019\/10\/Accidentes-de-transito-igss-guatemala-03.jpeg\" title=\"Accidentes-de-transito-igss-guatemala-03\"  data-caption=\"\"  data-description=\"\">\r\n                                <img decoding=\"async\" src=\"\/wp-content\/uploads\/sites\/5\/2019\/10\/Accidentes-de-transito-igss-guatemala-03-630x420.jpeg\" srcset=\"\/wp-content\/uploads\/sites\/5\/2019\/10\/Accidentes-de-transito-igss-guatemala-03-630x420.jpeg 630w, \/wp-content\/uploads\/sites\/5\/2019\/10\/Accidentes-de-transito-igss-guatemala-03-300x200.jpeg 300w, \/wp-content\/uploads\/sites\/5\/2019\/10\/Accidentes-de-transito-igss-guatemala-03-768x512.jpeg 768w, \/wp-content\/uploads\/sites\/5\/2019\/10\/Accidentes-de-transito-igss-guatemala-03-1024x682.jpeg 1024w, \/wp-content\/uploads\/sites\/5\/2019\/10\/Accidentes-de-transito-igss-guatemala-03-696x464.jpeg 696w, \/wp-content\/uploads\/sites\/5\/2019\/10\/Accidentes-de-transito-igss-guatemala-03-1068x712.jpeg 1068w, \/wp-content\/uploads\/sites\/5\/2019\/10\/Accidentes-de-transito-igss-guatemala-03-534x356.jpeg 534w, \/wp-content\/uploads\/sites\/5\/2019\/10\/Accidentes-de-transito-igss-guatemala-03.jpeg 1280w\" sizes=\"(max-width: 630px) 100vw, 630px\" alt=\"\">\r\n                            <\/a>\r\n                            \r\n                        <\/figure>\r\n                    <\/div>\r\n                    <div class = \"td-slide-item td-item10\">\r\n                        <figure class=\"td-slide-galery-figure td-slide-popup-gallery\">\r\n                            <a class=\"slide-gallery-image-link\" href=\"\/wp-content\/uploads\/sites\/5\/2019\/10\/Accidentes-de-transito-igss-guatemala-04-696x464.jpeg\" title=\"Accidentes-de-transito-igss-guatemala-04-696x464\"  data-caption=\"\"  data-description=\"\">\r\n                                <img decoding=\"async\" src=\"\/wp-content\/uploads\/sites\/5\/2019\/10\/Accidentes-de-transito-igss-guatemala-04-696x464-630x420.jpeg\" srcset=\"\/wp-content\/uploads\/sites\/5\/2019\/10\/Accidentes-de-transito-igss-guatemala-04-696x464-630x420.jpeg 630w, \/wp-content\/uploads\/sites\/5\/2019\/10\/Accidentes-de-transito-igss-guatemala-04-696x464-300x200.jpeg 300w, \/wp-content\/uploads\/sites\/5\/2019\/10\/Accidentes-de-transito-igss-guatemala-04-696x464.jpeg 696w, \/wp-content\/uploads\/sites\/5\/2019\/10\/Accidentes-de-transito-igss-guatemala-04-696x464-534x356.jpeg 534w\" sizes=\"(max-width: 630px) 100vw, 630px\" alt=\"\">\r\n                            <\/a>\r\n                            \r\n                        <\/figure>\r\n                    <\/div>\r\n                    <div class = \"td-slide-item td-item11\">\r\n                        <figure class=\"td-slide-galery-figure td-slide-popup-gallery\">\r\n                            <a class=\"slide-gallery-image-link\" href=\"\/wp-content\/uploads\/sites\/5\/2019\/10\/Accidentes-de-transito-igss-guatemala-09.jpeg\" title=\"Accidentes-de-transito-igss-guatemala-09\"  data-caption=\"\"  data-description=\"\">\r\n                                <img decoding=\"async\" src=\"\/wp-content\/uploads\/sites\/5\/2019\/10\/Accidentes-de-transito-igss-guatemala-09-635x420.jpeg\" srcset=\"\/wp-content\/uploads\/sites\/5\/2019\/10\/Accidentes-de-transito-igss-guatemala-09-635x420.jpeg 635w, \/wp-content\/uploads\/sites\/5\/2019\/10\/Accidentes-de-transito-igss-guatemala-09-300x198.jpeg 300w, \/wp-content\/uploads\/sites\/5\/2019\/10\/Accidentes-de-transito-igss-guatemala-09-768x508.jpeg 768w, \/wp-content\/uploads\/sites\/5\/2019\/10\/Accidentes-de-transito-igss-guatemala-09-1024x677.jpeg 1024w, \/wp-content\/uploads\/sites\/5\/2019\/10\/Accidentes-de-transito-igss-guatemala-09-696x460.jpeg 696w, \/wp-content\/uploads\/sites\/5\/2019\/10\/Accidentes-de-transito-igss-guatemala-09-1068x706.jpeg 1068w, \/wp-content\/uploads\/sites\/5\/2019\/10\/Accidentes-de-transito-igss-guatemala-09-534x353.jpeg 534w, \/wp-content\/uploads\/sites\/5\/2019\/10\/Accidentes-de-transito-igss-guatemala-09.jpeg 1280w\" sizes=\"(max-width: 635px) 100vw, 635px\" alt=\"\">\r\n                            <\/a>\r\n                            \r\n                        <\/figure>\r\n                    <\/div>\r\n                            <\/div>\r\n                        <\/div>\r\n\r\n                        <div class = \"td-doubleSlider-2\">\r\n                            <div class = \"td-slider\">\r\n                                \r\n                    <div class = \"td-button td-item1\">\r\n                        <div class = \"td-border\"><\/div>\r\n                    <\/div>\r\n                    <div class = \"td-button td-item2\">\r\n                        <div class = \"td-border\"><\/div>\r\n                    <\/div>\r\n                    <div class = \"td-button td-item3\">\r\n                        <div class = \"td-border\"><\/div>\r\n                    <\/div>\r\n                    <div class = \"td-button td-item4\">\r\n                        <div class = \"td-border\"><\/div>\r\n                    <\/div>\r\n                    <div class = \"td-button td-item5\">\r\n                        <div class = \"td-border\"><\/div>\r\n                    <\/div>\r\n                    <div class = \"td-button td-item6\">\r\n                        <div class = \"td-border\"><\/div>\r\n                    <\/div>\r\n                    <div class = \"td-button td-item7\">\r\n                        <div class = \"td-border\"><\/div>\r\n                    <\/div>\r\n                    <div class = \"td-button td-item8\">\r\n                        <div class = \"td-border\"><\/div>\r\n                    <\/div>\r\n                    <div class = \"td-button td-item9\">\r\n                        <div class = \"td-border\"><\/div>\r\n                    <\/div>\r\n                    <div class = \"td-button td-item10\">\r\n                        <div class = \"td-border\"><\/div>\r\n                    <\/div>\r\n                    <div class = \"td-button td-item11\">\r\n                        <div class = \"td-border\"><\/div>\r\n                    <\/div>\r\n                            <\/div>\r\n                        <\/div>\r\n\r\n                    <\/div>\r\n\r\n                <\/div>\r\n                \n","protected":false},"excerpt":{"rendered":"<p>El Hospital General de Accidentes \u201cCeibal\u201d (7\/19) del Instituto Guatemalteco de Seguridad Social \u2013IGSS- increment\u00f3 la atenci\u00f3n a v\u00edctimas de accidentes de tr\u00e1nsito en los \u00faltimos cinco a\u00f1os, de acuerdo con el doctor Ricardo Godoy, Jefe de Emergencias, qui\u00e9n explic\u00f3 que en 2011 atend\u00edan a unas 2,000 personas mensualmente. Sin embargo, ahora la sala de [&hellip;]<\/p>\n","protected":false},"author":9,"featured_media":11293,"comment_status":"open","ping_status":"open","sticky":false,"template":"","format":"standard","meta":{"footnotes":""},"categories":[3,15,29],"tags":[78,331,480,490],"coauthors":[888],"class_list":{"0":"post-11285","1":"post","2":"type-post","3":"status-publish","4":"format-standard","5":"has-post-thumbnail","7":"category-actualidad","8":"category-destacado","9":"category-publicaciones","10":"tag-accidentes-de-transito","11":"tag-dr-ricardo-godoy","12":"tag-hospital-general-de-accidentes-ceibal","13":"tag-igss"},"_links":{"self":[{"href":"https:\/\/www.igssgt.org\/noticias\/wp-json\/wp\/v2\/posts\/11285","targetHints":{"allow":["GET"]}}],"collection":[{"href":"https:\/\/www.igssgt.org\/noticias\/wp-json\/wp\/v2\/posts"}],"about":[{"href":"https:\/\/www.igssgt.org\/noticias\/wp-json\/wp\/v2\/types\/post"}],"author":[{"embeddable":true,"href":"https:\/\/www.igssgt.org\/noticias\/wp-json\/wp\/v2\/users\/9"}],"replies":[{"embeddable":true,"href":"https:\/\/www.igssgt.org\/noticias\/wp-json\/wp\/v2\/comments?post=11285"}],"version-history":[{"count":2,"href":"https:\/\/www.igssgt.org\/noticias\/wp-json\/wp\/v2\/posts\/11285\/revisions"}],"predecessor-version":[{"id":14249,"href":"https:\/\/www.igssgt.org\/noticias\/wp-json\/wp\/v2\/posts\/11285\/revisions\/14249"}],"wp:featuredmedia":[{"embeddable":true,"href":"https:\/\/www.igssgt.org\/noticias\/wp-json\/wp\/v2\/media\/11293"}],"wp:attachment":[{"href":"https:\/\/www.igssgt.org\/noticias\/wp-json\/wp\/v2\/media?parent=11285"}],"wp:term":[{"taxonomy":"category","embeddable":true,"href":"https:\/\/www.igssgt.org\/noticias\/wp-json\/wp\/v2\/categories?post=11285"},{"taxonomy":"post_tag","embeddable":true,"href":"https:\/\/www.igssgt.org\/noticias\/wp-json\/wp\/v2\/tags?post=11285"},{"taxonomy":"author","embeddable":true,"href":"https:\/\/www.igssgt.org\/noticias\/wp-json\/wp\/v2\/coauthors?post=11285"}],"curies":[{"name":"wp","href":"https:\/\/api.w.org\/{rel}","templated":true}]}}