{"id":11327,"date":"2016-11-14T14:35:59","date_gmt":"2016-11-14T20:35:59","guid":{"rendered":"https:\/\/www.igssgt.org\/noticias\/?p=11327"},"modified":"2019-10-01T14:45:00","modified_gmt":"2019-10-01T20:45:00","slug":"14-de-noviembre-dia-mundial-de-la-diabetes","status":"publish","type":"post","link":"https:\/\/www.igssgt.org\/noticias\/2016\/11\/14\/14-de-noviembre-dia-mundial-de-la-diabetes\/","title":{"rendered":"14 de noviembre: D\u00eda Mundial de la Diabetes"},"content":{"rendered":"\n<p>\n\nSeg\u00fanla Organizaci\u00f3n Panamericana de la Salud y la Organizaci\u00f3n Mundial de la Salud&nbsp;8.5% de la poblaci\u00f3n adulta padece&nbsp;diabetes. El 14 de noviembre fue designado como D\u00eda Mundial de la Diabetes con el objetivo de concientizar a la poblaci\u00f3n sobre la gravedad de este mal.\n\n<\/p>\n\n\n\n<figure class=\"wp-block-image\"><img loading=\"lazy\" decoding=\"async\" width=\"819\" height=\"1024\" src=\"\/wp-content\/uploads\/sites\/5\/2019\/10\/Diabetes-igss-guatemala-03-819x1024.jpeg\" alt=\"\" class=\"wp-image-11328\" srcset=\"\/wp-content\/uploads\/sites\/5\/2019\/10\/Diabetes-igss-guatemala-03-819x1024.jpeg 819w, \/wp-content\/uploads\/sites\/5\/2019\/10\/Diabetes-igss-guatemala-03-240x300.jpeg 240w, \/wp-content\/uploads\/sites\/5\/2019\/10\/Diabetes-igss-guatemala-03-768x960.jpeg 768w, \/wp-content\/uploads\/sites\/5\/2019\/10\/Diabetes-igss-guatemala-03-336x420.jpeg 336w, \/wp-content\/uploads\/sites\/5\/2019\/10\/Diabetes-igss-guatemala-03-696x870.jpeg 696w, \/wp-content\/uploads\/sites\/5\/2019\/10\/Diabetes-igss-guatemala-03-370x462.jpeg 370w, \/wp-content\/uploads\/sites\/5\/2019\/10\/Diabetes-igss-guatemala-03.jpeg 1024w\" sizes=\"auto, (max-width: 819px) 100vw, 819px\" \/><\/figure>\n\n\n\n<p>Entre los factores de riesgo est\u00e1n la alimentaci\u00f3n no saludable, el sobrepeso, la falta de actividad f\u00edsica y el factor hereditario. Controlar los factores de riesgo pueden prevenirla o retrasar la diabetes.<\/p>\n\n\n\n<figure class=\"wp-block-image\"><img loading=\"lazy\" decoding=\"async\" width=\"819\" height=\"1024\" src=\"\/wp-content\/uploads\/sites\/5\/2019\/10\/Diabetes-igss-guatemala-02-819x1024.jpeg\" alt=\"\" class=\"wp-image-11329\" srcset=\"\/wp-content\/uploads\/sites\/5\/2019\/10\/Diabetes-igss-guatemala-02-819x1024.jpeg 819w, \/wp-content\/uploads\/sites\/5\/2019\/10\/Diabetes-igss-guatemala-02-240x300.jpeg 240w, \/wp-content\/uploads\/sites\/5\/2019\/10\/Diabetes-igss-guatemala-02-768x960.jpeg 768w, \/wp-content\/uploads\/sites\/5\/2019\/10\/Diabetes-igss-guatemala-02-336x420.jpeg 336w, \/wp-content\/uploads\/sites\/5\/2019\/10\/Diabetes-igss-guatemala-02-696x870.jpeg 696w, \/wp-content\/uploads\/sites\/5\/2019\/10\/Diabetes-igss-guatemala-02-370x462.jpeg 370w, \/wp-content\/uploads\/sites\/5\/2019\/10\/Diabetes-igss-guatemala-02.jpeg 1024w\" sizes=\"auto, (max-width: 819px) 100vw, 819px\" \/><\/figure>\n\n\n\n<p>\n\nLa&nbsp;prevenci\u00f3n&nbsp;es la mejor forma de evitar las&nbsp;graves consecuencias de la diabetes. Entre las complicaciones que provoca est\u00e1n: Accidente cardiovascular, ceguera, ataque card\u00edaco, insuficiencia renal y pie diab\u00e9tico. H\u00e1bitos de vida sanos contribuyen a prevenir la enfermedad, entre ellos tener una alimentaci\u00f3n sana, realizar ejercicio regular, evitar la obesidad, controlar de glucemia en caso de duda y seguir los consejos m\u00e9dicos.\n\n<\/p>\n","protected":false},"excerpt":{"rendered":"<p>Seg\u00fanla Organizaci\u00f3n Panamericana de la Salud y la Organizaci\u00f3n Mundial de la Salud&nbsp;8.5% de la poblaci\u00f3n adulta padece&nbsp;diabetes. El 14 de noviembre fue designado como D\u00eda Mundial de la Diabetes con el objetivo de concientizar a la poblaci\u00f3n sobre la gravedad de este mal. Entre los factores de riesgo est\u00e1n la alimentaci\u00f3n no saludable, el [&hellip;]<\/p>\n","protected":false},"author":9,"featured_media":11330,"comment_status":"open","ping_status":"open","sticky":false,"template":"","format":"standard","meta":{"footnotes":""},"categories":[3,15,27,31],"tags":[242,249,726],"coauthors":[888],"class_list":{"0":"post-11327","1":"post","2":"type-post","3":"status-publish","4":"format-standard","5":"has-post-thumbnail","7":"category-actualidad","8":"category-destacado","9":"category-prevencion-en-salud","10":"category-salud","11":"tag-dia-mundial-de-la-diabetes","12":"tag-diabetes","13":"tag-prevencion-en-salud"},"_links":{"self":[{"href":"https:\/\/www.igssgt.org\/noticias\/wp-json\/wp\/v2\/posts\/11327","targetHints":{"allow":["GET"]}}],"collection":[{"href":"https:\/\/www.igssgt.org\/noticias\/wp-json\/wp\/v2\/posts"}],"about":[{"href":"https:\/\/www.igssgt.org\/noticias\/wp-json\/wp\/v2\/types\/post"}],"author":[{"embeddable":true,"href":"https:\/\/www.igssgt.org\/noticias\/wp-json\/wp\/v2\/users\/9"}],"replies":[{"embeddable":true,"href":"https:\/\/www.igssgt.org\/noticias\/wp-json\/wp\/v2\/comments?post=11327"}],"version-history":[{"count":1,"href":"https:\/\/www.igssgt.org\/noticias\/wp-json\/wp\/v2\/posts\/11327\/revisions"}],"predecessor-version":[{"id":11331,"href":"https:\/\/www.igssgt.org\/noticias\/wp-json\/wp\/v2\/posts\/11327\/revisions\/11331"}],"wp:featuredmedia":[{"embeddable":true,"href":"https:\/\/www.igssgt.org\/noticias\/wp-json\/wp\/v2\/media\/11330"}],"wp:attachment":[{"href":"https:\/\/www.igssgt.org\/noticias\/wp-json\/wp\/v2\/media?parent=11327"}],"wp:term":[{"taxonomy":"category","embeddable":true,"href":"https:\/\/www.igssgt.org\/noticias\/wp-json\/wp\/v2\/categories?post=11327"},{"taxonomy":"post_tag","embeddable":true,"href":"https:\/\/www.igssgt.org\/noticias\/wp-json\/wp\/v2\/tags?post=11327"},{"taxonomy":"author","embeddable":true,"href":"https:\/\/www.igssgt.org\/noticias\/wp-json\/wp\/v2\/coauthors?post=11327"}],"curies":[{"name":"wp","href":"https:\/\/api.w.org\/{rel}","templated":true}]}}