{"id":11332,"date":"2016-11-08T14:49:26","date_gmt":"2016-11-08T20:49:26","guid":{"rendered":"https:\/\/www.igssgt.org\/noticias\/?p=11332"},"modified":"2020-02-03T11:31:56","modified_gmt":"2020-02-03T17:31:56","slug":"el-periodico-oit-recomienda-no-privatizar-las-pensiones","status":"publish","type":"post","link":"https:\/\/www.igssgt.org\/noticias\/2016\/11\/08\/el-periodico-oit-recomienda-no-privatizar-las-pensiones\/","title":{"rendered":"El Peri\u00f3dico: OIT recomienda no privatizar las pensiones"},"content":{"rendered":"\n<h3 class=\"wp-block-heading\"><strong>Uno de sus expertos explic\u00f3 que los pa\u00edses que actuaron en esa l\u00ednea est\u00e1n reformando sus iniciativas porque no lograron su objetivo.<\/strong><\/h3>\n\n\n\n<figure class=\"wp-block-image\"><img loading=\"lazy\" decoding=\"async\" width=\"696\" height=\"872\" src=\"\/wp-content\/uploads\/sites\/5\/2019\/10\/El-Periodico-Guatemala-OIT-recomienda-no-privatizar-las-pensiones-IGSS-696x872.jpg\" alt=\"\" class=\"wp-image-11334\" srcset=\"\/wp-content\/uploads\/sites\/5\/2019\/10\/El-Periodico-Guatemala-OIT-recomienda-no-privatizar-las-pensiones-IGSS-696x872.jpg 696w, \/wp-content\/uploads\/sites\/5\/2019\/10\/El-Periodico-Guatemala-OIT-recomienda-no-privatizar-las-pensiones-IGSS-696x872-239x300.jpg 239w, \/wp-content\/uploads\/sites\/5\/2019\/10\/El-Periodico-Guatemala-OIT-recomienda-no-privatizar-las-pensiones-IGSS-696x872-335x420.jpg 335w, \/wp-content\/uploads\/sites\/5\/2019\/10\/El-Periodico-Guatemala-OIT-recomienda-no-privatizar-las-pensiones-IGSS-696x872-369x462.jpg 369w\" sizes=\"auto, (max-width: 696px) 100vw, 696px\" \/><figcaption> <em>Publicaci\u00f3n de El Peri\u00f3dico, p\u00e1gina 12, de fecha 8 de noviembre de 2016: OIT recomienda no privatizar las pensiones.<\/em> <\/figcaption><\/figure>\n\n\n\n<p>En un momento donde ciertos sectores en Guatemala plantean la privatizaci\u00f3n de las pensiones a trav\u00e9s de un modelo de capitalizaci\u00f3n individual, los pa\u00edses que optaron por ese camino est\u00e1n revirtiendo esas reformas en sus sistemas de seguridad social.<\/p>\n\n\n\n<p>As\u00ed lo record\u00f3 el especialista en seguridad social de la Organizaci\u00f3n Mundial de Trabajo (OIT) Helmut Schwarzer, al atribuir esa tendencia a la falta de resultados favorables.<\/p>\n\n\n\n<blockquote class=\"wp-block-quote is-layout-flow wp-block-quote-is-layout-flow\"><p>Q30 MILLARDOS LE DEBE EL ESTADO EN SU PAPEL DE PATR\u00d3N AL IGSS.<\/p><\/blockquote>\n\n\n\n<p>En el caso de Guatemala, el experto recomend\u00f3 construir un modelo donde el sector privado complemente las pensiones y servicios que el Instituto Guatemalteco de Seguridad Social (IGSS) presta. La idea es que quien quiera m\u00e1s que el tope de lo que el sistema p\u00fablico ofrece, busque un ahorro complementario por medio del sistema financiero.<\/p>\n\n\n\n<p>En ese sentido, el presidente de la Junta Directiva del IGSS Carlos Contreras invit\u00f3 al sector privado a que participe con servicios que ser\u00e1 necesario externalizar. Afirm\u00f3 que \u201cla seguridad social no es privatizable. Lo que hay que mejorar son los controles y los procesos para que todo funcione como debe\u201d.<\/p>\n\n\n\n<figure class=\"wp-block-image\"><img loading=\"lazy\" decoding=\"async\" width=\"1024\" height=\"678\" src=\"\/wp-content\/uploads\/sites\/5\/2019\/10\/El-Periodico-Guatemala-Helmut-Schwarzer-OIT-IGSS-1024x678.jpg\" alt=\"\" class=\"wp-image-11333\" srcset=\"\/wp-content\/uploads\/sites\/5\/2019\/10\/El-Periodico-Guatemala-Helmut-Schwarzer-OIT-IGSS.jpg 1024w, \/wp-content\/uploads\/sites\/5\/2019\/10\/El-Periodico-Guatemala-Helmut-Schwarzer-OIT-IGSS-300x199.jpg 300w, \/wp-content\/uploads\/sites\/5\/2019\/10\/El-Periodico-Guatemala-Helmut-Schwarzer-OIT-IGSS-768x509.jpg 768w, \/wp-content\/uploads\/sites\/5\/2019\/10\/El-Periodico-Guatemala-Helmut-Schwarzer-OIT-IGSS-634x420.jpg 634w, \/wp-content\/uploads\/sites\/5\/2019\/10\/El-Periodico-Guatemala-Helmut-Schwarzer-OIT-IGSS-696x461.jpg 696w, \/wp-content\/uploads\/sites\/5\/2019\/10\/El-Periodico-Guatemala-Helmut-Schwarzer-OIT-IGSS-534x354.jpg 534w\" sizes=\"auto, (max-width: 1024px) 100vw, 1024px\" \/><figcaption> Los sistemas de pensiones fueron analizados en un foro con la participaci\u00f3n de expertos internacionales. Foto: Elias Rodriguez, El Peri\u00f3dico.<\/figcaption><\/figure>\n\n\n\n<p><strong>El modelo chileno<\/strong><\/p>\n\n\n\n<p>Uno de los sistemas que desde el principio se puso como referente para Guatemala fue el chileno, por sus supuesta alta rentabilidad para los contribuyentes. Pero la realidad es que desde julio el pa\u00eds sudamericano enfrenta fuertes protestas contra las Administradoras de Fondos de Pensiones.<\/p>\n\n\n\n<p>Gonzalo Cid Vega, jefe de la direcci\u00f3n de estudios del Ministerio de Trabajo de Chile, explic\u00f3 que han sido necesarios grandes aportes del Estado para complementar las bajas pensiones privadas que reciben los trabajadores. Y recomend\u00f3 a Guatemala que no trate de imponer esquemas de otros pa\u00edses .<\/p>\n\n\n\n<p>Adem\u00e1s, advirti\u00f3 que los sistemas de capitalizaci\u00f3n requieren estabilidad laboral durante muchos a\u00f1os, acompa\u00f1ado de altos niveles de ingreso para poder lograr fondos suficientes para un retiro digno. Los trabajadores chilenos aportan el diez por ciento de sus ingresos.<\/p>\n\n\n\n<p>Seg\u00fan sus cifras, el sistema privado entrega pensiones a 1.1 millones de personas. Adem\u00e1s de los 600 mil cotizantes del sistema antiguo. De ese total, casi 1.4 millones reciben subsidio. Desde 2010 hasta ahora, las rentabilidades promedio es del 3.7 por ciento y podr\u00eda bajar. Pero en ese mismo periodo la rentabilidad sobre patrimonio de las empresas administradoras de los fondos llega al 27 por ciento.<\/p>\n\n\n\n<p><strong>Ampliar los afiliados<\/strong><\/p>\n\n\n\n<p>Entre los planes para 2017, el IGSS quiere incorporar a los trabajadores de las empresas con menos de tres trabajadores, los profesionales y los peque\u00f1os contribuyentes. Podr\u00edan ser 800 mil nuevas altas.<\/p>\n\n\n\n<p>Fuente: El Peri\u00f3dico<\/p>\n\n\n\n<p>Enlace en internet: El Peri\u00f3dico<\/p>\n","protected":false},"excerpt":{"rendered":"<p>Uno de sus expertos explic\u00f3 que los pa\u00edses que actuaron en esa l\u00ednea est\u00e1n reformando sus iniciativas porque no lograron su objetivo. En un momento donde ciertos sectores en Guatemala plantean la privatizaci\u00f3n de las pensiones a trav\u00e9s de un modelo de capitalizaci\u00f3n individual, los pa\u00edses que optaron por ese camino est\u00e1n revirtiendo esas reformas [&hellip;]<\/p>\n","protected":false},"author":9,"featured_media":11333,"comment_status":"open","ping_status":"open","sticky":false,"template":"","format":"standard","meta":{"footnotes":""},"categories":[3,15,41,29],"tags":[163,396,455,466,490,641,674,679],"coauthors":[888],"class_list":{"0":"post-11332","1":"post","2":"type-post","3":"status-publish","4":"format-standard","5":"has-post-thumbnail","7":"category-actualidad","8":"category-destacado","9":"category-igss-en-los-medios","10":"category-publicaciones","11":"tag-carlos-contreras","12":"tag-el-periodico","13":"tag-gonzalo-cid-vega","14":"tag-helmut-schwarzer","15":"tag-igss","16":"tag-ministerio-de-trabajo-de-chile","17":"tag-oit","18":"tag-organizacion-internacional-del-trabajo"},"_links":{"self":[{"href":"https:\/\/www.igssgt.org\/noticias\/wp-json\/wp\/v2\/posts\/11332","targetHints":{"allow":["GET"]}}],"collection":[{"href":"https:\/\/www.igssgt.org\/noticias\/wp-json\/wp\/v2\/posts"}],"about":[{"href":"https:\/\/www.igssgt.org\/noticias\/wp-json\/wp\/v2\/types\/post"}],"author":[{"embeddable":true,"href":"https:\/\/www.igssgt.org\/noticias\/wp-json\/wp\/v2\/users\/9"}],"replies":[{"embeddable":true,"href":"https:\/\/www.igssgt.org\/noticias\/wp-json\/wp\/v2\/comments?post=11332"}],"version-history":[{"count":2,"href":"https:\/\/www.igssgt.org\/noticias\/wp-json\/wp\/v2\/posts\/11332\/revisions"}],"predecessor-version":[{"id":15872,"href":"https:\/\/www.igssgt.org\/noticias\/wp-json\/wp\/v2\/posts\/11332\/revisions\/15872"}],"wp:featuredmedia":[{"embeddable":true,"href":"https:\/\/www.igssgt.org\/noticias\/wp-json\/wp\/v2\/media\/11333"}],"wp:attachment":[{"href":"https:\/\/www.igssgt.org\/noticias\/wp-json\/wp\/v2\/media?parent=11332"}],"wp:term":[{"taxonomy":"category","embeddable":true,"href":"https:\/\/www.igssgt.org\/noticias\/wp-json\/wp\/v2\/categories?post=11332"},{"taxonomy":"post_tag","embeddable":true,"href":"https:\/\/www.igssgt.org\/noticias\/wp-json\/wp\/v2\/tags?post=11332"},{"taxonomy":"author","embeddable":true,"href":"https:\/\/www.igssgt.org\/noticias\/wp-json\/wp\/v2\/coauthors?post=11332"}],"curies":[{"name":"wp","href":"https:\/\/api.w.org\/{rel}","templated":true}]}}