{"id":11336,"date":"2016-11-08T14:58:05","date_gmt":"2016-11-08T20:58:05","guid":{"rendered":"https:\/\/www.igssgt.org\/noticias\/?p=11336"},"modified":"2019-10-01T15:06:28","modified_gmt":"2019-10-01T21:06:28","slug":"prensa-libre-igss-planifica-ampliar-cobertura","status":"publish","type":"post","link":"https:\/\/www.igssgt.org\/noticias\/2016\/11\/08\/prensa-libre-igss-planifica-ampliar-cobertura\/","title":{"rendered":"Prensa Libre: IGSS planifica ampliar cobertura"},"content":{"rendered":"\n<p><strong>Afiliaci\u00f3n de m\u00e1s guatemaltecos al Seguros Social es una estrategia encaminada a \u201creducir la demanda en la salud p\u00fablica\u201d, dice presidente de instituci\u00f3n.<\/strong><\/p>\n\n\n\n<figure class=\"wp-block-image\"><img loading=\"lazy\" decoding=\"async\" width=\"696\" height=\"834\" src=\"\/wp-content\/uploads\/sites\/5\/2019\/10\/Prensa-Libre-IGSS-planifica-ampliar-cobertura-Guatemala-2016-foro-latinoamericano-696x834.jpg\" alt=\"\" class=\"wp-image-11338\" srcset=\"\/wp-content\/uploads\/sites\/5\/2019\/10\/Prensa-Libre-IGSS-planifica-ampliar-cobertura-Guatemala-2016-foro-latinoamericano-696x834.jpg 696w, \/wp-content\/uploads\/sites\/5\/2019\/10\/Prensa-Libre-IGSS-planifica-ampliar-cobertura-Guatemala-2016-foro-latinoamericano-696x834-250x300.jpg 250w, \/wp-content\/uploads\/sites\/5\/2019\/10\/Prensa-Libre-IGSS-planifica-ampliar-cobertura-Guatemala-2016-foro-latinoamericano-696x834-351x420.jpg 351w, \/wp-content\/uploads\/sites\/5\/2019\/10\/Prensa-Libre-IGSS-planifica-ampliar-cobertura-Guatemala-2016-foro-latinoamericano-696x834-386x462.jpg 386w\" sizes=\"auto, (max-width: 696px) 100vw, 696px\" \/><figcaption> Publicaci\u00f3n de Prensa Libre, p\u00e1gina 23, de fecha 8 de noviembre de 2016.<\/figcaption><\/figure>\n\n\n\n<p><em>&nbsp;Por Sandra VI<\/em><\/p>\n\n\n\n<p>La junta directiva del Instituto Guatemalteco de Seguridad Social (IGSS) planifica la incorporaci\u00f3n de tres sectores al seguro social: peque\u00f1os contribuyentes, profesionales y empresas con menos de tres trabajadores, se inform\u00f3 ayer.<\/p>\n\n\n\n<p>Carlos Contreras, presidente de la Junta Directiva del IGSS, se\u00f1al\u00f3 que el art\u00edculo 27 de la Ley Org\u00e1nica de la instituci\u00f3n dice que \u201ctodos aquellos que participan de la producci\u00f3n de bienes y servicios deben de cotizar y pertenecer al r\u00e9gimen de seguridad social\u201d.<\/p>\n\n\n\n<p>A\u00f1adi\u00f3 que el proyecto ya est\u00e1 evaluado, pero que debe ser analizado por un equipo de expertos.<\/p>\n\n\n\n<p>\u201cEl estudio lo hacen expertos para ver hasta d\u00f3nde podemos llegar y en qu\u00e9 condiciones\u201d, indic\u00f3 el funcionario en el marco del I Foro Latinoamericano \u201cLa actualidad de la seguridad social y sus perspectivas\u201d.<\/p>\n\n\n\n<blockquote class=\"wp-block-quote is-layout-flow wp-block-quote-is-layout-flow\"><p>EN EL 2015 COTIZARON 1 MILL\u00d3N 267 MIL 429 TRABAJADORES.<\/p><\/blockquote>\n\n\n\n<p>En opini\u00f3n de Contreras, la ampliaci\u00f3n de servicios permitir\u00eda reducir la demanda por mayor salud p\u00fablica.<\/p>\n\n\n\n<p>Agreg\u00f3 el funcionario que para lograr esto tambi\u00e9n ser\u00e1 necesario fortalecer el recurso humano, construcci\u00f3n de nuevos hospitales, aumentar servicios contratados y que los egresos sean de acuerdo a los ingresos del instituto. Contreras refiri\u00f3 que en el 2017 se comenzar\u00e1 con la construcci\u00f3n de siete hospitales, para lo cual se dispone de Q1 mil millones.<\/p>\n\n\n\n<p>Fuente: Prensa Libre<\/p>\n\n\n\n<p>Enlace en internet:&nbsp;<a href=\"http:\/\/www.prensalibre.com\/\">www.prensalibre.com<\/a><\/p>\n","protected":false},"excerpt":{"rendered":"<p>Afiliaci\u00f3n de m\u00e1s guatemaltecos al Seguros Social es una estrategia encaminada a \u201creducir la demanda en la salud p\u00fablica\u201d, dice presidente de instituci\u00f3n. &nbsp;Por Sandra VI La junta directiva del Instituto Guatemalteco de Seguridad Social (IGSS) planifica la incorporaci\u00f3n de tres sectores al seguro social: peque\u00f1os contribuyentes, profesionales y empresas con menos de tres trabajadores, [&hellip;]<\/p>\n","protected":false},"author":9,"featured_media":11337,"comment_status":"open","ping_status":"open","sticky":false,"template":"","format":"standard","meta":{"footnotes":""},"categories":[3,15,41,21,29],"tags":[163,717,772,777],"coauthors":[888],"class_list":{"0":"post-11336","1":"post","2":"type-post","3":"status-publish","4":"format-standard","5":"has-post-thumbnail","7":"category-actualidad","8":"category-destacado","9":"category-igss-en-los-medios","10":"category-junta-directiva-igss","11":"category-publicaciones","12":"tag-carlos-contreras","13":"tag-prensa-libre","14":"tag-sandra-vi","15":"tag-seguridad-social"},"_links":{"self":[{"href":"https:\/\/www.igssgt.org\/noticias\/wp-json\/wp\/v2\/posts\/11336","targetHints":{"allow":["GET"]}}],"collection":[{"href":"https:\/\/www.igssgt.org\/noticias\/wp-json\/wp\/v2\/posts"}],"about":[{"href":"https:\/\/www.igssgt.org\/noticias\/wp-json\/wp\/v2\/types\/post"}],"author":[{"embeddable":true,"href":"https:\/\/www.igssgt.org\/noticias\/wp-json\/wp\/v2\/users\/9"}],"replies":[{"embeddable":true,"href":"https:\/\/www.igssgt.org\/noticias\/wp-json\/wp\/v2\/comments?post=11336"}],"version-history":[{"count":1,"href":"https:\/\/www.igssgt.org\/noticias\/wp-json\/wp\/v2\/posts\/11336\/revisions"}],"predecessor-version":[{"id":11339,"href":"https:\/\/www.igssgt.org\/noticias\/wp-json\/wp\/v2\/posts\/11336\/revisions\/11339"}],"wp:featuredmedia":[{"embeddable":true,"href":"https:\/\/www.igssgt.org\/noticias\/wp-json\/wp\/v2\/media\/11337"}],"wp:attachment":[{"href":"https:\/\/www.igssgt.org\/noticias\/wp-json\/wp\/v2\/media?parent=11336"}],"wp:term":[{"taxonomy":"category","embeddable":true,"href":"https:\/\/www.igssgt.org\/noticias\/wp-json\/wp\/v2\/categories?post=11336"},{"taxonomy":"post_tag","embeddable":true,"href":"https:\/\/www.igssgt.org\/noticias\/wp-json\/wp\/v2\/tags?post=11336"},{"taxonomy":"author","embeddable":true,"href":"https:\/\/www.igssgt.org\/noticias\/wp-json\/wp\/v2\/coauthors?post=11336"}],"curies":[{"name":"wp","href":"https:\/\/api.w.org\/{rel}","templated":true}]}}