{"id":11344,"date":"2016-11-08T15:22:37","date_gmt":"2016-11-08T21:22:37","guid":{"rendered":"https:\/\/www.igssgt.org\/noticias\/?p=11344"},"modified":"2019-11-05T16:07:33","modified_gmt":"2019-11-05T22:07:33","slug":"boletin-adultos-mayores-oiss-no-11","status":"publish","type":"post","link":"https:\/\/www.igssgt.org\/noticias\/2016\/11\/08\/boletin-adultos-mayores-oiss-no-11\/","title":{"rendered":"Bolet\u00edn Adultos Mayores OISS No. 11"},"content":{"rendered":"\n<figure class=\"wp-block-image\"><img loading=\"lazy\" decoding=\"async\" width=\"696\" height=\"984\" src=\"\/wp-content\/uploads\/sites\/5\/2019\/10\/Screen-Shot-2016-11-08-at-12.02.03-PM-696x984-1.png\" alt=\"\" class=\"wp-image-11345\" srcset=\"\/wp-content\/uploads\/sites\/5\/2019\/10\/Screen-Shot-2016-11-08-at-12.02.03-PM-696x984-1.png 696w, \/wp-content\/uploads\/sites\/5\/2019\/10\/Screen-Shot-2016-11-08-at-12.02.03-PM-696x984-1-212x300.png 212w, \/wp-content\/uploads\/sites\/5\/2019\/10\/Screen-Shot-2016-11-08-at-12.02.03-PM-696x984-1-297x420.png 297w, \/wp-content\/uploads\/sites\/5\/2019\/10\/Screen-Shot-2016-11-08-at-12.02.03-PM-696x984-1-327x462.png 327w\" sizes=\"auto, (max-width: 696px) 100vw, 696px\" \/><\/figure>\n\n\n\n<p>VER PDF:&nbsp;<a href=\"http:\/\/noticias-igss.org\/wp-content\/uploads\/2016\/11\/BOLETIN_OISS_11_agosto_2016.pdf\">boletin_oiss_11_agosto_2016<\/a><\/p>\n\n\n\n<p>Sumario:<\/p>\n\n\n\n<p><strong>Editorial<\/strong><\/p>\n\n\n\n<ul class=\"wp-block-list\"><li>Emprendimiento Social<\/li><\/ul>\n\n\n\n<p><strong>Contribuciones<\/strong><\/p>\n\n\n\n<ul class=\"wp-block-list\"><li>La educaci\u00f3n social y las personas adultas mayores.<\/li><li>Efectos del envejecimiento en pa\u00edses iberoamericanos.\\Reeducarse para conseguir una vida autorealizada de calidad.<\/li><li>Educaci\u00f3n desde la gerontolog\u00eda cr\u00edtica feminista.<\/li><\/ul>\n\n\n\n<p><strong>Envejecimiento productivo<\/strong><\/p>\n\n\n\n<ul class=\"wp-block-list\"><li>Argentina: Personas adultas mayores: educandos y educadores.<\/li><li>Colombia: Formando a mayores y cuidadores, una iniciativa novedosa.<\/li><li>M\u00e9xico: Educaci\u00f3n social: Una nueva cultura para envejecer.<\/li><\/ul>\n\n\n\n<p><strong>A Debate<\/strong><\/p>\n\n\n\n<ul class=\"wp-block-list\"><li>Uruguay-Chile-Argentina: Plan de informaci\u00f3n y aprendizaje en torno al envejecimiento.<\/li><li>Brasil: Congreso iberoamericano de educaci\u00f3n social en Paran\u00e1.<\/li><li>Uruguay: Mentores socioeducativos: Recurso social para la educaci\u00f3n.<\/li><li>Per\u00fa: Congreso \u201cTurismo de oro y plenitud\u201d, una iniciativa para adultos mayores.<\/li><li>Chile: \u201cAsesores senior para el apoyo escolar de ni\u00f1os vulnerables.<\/li><\/ul>\n\n\n\n<p><strong>A fondo<\/strong><\/p>\n\n\n\n<ul class=\"wp-block-list\"><li>La perspectiva del envejecimiento: Un derecho de la ciudadan\u00eda.<\/li><\/ul>\n\n\n\n<p><strong>Actualidad<\/strong><\/p>\n\n\n\n<p><strong>Enlaces<\/strong><\/p>\n\n\n\n<p><\/p>\n","protected":false},"excerpt":{"rendered":"<p>VER PDF:&nbsp;boletin_oiss_11_agosto_2016 Sumario: Editorial Emprendimiento Social Contribuciones La educaci\u00f3n social y las personas adultas mayores. Efectos del envejecimiento en pa\u00edses iberoamericanos.\\Reeducarse para conseguir una vida autorealizada de calidad. Educaci\u00f3n desde la gerontolog\u00eda cr\u00edtica feminista. Envejecimiento productivo Argentina: Personas adultas mayores: educandos y educadores. Colombia: Formando a mayores y cuidadores, una iniciativa novedosa. M\u00e9xico: Educaci\u00f3n social: [&hellip;]<\/p>\n","protected":false},"author":9,"featured_media":14252,"comment_status":"open","ping_status":"open","sticky":false,"template":"","format":"standard","meta":{"footnotes":""},"categories":[3,15,29],"tags":[138,673],"coauthors":[888],"class_list":{"0":"post-11344","1":"post","2":"type-post","3":"status-publish","4":"format-standard","5":"has-post-thumbnail","7":"category-actualidad","8":"category-destacado","9":"category-publicaciones","10":"tag-boletin-adultos-mayores","11":"tag-oiss"},"_links":{"self":[{"href":"https:\/\/www.igssgt.org\/noticias\/wp-json\/wp\/v2\/posts\/11344","targetHints":{"allow":["GET"]}}],"collection":[{"href":"https:\/\/www.igssgt.org\/noticias\/wp-json\/wp\/v2\/posts"}],"about":[{"href":"https:\/\/www.igssgt.org\/noticias\/wp-json\/wp\/v2\/types\/post"}],"author":[{"embeddable":true,"href":"https:\/\/www.igssgt.org\/noticias\/wp-json\/wp\/v2\/users\/9"}],"replies":[{"embeddable":true,"href":"https:\/\/www.igssgt.org\/noticias\/wp-json\/wp\/v2\/comments?post=11344"}],"version-history":[{"count":1,"href":"https:\/\/www.igssgt.org\/noticias\/wp-json\/wp\/v2\/posts\/11344\/revisions"}],"predecessor-version":[{"id":11347,"href":"https:\/\/www.igssgt.org\/noticias\/wp-json\/wp\/v2\/posts\/11344\/revisions\/11347"}],"wp:featuredmedia":[{"embeddable":true,"href":"https:\/\/www.igssgt.org\/noticias\/wp-json\/wp\/v2\/media\/14252"}],"wp:attachment":[{"href":"https:\/\/www.igssgt.org\/noticias\/wp-json\/wp\/v2\/media?parent=11344"}],"wp:term":[{"taxonomy":"category","embeddable":true,"href":"https:\/\/www.igssgt.org\/noticias\/wp-json\/wp\/v2\/categories?post=11344"},{"taxonomy":"post_tag","embeddable":true,"href":"https:\/\/www.igssgt.org\/noticias\/wp-json\/wp\/v2\/tags?post=11344"},{"taxonomy":"author","embeddable":true,"href":"https:\/\/www.igssgt.org\/noticias\/wp-json\/wp\/v2\/coauthors?post=11344"}],"curies":[{"name":"wp","href":"https:\/\/api.w.org\/{rel}","templated":true}]}}