{"id":11399,"date":"2016-10-17T09:03:12","date_gmt":"2016-10-17T15:03:12","guid":{"rendered":"https:\/\/www.igssgt.org\/noticias\/?p=11399"},"modified":"2019-10-02T09:07:38","modified_gmt":"2019-10-02T15:07:38","slug":"prensa-libre-ya-no-habra-carne","status":"publish","type":"post","link":"https:\/\/www.igssgt.org\/noticias\/2016\/10\/17\/prensa-libre-ya-no-habra-carne\/","title":{"rendered":"Prensa Libre: Ya no habr\u00e1 carn\u00e9"},"content":{"rendered":"\n<figure class=\"wp-block-image\"><img loading=\"lazy\" decoding=\"async\" width=\"696\" height=\"844\" src=\"\/wp-content\/uploads\/sites\/5\/2019\/10\/Prensa-Libre-Guatemala-Ya-no-habra-carne-IGSS-17-de-octubre-2016-696x844.jpg\" alt=\"\" class=\"wp-image-11400\" srcset=\"\/wp-content\/uploads\/sites\/5\/2019\/10\/Prensa-Libre-Guatemala-Ya-no-habra-carne-IGSS-17-de-octubre-2016-696x844.jpg 696w, \/wp-content\/uploads\/sites\/5\/2019\/10\/Prensa-Libre-Guatemala-Ya-no-habra-carne-IGSS-17-de-octubre-2016-696x844-247x300.jpg 247w, \/wp-content\/uploads\/sites\/5\/2019\/10\/Prensa-Libre-Guatemala-Ya-no-habra-carne-IGSS-17-de-octubre-2016-696x844-346x420.jpg 346w, \/wp-content\/uploads\/sites\/5\/2019\/10\/Prensa-Libre-Guatemala-Ya-no-habra-carne-IGSS-17-de-octubre-2016-696x844-381x462.jpg 381w\" sizes=\"auto, (max-width: 696px) 100vw, 696px\" \/><figcaption> Registro \u00fanico. Fotoarte Prensa Libre: Rosana Rojas. Publicaci\u00f3n del 17 de octubre de 2016\/<\/figcaption><\/figure>\n\n\n\n<p><em>Guatemala. Por Manuel Hern\u00e1ndez. Prensa Libre, 17\/octubre\/2016.-<\/em>&nbsp;(\u2026) El subgerente financiero del IGSS, Javier Rivera, indic\u00f3 que el Seguro Social comenz\u00f3 en marzo con el proceso de migraci\u00f3n de los registros al nuevo n\u00famero de afiliaci\u00f3n, que es el CUI.<\/p>\n\n\n\n<p>\u201cDebido a que el CUI est\u00e1 inmerso en el DPI, se aprovechar\u00e1 para que este documento sea ahora con el que se identifiquen los afiliados; con ello se cumplir\u00eda con los art\u00edculos 61 y 50 del Renap. Ya no se reemplazar\u00edan los actuales carn\u00e9s, sino los afiliados se identificar\u00e1n con su DPI\u201d, explic\u00f3 Rivera.<\/p>\n\n\n\n<p>El directivo del IGSS agreg\u00f3 que la intenci\u00f3n es que los afiliados no hagan grandes filas para cambiar el carn\u00e9, sino que se utilice el mismo DPI.<\/p>\n\n\n\n<p>Rivera manifest\u00f3 que, entre la base de datos, el n\u00famero de afiliaci\u00f3n que tienen actualmente los derechohabientes no va a desaparecer; los trabajadores del Seguro Social&nbsp; seguir\u00e1n identificando los expedientes cl\u00ednicos con el n\u00famero actual, y a un costado de les incluir\u00e1 el DPI, para que empiecen a familiarizarse con el nuevo registro.<\/p>\n\n\n\n<p><strong>Fuente: Prensa Libre, n<\/strong><strong>ota: Identidad personal se unifica en el CUI, P\u00e1ginas 02 y 03.<\/strong><\/p>\n\n\n\n<p><strong>Enlace en internet&nbsp;<\/strong><a href=\"http:\/\/www.prensalibre.com\/guatemala\/comunitario\/identidad-personal-se-unifica-en-el-cui-a-partir-del-2017\" target=\"_blank\" rel=\"noreferrer noopener\">http:\/\/www.prensalibre.com\/guatemala\/comunitario\/identidad-personal-se-unifica-en-el-cui-a-partir-del-2017<\/a><\/p>\n","protected":false},"excerpt":{"rendered":"<p>Guatemala. Por Manuel Hern\u00e1ndez. Prensa Libre, 17\/octubre\/2016.-&nbsp;(\u2026) El subgerente financiero del IGSS, Javier Rivera, indic\u00f3 que el Seguro Social comenz\u00f3 en marzo con el proceso de migraci\u00f3n de los registros al nuevo n\u00famero de afiliaci\u00f3n, que es el CUI. \u201cDebido a que el CUI est\u00e1 inmerso en el DPI, se aprovechar\u00e1 para que este documento [&hellip;]<\/p>\n","protected":false},"author":9,"featured_media":11401,"comment_status":"open","ping_status":"open","sticky":false,"template":"","format":"standard","meta":{"footnotes":""},"categories":[3,15,40,41,29],"tags":[218,528,620,717,766],"coauthors":[888],"class_list":{"0":"post-11399","1":"post","2":"type-post","3":"status-publish","4":"format-standard","5":"has-post-thumbnail","7":"category-actualidad","8":"category-destacado","9":"category-hemeroteca","10":"category-igss-en-los-medios","11":"category-publicaciones","12":"tag-cui","13":"tag-javier-rivera","14":"tag-manuel-hernandez","15":"tag-prensa-libre","16":"tag-rosana-rojas"},"_links":{"self":[{"href":"https:\/\/www.igssgt.org\/noticias\/wp-json\/wp\/v2\/posts\/11399","targetHints":{"allow":["GET"]}}],"collection":[{"href":"https:\/\/www.igssgt.org\/noticias\/wp-json\/wp\/v2\/posts"}],"about":[{"href":"https:\/\/www.igssgt.org\/noticias\/wp-json\/wp\/v2\/types\/post"}],"author":[{"embeddable":true,"href":"https:\/\/www.igssgt.org\/noticias\/wp-json\/wp\/v2\/users\/9"}],"replies":[{"embeddable":true,"href":"https:\/\/www.igssgt.org\/noticias\/wp-json\/wp\/v2\/comments?post=11399"}],"version-history":[{"count":1,"href":"https:\/\/www.igssgt.org\/noticias\/wp-json\/wp\/v2\/posts\/11399\/revisions"}],"predecessor-version":[{"id":11402,"href":"https:\/\/www.igssgt.org\/noticias\/wp-json\/wp\/v2\/posts\/11399\/revisions\/11402"}],"wp:featuredmedia":[{"embeddable":true,"href":"https:\/\/www.igssgt.org\/noticias\/wp-json\/wp\/v2\/media\/11401"}],"wp:attachment":[{"href":"https:\/\/www.igssgt.org\/noticias\/wp-json\/wp\/v2\/media?parent=11399"}],"wp:term":[{"taxonomy":"category","embeddable":true,"href":"https:\/\/www.igssgt.org\/noticias\/wp-json\/wp\/v2\/categories?post=11399"},{"taxonomy":"post_tag","embeddable":true,"href":"https:\/\/www.igssgt.org\/noticias\/wp-json\/wp\/v2\/tags?post=11399"},{"taxonomy":"author","embeddable":true,"href":"https:\/\/www.igssgt.org\/noticias\/wp-json\/wp\/v2\/coauthors?post=11399"}],"curies":[{"name":"wp","href":"https:\/\/api.w.org\/{rel}","templated":true}]}}