{"id":11416,"date":"2016-10-11T10:53:43","date_gmt":"2016-10-11T16:53:43","guid":{"rendered":"https:\/\/www.igssgt.org\/noticias\/?p=11416"},"modified":"2019-11-06T09:13:07","modified_gmt":"2019-11-06T15:13:07","slug":"prensa-libre-ninos-microcefalos-por-zika-suman-19","status":"publish","type":"post","link":"https:\/\/www.igssgt.org\/noticias\/2016\/10\/11\/prensa-libre-ninos-microcefalos-por-zika-suman-19\/","title":{"rendered":"Prensa Libre: Ni\u00f1os microc\u00e9falos por zika suman 19"},"content":{"rendered":"\n<figure class=\"wp-block-image\"><img loading=\"lazy\" decoding=\"async\" width=\"696\" height=\"826\" src=\"\/wp-content\/uploads\/sites\/5\/2019\/10\/Prensa-Libre-Guatemala-Ninos-microcefalos-por-zika-suman-19-IGSS-11-de-octubre-2016-696x826.jpg\" alt=\"\" class=\"wp-image-11418\" srcset=\"\/wp-content\/uploads\/sites\/5\/2019\/10\/Prensa-Libre-Guatemala-Ninos-microcefalos-por-zika-suman-19-IGSS-11-de-octubre-2016-696x826.jpg 696w, \/wp-content\/uploads\/sites\/5\/2019\/10\/Prensa-Libre-Guatemala-Ninos-microcefalos-por-zika-suman-19-IGSS-11-de-octubre-2016-696x826-253x300.jpg 253w, \/wp-content\/uploads\/sites\/5\/2019\/10\/Prensa-Libre-Guatemala-Ninos-microcefalos-por-zika-suman-19-IGSS-11-de-octubre-2016-696x826-354x420.jpg 354w, \/wp-content\/uploads\/sites\/5\/2019\/10\/Prensa-Libre-Guatemala-Ninos-microcefalos-por-zika-suman-19-IGSS-11-de-octubre-2016-696x826-389x462.jpg 389w\" sizes=\"auto, (max-width: 696px) 100vw, 696px\" \/><\/figure>\n\n\n\n<h3 class=\"wp-block-heading\"><strong>Dos casos m\u00e1s se registran en el Seguro Social, donde son atendidas otras 49 mujeres embarazadas que dieron positivo al virus.<\/strong><\/h3>\n\n\n\n<p><em>Ciudad de Guatemala. Por Andrea Orozco. Prensa Libre,&nbsp;11\/Octubre\/2016.-&nbsp;<\/em>El n\u00famero de ni\u00f1os que nacieron con microcefalia debido al zika se elev\u00f3 a 19 este lunes, luego de que autoridades del Instituto Guatemalteco de Seguridad Social (IGSS) dieron a conocer sobre dos beb\u00e9s m\u00e1s con ese padecimiento.<\/p>\n\n\n\n<p>M\u00f3nica Rodr\u00edguez, de Epidemiolog\u00eda del Seguro Social, afirm\u00f3 que hay otros cinco casos sospechosos de ni\u00f1os microc\u00e9falos y que pudieran tener relaci\u00f3n con el zika, pero se debe esperar por lo menos un mes por&nbsp; los resultados de laboratorio que confirmen o descarten esa posibilidad.<\/p>\n\n\n\n<blockquote class=\"wp-block-quote is-layout-flow wp-block-quote-is-layout-flow\"><p>SOSPECHA: 5 CASOS DE MICROCEFALIA SE INVESTIGAN<\/p><\/blockquote>\n\n\n\n<p>Rodr\u00edguez revel\u00f3 que al Laboratorio Nacional de Salud el IGSS envi\u00f3&nbsp; 233 muestras de sangre, para determinar si esa cantidad de pacientes padecen zika; 226 corresponden a mujeres embarazadas \u2014las otras siete, a los reci\u00e9n nacidos con microcefalia\u2014, y de ellas 49 resultaron positivas.<\/p>\n\n\n\n<p>La epidemi\u00f3loga dijo que no se puede determinar si estas 49 madres, cuya mayor\u00eda tendr\u00e1 su parto en enero, dar\u00e1n a luz a un beb\u00e9 con el mismo padecimiento.<\/p>\n\n\n\n<p>En el IGSS tambi\u00e9n se investig\u00f3 un caso con el s\u00edndrome Guillain-Barr\u00e9 en un paciente, pero result\u00f3 negativo a zika.<\/p>\n\n\n\n<figure class=\"wp-block-image\"><img loading=\"lazy\" decoding=\"async\" width=\"864\" height=\"586\" src=\"\/wp-content\/uploads\/sites\/5\/2019\/10\/Prensa-Libre-Guatemala-Ninos-microcefalos-por-zika-suman-19-IGSS-11-de-octubre-2016-02.jpg\" alt=\"\" class=\"wp-image-11417\" srcset=\"\/wp-content\/uploads\/sites\/5\/2019\/10\/Prensa-Libre-Guatemala-Ninos-microcefalos-por-zika-suman-19-IGSS-11-de-octubre-2016-02.jpg 864w, \/wp-content\/uploads\/sites\/5\/2019\/10\/Prensa-Libre-Guatemala-Ninos-microcefalos-por-zika-suman-19-IGSS-11-de-octubre-2016-02-300x203.jpg 300w, \/wp-content\/uploads\/sites\/5\/2019\/10\/Prensa-Libre-Guatemala-Ninos-microcefalos-por-zika-suman-19-IGSS-11-de-octubre-2016-02-768x521.jpg 768w, \/wp-content\/uploads\/sites\/5\/2019\/10\/Prensa-Libre-Guatemala-Ninos-microcefalos-por-zika-suman-19-IGSS-11-de-octubre-2016-02-619x420.jpg 619w, \/wp-content\/uploads\/sites\/5\/2019\/10\/Prensa-Libre-Guatemala-Ninos-microcefalos-por-zika-suman-19-IGSS-11-de-octubre-2016-02-696x472.jpg 696w, \/wp-content\/uploads\/sites\/5\/2019\/10\/Prensa-Libre-Guatemala-Ninos-microcefalos-por-zika-suman-19-IGSS-11-de-octubre-2016-02-534x362.jpg 534w\" sizes=\"auto, (max-width: 864px) 100vw, 864px\" \/><figcaption> Zika. Infograf\u00eda Prensa Libre: Benildo Concogu\u00e1.<\/figcaption><\/figure>\n\n\n\n<h3 class=\"wp-block-heading\"><strong>Traslados<\/strong><\/h3>\n\n\n\n<p>La informaci\u00f3n del Seguro Social detalla que los dos ni\u00f1os con microcefalia asociada a zika son varones que nacieron en julio y agosto pasados.<\/p>\n\n\n\n<p>Los dos partos se atendieron en el Hospital Doctor Juan Jos\u00e9 Ar\u00e9valo Bermejo, zona 6,&nbsp; hacia donde trasladaron a las madres originarias de Chiquimula y Puerto Barrios, Izabal.<\/p>\n\n\n\n<p>Los ni\u00f1os ahora reciben atenci\u00f3n de seguimiento con neur\u00f3logo y rehabilitaci\u00f3n, y a los padres se les dar\u00e1 ayuda psicol\u00f3gica, detall\u00f3 Varinia Pinto, de la secci\u00f3n Materno-Infantil del IGSS.<\/p>\n\n\n\n<p>Pinto afirm\u00f3 que el costo de atenci\u00f3n a esos pacientes no es solo econ\u00f3mico, tambi\u00e9n lo es social y emocional, pues por lo general el retardo mental en estos pacientes es severo y el pron\u00f3stico es reservado.<\/p>\n\n\n\n<p>La m\u00e9dica hizo \u00e9nfasis en prevenir la trasmisi\u00f3n del virus al evitar los criaderos del mosquito, pero adem\u00e1s inst\u00f3 a utilizar m\u00e9todos de protecci\u00f3n durante las relaciones sexuales, pues de esta forma tambi\u00e9n se contagia el zika.<\/p>\n\n\n\n<h3 class=\"wp-block-heading\"><strong>Cifras<\/strong><\/h3>\n\n\n\n<ul class=\"wp-block-list\"><li>El Ministerio de Salud a\u00fan no actualiza la cifra de 17 ni\u00f1os con microcefalia asociada a zika que nacieron en hospitales p\u00fablicos. Ese dato fue proporcionado el 14 de septiembre pasado a trav\u00e9s de un comunicado.<\/li><li>En la p\u00e1gina electr\u00f3nica de la cartera se revela que hasta el 24 de septiembre se han confirmado 635 casos de pacientes con zika, de los cuales 226 son mujeres embarazadas.<\/li><\/ul>\n\n\n\n<p><strong>Fuente: Prensa Libre<\/strong><\/p>\n\n\n\n<p><strong>Enlace en internet:<\/strong>&nbsp;<a href=\"http:\/\/www.prensalibre.com\/guatemala\/justicia\/nios-microcefalos-por-zika-suman-19\">http:\/\/www.prensalibre.com\/guatemala\/justicia\/nios-microcefalos-por-zika-suman-19<\/a><\/p>\n","protected":false},"excerpt":{"rendered":"<p>Dos casos m\u00e1s se registran en el Seguro Social, donde son atendidas otras 49 mujeres embarazadas que dieron positivo al virus. Ciudad de Guatemala. Por Andrea Orozco. Prensa Libre,&nbsp;11\/Octubre\/2016.-&nbsp;El n\u00famero de ni\u00f1os que nacieron con microcefalia debido al zika se elev\u00f3 a 19 este lunes, luego de que autoridades del Instituto Guatemalteco de Seguridad Social [&hellip;]<\/p>\n","protected":false},"author":9,"featured_media":11417,"comment_status":"open","ping_status":"open","sticky":false,"template":"","format":"standard","meta":{"footnotes":""},"categories":[3,6,15,41,29],"tags":[113,135,375,384,461,503,636,637,717,871],"coauthors":[888],"class_list":{"0":"post-11416","1":"post","2":"type-post","3":"status-publish","4":"format-standard","5":"has-post-thumbnail","7":"category-actualidad","8":"category-alerta-zika","9":"category-destacado","10":"category-igss-en-los-medios","11":"category-publicaciones","12":"tag-andrea-orozco","13":"tag-benildo-concogua","14":"tag-dra-monica-rodriguez","15":"tag-dra-varinia-pinto","16":"tag-guillain-barre","17":"tag-infografia","18":"tag-microcefalia","19":"tag-microfefalos","20":"tag-prensa-libre","21":"tag-zika"},"_links":{"self":[{"href":"https:\/\/www.igssgt.org\/noticias\/wp-json\/wp\/v2\/posts\/11416","targetHints":{"allow":["GET"]}}],"collection":[{"href":"https:\/\/www.igssgt.org\/noticias\/wp-json\/wp\/v2\/posts"}],"about":[{"href":"https:\/\/www.igssgt.org\/noticias\/wp-json\/wp\/v2\/types\/post"}],"author":[{"embeddable":true,"href":"https:\/\/www.igssgt.org\/noticias\/wp-json\/wp\/v2\/users\/9"}],"replies":[{"embeddable":true,"href":"https:\/\/www.igssgt.org\/noticias\/wp-json\/wp\/v2\/comments?post=11416"}],"version-history":[{"count":2,"href":"https:\/\/www.igssgt.org\/noticias\/wp-json\/wp\/v2\/posts\/11416\/revisions"}],"predecessor-version":[{"id":14267,"href":"https:\/\/www.igssgt.org\/noticias\/wp-json\/wp\/v2\/posts\/11416\/revisions\/14267"}],"wp:featuredmedia":[{"embeddable":true,"href":"https:\/\/www.igssgt.org\/noticias\/wp-json\/wp\/v2\/media\/11417"}],"wp:attachment":[{"href":"https:\/\/www.igssgt.org\/noticias\/wp-json\/wp\/v2\/media?parent=11416"}],"wp:term":[{"taxonomy":"category","embeddable":true,"href":"https:\/\/www.igssgt.org\/noticias\/wp-json\/wp\/v2\/categories?post=11416"},{"taxonomy":"post_tag","embeddable":true,"href":"https:\/\/www.igssgt.org\/noticias\/wp-json\/wp\/v2\/tags?post=11416"},{"taxonomy":"author","embeddable":true,"href":"https:\/\/www.igssgt.org\/noticias\/wp-json\/wp\/v2\/coauthors?post=11416"}],"curies":[{"name":"wp","href":"https:\/\/api.w.org\/{rel}","templated":true}]}}