{"id":11545,"date":"2016-09-23T10:42:01","date_gmt":"2016-09-23T16:42:01","guid":{"rendered":"https:\/\/www.igssgt.org\/noticias\/?p=11545"},"modified":"2019-10-03T11:13:53","modified_gmt":"2019-10-03T17:13:53","slug":"el-bebe-rescatado-estara-hospitalizado-unos-dias","status":"publish","type":"post","link":"https:\/\/www.igssgt.org\/noticias\/2016\/09\/23\/el-bebe-rescatado-estara-hospitalizado-unos-dias\/","title":{"rendered":"El beb\u00e9 rescatado estar\u00e1 hospitalizado unos d\u00edas"},"content":{"rendered":"\n<figure class=\"wp-block-image\"><img loading=\"lazy\" decoding=\"async\" width=\"864\" height=\"655\" src=\"\/wp-content\/uploads\/sites\/5\/2019\/10\/bebe-rescatado-renap-mazatenango-igss-estuardo-xitamul-01.jpg\" alt=\"\" class=\"wp-image-11551\" srcset=\"\/wp-content\/uploads\/sites\/5\/2019\/10\/bebe-rescatado-renap-mazatenango-igss-estuardo-xitamul-01.jpg 864w, \/wp-content\/uploads\/sites\/5\/2019\/10\/bebe-rescatado-renap-mazatenango-igss-estuardo-xitamul-01-300x227.jpg 300w, \/wp-content\/uploads\/sites\/5\/2019\/10\/bebe-rescatado-renap-mazatenango-igss-estuardo-xitamul-01-768x582.jpg 768w, \/wp-content\/uploads\/sites\/5\/2019\/10\/bebe-rescatado-renap-mazatenango-igss-estuardo-xitamul-01-554x420.jpg 554w, \/wp-content\/uploads\/sites\/5\/2019\/10\/bebe-rescatado-renap-mazatenango-igss-estuardo-xitamul-01-80x60.jpg 80w, \/wp-content\/uploads\/sites\/5\/2019\/10\/bebe-rescatado-renap-mazatenango-igss-estuardo-xitamul-01-696x528.jpg 696w, \/wp-content\/uploads\/sites\/5\/2019\/10\/bebe-rescatado-renap-mazatenango-igss-estuardo-xitamul-01-534x405.jpg 534w\" sizes=\"auto, (max-width: 864px) 100vw, 864px\" \/><\/figure>\n\n\n\n<h3 class=\"wp-block-heading\"><strong>Pediatras lo evaluaron y se encuentra estable<\/strong><\/h3>\n\n\n\n<p>\u201cAunque el beb\u00e9 Yeisson Estuardo Xitamul De la Roca, no presenta signos de desnutrici\u00f3n, creemos que estar\u00e1 internado unos d\u00edas, pues consideramos importante que se le realicen todos los ex\u00e1menes y an\u00e1lisis que sean necesarios, para que al salir de aqu\u00ed este en buenas condiciones\u201d indica el doctor Carlos Ernesto Dom\u00ednguez, director m\u00e9dico del hospital del Instituto Guatemalteco de Seguridad Social (IGSS), de Mazatenango, Suchitep\u00e9quez, durante una conferencia de prensa realizada en ese centro asistencial.<\/p>\n\n\n\n<blockquote class=\"wp-block-quote is-layout-flow wp-block-quote-is-layout-flow\"><p>YEISSON ESTUARDO, TIENE INGRESO Y SE ENCUENTRA EN LA SALA DE NEONATOS, SU MAM\u00c1 EST\u00c1 COMO HU\u00c9SPED DEL HOSPITAL PARA QUE EST\u00c9 CON EL NI\u00d1O EN TODO MOMENTO<\/p><\/blockquote>\n\n\n\n<figure class=\"wp-block-image\"><img loading=\"lazy\" decoding=\"async\" width=\"821\" height=\"945\" src=\"\/wp-content\/uploads\/sites\/5\/2019\/10\/bebe-rescatado-renap-mazatenango-igss-estuardo-xitamul-04.jpg\" alt=\"\" class=\"wp-image-11550\" srcset=\"\/wp-content\/uploads\/sites\/5\/2019\/10\/bebe-rescatado-renap-mazatenango-igss-estuardo-xitamul-04.jpg 821w, \/wp-content\/uploads\/sites\/5\/2019\/10\/bebe-rescatado-renap-mazatenango-igss-estuardo-xitamul-04-261x300.jpg 261w, \/wp-content\/uploads\/sites\/5\/2019\/10\/bebe-rescatado-renap-mazatenango-igss-estuardo-xitamul-04-768x884.jpg 768w, \/wp-content\/uploads\/sites\/5\/2019\/10\/bebe-rescatado-renap-mazatenango-igss-estuardo-xitamul-04-365x420.jpg 365w, \/wp-content\/uploads\/sites\/5\/2019\/10\/bebe-rescatado-renap-mazatenango-igss-estuardo-xitamul-04-696x801.jpg 696w, \/wp-content\/uploads\/sites\/5\/2019\/10\/bebe-rescatado-renap-mazatenango-igss-estuardo-xitamul-04-401x462.jpg 401w\" sizes=\"auto, (max-width: 821px) 100vw, 821px\" \/><\/figure>\n\n\n\n<p>El reci\u00e9n nacido fue llevado a dicho hospital a las seis de la ma\u00f1ana y fue evaluado por los pediatras de turno, quienes establecieron que ten\u00eda 38.5 de temperatura, ictericia (rostro y cuello amarillento), deshidrataci\u00f3n, por lo que se le realizaron varios ex\u00e1menes de laboratorio, adem\u00e1s se le inici\u00f3 un tratamiento de antibi\u00f3tico, seg\u00fan lo informado por el director m\u00e9dico de dicho centro asistencial.<\/p>\n\n\n\n<p>Yeisson Estuardo, tiene ingreso y se encuentra en la sala de neonatos, su mam\u00e1 est\u00e1 como hu\u00e9sped del hospital para que est\u00e9 con el ni\u00f1o en todo momento, y se le apoy\u00f3 con un veh\u00edculo para trasladarla a realizar algunas diligencias legales que deb\u00eda cumplir a ra\u00edz de lo ocurrido, especifica el entrevistado.<\/p>\n\n\n\n<figure class=\"wp-block-image\"><img loading=\"lazy\" decoding=\"async\" width=\"947\" height=\"648\" src=\"\/wp-content\/uploads\/sites\/5\/2019\/10\/bebe-rescatado-renap-mazatenango-igss-estuardo-xitamul-02.jpg\" alt=\"\" class=\"wp-image-11548\" srcset=\"\/wp-content\/uploads\/sites\/5\/2019\/10\/bebe-rescatado-renap-mazatenango-igss-estuardo-xitamul-02.jpg 947w, \/wp-content\/uploads\/sites\/5\/2019\/10\/bebe-rescatado-renap-mazatenango-igss-estuardo-xitamul-02-300x205.jpg 300w, \/wp-content\/uploads\/sites\/5\/2019\/10\/bebe-rescatado-renap-mazatenango-igss-estuardo-xitamul-02-768x526.jpg 768w, \/wp-content\/uploads\/sites\/5\/2019\/10\/bebe-rescatado-renap-mazatenango-igss-estuardo-xitamul-02-614x420.jpg 614w, \/wp-content\/uploads\/sites\/5\/2019\/10\/bebe-rescatado-renap-mazatenango-igss-estuardo-xitamul-02-218x150.jpg 218w, \/wp-content\/uploads\/sites\/5\/2019\/10\/bebe-rescatado-renap-mazatenango-igss-estuardo-xitamul-02-696x476.jpg 696w, \/wp-content\/uploads\/sites\/5\/2019\/10\/bebe-rescatado-renap-mazatenango-igss-estuardo-xitamul-02-534x365.jpg 534w\" sizes=\"auto, (max-width: 947px) 100vw, 947px\" \/><figcaption> Ericka Mazariegos, trabajadora social, Dr. Carlos Ernesto Dom\u00ednguez y Licenciada Luc\u00eda Dub\u00f3n en la conferencia de prensa realizada en Mazatenango, Suchitep\u00e9quez.<\/figcaption><\/figure>\n\n\n\n<h3 class=\"wp-block-heading\"><strong>Se cumpli\u00f3 con los protocolos<\/strong><\/h3>\n\n\n\n<p>\u201cEn el informe que le entregamos a la PGN, PDH, y la denuncia que hicimos ante el Ministerio P\u00fablico, consta que le entregamos a los padres un reci\u00e9n nacido, vivo, masculino, ellos egresaron de la sala de encamamiento y ellos continuaron para realizar los tr\u00e1mites correspondientes en la sede del RENAP y en la entrada una mujer se le acerc\u00f3 y con enga\u00f1o la convenci\u00f3 que le dejara al beb\u00e9 y luego de 10 a 12 minutos, al salir ya no estaba\u201d agrega Dom\u00ednguez.<\/p>\n\n\n\n<p>Tras conocerse el hecho de inmediato se dio aviso a la Procuradur\u00eda General de la Naci\u00f3n, a la Procuradur\u00eda de Derechos Humanos, y al Ministerio P\u00fablico, para que se apoyara la acci\u00f3n que ya la PNC estaba ejecutando. As\u00ed fue que se activ\u00f3 la Alerta Keneth en favor del menor, y gracias a Dios hoy tenemos un final feliz, explica la trabajadora social Ericka Mazariegos.<\/p>\n\n\n\n<p>En nombre de la Junta Directiva y Gerencia del IGSS agradecemos el trabajo realizado por las entidades que hicieron posible localizar y rescatar al beb\u00e9 en un tiempo r\u00e9cord, as\u00ed como la capturar a los presuntos responsables, expres\u00f3 por su parte Luc\u00eda Dub\u00f3n, vocera de del IGSS.<\/p>\n","protected":false},"excerpt":{"rendered":"<p>Pediatras lo evaluaron y se encuentra estable \u201cAunque el beb\u00e9 Yeisson Estuardo Xitamul De la Roca, no presenta signos de desnutrici\u00f3n, creemos que estar\u00e1 internado unos d\u00edas, pues consideramos importante que se le realicen todos los ex\u00e1menes y an\u00e1lisis que sean necesarios, para que al salir de aqu\u00ed este en buenas condiciones\u201d indica el doctor [&hellip;]<\/p>\n","protected":false},"author":9,"featured_media":11548,"comment_status":"open","ping_status":"open","sticky":false,"template":"","format":"standard","meta":{"footnotes":""},"categories":[3,15,36],"tags":[272,612,870],"coauthors":[888],"class_list":{"0":"post-11545","1":"post","2":"type-post","3":"status-publish","4":"format-standard","5":"has-post-thumbnail","7":"category-actualidad","8":"category-destacado","9":"category-unidades-medicas","10":"tag-dr-carlos-ernesto-dominguez","11":"tag-lucia-dubon","12":"tag-yeisson-estuardo-xitamul-de-la-roca"},"_links":{"self":[{"href":"https:\/\/www.igssgt.org\/noticias\/wp-json\/wp\/v2\/posts\/11545","targetHints":{"allow":["GET"]}}],"collection":[{"href":"https:\/\/www.igssgt.org\/noticias\/wp-json\/wp\/v2\/posts"}],"about":[{"href":"https:\/\/www.igssgt.org\/noticias\/wp-json\/wp\/v2\/types\/post"}],"author":[{"embeddable":true,"href":"https:\/\/www.igssgt.org\/noticias\/wp-json\/wp\/v2\/users\/9"}],"replies":[{"embeddable":true,"href":"https:\/\/www.igssgt.org\/noticias\/wp-json\/wp\/v2\/comments?post=11545"}],"version-history":[{"count":1,"href":"https:\/\/www.igssgt.org\/noticias\/wp-json\/wp\/v2\/posts\/11545\/revisions"}],"predecessor-version":[{"id":11552,"href":"https:\/\/www.igssgt.org\/noticias\/wp-json\/wp\/v2\/posts\/11545\/revisions\/11552"}],"wp:featuredmedia":[{"embeddable":true,"href":"https:\/\/www.igssgt.org\/noticias\/wp-json\/wp\/v2\/media\/11548"}],"wp:attachment":[{"href":"https:\/\/www.igssgt.org\/noticias\/wp-json\/wp\/v2\/media?parent=11545"}],"wp:term":[{"taxonomy":"category","embeddable":true,"href":"https:\/\/www.igssgt.org\/noticias\/wp-json\/wp\/v2\/categories?post=11545"},{"taxonomy":"post_tag","embeddable":true,"href":"https:\/\/www.igssgt.org\/noticias\/wp-json\/wp\/v2\/tags?post=11545"},{"taxonomy":"author","embeddable":true,"href":"https:\/\/www.igssgt.org\/noticias\/wp-json\/wp\/v2\/coauthors?post=11545"}],"curies":[{"name":"wp","href":"https:\/\/api.w.org\/{rel}","templated":true}]}}