{"id":11580,"date":"2016-08-02T11:53:42","date_gmt":"2016-08-02T17:53:42","guid":{"rendered":"https:\/\/www.igssgt.org\/noticias\/?p=11580"},"modified":"2019-10-03T11:57:42","modified_gmt":"2019-10-03T17:57:42","slug":"finaliza-semana-de-la-lactancia-materna","status":"publish","type":"post","link":"https:\/\/www.igssgt.org\/noticias\/2016\/08\/02\/finaliza-semana-de-la-lactancia-materna\/","title":{"rendered":"Finaliza Semana de la Lactancia Materna"},"content":{"rendered":"\n<p>Cientos de madres fueron beneficiadas con conferencias, demostraciones y otras actividades que se realizaron en la Semana Mundial de la Lactancia Materna, celebraci\u00f3n promovida por el Instituto Guatemalteco de Seguridad Social.<\/p>\n\n\n\n<p>\u00a1AMAMANTAR ES DAR VIDA!<\/p>\n\n\n\n<p>Del 1 al 7 de agosto las madres afiliadas y beneficiarias del Instituto pudieron obtener un mayor conocimiento sobre los beneficios de la lactancia materna para sus hijos, entre ellos proveer una mejor nutrici\u00f3n, protecci\u00f3n contra enfermedades y reforzar los lazos madre-hijo que contribuyen a una desarrollo emocional sano.<\/p>\n\n\n\n<figure class=\"wp-block-image\"><img loading=\"lazy\" decoding=\"async\" width=\"696\" height=\"392\" src=\"\/wp-content\/uploads\/sites\/5\/2019\/10\/Semana-lactancia-materna-IGSS-Guatemala-2016-01-696x392.jpeg\" alt=\"\" class=\"wp-image-11584\" srcset=\"\/wp-content\/uploads\/sites\/5\/2019\/10\/Semana-lactancia-materna-IGSS-Guatemala-2016-01-696x392.jpeg 696w, \/wp-content\/uploads\/sites\/5\/2019\/10\/Semana-lactancia-materna-IGSS-Guatemala-2016-01-696x392-300x169.jpeg 300w, \/wp-content\/uploads\/sites\/5\/2019\/10\/Semana-lactancia-materna-IGSS-Guatemala-2016-01-696x392-534x301.jpeg 534w\" sizes=\"auto, (max-width: 696px) 100vw, 696px\" \/><figcaption> Los equipos de enfermeras y enfermeras auxiliares apoyaron la actividad en todas las unidades m\u00e9dicas de IGSS.<\/figcaption><\/figure>\n\n\n\n<p>Por esas razones se busca priorizar la lactancia materna como un componente del desarrollo sostenible, destac\u00f3 doctora Claudia Soto, Jefa de la Unidad de Pediatr\u00eda, Zaon 11 del IGSS. Se espera que las actividades continuen a lo del mes para beneficios de miles de mujeres y ni\u00f1os guatemaltecos.<\/p>\n\n\n\n<p><strong>Lactancia materna clave para desarrollo humano.<\/strong><\/p>\n\n\n\n<div class=\"wp-block-image\"><figure class=\"alignleft\"><a href=\"http:\/\/noticias-igss.org\/wp-content\/uploads\/2016\/08\/Semana-lactancia-materna-IGSS-Guatemala-2016-02.jpeg\"><img loading=\"lazy\" decoding=\"async\" width=\"300\" height=\"298\" src=\"\/wp-content\/uploads\/sites\/5\/2019\/10\/Semana-lactancia-materna-IGSS-Guatemala-2016-02-300x298.jpeg\" alt=\"\" class=\"wp-image-11583\" srcset=\"\/wp-content\/uploads\/sites\/5\/2019\/10\/Semana-lactancia-materna-IGSS-Guatemala-2016-02-300x298.jpeg 300w, \/wp-content\/uploads\/sites\/5\/2019\/10\/Semana-lactancia-materna-IGSS-Guatemala-2016-02-300x298-150x150.jpeg 150w\" sizes=\"auto, (max-width: 300px) 100vw, 300px\" \/><\/a><\/figure><\/div>\n\n\n\n<p>En las unidades m\u00e9dicas de IGSS puede encontrarse materiales sobre los beneficios para los bebes, sus madres y orientaci\u00f3n para realizar correctamente la lactancia materna.<\/p>\n\n\n\n<p>Las actividades continuaran durante todo el mes para afiliados y beneficiarios.<\/p>\n","protected":false},"excerpt":{"rendered":"<p>Cientos de madres fueron beneficiadas con conferencias, demostraciones y otras actividades que se realizaron en la Semana Mundial de la Lactancia Materna, celebraci\u00f3n promovida por el Instituto Guatemalteco de Seguridad Social. \u00a1AMAMANTAR ES DAR VIDA! Del 1 al 7 de agosto las madres afiliadas y beneficiarias del Instituto pudieron obtener un mayor conocimiento sobre los [&hellip;]<\/p>\n","protected":false},"author":9,"featured_media":11585,"comment_status":"open","ping_status":"open","sticky":false,"template":"","format":"standard","meta":{"footnotes":""},"categories":[15,45,27,33],"tags":[555,698,779],"coauthors":[888],"class_list":{"0":"post-11580","1":"post","2":"type-post","3":"status-publish","4":"format-standard","5":"has-post-thumbnail","7":"category-destacado","8":"category-jornadas-medicas","9":"category-prevencion-en-salud","10":"category-servicios-de-salud","11":"tag-lactancia-materna","12":"tag-pediatria","13":"tag-semana-de-la-lactancia-materna"},"_links":{"self":[{"href":"https:\/\/www.igssgt.org\/noticias\/wp-json\/wp\/v2\/posts\/11580","targetHints":{"allow":["GET"]}}],"collection":[{"href":"https:\/\/www.igssgt.org\/noticias\/wp-json\/wp\/v2\/posts"}],"about":[{"href":"https:\/\/www.igssgt.org\/noticias\/wp-json\/wp\/v2\/types\/post"}],"author":[{"embeddable":true,"href":"https:\/\/www.igssgt.org\/noticias\/wp-json\/wp\/v2\/users\/9"}],"replies":[{"embeddable":true,"href":"https:\/\/www.igssgt.org\/noticias\/wp-json\/wp\/v2\/comments?post=11580"}],"version-history":[{"count":1,"href":"https:\/\/www.igssgt.org\/noticias\/wp-json\/wp\/v2\/posts\/11580\/revisions"}],"predecessor-version":[{"id":11586,"href":"https:\/\/www.igssgt.org\/noticias\/wp-json\/wp\/v2\/posts\/11580\/revisions\/11586"}],"wp:featuredmedia":[{"embeddable":true,"href":"https:\/\/www.igssgt.org\/noticias\/wp-json\/wp\/v2\/media\/11585"}],"wp:attachment":[{"href":"https:\/\/www.igssgt.org\/noticias\/wp-json\/wp\/v2\/media?parent=11580"}],"wp:term":[{"taxonomy":"category","embeddable":true,"href":"https:\/\/www.igssgt.org\/noticias\/wp-json\/wp\/v2\/categories?post=11580"},{"taxonomy":"post_tag","embeddable":true,"href":"https:\/\/www.igssgt.org\/noticias\/wp-json\/wp\/v2\/tags?post=11580"},{"taxonomy":"author","embeddable":true,"href":"https:\/\/www.igssgt.org\/noticias\/wp-json\/wp\/v2\/coauthors?post=11580"}],"curies":[{"name":"wp","href":"https:\/\/api.w.org\/{rel}","templated":true}]}}