{"id":11796,"date":"2017-12-01T08:49:47","date_gmt":"2017-12-01T14:49:47","guid":{"rendered":"https:\/\/www.igssgt.org\/noticias\/?p=11796"},"modified":"2019-11-07T15:53:28","modified_gmt":"2019-11-07T21:53:28","slug":"diario-de-centro-america-moderno-hospital-de-xela-atendera-a-300-mil-personas","status":"publish","type":"post","link":"https:\/\/www.igssgt.org\/noticias\/2017\/12\/01\/diario-de-centro-america-moderno-hospital-de-xela-atendera-a-300-mil-personas\/","title":{"rendered":"Diario de Centro Am\u00e9rica: Moderno hospital de Xela atender\u00e1 a 300 mil personas"},"content":{"rendered":"\n<figure class=\"wp-block-image\"><img loading=\"lazy\" decoding=\"async\" width=\"696\" height=\"828\" src=\"\/wp-content\/uploads\/sites\/5\/2019\/10\/Diario-de-Centro-America-Portada-Moderno-hospital-de-Xela-atendera\u0301-a-300-mil-personas-696x828.jpg\" alt=\"\" class=\"wp-image-11797\" srcset=\"\/wp-content\/uploads\/sites\/5\/2019\/10\/Diario-de-Centro-America-Portada-Moderno-hospital-de-Xela-atendera\u0301-a-300-mil-personas-696x828.jpg 696w, \/wp-content\/uploads\/sites\/5\/2019\/10\/Diario-de-Centro-America-Portada-Moderno-hospital-de-Xela-atendera\u0301-a-300-mil-personas-696x828-252x300.jpg 252w, \/wp-content\/uploads\/sites\/5\/2019\/10\/Diario-de-Centro-America-Portada-Moderno-hospital-de-Xela-atendera\u0301-a-300-mil-personas-696x828-353x420.jpg 353w, \/wp-content\/uploads\/sites\/5\/2019\/10\/Diario-de-Centro-America-Portada-Moderno-hospital-de-Xela-atendera\u0301-a-300-mil-personas-696x828-388x462.jpg 388w\" sizes=\"auto, (max-width: 696px) 100vw, 696px\" \/><\/figure>\n\n\n\n<p><strong>Hospital del Instituto Guatemalteco de Seguridad Social&nbsp;es uno de los m\u00e1s modernos de la regi\u00f3n centroamericana.<\/strong><\/p>\n\n\n\n<p>Fuente: Diario de Centro Am\u00e9rica<\/p>\n\n\n\n<p>Enlace en Internet:\u00a0https:\/\/dca.gob.gt\/<a href=\"https:\/\/dca.gob.gt\/\">https:\/\/dca.gob.gt\/<\/a><\/p>\n","protected":false},"excerpt":{"rendered":"<p>Hospital del Instituto Guatemalteco de Seguridad Social&nbsp;es uno de los m\u00e1s modernos de la regi\u00f3n centroamericana. Fuente: Diario de Centro Am\u00e9rica Enlace en Internet:\u00a0https:\/\/dca.gob.gt\/https:\/\/dca.gob.gt\/<\/p>\n","protected":false},"author":9,"featured_media":0,"comment_status":"open","ping_status":"open","sticky":false,"template":"","format":"standard","meta":{"footnotes":""},"categories":[3,15,41,29],"tags":[226,251,482,490],"coauthors":[888],"class_list":{"0":"post-11796","1":"post","2":"type-post","3":"status-publish","4":"format-standard","6":"category-actualidad","7":"category-destacado","8":"category-igss-en-los-medios","9":"category-publicaciones","10":"tag-dca","11":"tag-diario-de-centro-america","12":"tag-hospital-general-de-quetzaltenango","13":"tag-igss"},"_links":{"self":[{"href":"https:\/\/www.igssgt.org\/noticias\/wp-json\/wp\/v2\/posts\/11796","targetHints":{"allow":["GET"]}}],"collection":[{"href":"https:\/\/www.igssgt.org\/noticias\/wp-json\/wp\/v2\/posts"}],"about":[{"href":"https:\/\/www.igssgt.org\/noticias\/wp-json\/wp\/v2\/types\/post"}],"author":[{"embeddable":true,"href":"https:\/\/www.igssgt.org\/noticias\/wp-json\/wp\/v2\/users\/9"}],"replies":[{"embeddable":true,"href":"https:\/\/www.igssgt.org\/noticias\/wp-json\/wp\/v2\/comments?post=11796"}],"version-history":[{"count":2,"href":"https:\/\/www.igssgt.org\/noticias\/wp-json\/wp\/v2\/posts\/11796\/revisions"}],"predecessor-version":[{"id":14402,"href":"https:\/\/www.igssgt.org\/noticias\/wp-json\/wp\/v2\/posts\/11796\/revisions\/14402"}],"wp:attachment":[{"href":"https:\/\/www.igssgt.org\/noticias\/wp-json\/wp\/v2\/media?parent=11796"}],"wp:term":[{"taxonomy":"category","embeddable":true,"href":"https:\/\/www.igssgt.org\/noticias\/wp-json\/wp\/v2\/categories?post=11796"},{"taxonomy":"post_tag","embeddable":true,"href":"https:\/\/www.igssgt.org\/noticias\/wp-json\/wp\/v2\/tags?post=11796"},{"taxonomy":"author","embeddable":true,"href":"https:\/\/www.igssgt.org\/noticias\/wp-json\/wp\/v2\/coauthors?post=11796"}],"curies":[{"name":"wp","href":"https:\/\/api.w.org\/{rel}","templated":true}]}}