{"id":11808,"date":"2017-12-01T09:48:05","date_gmt":"2017-12-01T15:48:05","guid":{"rendered":"https:\/\/www.igssgt.org\/noticias\/?p=11808"},"modified":"2019-10-04T09:56:59","modified_gmt":"2019-10-04T15:56:59","slug":"nuestro-diario-mejoran-atencion-para-afiliados-en-quetzaltenango","status":"publish","type":"post","link":"https:\/\/www.igssgt.org\/noticias\/2017\/12\/01\/nuestro-diario-mejoran-atencion-para-afiliados-en-quetzaltenango\/","title":{"rendered":"Nuestro Diario: Mejoran atencio\u0301n para afiliados en Quetzaltenango"},"content":{"rendered":"\n<h3 class=\"wp-block-heading\"><strong>Con la inauguraci\u00f3n del IGSS, ayer, los quetzaltecos esperan mejor atenci\u00f3n para los pacientes y cuidado especial.<\/strong><\/h3>\n\n\n\n<figure class=\"wp-block-image\"><img loading=\"lazy\" decoding=\"async\" width=\"1024\" height=\"670\" src=\"\/wp-content\/uploads\/sites\/5\/2019\/10\/Nuestro-Diario-Mejoran-atencio\u0301n-para-afiliados-en-Quetzaltenango-1024x670.jpg\" alt=\"\" class=\"wp-image-11809\" srcset=\"\/wp-content\/uploads\/sites\/5\/2019\/10\/Nuestro-Diario-Mejoran-atencio\u0301n-para-afiliados-en-Quetzaltenango-1024x670.jpg 1024w, \/wp-content\/uploads\/sites\/5\/2019\/10\/Nuestro-Diario-Mejoran-atencio\u0301n-para-afiliados-en-Quetzaltenango-300x196.jpg 300w, \/wp-content\/uploads\/sites\/5\/2019\/10\/Nuestro-Diario-Mejoran-atencio\u0301n-para-afiliados-en-Quetzaltenango-768x502.jpg 768w, \/wp-content\/uploads\/sites\/5\/2019\/10\/Nuestro-Diario-Mejoran-atencio\u0301n-para-afiliados-en-Quetzaltenango-642x420.jpg 642w, \/wp-content\/uploads\/sites\/5\/2019\/10\/Nuestro-Diario-Mejoran-atencio\u0301n-para-afiliados-en-Quetzaltenango-696x455.jpg 696w, \/wp-content\/uploads\/sites\/5\/2019\/10\/Nuestro-Diario-Mejoran-atencio\u0301n-para-afiliados-en-Quetzaltenango-1068x699.jpg 1068w, \/wp-content\/uploads\/sites\/5\/2019\/10\/Nuestro-Diario-Mejoran-atencio\u0301n-para-afiliados-en-Quetzaltenango-534x349.jpg 534w, \/wp-content\/uploads\/sites\/5\/2019\/10\/Nuestro-Diario-Mejoran-atencio\u0301n-para-afiliados-en-Quetzaltenango-741x486.jpg 741w, \/wp-content\/uploads\/sites\/5\/2019\/10\/Nuestro-Diario-Mejoran-atencio\u0301n-para-afiliados-en-Quetzaltenango.jpg 1154w\" sizes=\"auto, (max-width: 1024px) 100vw, 1024px\" \/><figcaption> Publicaci\u00f3n de Nuestro Diario de fecha 1 de diciembre de 2017.<\/figcaption><\/figure>\n\n\n\n<p><em><strong>Vinicio Tan, Colaborador<\/strong><\/em><\/p>\n\n\n\n<p><strong>Quetzaltenango.<\/strong>&nbsp;El sue\u00f1o de los afiliados del Instituto Guatemalteco de Seguridad Social (IGSS) se hizo realidad ayer, tras ser inaugurado el nuevo Hospital Regional que atender\u00e1 a pacientes del sur y occidente del pa\u00eds.<\/p>\n\n\n\n<p>La construcci\u00f3n dur\u00f3 cinco a\u00f1os y estuvo a cargo de la Oficina de las Nacionaes Unidas de Servicios para Proyectos (UNOPS), con un costo de Q450 millones, incluyendo el equipo m\u00e9dico.<\/p>\n\n\n\n<p>Habr\u00e1 33 cl\u00ednicas de especialidades, 14 quir\u00f3fanos, 144 camas de recuperaci\u00f3n y cien camas en los distintos intensivos.<\/p>\n\n\n\n<p>Antonio Malouf, presidente de CACIF, dijo que esperan que se preste un servicio adecuado, pues anualmente el 67 por ciento de los ingresos son aportados por cada una de las empresas.<\/p>\n\n\n\n<p>El presidente de la junta directiva del IGSS, Carlos Contreras, explic\u00f3 que comenzar\u00e1n la atenci\u00f3n con la consulta externa, luego se habilitar\u00e1 el \u00e1rea de encamamiento.<\/p>\n\n\n\n<p>La proyecci\u00f3n anual de atenci\u00f3n y derecho habiente es de 10 mil egresos hospitalarios, 300 mil consultas y 74 mil emergencias.<\/p>\n\n\n\n<p>Al acto acudi\u00f3 el presidente Jimmy Morales, quien inst\u00f3 a las empresas a afiliar a sus empleados. Adem\u00e1s, record\u00f3 c\u00f3mo fue beneficiado con la jubilaci\u00f3n de sus padres cuando murieron.<\/p>\n","protected":false},"excerpt":{"rendered":"<p>Con la inauguraci\u00f3n del IGSS, ayer, los quetzaltecos esperan mejor atenci\u00f3n para los pacientes y cuidado especial. Vinicio Tan, Colaborador Quetzaltenango.&nbsp;El sue\u00f1o de los afiliados del Instituto Guatemalteco de Seguridad Social (IGSS) se hizo realidad ayer, tras ser inaugurado el nuevo Hospital Regional que atender\u00e1 a pacientes del sur y occidente del pa\u00eds. La construcci\u00f3n [&hellip;]<\/p>\n","protected":false},"author":9,"featured_media":11810,"comment_status":"open","ping_status":"open","sticky":false,"template":"","format":"standard","meta":{"footnotes":""},"categories":[3,41,23,29],"tags":[981,982,482,490,564,665,842,860],"coauthors":[888],"class_list":{"0":"post-11808","1":"post","2":"type-post","3":"status-publish","4":"format-standard","5":"has-post-thumbnail","7":"category-actualidad","8":"category-igss-en-los-medios","9":"category-patronos","10":"category-publicaciones","11":"tag-antonio-malouf","12":"tag-cacif","13":"tag-hospital-general-de-quetzaltenango","14":"tag-igss","15":"tag-lic-carlos-contreras","16":"tag-nuestro-diario","17":"tag-unops","18":"tag-vinicio-tan"},"_links":{"self":[{"href":"https:\/\/www.igssgt.org\/noticias\/wp-json\/wp\/v2\/posts\/11808","targetHints":{"allow":["GET"]}}],"collection":[{"href":"https:\/\/www.igssgt.org\/noticias\/wp-json\/wp\/v2\/posts"}],"about":[{"href":"https:\/\/www.igssgt.org\/noticias\/wp-json\/wp\/v2\/types\/post"}],"author":[{"embeddable":true,"href":"https:\/\/www.igssgt.org\/noticias\/wp-json\/wp\/v2\/users\/9"}],"replies":[{"embeddable":true,"href":"https:\/\/www.igssgt.org\/noticias\/wp-json\/wp\/v2\/comments?post=11808"}],"version-history":[{"count":1,"href":"https:\/\/www.igssgt.org\/noticias\/wp-json\/wp\/v2\/posts\/11808\/revisions"}],"predecessor-version":[{"id":11811,"href":"https:\/\/www.igssgt.org\/noticias\/wp-json\/wp\/v2\/posts\/11808\/revisions\/11811"}],"wp:featuredmedia":[{"embeddable":true,"href":"https:\/\/www.igssgt.org\/noticias\/wp-json\/wp\/v2\/media\/11810"}],"wp:attachment":[{"href":"https:\/\/www.igssgt.org\/noticias\/wp-json\/wp\/v2\/media?parent=11808"}],"wp:term":[{"taxonomy":"category","embeddable":true,"href":"https:\/\/www.igssgt.org\/noticias\/wp-json\/wp\/v2\/categories?post=11808"},{"taxonomy":"post_tag","embeddable":true,"href":"https:\/\/www.igssgt.org\/noticias\/wp-json\/wp\/v2\/tags?post=11808"},{"taxonomy":"author","embeddable":true,"href":"https:\/\/www.igssgt.org\/noticias\/wp-json\/wp\/v2\/coauthors?post=11808"}],"curies":[{"name":"wp","href":"https:\/\/api.w.org\/{rel}","templated":true}]}}