{"id":11868,"date":"2017-11-27T11:50:10","date_gmt":"2017-11-27T17:50:10","guid":{"rendered":"https:\/\/www.igssgt.org\/noticias\/?p=11868"},"modified":"2019-10-04T11:54:25","modified_gmt":"2019-10-04T17:54:25","slug":"recomiendan-cuidados-a-adultos-mayores-en-epoca-fria","status":"publish","type":"post","link":"https:\/\/www.igssgt.org\/noticias\/2017\/11\/27\/recomiendan-cuidados-a-adultos-mayores-en-epoca-fria\/","title":{"rendered":"Recomiendan cuidados a adultos mayores en \u00e9poca fr\u00eda"},"content":{"rendered":"\n<p>Con la llegada de la \u00e9poca de fr\u00edo se incrementa el n\u00famero de pacientes con afecciones bronquiales y cuadros catarrales, por lo que se les recomienda mantener adecuadamente la temperatura corporal, indica Carlos Gonz\u00e1lez, m\u00e9dico geriatra del Centro de Atenci\u00f3n M\u00e9dica Integral para Pensionados (CAMIP) Pamplona.<\/p>\n\n\n\n<p>Entre los cuidados b\u00e1sicos para prevenir estas afecciones est\u00e1n: si van a salir para participar en actos religiosos o alguna reuni\u00f3n familiar deben abrigarse bien utilizando gorras y bufandas de lana, calentadores para las piernas, pantalones adecuados, pero m\u00e1s recomendable es que si no hay necesidad de salir de sus viviendas que no lo hagan, y que se cubran m\u00e1s para dormir.<\/p>\n\n\n\n<div class=\"wp-block-image\"><figure class=\"alignright is-resized\"><a href=\"http:\/\/noticias-igss.org\/wp-content\/uploads\/2017\/11\/IMG_0162.jpg\"><img loading=\"lazy\" decoding=\"async\" src=\"\/wp-content\/uploads\/sites\/5\/2019\/10\/IMG_0162-537x420.jpg\" alt=\"\" class=\"wp-image-11870\" width=\"243\" height=\"189\" srcset=\"\/wp-content\/uploads\/sites\/5\/2019\/10\/IMG_0162-537x420.jpg 537w, \/wp-content\/uploads\/sites\/5\/2019\/10\/IMG_0162-537x420-300x235.jpg 300w, \/wp-content\/uploads\/sites\/5\/2019\/10\/IMG_0162-537x420-534x418.jpg 534w\" sizes=\"auto, (max-width: 243px) 100vw, 243px\" \/><\/a><\/figure><\/div>\n\n\n\n<p>\u201cEs com\u00fan que en esta \u00e9poca los adultos mayores tengan cambios en sus h\u00e1bitos, por ejemplo est\u00e1n menos activos, quieren dormir m\u00e1s y sienten m\u00e1s cansancio\u201d, indic\u00f3 el doctor Gonz\u00e1lez.<\/p>\n\n\n\n<p><strong>ACUDIR A SU UNIDAD O A SU M\u00c9DICO<\/strong><\/p>\n\n\n\n<p>Al tener alg\u00fan s\u00edntoma de afecciones por el fr\u00edo lo m\u00e1s recomendable es que asistan a su unidad m\u00e9dica o al m\u00e9dico que le corresponda para adecuar los medicamentos necesarios, pues hay que tomar en cuenta que se trata de pacientes vulnerables que generalmente consumen m\u00faltiples medicamentos, entre estos antihistam\u00ednicos populares no prescritos que tienden a aumentar la presi\u00f3n arterial y producen otras complicaciones.<\/p>\n\n\n\n<p>Adem\u00e1s, dijo que no se recomienda el uso de antibi\u00f3ticos en los inicios de los s\u00edntomas ya que muchos cuadros son puramente virales y ceden con tratamiento sintom\u00e1tico.<\/p>\n\n\n\n<p>Estos cuidados deben mantenerse durante los meses de noviembre a febrero, tiempo que duran las bajas temperaturas. Durante estas fechas en las diferentes unidades de atenci\u00f3n al adulto mayor del IGSS se aplica la vacuna contra la influenza y neumococo, la cual se extiende hasta abril, explic\u00f3 el profesional.<\/p>\n\n\n\n<figure class=\"wp-block-image\"><img loading=\"lazy\" decoding=\"async\" width=\"1024\" height=\"683\" src=\"\/wp-content\/uploads\/sites\/5\/2019\/10\/IMG_0136-1024x683.jpg\" alt=\"\" class=\"wp-image-11869\" srcset=\"\/wp-content\/uploads\/sites\/5\/2019\/10\/IMG_0136-1024x683.jpg 1024w, \/wp-content\/uploads\/sites\/5\/2019\/10\/IMG_0136-300x200.jpg 300w, \/wp-content\/uploads\/sites\/5\/2019\/10\/IMG_0136-768x512.jpg 768w, \/wp-content\/uploads\/sites\/5\/2019\/10\/IMG_0136-630x420.jpg 630w, \/wp-content\/uploads\/sites\/5\/2019\/10\/IMG_0136-696x464.jpg 696w, \/wp-content\/uploads\/sites\/5\/2019\/10\/IMG_0136-1068x712.jpg 1068w, \/wp-content\/uploads\/sites\/5\/2019\/10\/IMG_0136-534x356.jpg 534w, \/wp-content\/uploads\/sites\/5\/2019\/10\/IMG_0136.jpg 1440w\" sizes=\"auto, (max-width: 1024px) 100vw, 1024px\" \/><\/figure>\n","protected":false},"excerpt":{"rendered":"<p>Con la llegada de la \u00e9poca de fr\u00edo se incrementa el n\u00famero de pacientes con afecciones bronquiales y cuadros catarrales, por lo que se les recomienda mantener adecuadamente la temperatura corporal, indica Carlos Gonz\u00e1lez, m\u00e9dico geriatra del Centro de Atenci\u00f3n M\u00e9dica Integral para Pensionados (CAMIP) Pamplona. Entre los cuidados b\u00e1sicos para prevenir estas afecciones est\u00e1n: [&hellip;]<\/p>\n","protected":false},"author":9,"featured_media":11871,"comment_status":"open","ping_status":"open","sticky":false,"template":"","format":"standard","meta":{"footnotes":""},"categories":[3,8,20,25,29,36],"tags":[146,149,987,453],"coauthors":[888],"class_list":{"0":"post-11868","1":"post","2":"type-post","3":"status-publish","4":"format-standard","5":"has-post-thumbnail","7":"category-actualidad","8":"category-camip","9":"category-jubilados","10":"category-pensionados","11":"category-publicaciones","12":"category-unidades-medicas","13":"tag-camip","14":"tag-camip-pamplona","15":"tag-dr-carlos-gonzales","16":"tag-geriatria"},"_links":{"self":[{"href":"https:\/\/www.igssgt.org\/noticias\/wp-json\/wp\/v2\/posts\/11868","targetHints":{"allow":["GET"]}}],"collection":[{"href":"https:\/\/www.igssgt.org\/noticias\/wp-json\/wp\/v2\/posts"}],"about":[{"href":"https:\/\/www.igssgt.org\/noticias\/wp-json\/wp\/v2\/types\/post"}],"author":[{"embeddable":true,"href":"https:\/\/www.igssgt.org\/noticias\/wp-json\/wp\/v2\/users\/9"}],"replies":[{"embeddable":true,"href":"https:\/\/www.igssgt.org\/noticias\/wp-json\/wp\/v2\/comments?post=11868"}],"version-history":[{"count":1,"href":"https:\/\/www.igssgt.org\/noticias\/wp-json\/wp\/v2\/posts\/11868\/revisions"}],"predecessor-version":[{"id":11872,"href":"https:\/\/www.igssgt.org\/noticias\/wp-json\/wp\/v2\/posts\/11868\/revisions\/11872"}],"wp:featuredmedia":[{"embeddable":true,"href":"https:\/\/www.igssgt.org\/noticias\/wp-json\/wp\/v2\/media\/11871"}],"wp:attachment":[{"href":"https:\/\/www.igssgt.org\/noticias\/wp-json\/wp\/v2\/media?parent=11868"}],"wp:term":[{"taxonomy":"category","embeddable":true,"href":"https:\/\/www.igssgt.org\/noticias\/wp-json\/wp\/v2\/categories?post=11868"},{"taxonomy":"post_tag","embeddable":true,"href":"https:\/\/www.igssgt.org\/noticias\/wp-json\/wp\/v2\/tags?post=11868"},{"taxonomy":"author","embeddable":true,"href":"https:\/\/www.igssgt.org\/noticias\/wp-json\/wp\/v2\/coauthors?post=11868"}],"curies":[{"name":"wp","href":"https:\/\/api.w.org\/{rel}","templated":true}]}}