{"id":11882,"date":"2017-11-24T12:06:35","date_gmt":"2017-11-24T18:06:35","guid":{"rendered":"https:\/\/www.igssgt.org\/noticias\/?p=11882"},"modified":"2019-10-04T12:48:47","modified_gmt":"2019-10-04T18:48:47","slug":"clausuran-curso-de-vacaciones-2017-en-biblioteca-central-del-igss","status":"publish","type":"post","link":"https:\/\/www.igssgt.org\/noticias\/2017\/11\/24\/clausuran-curso-de-vacaciones-2017-en-biblioteca-central-del-igss\/","title":{"rendered":"Clausuran curso de vacaciones 2017 en Biblioteca Central del IGSS"},"content":{"rendered":"\n<figure class=\"wp-block-image\"><img loading=\"lazy\" decoding=\"async\" width=\"1024\" height=\"683\" src=\"\/wp-content\/uploads\/sites\/5\/2019\/10\/Clausuran-curso-de-vacaciones-en-el-igss-2017-5-1024x683.jpg\" alt=\"\" class=\"wp-image-11901\" srcset=\"\/wp-content\/uploads\/sites\/5\/2019\/10\/Clausuran-curso-de-vacaciones-en-el-igss-2017-5-1024x683.jpg 1024w, \/wp-content\/uploads\/sites\/5\/2019\/10\/Clausuran-curso-de-vacaciones-en-el-igss-2017-5-1536x1024.jpg 1536w, \/wp-content\/uploads\/sites\/5\/2019\/10\/Clausuran-curso-de-vacaciones-en-el-igss-2017-5-2048x1365.jpg 2048w, \/wp-content\/uploads\/sites\/5\/2019\/10\/Clausuran-curso-de-vacaciones-en-el-igss-2017-5-300x200.jpg 300w, \/wp-content\/uploads\/sites\/5\/2019\/10\/Clausuran-curso-de-vacaciones-en-el-igss-2017-5-768x512.jpg 768w, \/wp-content\/uploads\/sites\/5\/2019\/10\/Clausuran-curso-de-vacaciones-en-el-igss-2017-5-630x420.jpg 630w, \/wp-content\/uploads\/sites\/5\/2019\/10\/Clausuran-curso-de-vacaciones-en-el-igss-2017-5-696x464.jpg 696w, \/wp-content\/uploads\/sites\/5\/2019\/10\/Clausuran-curso-de-vacaciones-en-el-igss-2017-5-1068x712.jpg 1068w, \/wp-content\/uploads\/sites\/5\/2019\/10\/Clausuran-curso-de-vacaciones-en-el-igss-2017-5-534x356.jpg 534w\" sizes=\"auto, (max-width: 1024px) 100vw, 1024px\" \/><\/figure>\n\n\n\n<p>Con la entrega de diplomas a los participantes as\u00ed como con una exposici\u00f3n de los trabajos que realizaron, concluy\u00f3 hoy el curso de vacaciones \u201cManualidades Infantiles\u201d que se llev\u00f3 a cabo en la Biblioteca Central del Instituto Guatemalteco de Seguridad Social (IGSS),<\/p>\n\n\n\n<p>El acto el acto de clausura los m\u00e1s de 50 ni\u00f1os y ni\u00f1as que participaron en el curso recibieron su diploma de participaci\u00f3n, el cual fue entregado por el licenciado Carlos Santos del Departamento de Comunicaci\u00f3n y Relaciones P\u00fablicas, la licenciada Jeannette Santos y la instructora Sonia Franco.<\/p>\n\n\n\n<p><strong>Varias actividades<\/strong><\/p>\n\n\n\n<p>La actividad fue realizada del 13 al 24 de noviembre tiempo en el cual los menores recibieron charlas profesionales para fortalecer sus principios y valores, adem\u00e1s elaboran distintas manualidades con las t\u00e9cnicas de repujado, falso repujado, decoupage, y pintura acr\u00edlica.<\/p>\n\n\n\n<p>Las distintas t\u00e9cnicas fueron aplicadas en distintas piezas de arcilla como tejas, comales, ollas y jarros, as\u00ed como en botellas, las que fueron decoradas con cascara de huevo y brillantina de distintos colores. Todos los trabajos realizados por los ni\u00f1os fueron entregados a sus padres o encargados.<\/p>\n\n\n\r\n                <style type=\"text\/css\">\r\n                    \r\n                    #tdi_1  .td-doubleSlider-2 .td-item1 {\r\n                        background: url(\/wp-content\/uploads\/sites\/5\/2019\/10\/Clausuran-curso-de-vacaciones-en-el-igss-2017-1-80x60.jpg) 0 0 no-repeat;\r\n                    }\r\n                    #tdi_1  .td-doubleSlider-2 .td-item2 {\r\n                        background: url(\/wp-content\/uploads\/sites\/5\/2019\/10\/Clausuran-curso-de-vacaciones-en-el-igss-2017-2-80x60.jpg) 0 0 no-repeat;\r\n                    }\r\n                    #tdi_1  .td-doubleSlider-2 .td-item3 {\r\n                        background: url(\/wp-content\/uploads\/sites\/5\/2019\/10\/Clausuran-curso-de-vacaciones-en-el-igss-2017-3-80x60.jpg) 0 0 no-repeat;\r\n                    }\r\n                    #tdi_1  .td-doubleSlider-2 .td-item4 {\r\n                        background: url(\/wp-content\/uploads\/sites\/5\/2019\/10\/Clausuran-curso-de-vacaciones-en-el-igss-2017-4-80x60.jpg) 0 0 no-repeat;\r\n                    }\r\n                    #tdi_1  .td-doubleSlider-2 .td-item5 {\r\n                        background: url(\/wp-content\/uploads\/sites\/5\/2019\/10\/Clausuran-curso-de-vacaciones-en-el-igss-2017-5-80x60.jpg) 0 0 no-repeat;\r\n                    }\r\n                    #tdi_1  .td-doubleSlider-2 .td-item6 {\r\n                        background: url(\/wp-content\/uploads\/sites\/5\/2019\/10\/Clausuran-curso-de-vacaciones-en-el-igss-2017-6-80x60.jpg) 0 0 no-repeat;\r\n                    }\r\n                    #tdi_1  .td-doubleSlider-2 .td-item7 {\r\n                        background: url(\/wp-content\/uploads\/sites\/5\/2019\/10\/Clausuran-curso-de-vacaciones-en-el-igss-2017-7-80x60.jpg) 0 0 no-repeat;\r\n                    }\r\n                    #tdi_1  .td-doubleSlider-2 .td-item8 {\r\n                        background: url(\/wp-content\/uploads\/sites\/5\/2019\/10\/Clausuran-curso-de-vacaciones-en-el-igss-2017-8-80x60.jpg) 0 0 no-repeat;\r\n                    }\r\n                    #tdi_1  .td-doubleSlider-2 .td-item9 {\r\n                        background: url(\/wp-content\/uploads\/sites\/5\/2019\/10\/Clausuran-curso-de-vacaciones-en-el-igss-2017-9-80x60.jpg) 0 0 no-repeat;\r\n                    }\r\n                    #tdi_1  .td-doubleSlider-2 .td-item10 {\r\n                        background: url(\/wp-content\/uploads\/sites\/5\/2019\/10\/Clausuran-curso-de-vacaciones-en-el-igss-2017-10-80x60.jpg) 0 0 no-repeat;\r\n                    }\r\n                    #tdi_1  .td-doubleSlider-2 .td-item11 {\r\n                        background: url(\/wp-content\/uploads\/sites\/5\/2019\/10\/Clausuran-curso-de-vacaciones-en-el-igss-2017-11-80x60.jpg) 0 0 no-repeat;\r\n                    }\r\n                    #tdi_1  .td-doubleSlider-2 .td-item12 {\r\n                        background: url(\/wp-content\/uploads\/sites\/5\/2019\/10\/Clausuran-curso-de-vacaciones-en-el-igss-2017-12-80x60.jpg) 0 0 no-repeat;\r\n                    }\r\n                    #tdi_1  .td-doubleSlider-2 .td-item13 {\r\n                        background: url(\/wp-content\/uploads\/sites\/5\/2019\/10\/Clausuran-curso-de-vacaciones-en-el-igss-2017-13-80x60.jpg) 0 0 no-repeat;\r\n                    }\r\n                    #tdi_1  .td-doubleSlider-2 .td-item14 {\r\n                        background: url(\/wp-content\/uploads\/sites\/5\/2019\/10\/Clausuran-curso-de-vacaciones-en-el-igss-2017-14-80x60.jpg) 0 0 no-repeat;\r\n                    }\r\n                    #tdi_1  .td-doubleSlider-2 .td-item15 {\r\n                        background: url(\/wp-content\/uploads\/sites\/5\/2019\/10\/Clausuran-curso-de-vacaciones-en-el-igss-2017-15-80x60.jpg) 0 0 no-repeat;\r\n                    }\r\n                <\/style>\r\n\r\n                <div id=\"tdi_1\" class=\"td-gallery td-slide-on-2-columns\">\r\n                    <div class=\"post_td_gallery\">\r\n                        <div class=\"td-gallery-slide-top\">\r\n                           <div class=\"td-gallery-title\"><\/div>\r\n\r\n                            <div class=\"td-gallery-controls-wrapper\">\r\n                                <div class=\"td-gallery-slide-count\"><span class=\"td-gallery-slide-item-focus\">1<\/span> de 15<\/div>\r\n                                <div class=\"td-gallery-slide-prev-next-but\">\r\n                                    <i class = \"td-icon-left doubleSliderPrevButton\"><\/i>\r\n                                    <i class = \"td-icon-right doubleSliderNextButton\"><\/i>\r\n                                <\/div>\r\n                            <\/div>\r\n                        <\/div>\r\n\r\n                        <div class = \"td-doubleSlider-1 \">\r\n                            <div class = \"td-slider\">\r\n                                \r\n                    <div class = \"td-slide-item td-item1\">\r\n                        <figure class=\"td-slide-galery-figure td-slide-popup-gallery\">\r\n                            <a class=\"slide-gallery-image-link\" href=\"\/wp-content\/uploads\/sites\/5\/2019\/10\/Clausuran-curso-de-vacaciones-en-el-igss-2017-1-scaled.jpg\" title=\"Clausuran-curso-de-vacaciones-en-el-igss-2017-1\"  data-caption=\"\"  data-description=\"\">\r\n                                <img decoding=\"async\" src=\"\/wp-content\/uploads\/sites\/5\/2019\/10\/Clausuran-curso-de-vacaciones-en-el-igss-2017-1-630x420.jpg\" srcset=\"\/wp-content\/uploads\/sites\/5\/2019\/10\/Clausuran-curso-de-vacaciones-en-el-igss-2017-1-630x420.jpg 630w, \/wp-content\/uploads\/sites\/5\/2019\/10\/Clausuran-curso-de-vacaciones-en-el-igss-2017-1-1536x1024.jpg 1536w, \/wp-content\/uploads\/sites\/5\/2019\/10\/Clausuran-curso-de-vacaciones-en-el-igss-2017-1-2048x1365.jpg 2048w, \/wp-content\/uploads\/sites\/5\/2019\/10\/Clausuran-curso-de-vacaciones-en-el-igss-2017-1-300x200.jpg 300w, \/wp-content\/uploads\/sites\/5\/2019\/10\/Clausuran-curso-de-vacaciones-en-el-igss-2017-1-768x512.jpg 768w, \/wp-content\/uploads\/sites\/5\/2019\/10\/Clausuran-curso-de-vacaciones-en-el-igss-2017-1-1024x683.jpg 1024w, \/wp-content\/uploads\/sites\/5\/2019\/10\/Clausuran-curso-de-vacaciones-en-el-igss-2017-1-696x464.jpg 696w, \/wp-content\/uploads\/sites\/5\/2019\/10\/Clausuran-curso-de-vacaciones-en-el-igss-2017-1-1068x712.jpg 1068w, \/wp-content\/uploads\/sites\/5\/2019\/10\/Clausuran-curso-de-vacaciones-en-el-igss-2017-1-534x356.jpg 534w\" sizes=\"(max-width: 630px) 100vw, 630px\" alt=\"\">\r\n                            <\/a>\r\n                            \r\n                        <\/figure>\r\n                    <\/div>\r\n                    <div class = \"td-slide-item td-item2\">\r\n                        <figure class=\"td-slide-galery-figure td-slide-popup-gallery\">\r\n                            <a class=\"slide-gallery-image-link\" href=\"\/wp-content\/uploads\/sites\/5\/2019\/10\/Clausuran-curso-de-vacaciones-en-el-igss-2017-2-scaled.jpg\" title=\"Clausuran-curso-de-vacaciones-en-el-igss-2017-2\"  data-caption=\"\"  data-description=\"\">\r\n                                <img decoding=\"async\" src=\"\/wp-content\/uploads\/sites\/5\/2019\/10\/Clausuran-curso-de-vacaciones-en-el-igss-2017-2-630x420.jpg\" srcset=\"\/wp-content\/uploads\/sites\/5\/2019\/10\/Clausuran-curso-de-vacaciones-en-el-igss-2017-2-630x420.jpg 630w, \/wp-content\/uploads\/sites\/5\/2019\/10\/Clausuran-curso-de-vacaciones-en-el-igss-2017-2-1536x1024.jpg 1536w, \/wp-content\/uploads\/sites\/5\/2019\/10\/Clausuran-curso-de-vacaciones-en-el-igss-2017-2-2048x1365.jpg 2048w, \/wp-content\/uploads\/sites\/5\/2019\/10\/Clausuran-curso-de-vacaciones-en-el-igss-2017-2-300x200.jpg 300w, \/wp-content\/uploads\/sites\/5\/2019\/10\/Clausuran-curso-de-vacaciones-en-el-igss-2017-2-768x512.jpg 768w, \/wp-content\/uploads\/sites\/5\/2019\/10\/Clausuran-curso-de-vacaciones-en-el-igss-2017-2-1024x683.jpg 1024w, \/wp-content\/uploads\/sites\/5\/2019\/10\/Clausuran-curso-de-vacaciones-en-el-igss-2017-2-696x464.jpg 696w, \/wp-content\/uploads\/sites\/5\/2019\/10\/Clausuran-curso-de-vacaciones-en-el-igss-2017-2-1068x712.jpg 1068w, \/wp-content\/uploads\/sites\/5\/2019\/10\/Clausuran-curso-de-vacaciones-en-el-igss-2017-2-534x356.jpg 534w\" sizes=\"(max-width: 630px) 100vw, 630px\" alt=\"\">\r\n                            <\/a>\r\n                            \r\n                        <\/figure>\r\n                    <\/div>\r\n                    <div class = \"td-slide-item td-item3\">\r\n                        <figure class=\"td-slide-galery-figure td-slide-popup-gallery\">\r\n                            <a class=\"slide-gallery-image-link\" href=\"\/wp-content\/uploads\/sites\/5\/2019\/10\/Clausuran-curso-de-vacaciones-en-el-igss-2017-3-scaled.jpg\" title=\"Clausuran-curso-de-vacaciones-en-el-igss-2017-3\"  data-caption=\"\"  data-description=\"\">\r\n                                <img decoding=\"async\" src=\"\/wp-content\/uploads\/sites\/5\/2019\/10\/Clausuran-curso-de-vacaciones-en-el-igss-2017-3-630x420.jpg\" srcset=\"\/wp-content\/uploads\/sites\/5\/2019\/10\/Clausuran-curso-de-vacaciones-en-el-igss-2017-3-630x420.jpg 630w, \/wp-content\/uploads\/sites\/5\/2019\/10\/Clausuran-curso-de-vacaciones-en-el-igss-2017-3-1536x1024.jpg 1536w, \/wp-content\/uploads\/sites\/5\/2019\/10\/Clausuran-curso-de-vacaciones-en-el-igss-2017-3-2048x1365.jpg 2048w, \/wp-content\/uploads\/sites\/5\/2019\/10\/Clausuran-curso-de-vacaciones-en-el-igss-2017-3-300x200.jpg 300w, \/wp-content\/uploads\/sites\/5\/2019\/10\/Clausuran-curso-de-vacaciones-en-el-igss-2017-3-768x512.jpg 768w, \/wp-content\/uploads\/sites\/5\/2019\/10\/Clausuran-curso-de-vacaciones-en-el-igss-2017-3-1024x683.jpg 1024w, \/wp-content\/uploads\/sites\/5\/2019\/10\/Clausuran-curso-de-vacaciones-en-el-igss-2017-3-696x464.jpg 696w, \/wp-content\/uploads\/sites\/5\/2019\/10\/Clausuran-curso-de-vacaciones-en-el-igss-2017-3-1068x712.jpg 1068w, \/wp-content\/uploads\/sites\/5\/2019\/10\/Clausuran-curso-de-vacaciones-en-el-igss-2017-3-534x356.jpg 534w\" sizes=\"(max-width: 630px) 100vw, 630px\" alt=\"\">\r\n                            <\/a>\r\n                            \r\n                        <\/figure>\r\n                    <\/div>\r\n                    <div class = \"td-slide-item td-item4\">\r\n                        <figure class=\"td-slide-galery-figure td-slide-popup-gallery\">\r\n                            <a class=\"slide-gallery-image-link\" href=\"\/wp-content\/uploads\/sites\/5\/2019\/10\/Clausuran-curso-de-vacaciones-en-el-igss-2017-4-scaled.jpg\" title=\"Clausuran-curso-de-vacaciones-en-el-igss-2017-4\"  data-caption=\"\"  data-description=\"\">\r\n                                <img decoding=\"async\" src=\"\/wp-content\/uploads\/sites\/5\/2019\/10\/Clausuran-curso-de-vacaciones-en-el-igss-2017-4-630x420.jpg\" srcset=\"\/wp-content\/uploads\/sites\/5\/2019\/10\/Clausuran-curso-de-vacaciones-en-el-igss-2017-4-630x420.jpg 630w, \/wp-content\/uploads\/sites\/5\/2019\/10\/Clausuran-curso-de-vacaciones-en-el-igss-2017-4-1536x1024.jpg 1536w, \/wp-content\/uploads\/sites\/5\/2019\/10\/Clausuran-curso-de-vacaciones-en-el-igss-2017-4-2048x1365.jpg 2048w, \/wp-content\/uploads\/sites\/5\/2019\/10\/Clausuran-curso-de-vacaciones-en-el-igss-2017-4-300x200.jpg 300w, \/wp-content\/uploads\/sites\/5\/2019\/10\/Clausuran-curso-de-vacaciones-en-el-igss-2017-4-768x512.jpg 768w, \/wp-content\/uploads\/sites\/5\/2019\/10\/Clausuran-curso-de-vacaciones-en-el-igss-2017-4-1024x683.jpg 1024w, \/wp-content\/uploads\/sites\/5\/2019\/10\/Clausuran-curso-de-vacaciones-en-el-igss-2017-4-696x464.jpg 696w, \/wp-content\/uploads\/sites\/5\/2019\/10\/Clausuran-curso-de-vacaciones-en-el-igss-2017-4-1068x712.jpg 1068w, \/wp-content\/uploads\/sites\/5\/2019\/10\/Clausuran-curso-de-vacaciones-en-el-igss-2017-4-534x356.jpg 534w\" sizes=\"(max-width: 630px) 100vw, 630px\" alt=\"\">\r\n                            <\/a>\r\n                            \r\n                        <\/figure>\r\n                    <\/div>\r\n                    <div class = \"td-slide-item td-item5\">\r\n                        <figure class=\"td-slide-galery-figure td-slide-popup-gallery\">\r\n                            <a class=\"slide-gallery-image-link\" href=\"\/wp-content\/uploads\/sites\/5\/2019\/10\/Clausuran-curso-de-vacaciones-en-el-igss-2017-5-scaled.jpg\" title=\"Clausuran-curso-de-vacaciones-en-el-igss-2017-5\"  data-caption=\"\"  data-description=\"\">\r\n                                <img decoding=\"async\" src=\"\/wp-content\/uploads\/sites\/5\/2019\/10\/Clausuran-curso-de-vacaciones-en-el-igss-2017-5-630x420.jpg\" srcset=\"\/wp-content\/uploads\/sites\/5\/2019\/10\/Clausuran-curso-de-vacaciones-en-el-igss-2017-5-630x420.jpg 630w, \/wp-content\/uploads\/sites\/5\/2019\/10\/Clausuran-curso-de-vacaciones-en-el-igss-2017-5-1536x1024.jpg 1536w, \/wp-content\/uploads\/sites\/5\/2019\/10\/Clausuran-curso-de-vacaciones-en-el-igss-2017-5-2048x1365.jpg 2048w, \/wp-content\/uploads\/sites\/5\/2019\/10\/Clausuran-curso-de-vacaciones-en-el-igss-2017-5-300x200.jpg 300w, \/wp-content\/uploads\/sites\/5\/2019\/10\/Clausuran-curso-de-vacaciones-en-el-igss-2017-5-768x512.jpg 768w, \/wp-content\/uploads\/sites\/5\/2019\/10\/Clausuran-curso-de-vacaciones-en-el-igss-2017-5-1024x683.jpg 1024w, \/wp-content\/uploads\/sites\/5\/2019\/10\/Clausuran-curso-de-vacaciones-en-el-igss-2017-5-696x464.jpg 696w, \/wp-content\/uploads\/sites\/5\/2019\/10\/Clausuran-curso-de-vacaciones-en-el-igss-2017-5-1068x712.jpg 1068w, \/wp-content\/uploads\/sites\/5\/2019\/10\/Clausuran-curso-de-vacaciones-en-el-igss-2017-5-534x356.jpg 534w\" sizes=\"(max-width: 630px) 100vw, 630px\" alt=\"\">\r\n                            <\/a>\r\n                            \r\n                        <\/figure>\r\n                    <\/div>\r\n                    <div class = \"td-slide-item td-item6\">\r\n                        <figure class=\"td-slide-galery-figure td-slide-popup-gallery\">\r\n                            <a class=\"slide-gallery-image-link\" href=\"\/wp-content\/uploads\/sites\/5\/2019\/10\/Clausuran-curso-de-vacaciones-en-el-igss-2017-6-scaled.jpg\" title=\"Clausuran-curso-de-vacaciones-en-el-igss-2017-6\"  data-caption=\"\"  data-description=\"\">\r\n                                <img decoding=\"async\" src=\"\/wp-content\/uploads\/sites\/5\/2019\/10\/Clausuran-curso-de-vacaciones-en-el-igss-2017-6-630x420.jpg\" srcset=\"\/wp-content\/uploads\/sites\/5\/2019\/10\/Clausuran-curso-de-vacaciones-en-el-igss-2017-6-630x420.jpg 630w, \/wp-content\/uploads\/sites\/5\/2019\/10\/Clausuran-curso-de-vacaciones-en-el-igss-2017-6-1536x1024.jpg 1536w, \/wp-content\/uploads\/sites\/5\/2019\/10\/Clausuran-curso-de-vacaciones-en-el-igss-2017-6-2048x1365.jpg 2048w, \/wp-content\/uploads\/sites\/5\/2019\/10\/Clausuran-curso-de-vacaciones-en-el-igss-2017-6-300x200.jpg 300w, \/wp-content\/uploads\/sites\/5\/2019\/10\/Clausuran-curso-de-vacaciones-en-el-igss-2017-6-768x512.jpg 768w, \/wp-content\/uploads\/sites\/5\/2019\/10\/Clausuran-curso-de-vacaciones-en-el-igss-2017-6-1024x683.jpg 1024w, \/wp-content\/uploads\/sites\/5\/2019\/10\/Clausuran-curso-de-vacaciones-en-el-igss-2017-6-696x464.jpg 696w, \/wp-content\/uploads\/sites\/5\/2019\/10\/Clausuran-curso-de-vacaciones-en-el-igss-2017-6-1068x712.jpg 1068w, \/wp-content\/uploads\/sites\/5\/2019\/10\/Clausuran-curso-de-vacaciones-en-el-igss-2017-6-534x356.jpg 534w\" sizes=\"(max-width: 630px) 100vw, 630px\" alt=\"\">\r\n                            <\/a>\r\n                            \r\n                        <\/figure>\r\n                    <\/div>\r\n                    <div class = \"td-slide-item td-item7\">\r\n                        <figure class=\"td-slide-galery-figure td-slide-popup-gallery\">\r\n                            <a class=\"slide-gallery-image-link\" href=\"\/wp-content\/uploads\/sites\/5\/2019\/10\/Clausuran-curso-de-vacaciones-en-el-igss-2017-7-scaled.jpg\" title=\"Clausuran-curso-de-vacaciones-en-el-igss-2017-7\"  data-caption=\"\"  data-description=\"\">\r\n                                <img decoding=\"async\" src=\"\/wp-content\/uploads\/sites\/5\/2019\/10\/Clausuran-curso-de-vacaciones-en-el-igss-2017-7-630x420.jpg\" srcset=\"\/wp-content\/uploads\/sites\/5\/2019\/10\/Clausuran-curso-de-vacaciones-en-el-igss-2017-7-630x420.jpg 630w, \/wp-content\/uploads\/sites\/5\/2019\/10\/Clausuran-curso-de-vacaciones-en-el-igss-2017-7-1536x1024.jpg 1536w, \/wp-content\/uploads\/sites\/5\/2019\/10\/Clausuran-curso-de-vacaciones-en-el-igss-2017-7-2048x1365.jpg 2048w, \/wp-content\/uploads\/sites\/5\/2019\/10\/Clausuran-curso-de-vacaciones-en-el-igss-2017-7-300x200.jpg 300w, \/wp-content\/uploads\/sites\/5\/2019\/10\/Clausuran-curso-de-vacaciones-en-el-igss-2017-7-768x512.jpg 768w, \/wp-content\/uploads\/sites\/5\/2019\/10\/Clausuran-curso-de-vacaciones-en-el-igss-2017-7-1024x683.jpg 1024w, \/wp-content\/uploads\/sites\/5\/2019\/10\/Clausuran-curso-de-vacaciones-en-el-igss-2017-7-696x464.jpg 696w, \/wp-content\/uploads\/sites\/5\/2019\/10\/Clausuran-curso-de-vacaciones-en-el-igss-2017-7-1068x712.jpg 1068w, \/wp-content\/uploads\/sites\/5\/2019\/10\/Clausuran-curso-de-vacaciones-en-el-igss-2017-7-534x356.jpg 534w\" sizes=\"(max-width: 630px) 100vw, 630px\" alt=\"\">\r\n                            <\/a>\r\n                            \r\n                        <\/figure>\r\n                    <\/div>\r\n                    <div class = \"td-slide-item td-item8\">\r\n                        <figure class=\"td-slide-galery-figure td-slide-popup-gallery\">\r\n                            <a class=\"slide-gallery-image-link\" href=\"\/wp-content\/uploads\/sites\/5\/2019\/10\/Clausuran-curso-de-vacaciones-en-el-igss-2017-8-scaled.jpg\" title=\"Clausuran-curso-de-vacaciones-en-el-igss-2017-8\"  data-caption=\"\"  data-description=\"\">\r\n                                <img decoding=\"async\" src=\"\/wp-content\/uploads\/sites\/5\/2019\/10\/Clausuran-curso-de-vacaciones-en-el-igss-2017-8-630x420.jpg\" srcset=\"\/wp-content\/uploads\/sites\/5\/2019\/10\/Clausuran-curso-de-vacaciones-en-el-igss-2017-8-630x420.jpg 630w, \/wp-content\/uploads\/sites\/5\/2019\/10\/Clausuran-curso-de-vacaciones-en-el-igss-2017-8-1536x1024.jpg 1536w, \/wp-content\/uploads\/sites\/5\/2019\/10\/Clausuran-curso-de-vacaciones-en-el-igss-2017-8-2048x1365.jpg 2048w, \/wp-content\/uploads\/sites\/5\/2019\/10\/Clausuran-curso-de-vacaciones-en-el-igss-2017-8-300x200.jpg 300w, \/wp-content\/uploads\/sites\/5\/2019\/10\/Clausuran-curso-de-vacaciones-en-el-igss-2017-8-768x512.jpg 768w, \/wp-content\/uploads\/sites\/5\/2019\/10\/Clausuran-curso-de-vacaciones-en-el-igss-2017-8-1024x683.jpg 1024w, \/wp-content\/uploads\/sites\/5\/2019\/10\/Clausuran-curso-de-vacaciones-en-el-igss-2017-8-696x464.jpg 696w, \/wp-content\/uploads\/sites\/5\/2019\/10\/Clausuran-curso-de-vacaciones-en-el-igss-2017-8-1068x712.jpg 1068w, \/wp-content\/uploads\/sites\/5\/2019\/10\/Clausuran-curso-de-vacaciones-en-el-igss-2017-8-534x356.jpg 534w\" sizes=\"(max-width: 630px) 100vw, 630px\" alt=\"\">\r\n                            <\/a>\r\n                            \r\n                        <\/figure>\r\n                    <\/div>\r\n                    <div class = \"td-slide-item td-item9\">\r\n                        <figure class=\"td-slide-galery-figure td-slide-popup-gallery\">\r\n                            <a class=\"slide-gallery-image-link\" href=\"\/wp-content\/uploads\/sites\/5\/2019\/10\/Clausuran-curso-de-vacaciones-en-el-igss-2017-9-scaled.jpg\" title=\"Clausuran-curso-de-vacaciones-en-el-igss-2017-9\"  data-caption=\"\"  data-description=\"\">\r\n                                <img decoding=\"async\" src=\"\/wp-content\/uploads\/sites\/5\/2019\/10\/Clausuran-curso-de-vacaciones-en-el-igss-2017-9-630x420.jpg\" srcset=\"\/wp-content\/uploads\/sites\/5\/2019\/10\/Clausuran-curso-de-vacaciones-en-el-igss-2017-9-630x420.jpg 630w, \/wp-content\/uploads\/sites\/5\/2019\/10\/Clausuran-curso-de-vacaciones-en-el-igss-2017-9-1536x1024.jpg 1536w, \/wp-content\/uploads\/sites\/5\/2019\/10\/Clausuran-curso-de-vacaciones-en-el-igss-2017-9-2048x1365.jpg 2048w, \/wp-content\/uploads\/sites\/5\/2019\/10\/Clausuran-curso-de-vacaciones-en-el-igss-2017-9-300x200.jpg 300w, \/wp-content\/uploads\/sites\/5\/2019\/10\/Clausuran-curso-de-vacaciones-en-el-igss-2017-9-768x512.jpg 768w, \/wp-content\/uploads\/sites\/5\/2019\/10\/Clausuran-curso-de-vacaciones-en-el-igss-2017-9-1024x683.jpg 1024w, \/wp-content\/uploads\/sites\/5\/2019\/10\/Clausuran-curso-de-vacaciones-en-el-igss-2017-9-696x464.jpg 696w, \/wp-content\/uploads\/sites\/5\/2019\/10\/Clausuran-curso-de-vacaciones-en-el-igss-2017-9-1068x712.jpg 1068w, \/wp-content\/uploads\/sites\/5\/2019\/10\/Clausuran-curso-de-vacaciones-en-el-igss-2017-9-534x356.jpg 534w\" sizes=\"(max-width: 630px) 100vw, 630px\" alt=\"\">\r\n                            <\/a>\r\n                            \r\n                        <\/figure>\r\n                    <\/div>\r\n                    <div class = \"td-slide-item td-item10\">\r\n                        <figure class=\"td-slide-galery-figure td-slide-popup-gallery\">\r\n                            <a class=\"slide-gallery-image-link\" href=\"\/wp-content\/uploads\/sites\/5\/2019\/10\/Clausuran-curso-de-vacaciones-en-el-igss-2017-10-scaled.jpg\" title=\"Clausuran-curso-de-vacaciones-en-el-igss-2017-10\"  data-caption=\"\"  data-description=\"\">\r\n                                <img decoding=\"async\" src=\"\/wp-content\/uploads\/sites\/5\/2019\/10\/Clausuran-curso-de-vacaciones-en-el-igss-2017-10-630x420.jpg\" srcset=\"\/wp-content\/uploads\/sites\/5\/2019\/10\/Clausuran-curso-de-vacaciones-en-el-igss-2017-10-630x420.jpg 630w, \/wp-content\/uploads\/sites\/5\/2019\/10\/Clausuran-curso-de-vacaciones-en-el-igss-2017-10-1536x1024.jpg 1536w, \/wp-content\/uploads\/sites\/5\/2019\/10\/Clausuran-curso-de-vacaciones-en-el-igss-2017-10-2048x1365.jpg 2048w, \/wp-content\/uploads\/sites\/5\/2019\/10\/Clausuran-curso-de-vacaciones-en-el-igss-2017-10-300x200.jpg 300w, \/wp-content\/uploads\/sites\/5\/2019\/10\/Clausuran-curso-de-vacaciones-en-el-igss-2017-10-768x512.jpg 768w, \/wp-content\/uploads\/sites\/5\/2019\/10\/Clausuran-curso-de-vacaciones-en-el-igss-2017-10-1024x683.jpg 1024w, \/wp-content\/uploads\/sites\/5\/2019\/10\/Clausuran-curso-de-vacaciones-en-el-igss-2017-10-696x464.jpg 696w, \/wp-content\/uploads\/sites\/5\/2019\/10\/Clausuran-curso-de-vacaciones-en-el-igss-2017-10-1068x712.jpg 1068w, \/wp-content\/uploads\/sites\/5\/2019\/10\/Clausuran-curso-de-vacaciones-en-el-igss-2017-10-534x356.jpg 534w\" sizes=\"(max-width: 630px) 100vw, 630px\" alt=\"\">\r\n                            <\/a>\r\n                            \r\n                        <\/figure>\r\n                    <\/div>\r\n                    <div class = \"td-slide-item td-item11\">\r\n                        <figure class=\"td-slide-galery-figure td-slide-popup-gallery\">\r\n                            <a class=\"slide-gallery-image-link\" href=\"\/wp-content\/uploads\/sites\/5\/2019\/10\/Clausuran-curso-de-vacaciones-en-el-igss-2017-11-scaled.jpg\" title=\"Clausuran-curso-de-vacaciones-en-el-igss-2017-11\"  data-caption=\"\"  data-description=\"\">\r\n                                <img decoding=\"async\" src=\"\/wp-content\/uploads\/sites\/5\/2019\/10\/Clausuran-curso-de-vacaciones-en-el-igss-2017-11-630x420.jpg\" srcset=\"\/wp-content\/uploads\/sites\/5\/2019\/10\/Clausuran-curso-de-vacaciones-en-el-igss-2017-11-630x420.jpg 630w, \/wp-content\/uploads\/sites\/5\/2019\/10\/Clausuran-curso-de-vacaciones-en-el-igss-2017-11-1536x1024.jpg 1536w, \/wp-content\/uploads\/sites\/5\/2019\/10\/Clausuran-curso-de-vacaciones-en-el-igss-2017-11-2048x1365.jpg 2048w, \/wp-content\/uploads\/sites\/5\/2019\/10\/Clausuran-curso-de-vacaciones-en-el-igss-2017-11-300x200.jpg 300w, \/wp-content\/uploads\/sites\/5\/2019\/10\/Clausuran-curso-de-vacaciones-en-el-igss-2017-11-768x512.jpg 768w, \/wp-content\/uploads\/sites\/5\/2019\/10\/Clausuran-curso-de-vacaciones-en-el-igss-2017-11-1024x683.jpg 1024w, \/wp-content\/uploads\/sites\/5\/2019\/10\/Clausuran-curso-de-vacaciones-en-el-igss-2017-11-696x464.jpg 696w, \/wp-content\/uploads\/sites\/5\/2019\/10\/Clausuran-curso-de-vacaciones-en-el-igss-2017-11-1068x712.jpg 1068w, \/wp-content\/uploads\/sites\/5\/2019\/10\/Clausuran-curso-de-vacaciones-en-el-igss-2017-11-534x356.jpg 534w\" sizes=\"(max-width: 630px) 100vw, 630px\" alt=\"\">\r\n                            <\/a>\r\n                            \r\n                        <\/figure>\r\n                    <\/div>\r\n                    <div class = \"td-slide-item td-item12\">\r\n                        <figure class=\"td-slide-galery-figure td-slide-popup-gallery\">\r\n                            <a class=\"slide-gallery-image-link\" href=\"\/wp-content\/uploads\/sites\/5\/2019\/10\/Clausuran-curso-de-vacaciones-en-el-igss-2017-12-scaled.jpg\" title=\"Clausuran-curso-de-vacaciones-en-el-igss-2017-12\"  data-caption=\"\"  data-description=\"\">\r\n                                <img decoding=\"async\" src=\"\/wp-content\/uploads\/sites\/5\/2019\/10\/Clausuran-curso-de-vacaciones-en-el-igss-2017-12-630x420.jpg\" srcset=\"\/wp-content\/uploads\/sites\/5\/2019\/10\/Clausuran-curso-de-vacaciones-en-el-igss-2017-12-630x420.jpg 630w, \/wp-content\/uploads\/sites\/5\/2019\/10\/Clausuran-curso-de-vacaciones-en-el-igss-2017-12-1536x1024.jpg 1536w, \/wp-content\/uploads\/sites\/5\/2019\/10\/Clausuran-curso-de-vacaciones-en-el-igss-2017-12-2048x1365.jpg 2048w, \/wp-content\/uploads\/sites\/5\/2019\/10\/Clausuran-curso-de-vacaciones-en-el-igss-2017-12-300x200.jpg 300w, \/wp-content\/uploads\/sites\/5\/2019\/10\/Clausuran-curso-de-vacaciones-en-el-igss-2017-12-768x512.jpg 768w, \/wp-content\/uploads\/sites\/5\/2019\/10\/Clausuran-curso-de-vacaciones-en-el-igss-2017-12-1024x683.jpg 1024w, \/wp-content\/uploads\/sites\/5\/2019\/10\/Clausuran-curso-de-vacaciones-en-el-igss-2017-12-696x464.jpg 696w, \/wp-content\/uploads\/sites\/5\/2019\/10\/Clausuran-curso-de-vacaciones-en-el-igss-2017-12-1068x712.jpg 1068w, \/wp-content\/uploads\/sites\/5\/2019\/10\/Clausuran-curso-de-vacaciones-en-el-igss-2017-12-534x356.jpg 534w\" sizes=\"(max-width: 630px) 100vw, 630px\" alt=\"\">\r\n                            <\/a>\r\n                            \r\n                        <\/figure>\r\n                    <\/div>\r\n                    <div class = \"td-slide-item td-item13\">\r\n                        <figure class=\"td-slide-galery-figure td-slide-popup-gallery\">\r\n                            <a class=\"slide-gallery-image-link\" href=\"\/wp-content\/uploads\/sites\/5\/2019\/10\/Clausuran-curso-de-vacaciones-en-el-igss-2017-13-scaled.jpg\" title=\"Clausuran-curso-de-vacaciones-en-el-igss-2017-13\"  data-caption=\"\"  data-description=\"\">\r\n                                <img decoding=\"async\" src=\"\/wp-content\/uploads\/sites\/5\/2019\/10\/Clausuran-curso-de-vacaciones-en-el-igss-2017-13-630x420.jpg\" srcset=\"\/wp-content\/uploads\/sites\/5\/2019\/10\/Clausuran-curso-de-vacaciones-en-el-igss-2017-13-630x420.jpg 630w, \/wp-content\/uploads\/sites\/5\/2019\/10\/Clausuran-curso-de-vacaciones-en-el-igss-2017-13-1536x1024.jpg 1536w, \/wp-content\/uploads\/sites\/5\/2019\/10\/Clausuran-curso-de-vacaciones-en-el-igss-2017-13-2048x1365.jpg 2048w, \/wp-content\/uploads\/sites\/5\/2019\/10\/Clausuran-curso-de-vacaciones-en-el-igss-2017-13-300x200.jpg 300w, \/wp-content\/uploads\/sites\/5\/2019\/10\/Clausuran-curso-de-vacaciones-en-el-igss-2017-13-768x512.jpg 768w, \/wp-content\/uploads\/sites\/5\/2019\/10\/Clausuran-curso-de-vacaciones-en-el-igss-2017-13-1024x683.jpg 1024w, \/wp-content\/uploads\/sites\/5\/2019\/10\/Clausuran-curso-de-vacaciones-en-el-igss-2017-13-696x464.jpg 696w, \/wp-content\/uploads\/sites\/5\/2019\/10\/Clausuran-curso-de-vacaciones-en-el-igss-2017-13-1068x712.jpg 1068w, \/wp-content\/uploads\/sites\/5\/2019\/10\/Clausuran-curso-de-vacaciones-en-el-igss-2017-13-534x356.jpg 534w\" sizes=\"(max-width: 630px) 100vw, 630px\" alt=\"\">\r\n                            <\/a>\r\n                            \r\n                        <\/figure>\r\n                    <\/div>\r\n                    <div class = \"td-slide-item td-item14\">\r\n                        <figure class=\"td-slide-galery-figure td-slide-popup-gallery\">\r\n                            <a class=\"slide-gallery-image-link\" href=\"\/wp-content\/uploads\/sites\/5\/2019\/10\/Clausuran-curso-de-vacaciones-en-el-igss-2017-14-scaled.jpg\" title=\"Clausuran-curso-de-vacaciones-en-el-igss-2017-14\"  data-caption=\"\"  data-description=\"\">\r\n                                <img decoding=\"async\" src=\"\/wp-content\/uploads\/sites\/5\/2019\/10\/Clausuran-curso-de-vacaciones-en-el-igss-2017-14-630x420.jpg\" srcset=\"\/wp-content\/uploads\/sites\/5\/2019\/10\/Clausuran-curso-de-vacaciones-en-el-igss-2017-14-630x420.jpg 630w, \/wp-content\/uploads\/sites\/5\/2019\/10\/Clausuran-curso-de-vacaciones-en-el-igss-2017-14-1536x1024.jpg 1536w, \/wp-content\/uploads\/sites\/5\/2019\/10\/Clausuran-curso-de-vacaciones-en-el-igss-2017-14-2048x1365.jpg 2048w, \/wp-content\/uploads\/sites\/5\/2019\/10\/Clausuran-curso-de-vacaciones-en-el-igss-2017-14-300x200.jpg 300w, \/wp-content\/uploads\/sites\/5\/2019\/10\/Clausuran-curso-de-vacaciones-en-el-igss-2017-14-768x512.jpg 768w, \/wp-content\/uploads\/sites\/5\/2019\/10\/Clausuran-curso-de-vacaciones-en-el-igss-2017-14-1024x683.jpg 1024w, \/wp-content\/uploads\/sites\/5\/2019\/10\/Clausuran-curso-de-vacaciones-en-el-igss-2017-14-696x464.jpg 696w, \/wp-content\/uploads\/sites\/5\/2019\/10\/Clausuran-curso-de-vacaciones-en-el-igss-2017-14-1068x712.jpg 1068w, \/wp-content\/uploads\/sites\/5\/2019\/10\/Clausuran-curso-de-vacaciones-en-el-igss-2017-14-534x356.jpg 534w\" sizes=\"(max-width: 630px) 100vw, 630px\" alt=\"\">\r\n                            <\/a>\r\n                            \r\n                        <\/figure>\r\n                    <\/div>\r\n                    <div class = \"td-slide-item td-item15\">\r\n                        <figure class=\"td-slide-galery-figure td-slide-popup-gallery\">\r\n                            <a class=\"slide-gallery-image-link\" href=\"\/wp-content\/uploads\/sites\/5\/2019\/10\/Clausuran-curso-de-vacaciones-en-el-igss-2017-15-scaled.jpg\" title=\"Clausuran-curso-de-vacaciones-en-el-igss-2017-15\"  data-caption=\"\"  data-description=\"\">\r\n                                <img decoding=\"async\" src=\"\/wp-content\/uploads\/sites\/5\/2019\/10\/Clausuran-curso-de-vacaciones-en-el-igss-2017-15-630x420.jpg\" srcset=\"\/wp-content\/uploads\/sites\/5\/2019\/10\/Clausuran-curso-de-vacaciones-en-el-igss-2017-15-630x420.jpg 630w, \/wp-content\/uploads\/sites\/5\/2019\/10\/Clausuran-curso-de-vacaciones-en-el-igss-2017-15-1536x1024.jpg 1536w, \/wp-content\/uploads\/sites\/5\/2019\/10\/Clausuran-curso-de-vacaciones-en-el-igss-2017-15-2048x1365.jpg 2048w, \/wp-content\/uploads\/sites\/5\/2019\/10\/Clausuran-curso-de-vacaciones-en-el-igss-2017-15-300x200.jpg 300w, \/wp-content\/uploads\/sites\/5\/2019\/10\/Clausuran-curso-de-vacaciones-en-el-igss-2017-15-768x512.jpg 768w, \/wp-content\/uploads\/sites\/5\/2019\/10\/Clausuran-curso-de-vacaciones-en-el-igss-2017-15-1024x683.jpg 1024w, \/wp-content\/uploads\/sites\/5\/2019\/10\/Clausuran-curso-de-vacaciones-en-el-igss-2017-15-696x464.jpg 696w, \/wp-content\/uploads\/sites\/5\/2019\/10\/Clausuran-curso-de-vacaciones-en-el-igss-2017-15-1068x712.jpg 1068w, \/wp-content\/uploads\/sites\/5\/2019\/10\/Clausuran-curso-de-vacaciones-en-el-igss-2017-15-534x356.jpg 534w\" sizes=\"(max-width: 630px) 100vw, 630px\" alt=\"\">\r\n                            <\/a>\r\n                            \r\n                        <\/figure>\r\n                    <\/div>\r\n                            <\/div>\r\n                        <\/div>\r\n\r\n                        <div class = \"td-doubleSlider-2\">\r\n                            <div class = \"td-slider\">\r\n                                \r\n                    <div class = \"td-button td-item1\">\r\n                        <div class = \"td-border\"><\/div>\r\n                    <\/div>\r\n                    <div class = \"td-button td-item2\">\r\n                        <div class = \"td-border\"><\/div>\r\n                    <\/div>\r\n                    <div class = \"td-button td-item3\">\r\n                        <div class = \"td-border\"><\/div>\r\n                    <\/div>\r\n                    <div class = \"td-button td-item4\">\r\n                        <div class = \"td-border\"><\/div>\r\n                    <\/div>\r\n                    <div class = \"td-button td-item5\">\r\n                        <div class = \"td-border\"><\/div>\r\n                    <\/div>\r\n                    <div class = \"td-button td-item6\">\r\n                        <div class = \"td-border\"><\/div>\r\n                    <\/div>\r\n                    <div class = \"td-button td-item7\">\r\n                        <div class = \"td-border\"><\/div>\r\n                    <\/div>\r\n                    <div class = \"td-button td-item8\">\r\n                        <div class = \"td-border\"><\/div>\r\n                    <\/div>\r\n                    <div class = \"td-button td-item9\">\r\n                        <div class = \"td-border\"><\/div>\r\n                    <\/div>\r\n                    <div class = \"td-button td-item10\">\r\n                        <div class = \"td-border\"><\/div>\r\n                    <\/div>\r\n                    <div class = \"td-button td-item11\">\r\n                        <div class = \"td-border\"><\/div>\r\n                    <\/div>\r\n                    <div class = \"td-button td-item12\">\r\n                        <div class = \"td-border\"><\/div>\r\n                    <\/div>\r\n                    <div class = \"td-button td-item13\">\r\n                        <div class = \"td-border\"><\/div>\r\n                    <\/div>\r\n                    <div class = \"td-button td-item14\">\r\n                        <div class = \"td-border\"><\/div>\r\n                    <\/div>\r\n                    <div class = \"td-button td-item15\">\r\n                        <div class = \"td-border\"><\/div>\r\n                    <\/div>\r\n                            <\/div>\r\n                        <\/div>\r\n\r\n                    <\/div>\r\n\r\n                <\/div>\r\n                ","protected":false},"excerpt":{"rendered":"<p>Con la entrega de diplomas a los participantes as\u00ed como con una exposici\u00f3n de los trabajos que realizaron, concluy\u00f3 hoy el curso de vacaciones \u201cManualidades Infantiles\u201d que se llev\u00f3 a cabo en la Biblioteca Central del Instituto Guatemalteco de Seguridad Social (IGSS), El acto el acto de clausura los m\u00e1s de 50 ni\u00f1os y ni\u00f1as [&hellip;]<\/p>\n","protected":false},"author":9,"featured_media":11892,"comment_status":"open","ping_status":"open","sticky":false,"template":"","format":"standard","meta":{"footnotes":""},"categories":[3,29],"tags":[137,490,990],"coauthors":[888],"class_list":{"0":"post-11882","1":"post","2":"type-post","3":"status-publish","4":"format-standard","5":"has-post-thumbnail","7":"category-actualidad","8":"category-publicaciones","9":"tag-biblioteca-igss","10":"tag-igss","11":"tag-lic-carlos-santos"},"_links":{"self":[{"href":"https:\/\/www.igssgt.org\/noticias\/wp-json\/wp\/v2\/posts\/11882","targetHints":{"allow":["GET"]}}],"collection":[{"href":"https:\/\/www.igssgt.org\/noticias\/wp-json\/wp\/v2\/posts"}],"about":[{"href":"https:\/\/www.igssgt.org\/noticias\/wp-json\/wp\/v2\/types\/post"}],"author":[{"embeddable":true,"href":"https:\/\/www.igssgt.org\/noticias\/wp-json\/wp\/v2\/users\/9"}],"replies":[{"embeddable":true,"href":"https:\/\/www.igssgt.org\/noticias\/wp-json\/wp\/v2\/comments?post=11882"}],"version-history":[{"count":1,"href":"https:\/\/www.igssgt.org\/noticias\/wp-json\/wp\/v2\/posts\/11882\/revisions"}],"predecessor-version":[{"id":11907,"href":"https:\/\/www.igssgt.org\/noticias\/wp-json\/wp\/v2\/posts\/11882\/revisions\/11907"}],"wp:featuredmedia":[{"embeddable":true,"href":"https:\/\/www.igssgt.org\/noticias\/wp-json\/wp\/v2\/media\/11892"}],"wp:attachment":[{"href":"https:\/\/www.igssgt.org\/noticias\/wp-json\/wp\/v2\/media?parent=11882"}],"wp:term":[{"taxonomy":"category","embeddable":true,"href":"https:\/\/www.igssgt.org\/noticias\/wp-json\/wp\/v2\/categories?post=11882"},{"taxonomy":"post_tag","embeddable":true,"href":"https:\/\/www.igssgt.org\/noticias\/wp-json\/wp\/v2\/tags?post=11882"},{"taxonomy":"author","embeddable":true,"href":"https:\/\/www.igssgt.org\/noticias\/wp-json\/wp\/v2\/coauthors?post=11882"}],"curies":[{"name":"wp","href":"https:\/\/api.w.org\/{rel}","templated":true}]}}