{"id":11956,"date":"2017-11-16T14:54:43","date_gmt":"2017-11-16T20:54:43","guid":{"rendered":"https:\/\/www.igssgt.org\/noticias\/?p=11956"},"modified":"2019-10-04T14:59:49","modified_gmt":"2019-10-04T20:59:49","slug":"onu-mujeres-sensibiliza-sobre-violencia-contra-la-mujer","status":"publish","type":"post","link":"https:\/\/www.igssgt.org\/noticias\/2017\/11\/16\/onu-mujeres-sensibiliza-sobre-violencia-contra-la-mujer\/","title":{"rendered":"ONU MUJERES sensibiliza sobre violencia contra la mujer"},"content":{"rendered":"\n<figure class=\"wp-block-image\"><img loading=\"lazy\" decoding=\"async\" width=\"1024\" height=\"576\" src=\"\/wp-content\/uploads\/sites\/5\/2019\/10\/ONU-Mujeres-IGSS-Dia-No-Violencia-Contra-la-Mujer-2-1024x576.jpg\" alt=\"\" class=\"wp-image-11966\" srcset=\"\/wp-content\/uploads\/sites\/5\/2019\/10\/ONU-Mujeres-IGSS-Dia-No-Violencia-Contra-la-Mujer-2-1024x576.jpg 1024w, \/wp-content\/uploads\/sites\/5\/2019\/10\/ONU-Mujeres-IGSS-Dia-No-Violencia-Contra-la-Mujer-2-300x169.jpg 300w, \/wp-content\/uploads\/sites\/5\/2019\/10\/ONU-Mujeres-IGSS-Dia-No-Violencia-Contra-la-Mujer-2-768x432.jpg 768w, \/wp-content\/uploads\/sites\/5\/2019\/10\/ONU-Mujeres-IGSS-Dia-No-Violencia-Contra-la-Mujer-2-747x420.jpg 747w, \/wp-content\/uploads\/sites\/5\/2019\/10\/ONU-Mujeres-IGSS-Dia-No-Violencia-Contra-la-Mujer-2-696x392.jpg 696w, \/wp-content\/uploads\/sites\/5\/2019\/10\/ONU-Mujeres-IGSS-Dia-No-Violencia-Contra-la-Mujer-2-1068x601.jpg 1068w, \/wp-content\/uploads\/sites\/5\/2019\/10\/ONU-Mujeres-IGSS-Dia-No-Violencia-Contra-la-Mujer-2-534x300.jpg 534w, \/wp-content\/uploads\/sites\/5\/2019\/10\/ONU-Mujeres-IGSS-Dia-No-Violencia-Contra-la-Mujer-2.jpg 1280w\" sizes=\"auto, (max-width: 1024px) 100vw, 1024px\" \/><\/figure>\n\n\n\n<p>La Subgerencia de Integridad y Transparencia Administrativa, por medio de su campa\u00f1a \u201cUnidas por nuestros derechos\u201d, invit\u00f3 a ONU Mujeres para brindar una charla informativa acerca de la situaci\u00f3n actual de este delito al personal del Instituto Guatemalteco de Seguridad Social (IGSS) con la finalidad de concientizar a sus trabajadores y promover los derechos&nbsp;de las derechohabientes. Esto en el marco del D\u00eda de la No Violencia contra la Mujer, el cual se conmemora el 25 de noviembre.<\/p>\n\n\n\n<p>La licenciada Erica D\u00edaz, de ONU Mujeres, explic\u00f3 que la violencia contra las mujeres es una grave violaci\u00f3n de los derechos humanos, adem\u00e1s esta acci\u00f3n se ha construido a partir de patrones de discriminaci\u00f3n y subordinaci\u00f3n hacia ellas. Dentro de sus \u00e1mbitos la violencia f\u00edsica, sexual, psicol\u00f3gica o emocional y econ\u00f3mica afecta grandemente a las mujeres, dijo la especialista.<\/p>\n\n\n\n<p>En los temas que se abordaron en la conferencia se hizo un recorrido a escala internacional cu\u00e1les son los principales est\u00e1ndares de derechos humanos de las mujeres y los derechos a una vida libre de violencia, los avances que se han dado a trav\u00e9s del tiempo y la situaci\u00f3n actual del pa\u00eds.<\/p>\n\n\n\n<p>Las estad\u00edsticas de la Fiscal\u00eda de Femicidio del Ministerio P\u00fablico registraron en el a\u00f1o 2016 un total de 1,161 denuncias por violencia intrafamiliar y este a\u00f1o han recibido 850 denuncias.<\/p>\n\n\n\r\n                <style type=\"text\/css\">\r\n                    \r\n                    #tdi_1  .td-doubleSlider-2 .td-item1 {\r\n                        background: url(\/wp-content\/uploads\/sites\/5\/2019\/10\/ONU-Mujeres-IGSS-Dia-No-Violencia-Contra-la-Mujer-2-80x60.jpg) 0 0 no-repeat;\r\n                    }\r\n                    #tdi_1  .td-doubleSlider-2 .td-item2 {\r\n                        background: url(\/wp-content\/uploads\/sites\/5\/2019\/10\/ONU-Mujeres-IGSS-Dia-No-Violencia-Contra-la-Mujer-7-80x60.jpg) 0 0 no-repeat;\r\n                    }\r\n                    #tdi_1  .td-doubleSlider-2 .td-item3 {\r\n                        background: url(\/wp-content\/uploads\/sites\/5\/2019\/10\/ONU-Mujeres-IGSS-Dia-No-Violencia-Contra-la-Mujer-4-80x60.jpg) 0 0 no-repeat;\r\n                    }\r\n                    #tdi_1  .td-doubleSlider-2 .td-item4 {\r\n                        background: url(\/wp-content\/uploads\/sites\/5\/2019\/10\/ONU-Mujeres-IGSS-Dia-No-Violencia-Contra-la-Mujer-2-1-80x60.jpg) 0 0 no-repeat;\r\n                    }\r\n                    #tdi_1  .td-doubleSlider-2 .td-item5 {\r\n                        background: url(\/wp-content\/uploads\/sites\/5\/2019\/10\/ONU-Mujeres-IGSS-Dia-No-Violencia-Contra-la-Mujer-8-80x60.jpg) 0 0 no-repeat;\r\n                    }\r\n                    #tdi_1  .td-doubleSlider-2 .td-item6 {\r\n                        background: url(\/wp-content\/uploads\/sites\/5\/2019\/10\/ONU-Mujeres-IGSS-Dia-No-Violencia-Contra-la-Mujer-1-80x60.jpg) 0 0 no-repeat;\r\n                    }\r\n                    #tdi_1  .td-doubleSlider-2 .td-item7 {\r\n                        background: url(\/wp-content\/uploads\/sites\/5\/2019\/10\/ONU-Mujeres-IGSS-Dia-No-Violencia-Contra-la-Mujer-9-80x60.jpg) 0 0 no-repeat;\r\n                    }\r\n                    #tdi_1  .td-doubleSlider-2 .td-item8 {\r\n                        background: url(\/wp-content\/uploads\/sites\/5\/2019\/10\/ONU-Mujeres-IGSS-Dia-No-Violencia-Contra-la-Mujer-11-1-80x60.jpg) 0 0 no-repeat;\r\n                    }\r\n                    #tdi_1  .td-doubleSlider-2 .td-item9 {\r\n                        background: url(\/wp-content\/uploads\/sites\/5\/2019\/10\/ONU-Mujeres-IGSS-Dia-No-Violencia-Contra-la-Mujer-14-80x60.jpg) 0 0 no-repeat;\r\n                    }\r\n                    #tdi_1  .td-doubleSlider-2 .td-item10 {\r\n                        background: url(\/wp-content\/uploads\/sites\/5\/2019\/10\/ONU-Mujeres-IGSS-Dia-No-Violencia-Contra-la-Mujer-13-80x60.jpg) 0 0 no-repeat;\r\n                    }\r\n                <\/style>\r\n\r\n                <div id=\"tdi_1\" class=\"td-gallery td-slide-on-2-columns\">\r\n                    <div class=\"post_td_gallery\">\r\n                        <div class=\"td-gallery-slide-top\">\r\n                           <div class=\"td-gallery-title\"><\/div>\r\n\r\n                            <div class=\"td-gallery-controls-wrapper\">\r\n                                <div class=\"td-gallery-slide-count\"><span class=\"td-gallery-slide-item-focus\">1<\/span> de 10<\/div>\r\n                                <div class=\"td-gallery-slide-prev-next-but\">\r\n                                    <i class = \"td-icon-left doubleSliderPrevButton\"><\/i>\r\n                                    <i class = \"td-icon-right doubleSliderNextButton\"><\/i>\r\n                                <\/div>\r\n                            <\/div>\r\n                        <\/div>\r\n\r\n                        <div class = \"td-doubleSlider-1 \">\r\n                            <div class = \"td-slider\">\r\n                                \r\n                    <div class = \"td-slide-item td-item1\">\r\n                        <figure class=\"td-slide-galery-figure td-slide-popup-gallery\">\r\n                            <a class=\"slide-gallery-image-link\" href=\"\/wp-content\/uploads\/sites\/5\/2019\/10\/ONU-Mujeres-IGSS-Dia-No-Violencia-Contra-la-Mujer-2.jpg\" title=\"ONU-Mujeres-IGSS-Dia-No-Violencia-Contra-la-Mujer-2\"  data-caption=\"\"  data-description=\"\">\r\n                                <img decoding=\"async\" src=\"\/wp-content\/uploads\/sites\/5\/2019\/10\/ONU-Mujeres-IGSS-Dia-No-Violencia-Contra-la-Mujer-2-747x420.jpg\" srcset=\"\/wp-content\/uploads\/sites\/5\/2019\/10\/ONU-Mujeres-IGSS-Dia-No-Violencia-Contra-la-Mujer-2-747x420.jpg 747w, \/wp-content\/uploads\/sites\/5\/2019\/10\/ONU-Mujeres-IGSS-Dia-No-Violencia-Contra-la-Mujer-2-300x169.jpg 300w, \/wp-content\/uploads\/sites\/5\/2019\/10\/ONU-Mujeres-IGSS-Dia-No-Violencia-Contra-la-Mujer-2-768x432.jpg 768w, \/wp-content\/uploads\/sites\/5\/2019\/10\/ONU-Mujeres-IGSS-Dia-No-Violencia-Contra-la-Mujer-2-1024x576.jpg 1024w, \/wp-content\/uploads\/sites\/5\/2019\/10\/ONU-Mujeres-IGSS-Dia-No-Violencia-Contra-la-Mujer-2-696x392.jpg 696w, \/wp-content\/uploads\/sites\/5\/2019\/10\/ONU-Mujeres-IGSS-Dia-No-Violencia-Contra-la-Mujer-2-1068x601.jpg 1068w, \/wp-content\/uploads\/sites\/5\/2019\/10\/ONU-Mujeres-IGSS-Dia-No-Violencia-Contra-la-Mujer-2-534x300.jpg 534w, \/wp-content\/uploads\/sites\/5\/2019\/10\/ONU-Mujeres-IGSS-Dia-No-Violencia-Contra-la-Mujer-2.jpg 1280w\" sizes=\"(max-width: 747px) 100vw, 747px\" alt=\"\">\r\n                            <\/a>\r\n                            \r\n                        <\/figure>\r\n                    <\/div>\r\n                    <div class = \"td-slide-item td-item2\">\r\n                        <figure class=\"td-slide-galery-figure td-slide-popup-gallery\">\r\n                            <a class=\"slide-gallery-image-link\" href=\"\/wp-content\/uploads\/sites\/5\/2019\/10\/ONU-Mujeres-IGSS-Dia-No-Violencia-Contra-la-Mujer-7.jpg\" title=\"ONU-Mujeres-IGSS-Dia-No-Violencia-Contra-la-Mujer-7\"  data-caption=\"\"  data-description=\"\">\r\n                                <img decoding=\"async\" src=\"\/wp-content\/uploads\/sites\/5\/2019\/10\/ONU-Mujeres-IGSS-Dia-No-Violencia-Contra-la-Mujer-7-564x420.jpg\" srcset=\"\/wp-content\/uploads\/sites\/5\/2019\/10\/ONU-Mujeres-IGSS-Dia-No-Violencia-Contra-la-Mujer-7-564x420.jpg 564w, \/wp-content\/uploads\/sites\/5\/2019\/10\/ONU-Mujeres-IGSS-Dia-No-Violencia-Contra-la-Mujer-7-300x224.jpg 300w, \/wp-content\/uploads\/sites\/5\/2019\/10\/ONU-Mujeres-IGSS-Dia-No-Violencia-Contra-la-Mujer-7-768x572.jpg 768w, \/wp-content\/uploads\/sites\/5\/2019\/10\/ONU-Mujeres-IGSS-Dia-No-Violencia-Contra-la-Mujer-7-1024x763.jpg 1024w, \/wp-content\/uploads\/sites\/5\/2019\/10\/ONU-Mujeres-IGSS-Dia-No-Violencia-Contra-la-Mujer-7-80x60.jpg 80w, \/wp-content\/uploads\/sites\/5\/2019\/10\/ONU-Mujeres-IGSS-Dia-No-Violencia-Contra-la-Mujer-7-696x519.jpg 696w, \/wp-content\/uploads\/sites\/5\/2019\/10\/ONU-Mujeres-IGSS-Dia-No-Violencia-Contra-la-Mujer-7-1068x796.jpg 1068w, \/wp-content\/uploads\/sites\/5\/2019\/10\/ONU-Mujeres-IGSS-Dia-No-Violencia-Contra-la-Mujer-7-265x198.jpg 265w, \/wp-content\/uploads\/sites\/5\/2019\/10\/ONU-Mujeres-IGSS-Dia-No-Violencia-Contra-la-Mujer-7-534x398.jpg 534w, \/wp-content\/uploads\/sites\/5\/2019\/10\/ONU-Mujeres-IGSS-Dia-No-Violencia-Contra-la-Mujer-7.jpg 1280w\" sizes=\"(max-width: 564px) 100vw, 564px\" alt=\"\">\r\n                            <\/a>\r\n                            \r\n                        <\/figure>\r\n                    <\/div>\r\n                    <div class = \"td-slide-item td-item3\">\r\n                        <figure class=\"td-slide-galery-figure td-slide-popup-gallery\">\r\n                            <a class=\"slide-gallery-image-link\" href=\"\/wp-content\/uploads\/sites\/5\/2019\/10\/ONU-Mujeres-IGSS-Dia-No-Violencia-Contra-la-Mujer-4.jpg\" title=\"ONU-Mujeres-IGSS-Dia-No-Violencia-Contra-la-Mujer-4\"  data-caption=\"\"  data-description=\"\">\r\n                                <img decoding=\"async\" src=\"\/wp-content\/uploads\/sites\/5\/2019\/10\/ONU-Mujeres-IGSS-Dia-No-Violencia-Contra-la-Mujer-4-747x420.jpg\" srcset=\"\/wp-content\/uploads\/sites\/5\/2019\/10\/ONU-Mujeres-IGSS-Dia-No-Violencia-Contra-la-Mujer-4-747x420.jpg 747w, \/wp-content\/uploads\/sites\/5\/2019\/10\/ONU-Mujeres-IGSS-Dia-No-Violencia-Contra-la-Mujer-4-300x169.jpg 300w, \/wp-content\/uploads\/sites\/5\/2019\/10\/ONU-Mujeres-IGSS-Dia-No-Violencia-Contra-la-Mujer-4-768x432.jpg 768w, \/wp-content\/uploads\/sites\/5\/2019\/10\/ONU-Mujeres-IGSS-Dia-No-Violencia-Contra-la-Mujer-4-1024x576.jpg 1024w, \/wp-content\/uploads\/sites\/5\/2019\/10\/ONU-Mujeres-IGSS-Dia-No-Violencia-Contra-la-Mujer-4-696x392.jpg 696w, \/wp-content\/uploads\/sites\/5\/2019\/10\/ONU-Mujeres-IGSS-Dia-No-Violencia-Contra-la-Mujer-4-1068x601.jpg 1068w, \/wp-content\/uploads\/sites\/5\/2019\/10\/ONU-Mujeres-IGSS-Dia-No-Violencia-Contra-la-Mujer-4-534x300.jpg 534w, \/wp-content\/uploads\/sites\/5\/2019\/10\/ONU-Mujeres-IGSS-Dia-No-Violencia-Contra-la-Mujer-4.jpg 1280w\" sizes=\"(max-width: 747px) 100vw, 747px\" alt=\"\">\r\n                            <\/a>\r\n                            \r\n                        <\/figure>\r\n                    <\/div>\r\n                    <div class = \"td-slide-item td-item4\">\r\n                        <figure class=\"td-slide-galery-figure td-slide-popup-gallery\">\r\n                            <a class=\"slide-gallery-image-link\" href=\"\/wp-content\/uploads\/sites\/5\/2019\/10\/ONU-Mujeres-IGSS-Dia-No-Violencia-Contra-la-Mujer-2-1.jpg\" title=\"ONU-Mujeres-IGSS-Dia-No-Violencia-Contra-la-Mujer-2 (1)\"  data-caption=\"\"  data-description=\"\">\r\n                                <img decoding=\"async\" src=\"\/wp-content\/uploads\/sites\/5\/2019\/10\/ONU-Mujeres-IGSS-Dia-No-Violencia-Contra-la-Mujer-2-1-747x420.jpg\" srcset=\"\/wp-content\/uploads\/sites\/5\/2019\/10\/ONU-Mujeres-IGSS-Dia-No-Violencia-Contra-la-Mujer-2-1-747x420.jpg 747w, \/wp-content\/uploads\/sites\/5\/2019\/10\/ONU-Mujeres-IGSS-Dia-No-Violencia-Contra-la-Mujer-2-1-300x169.jpg 300w, \/wp-content\/uploads\/sites\/5\/2019\/10\/ONU-Mujeres-IGSS-Dia-No-Violencia-Contra-la-Mujer-2-1-768x432.jpg 768w, \/wp-content\/uploads\/sites\/5\/2019\/10\/ONU-Mujeres-IGSS-Dia-No-Violencia-Contra-la-Mujer-2-1-1024x576.jpg 1024w, \/wp-content\/uploads\/sites\/5\/2019\/10\/ONU-Mujeres-IGSS-Dia-No-Violencia-Contra-la-Mujer-2-1-696x392.jpg 696w, \/wp-content\/uploads\/sites\/5\/2019\/10\/ONU-Mujeres-IGSS-Dia-No-Violencia-Contra-la-Mujer-2-1-1068x601.jpg 1068w, \/wp-content\/uploads\/sites\/5\/2019\/10\/ONU-Mujeres-IGSS-Dia-No-Violencia-Contra-la-Mujer-2-1-534x300.jpg 534w, \/wp-content\/uploads\/sites\/5\/2019\/10\/ONU-Mujeres-IGSS-Dia-No-Violencia-Contra-la-Mujer-2-1.jpg 1280w\" sizes=\"(max-width: 747px) 100vw, 747px\" alt=\"\">\r\n                            <\/a>\r\n                            \r\n                        <\/figure>\r\n                    <\/div>\r\n                    <div class = \"td-slide-item td-item5\">\r\n                        <figure class=\"td-slide-galery-figure td-slide-popup-gallery\">\r\n                            <a class=\"slide-gallery-image-link\" href=\"\/wp-content\/uploads\/sites\/5\/2019\/10\/ONU-Mujeres-IGSS-Dia-No-Violencia-Contra-la-Mujer-8.jpg\" title=\"ONU-Mujeres-IGSS-Dia-No-Violencia-Contra-la-Mujer-8\"  data-caption=\"\"  data-description=\"\">\r\n                                <img decoding=\"async\" src=\"\/wp-content\/uploads\/sites\/5\/2019\/10\/ONU-Mujeres-IGSS-Dia-No-Violencia-Contra-la-Mujer-8-714x420.jpg\" srcset=\"\/wp-content\/uploads\/sites\/5\/2019\/10\/ONU-Mujeres-IGSS-Dia-No-Violencia-Contra-la-Mujer-8-714x420.jpg 714w, \/wp-content\/uploads\/sites\/5\/2019\/10\/ONU-Mujeres-IGSS-Dia-No-Violencia-Contra-la-Mujer-8-300x176.jpg 300w, \/wp-content\/uploads\/sites\/5\/2019\/10\/ONU-Mujeres-IGSS-Dia-No-Violencia-Contra-la-Mujer-8-768x452.jpg 768w, \/wp-content\/uploads\/sites\/5\/2019\/10\/ONU-Mujeres-IGSS-Dia-No-Violencia-Contra-la-Mujer-8-1024x602.jpg 1024w, \/wp-content\/uploads\/sites\/5\/2019\/10\/ONU-Mujeres-IGSS-Dia-No-Violencia-Contra-la-Mujer-8-696x409.jpg 696w, \/wp-content\/uploads\/sites\/5\/2019\/10\/ONU-Mujeres-IGSS-Dia-No-Violencia-Contra-la-Mujer-8-1068x628.jpg 1068w, \/wp-content\/uploads\/sites\/5\/2019\/10\/ONU-Mujeres-IGSS-Dia-No-Violencia-Contra-la-Mujer-8-534x314.jpg 534w, \/wp-content\/uploads\/sites\/5\/2019\/10\/ONU-Mujeres-IGSS-Dia-No-Violencia-Contra-la-Mujer-8.jpg 1280w\" sizes=\"(max-width: 714px) 100vw, 714px\" alt=\"\">\r\n                            <\/a>\r\n                            \r\n                        <\/figure>\r\n                    <\/div>\r\n                    <div class = \"td-slide-item td-item6\">\r\n                        <figure class=\"td-slide-galery-figure td-slide-popup-gallery\">\r\n                            <a class=\"slide-gallery-image-link\" href=\"\/wp-content\/uploads\/sites\/5\/2019\/10\/ONU-Mujeres-IGSS-Dia-No-Violencia-Contra-la-Mujer-1.jpg\" title=\"ONU-Mujeres-IGSS-Dia-No-Violencia-Contra-la-Mujer-1\"  data-caption=\"\"  data-description=\"\">\r\n                                <img decoding=\"async\" src=\"\/wp-content\/uploads\/sites\/5\/2019\/10\/ONU-Mujeres-IGSS-Dia-No-Violencia-Contra-la-Mujer-1-236x420.jpg\" srcset=\"\/wp-content\/uploads\/sites\/5\/2019\/10\/ONU-Mujeres-IGSS-Dia-No-Violencia-Contra-la-Mujer-1-236x420.jpg 236w, \/wp-content\/uploads\/sites\/5\/2019\/10\/ONU-Mujeres-IGSS-Dia-No-Violencia-Contra-la-Mujer-1-169x300.jpg 169w, \/wp-content\/uploads\/sites\/5\/2019\/10\/ONU-Mujeres-IGSS-Dia-No-Violencia-Contra-la-Mujer-1-576x1024.jpg 576w, \/wp-content\/uploads\/sites\/5\/2019\/10\/ONU-Mujeres-IGSS-Dia-No-Violencia-Contra-la-Mujer-1-696x1237.jpg 696w, \/wp-content\/uploads\/sites\/5\/2019\/10\/ONU-Mujeres-IGSS-Dia-No-Violencia-Contra-la-Mujer-1-260x462.jpg 260w, \/wp-content\/uploads\/sites\/5\/2019\/10\/ONU-Mujeres-IGSS-Dia-No-Violencia-Contra-la-Mujer-1.jpg 720w\" sizes=\"(max-width: 236px) 100vw, 236px\" alt=\"\">\r\n                            <\/a>\r\n                            \r\n                        <\/figure>\r\n                    <\/div>\r\n                    <div class = \"td-slide-item td-item7\">\r\n                        <figure class=\"td-slide-galery-figure td-slide-popup-gallery\">\r\n                            <a class=\"slide-gallery-image-link\" href=\"\/wp-content\/uploads\/sites\/5\/2019\/10\/ONU-Mujeres-IGSS-Dia-No-Violencia-Contra-la-Mujer-9.jpg\" title=\"ONU-Mujeres-IGSS-Dia-No-Violencia-Contra-la-Mujer-9\"  data-caption=\"\"  data-description=\"\">\r\n                                <img decoding=\"async\" src=\"\/wp-content\/uploads\/sites\/5\/2019\/10\/ONU-Mujeres-IGSS-Dia-No-Violencia-Contra-la-Mujer-9-236x420.jpg\" srcset=\"\/wp-content\/uploads\/sites\/5\/2019\/10\/ONU-Mujeres-IGSS-Dia-No-Violencia-Contra-la-Mujer-9-236x420.jpg 236w, \/wp-content\/uploads\/sites\/5\/2019\/10\/ONU-Mujeres-IGSS-Dia-No-Violencia-Contra-la-Mujer-9-169x300.jpg 169w, \/wp-content\/uploads\/sites\/5\/2019\/10\/ONU-Mujeres-IGSS-Dia-No-Violencia-Contra-la-Mujer-9-576x1024.jpg 576w, \/wp-content\/uploads\/sites\/5\/2019\/10\/ONU-Mujeres-IGSS-Dia-No-Violencia-Contra-la-Mujer-9-696x1237.jpg 696w, \/wp-content\/uploads\/sites\/5\/2019\/10\/ONU-Mujeres-IGSS-Dia-No-Violencia-Contra-la-Mujer-9-260x462.jpg 260w, \/wp-content\/uploads\/sites\/5\/2019\/10\/ONU-Mujeres-IGSS-Dia-No-Violencia-Contra-la-Mujer-9.jpg 720w\" sizes=\"(max-width: 236px) 100vw, 236px\" alt=\"\">\r\n                            <\/a>\r\n                            \r\n                        <\/figure>\r\n                    <\/div>\r\n                    <div class = \"td-slide-item td-item8\">\r\n                        <figure class=\"td-slide-galery-figure td-slide-popup-gallery\">\r\n                            <a class=\"slide-gallery-image-link\" href=\"\/wp-content\/uploads\/sites\/5\/2019\/10\/ONU-Mujeres-IGSS-Dia-No-Violencia-Contra-la-Mujer-11-1.jpg\" title=\"ONU-Mujeres-IGSS-Dia-No-Violencia-Contra-la-Mujer-11-1\"  data-caption=\"\"  data-description=\"\">\r\n                                <img decoding=\"async\" src=\"\/wp-content\/uploads\/sites\/5\/2019\/10\/ONU-Mujeres-IGSS-Dia-No-Violencia-Contra-la-Mujer-11-1-747x420.jpg\" srcset=\"\/wp-content\/uploads\/sites\/5\/2019\/10\/ONU-Mujeres-IGSS-Dia-No-Violencia-Contra-la-Mujer-11-1-747x420.jpg 747w, \/wp-content\/uploads\/sites\/5\/2019\/10\/ONU-Mujeres-IGSS-Dia-No-Violencia-Contra-la-Mujer-11-1-300x169.jpg 300w, \/wp-content\/uploads\/sites\/5\/2019\/10\/ONU-Mujeres-IGSS-Dia-No-Violencia-Contra-la-Mujer-11-1-768x432.jpg 768w, \/wp-content\/uploads\/sites\/5\/2019\/10\/ONU-Mujeres-IGSS-Dia-No-Violencia-Contra-la-Mujer-11-1-1024x576.jpg 1024w, \/wp-content\/uploads\/sites\/5\/2019\/10\/ONU-Mujeres-IGSS-Dia-No-Violencia-Contra-la-Mujer-11-1-696x392.jpg 696w, \/wp-content\/uploads\/sites\/5\/2019\/10\/ONU-Mujeres-IGSS-Dia-No-Violencia-Contra-la-Mujer-11-1-1068x601.jpg 1068w, \/wp-content\/uploads\/sites\/5\/2019\/10\/ONU-Mujeres-IGSS-Dia-No-Violencia-Contra-la-Mujer-11-1-534x300.jpg 534w, \/wp-content\/uploads\/sites\/5\/2019\/10\/ONU-Mujeres-IGSS-Dia-No-Violencia-Contra-la-Mujer-11-1.jpg 1280w\" sizes=\"(max-width: 747px) 100vw, 747px\" alt=\"\">\r\n                            <\/a>\r\n                            \r\n                        <\/figure>\r\n                    <\/div>\r\n                    <div class = \"td-slide-item td-item9\">\r\n                        <figure class=\"td-slide-galery-figure td-slide-popup-gallery\">\r\n                            <a class=\"slide-gallery-image-link\" href=\"\/wp-content\/uploads\/sites\/5\/2019\/10\/ONU-Mujeres-IGSS-Dia-No-Violencia-Contra-la-Mujer-14.jpg\" title=\"ONU-Mujeres-IGSS-Dia-No-Violencia-Contra-la-Mujer-14\"  data-caption=\"\"  data-description=\"\">\r\n                                <img decoding=\"async\" src=\"\/wp-content\/uploads\/sites\/5\/2019\/10\/ONU-Mujeres-IGSS-Dia-No-Violencia-Contra-la-Mujer-14-747x420.jpg\" srcset=\"\/wp-content\/uploads\/sites\/5\/2019\/10\/ONU-Mujeres-IGSS-Dia-No-Violencia-Contra-la-Mujer-14-747x420.jpg 747w, \/wp-content\/uploads\/sites\/5\/2019\/10\/ONU-Mujeres-IGSS-Dia-No-Violencia-Contra-la-Mujer-14-300x169.jpg 300w, \/wp-content\/uploads\/sites\/5\/2019\/10\/ONU-Mujeres-IGSS-Dia-No-Violencia-Contra-la-Mujer-14-768x432.jpg 768w, \/wp-content\/uploads\/sites\/5\/2019\/10\/ONU-Mujeres-IGSS-Dia-No-Violencia-Contra-la-Mujer-14-1024x576.jpg 1024w, \/wp-content\/uploads\/sites\/5\/2019\/10\/ONU-Mujeres-IGSS-Dia-No-Violencia-Contra-la-Mujer-14-696x392.jpg 696w, \/wp-content\/uploads\/sites\/5\/2019\/10\/ONU-Mujeres-IGSS-Dia-No-Violencia-Contra-la-Mujer-14-1068x601.jpg 1068w, \/wp-content\/uploads\/sites\/5\/2019\/10\/ONU-Mujeres-IGSS-Dia-No-Violencia-Contra-la-Mujer-14-534x300.jpg 534w, \/wp-content\/uploads\/sites\/5\/2019\/10\/ONU-Mujeres-IGSS-Dia-No-Violencia-Contra-la-Mujer-14.jpg 1280w\" sizes=\"(max-width: 747px) 100vw, 747px\" alt=\"\">\r\n                            <\/a>\r\n                            \r\n                        <\/figure>\r\n                    <\/div>\r\n                    <div class = \"td-slide-item td-item10\">\r\n                        <figure class=\"td-slide-galery-figure td-slide-popup-gallery\">\r\n                            <a class=\"slide-gallery-image-link\" href=\"\/wp-content\/uploads\/sites\/5\/2019\/10\/ONU-Mujeres-IGSS-Dia-No-Violencia-Contra-la-Mujer-13.jpg\" title=\"ONU-Mujeres-IGSS-Dia-No-Violencia-Contra-la-Mujer-13\"  data-caption=\"\"  data-description=\"\">\r\n                                <img decoding=\"async\" src=\"\/wp-content\/uploads\/sites\/5\/2019\/10\/ONU-Mujeres-IGSS-Dia-No-Violencia-Contra-la-Mujer-13-747x420.jpg\" srcset=\"\/wp-content\/uploads\/sites\/5\/2019\/10\/ONU-Mujeres-IGSS-Dia-No-Violencia-Contra-la-Mujer-13-747x420.jpg 747w, \/wp-content\/uploads\/sites\/5\/2019\/10\/ONU-Mujeres-IGSS-Dia-No-Violencia-Contra-la-Mujer-13-300x169.jpg 300w, \/wp-content\/uploads\/sites\/5\/2019\/10\/ONU-Mujeres-IGSS-Dia-No-Violencia-Contra-la-Mujer-13-768x432.jpg 768w, \/wp-content\/uploads\/sites\/5\/2019\/10\/ONU-Mujeres-IGSS-Dia-No-Violencia-Contra-la-Mujer-13-1024x576.jpg 1024w, \/wp-content\/uploads\/sites\/5\/2019\/10\/ONU-Mujeres-IGSS-Dia-No-Violencia-Contra-la-Mujer-13-696x392.jpg 696w, \/wp-content\/uploads\/sites\/5\/2019\/10\/ONU-Mujeres-IGSS-Dia-No-Violencia-Contra-la-Mujer-13-1068x601.jpg 1068w, \/wp-content\/uploads\/sites\/5\/2019\/10\/ONU-Mujeres-IGSS-Dia-No-Violencia-Contra-la-Mujer-13-534x300.jpg 534w, \/wp-content\/uploads\/sites\/5\/2019\/10\/ONU-Mujeres-IGSS-Dia-No-Violencia-Contra-la-Mujer-13.jpg 1280w\" sizes=\"(max-width: 747px) 100vw, 747px\" alt=\"\">\r\n                            <\/a>\r\n                            \r\n                        <\/figure>\r\n                    <\/div>\r\n                            <\/div>\r\n                        <\/div>\r\n\r\n                        <div class = \"td-doubleSlider-2\">\r\n                            <div class = \"td-slider\">\r\n                                \r\n                    <div class = \"td-button td-item1\">\r\n                        <div class = \"td-border\"><\/div>\r\n                    <\/div>\r\n                    <div class = \"td-button td-item2\">\r\n                        <div class = \"td-border\"><\/div>\r\n                    <\/div>\r\n                    <div class = \"td-button td-item3\">\r\n                        <div class = \"td-border\"><\/div>\r\n                    <\/div>\r\n                    <div class = \"td-button td-item4\">\r\n                        <div class = \"td-border\"><\/div>\r\n                    <\/div>\r\n                    <div class = \"td-button td-item5\">\r\n                        <div class = \"td-border\"><\/div>\r\n                    <\/div>\r\n                    <div class = \"td-button td-item6\">\r\n                        <div class = \"td-border\"><\/div>\r\n                    <\/div>\r\n                    <div class = \"td-button td-item7\">\r\n                        <div class = \"td-border\"><\/div>\r\n                    <\/div>\r\n                    <div class = \"td-button td-item8\">\r\n                        <div class = \"td-border\"><\/div>\r\n                    <\/div>\r\n                    <div class = \"td-button td-item9\">\r\n                        <div class = \"td-border\"><\/div>\r\n                    <\/div>\r\n                    <div class = \"td-button td-item10\">\r\n                        <div class = \"td-border\"><\/div>\r\n                    <\/div>\r\n                            <\/div>\r\n                        <\/div>\r\n\r\n                    <\/div>\r\n\r\n                <\/div>\r\n                ","protected":false},"excerpt":{"rendered":"<p>La Subgerencia de Integridad y Transparencia Administrativa, por medio de su campa\u00f1a \u201cUnidas por nuestros derechos\u201d, invit\u00f3 a ONU Mujeres para brindar una charla informativa acerca de la situaci\u00f3n actual de este delito al personal del Instituto Guatemalteco de Seguridad Social (IGSS) con la finalidad de concientizar a sus trabajadores y promover los derechos&nbsp;de las [&hellip;]<\/p>\n","protected":false},"author":9,"featured_media":11959,"comment_status":"open","ping_status":"open","sticky":false,"template":"","format":"standard","meta":{"footnotes":""},"categories":[3,17,29],"tags":[490,994,993,800],"coauthors":[888],"class_list":{"0":"post-11956","1":"post","2":"type-post","3":"status-publish","4":"format-standard","5":"has-post-thumbnail","7":"category-actualidad","8":"category-formacion-y-desarrollo","9":"category-publicaciones","10":"tag-igss","11":"tag-licda-erica-diaz","12":"tag-onu-mujeres","13":"tag-sita"},"_links":{"self":[{"href":"https:\/\/www.igssgt.org\/noticias\/wp-json\/wp\/v2\/posts\/11956","targetHints":{"allow":["GET"]}}],"collection":[{"href":"https:\/\/www.igssgt.org\/noticias\/wp-json\/wp\/v2\/posts"}],"about":[{"href":"https:\/\/www.igssgt.org\/noticias\/wp-json\/wp\/v2\/types\/post"}],"author":[{"embeddable":true,"href":"https:\/\/www.igssgt.org\/noticias\/wp-json\/wp\/v2\/users\/9"}],"replies":[{"embeddable":true,"href":"https:\/\/www.igssgt.org\/noticias\/wp-json\/wp\/v2\/comments?post=11956"}],"version-history":[{"count":1,"href":"https:\/\/www.igssgt.org\/noticias\/wp-json\/wp\/v2\/posts\/11956\/revisions"}],"predecessor-version":[{"id":11967,"href":"https:\/\/www.igssgt.org\/noticias\/wp-json\/wp\/v2\/posts\/11956\/revisions\/11967"}],"wp:featuredmedia":[{"embeddable":true,"href":"https:\/\/www.igssgt.org\/noticias\/wp-json\/wp\/v2\/media\/11959"}],"wp:attachment":[{"href":"https:\/\/www.igssgt.org\/noticias\/wp-json\/wp\/v2\/media?parent=11956"}],"wp:term":[{"taxonomy":"category","embeddable":true,"href":"https:\/\/www.igssgt.org\/noticias\/wp-json\/wp\/v2\/categories?post=11956"},{"taxonomy":"post_tag","embeddable":true,"href":"https:\/\/www.igssgt.org\/noticias\/wp-json\/wp\/v2\/tags?post=11956"},{"taxonomy":"author","embeddable":true,"href":"https:\/\/www.igssgt.org\/noticias\/wp-json\/wp\/v2\/coauthors?post=11956"}],"curies":[{"name":"wp","href":"https:\/\/api.w.org\/{rel}","templated":true}]}}