{"id":11968,"date":"2017-11-15T15:12:24","date_gmt":"2017-11-15T21:12:24","guid":{"rendered":"https:\/\/www.igssgt.org\/noticias\/?p=11968"},"modified":"2019-10-04T15:33:29","modified_gmt":"2019-10-04T21:33:29","slug":"conmemoran-el-dia-nacional-del-adulto-mayor","status":"publish","type":"post","link":"https:\/\/www.igssgt.org\/noticias\/2017\/11\/15\/conmemoran-el-dia-nacional-del-adulto-mayor\/","title":{"rendered":"Conmemoran el D\u00eda Nacional del Adulto Mayor"},"content":{"rendered":"\n<figure class=\"wp-block-image\"><img loading=\"lazy\" decoding=\"async\" width=\"1024\" height=\"683\" src=\"\/wp-content\/uploads\/sites\/5\/2019\/10\/Dia-Nacional-del-Adulto-Mayor-camip-igss-2017-7-1024x683.jpg\" alt=\"\" class=\"wp-image-11986\" srcset=\"\/wp-content\/uploads\/sites\/5\/2019\/10\/Dia-Nacional-del-Adulto-Mayor-camip-igss-2017-7-1024x683.jpg 1024w, \/wp-content\/uploads\/sites\/5\/2019\/10\/Dia-Nacional-del-Adulto-Mayor-camip-igss-2017-7-1536x1024.jpg 1536w, \/wp-content\/uploads\/sites\/5\/2019\/10\/Dia-Nacional-del-Adulto-Mayor-camip-igss-2017-7-300x200.jpg 300w, \/wp-content\/uploads\/sites\/5\/2019\/10\/Dia-Nacional-del-Adulto-Mayor-camip-igss-2017-7-768x512.jpg 768w, \/wp-content\/uploads\/sites\/5\/2019\/10\/Dia-Nacional-del-Adulto-Mayor-camip-igss-2017-7-630x420.jpg 630w, \/wp-content\/uploads\/sites\/5\/2019\/10\/Dia-Nacional-del-Adulto-Mayor-camip-igss-2017-7-696x464.jpg 696w, \/wp-content\/uploads\/sites\/5\/2019\/10\/Dia-Nacional-del-Adulto-Mayor-camip-igss-2017-7-1068x712.jpg 1068w, \/wp-content\/uploads\/sites\/5\/2019\/10\/Dia-Nacional-del-Adulto-Mayor-camip-igss-2017-7-534x356.jpg 534w, \/wp-content\/uploads\/sites\/5\/2019\/10\/Dia-Nacional-del-Adulto-Mayor-camip-igss-2017-7.jpg 2048w\" sizes=\"auto, (max-width: 1024px) 100vw, 1024px\" \/><\/figure>\n\n\n\n<p>Seg\u00fan los registros oficiales, al 2016 el Instituto Guatemalteco de Seguridad Social (IGSS) a nivel nacional atiende en sus diferentes servicios a un total de 277,591 adultos mayores, entre pensionados del programa de Invalidez Vejez y Sobrevivencia (IVS) y jubilados del Estado.<\/p>\n\n\n\n<p>Los adultos mayores reciben asistencia integral, ya que adem\u00e1s de contar con atenci\u00f3n m\u00e9dica durante sus citas en las diferentes especialidades tambi\u00e9n se les brinda servicio profesional en las salas de emergencia de los hospitales. Los beneficiarios tienen acceso a otros programas que contribuyen a su revitalizaci\u00f3n y a contar con una vida m\u00e1s saludable.<\/p>\n\n\n\n<p>Como parte del proceso de atenci\u00f3n m\u00e9dica los pacientes tambi\u00e9n son referidos al programa de terapia ocupacional, donde desarrollan diversas actividades las cuales contribuyen a su recuperaci\u00f3n.<\/p>\n\n\n\n<p>El programa de terapia ocupacional del IGSS se desarrolla fundamentalmente en los tres Centros de Atenci\u00f3n M\u00e9dica Integral para Pensionados (CAMIP) ubicados en la capital, el cual incluye actividades como danza r\u00edtmica, coreograf\u00edas, terapia acu\u00e1tica, nado dirigido y nado sincronizado.<\/p>\n\n\n\n<p>Adem\u00e1s, se cuenta con instructores que imparten cursos de manualidades en los que les ense\u00f1an, entre otras actividades, los bordados en list\u00f3n, crochet, tejidos, bisuter\u00eda, repujado, decoraci\u00f3n con la t\u00e9cnica de decoupage, ajedrez, reposter\u00eda, dibujo y pintura.<\/p>\n\n\n\r\n                <style type=\"text\/css\">\r\n                    \r\n                    #tdi_1  .td-doubleSlider-2 .td-item1 {\r\n                        background: url(\/wp-content\/uploads\/sites\/5\/2019\/10\/Dia-Nacional-del-Adulto-Mayor-camip-igss-2017-5-80x60.jpg) 0 0 no-repeat;\r\n                    }\r\n                    #tdi_1  .td-doubleSlider-2 .td-item2 {\r\n                        background: url(\/wp-content\/uploads\/sites\/5\/2019\/10\/Dia-Nacional-del-Adulto-Mayor-camip-igss-2017-7-80x60.jpg) 0 0 no-repeat;\r\n                    }\r\n                    #tdi_1  .td-doubleSlider-2 .td-item3 {\r\n                        background: url(\/wp-content\/uploads\/sites\/5\/2019\/10\/Dia-Nacional-del-Adulto-Mayor-camip-igss-2017-17-80x60.jpg) 0 0 no-repeat;\r\n                    }\r\n                    #tdi_1  .td-doubleSlider-2 .td-item4 {\r\n                        background: url(\/wp-content\/uploads\/sites\/5\/2019\/10\/Dia-Nacional-del-Adulto-Mayor-camip-igss-2017-3-80x60.jpg) 0 0 no-repeat;\r\n                    }\r\n                    #tdi_1  .td-doubleSlider-2 .td-item5 {\r\n                        background: url(\/wp-content\/uploads\/sites\/5\/2019\/10\/Dia-Nacional-del-Adulto-Mayor-camip-igss-2017-10-80x60.jpg) 0 0 no-repeat;\r\n                    }\r\n                    #tdi_1  .td-doubleSlider-2 .td-item6 {\r\n                        background: url(\/wp-content\/uploads\/sites\/5\/2019\/10\/Dia-Nacional-del-Adulto-Mayor-camip-igss-2017-14-80x60.jpg) 0 0 no-repeat;\r\n                    }\r\n                    #tdi_1  .td-doubleSlider-2 .td-item7 {\r\n                        background: url(\/wp-content\/uploads\/sites\/5\/2019\/10\/Dia-Nacional-del-Adulto-Mayor-camip-igss-2017-1-80x60.jpg) 0 0 no-repeat;\r\n                    }\r\n                    #tdi_1  .td-doubleSlider-2 .td-item8 {\r\n                        background: url(\/wp-content\/uploads\/sites\/5\/2019\/10\/Dia-Nacional-del-Adulto-Mayor-camip-igss-2017-2-80x60.jpg) 0 0 no-repeat;\r\n                    }\r\n                    #tdi_1  .td-doubleSlider-2 .td-item9 {\r\n                        background: url(\/wp-content\/uploads\/sites\/5\/2019\/10\/Dia-Nacional-del-Adulto-Mayor-camip-igss-2017-4-80x60.jpg) 0 0 no-repeat;\r\n                    }\r\n                    #tdi_1  .td-doubleSlider-2 .td-item10 {\r\n                        background: url(\/wp-content\/uploads\/sites\/5\/2019\/10\/Dia-Nacional-del-Adulto-Mayor-camip-igss-2017-6-80x60.jpg) 0 0 no-repeat;\r\n                    }\r\n                    #tdi_1  .td-doubleSlider-2 .td-item11 {\r\n                        background: url(\/wp-content\/uploads\/sites\/5\/2019\/10\/Dia-Nacional-del-Adulto-Mayor-camip-igss-2017-9-80x60.jpg) 0 0 no-repeat;\r\n                    }\r\n                    #tdi_1  .td-doubleSlider-2 .td-item12 {\r\n                        background: url(\/wp-content\/uploads\/sites\/5\/2019\/10\/Dia-Nacional-del-Adulto-Mayor-camip-igss-2017-11-80x60.jpg) 0 0 no-repeat;\r\n                    }\r\n                    #tdi_1  .td-doubleSlider-2 .td-item13 {\r\n                        background: url(\/wp-content\/uploads\/sites\/5\/2019\/10\/Dia-Nacional-del-Adulto-Mayor-camip-igss-2017-12-80x60.jpg) 0 0 no-repeat;\r\n                    }\r\n                    #tdi_1  .td-doubleSlider-2 .td-item14 {\r\n                        background: url(\/wp-content\/uploads\/sites\/5\/2019\/10\/Dia-Nacional-del-Adulto-Mayor-camip-igss-2017-7-1-80x60.jpg) 0 0 no-repeat;\r\n                    }\r\n                    #tdi_1  .td-doubleSlider-2 .td-item15 {\r\n                        background: url(\/wp-content\/uploads\/sites\/5\/2019\/10\/Dia-Nacional-del-Adulto-Mayor-camip-igss-2017-5-1-80x60.jpg) 0 0 no-repeat;\r\n                    }\r\n                    #tdi_1  .td-doubleSlider-2 .td-item16 {\r\n                        background: url(\/wp-content\/uploads\/sites\/5\/2019\/10\/Dia-Nacional-del-Adulto-Mayor-camip-igss-2017-13-80x60.jpg) 0 0 no-repeat;\r\n                    }\r\n                    #tdi_1  .td-doubleSlider-2 .td-item17 {\r\n                        background: url(\/wp-content\/uploads\/sites\/5\/2019\/10\/Dia-Nacional-del-Adulto-Mayor-camip-igss-2017-15-80x60.jpg) 0 0 no-repeat;\r\n                    }\r\n                    #tdi_1  .td-doubleSlider-2 .td-item18 {\r\n                        background: url(\/wp-content\/uploads\/sites\/5\/2019\/10\/Dia-Nacional-del-Adulto-Mayor-camip-igss-2017-16-80x60.jpg) 0 0 no-repeat;\r\n                    }\r\n                    #tdi_1  .td-doubleSlider-2 .td-item19 {\r\n                        background: url(\/wp-content\/uploads\/sites\/5\/2019\/10\/Dia-Nacional-del-Adulto-Mayor-camip-igss-2017-18-80x60.jpg) 0 0 no-repeat;\r\n                    }\r\n                <\/style>\r\n\r\n                <div id=\"tdi_1\" class=\"td-gallery td-slide-on-2-columns\">\r\n                    <div class=\"post_td_gallery\">\r\n                        <div class=\"td-gallery-slide-top\">\r\n                           <div class=\"td-gallery-title\"><\/div>\r\n\r\n                            <div class=\"td-gallery-controls-wrapper\">\r\n                                <div class=\"td-gallery-slide-count\"><span class=\"td-gallery-slide-item-focus\">1<\/span> de 19<\/div>\r\n                                <div class=\"td-gallery-slide-prev-next-but\">\r\n                                    <i class = \"td-icon-left doubleSliderPrevButton\"><\/i>\r\n                                    <i class = \"td-icon-right doubleSliderNextButton\"><\/i>\r\n                                <\/div>\r\n                            <\/div>\r\n                        <\/div>\r\n\r\n                        <div class = \"td-doubleSlider-1 \">\r\n                            <div class = \"td-slider\">\r\n                                \r\n                    <div class = \"td-slide-item td-item1\">\r\n                        <figure class=\"td-slide-galery-figure td-slide-popup-gallery\">\r\n                            <a class=\"slide-gallery-image-link\" href=\"\/wp-content\/uploads\/sites\/5\/2019\/10\/Dia-Nacional-del-Adulto-Mayor-camip-igss-2017-5.jpg\" title=\"Dia-Nacional-del-Adulto-Mayor-camip-igss-2017-5\"  data-caption=\"\"  data-description=\"\">\r\n                                <img decoding=\"async\" src=\"\/wp-content\/uploads\/sites\/5\/2019\/10\/Dia-Nacional-del-Adulto-Mayor-camip-igss-2017-5-630x420.jpg\" srcset=\"\/wp-content\/uploads\/sites\/5\/2019\/10\/Dia-Nacional-del-Adulto-Mayor-camip-igss-2017-5-630x420.jpg 630w, \/wp-content\/uploads\/sites\/5\/2019\/10\/Dia-Nacional-del-Adulto-Mayor-camip-igss-2017-5-1536x1024.jpg 1536w, \/wp-content\/uploads\/sites\/5\/2019\/10\/Dia-Nacional-del-Adulto-Mayor-camip-igss-2017-5-300x200.jpg 300w, \/wp-content\/uploads\/sites\/5\/2019\/10\/Dia-Nacional-del-Adulto-Mayor-camip-igss-2017-5-768x512.jpg 768w, \/wp-content\/uploads\/sites\/5\/2019\/10\/Dia-Nacional-del-Adulto-Mayor-camip-igss-2017-5-1024x683.jpg 1024w, \/wp-content\/uploads\/sites\/5\/2019\/10\/Dia-Nacional-del-Adulto-Mayor-camip-igss-2017-5-696x464.jpg 696w, \/wp-content\/uploads\/sites\/5\/2019\/10\/Dia-Nacional-del-Adulto-Mayor-camip-igss-2017-5-1068x712.jpg 1068w, \/wp-content\/uploads\/sites\/5\/2019\/10\/Dia-Nacional-del-Adulto-Mayor-camip-igss-2017-5-534x356.jpg 534w, \/wp-content\/uploads\/sites\/5\/2019\/10\/Dia-Nacional-del-Adulto-Mayor-camip-igss-2017-5.jpg 2048w\" sizes=\"(max-width: 630px) 100vw, 630px\" alt=\"\">\r\n                            <\/a>\r\n                            \r\n                        <\/figure>\r\n                    <\/div>\r\n                    <div class = \"td-slide-item td-item2\">\r\n                        <figure class=\"td-slide-galery-figure td-slide-popup-gallery\">\r\n                            <a class=\"slide-gallery-image-link\" href=\"\/wp-content\/uploads\/sites\/5\/2019\/10\/Dia-Nacional-del-Adulto-Mayor-camip-igss-2017-7.jpg\" title=\"Dia-Nacional-del-Adulto-Mayor-camip-igss-2017-7\"  data-caption=\"\"  data-description=\"\">\r\n                                <img decoding=\"async\" src=\"\/wp-content\/uploads\/sites\/5\/2019\/10\/Dia-Nacional-del-Adulto-Mayor-camip-igss-2017-7-630x420.jpg\" srcset=\"\/wp-content\/uploads\/sites\/5\/2019\/10\/Dia-Nacional-del-Adulto-Mayor-camip-igss-2017-7-630x420.jpg 630w, \/wp-content\/uploads\/sites\/5\/2019\/10\/Dia-Nacional-del-Adulto-Mayor-camip-igss-2017-7-1536x1024.jpg 1536w, \/wp-content\/uploads\/sites\/5\/2019\/10\/Dia-Nacional-del-Adulto-Mayor-camip-igss-2017-7-300x200.jpg 300w, \/wp-content\/uploads\/sites\/5\/2019\/10\/Dia-Nacional-del-Adulto-Mayor-camip-igss-2017-7-768x512.jpg 768w, \/wp-content\/uploads\/sites\/5\/2019\/10\/Dia-Nacional-del-Adulto-Mayor-camip-igss-2017-7-1024x683.jpg 1024w, \/wp-content\/uploads\/sites\/5\/2019\/10\/Dia-Nacional-del-Adulto-Mayor-camip-igss-2017-7-696x464.jpg 696w, \/wp-content\/uploads\/sites\/5\/2019\/10\/Dia-Nacional-del-Adulto-Mayor-camip-igss-2017-7-1068x712.jpg 1068w, \/wp-content\/uploads\/sites\/5\/2019\/10\/Dia-Nacional-del-Adulto-Mayor-camip-igss-2017-7-534x356.jpg 534w, \/wp-content\/uploads\/sites\/5\/2019\/10\/Dia-Nacional-del-Adulto-Mayor-camip-igss-2017-7.jpg 2048w\" sizes=\"(max-width: 630px) 100vw, 630px\" alt=\"\">\r\n                            <\/a>\r\n                            \r\n                        <\/figure>\r\n                    <\/div>\r\n                    <div class = \"td-slide-item td-item3\">\r\n                        <figure class=\"td-slide-galery-figure td-slide-popup-gallery\">\r\n                            <a class=\"slide-gallery-image-link\" href=\"\/wp-content\/uploads\/sites\/5\/2019\/10\/Dia-Nacional-del-Adulto-Mayor-camip-igss-2017-17.jpg\" title=\"Dia-Nacional-del-Adulto-Mayor-camip-igss-2017-17\"  data-caption=\"\"  data-description=\"\">\r\n                                <img decoding=\"async\" src=\"\/wp-content\/uploads\/sites\/5\/2019\/10\/Dia-Nacional-del-Adulto-Mayor-camip-igss-2017-17-630x420.jpg\" srcset=\"\/wp-content\/uploads\/sites\/5\/2019\/10\/Dia-Nacional-del-Adulto-Mayor-camip-igss-2017-17-630x420.jpg 630w, \/wp-content\/uploads\/sites\/5\/2019\/10\/Dia-Nacional-del-Adulto-Mayor-camip-igss-2017-17-1536x1024.jpg 1536w, \/wp-content\/uploads\/sites\/5\/2019\/10\/Dia-Nacional-del-Adulto-Mayor-camip-igss-2017-17-300x200.jpg 300w, \/wp-content\/uploads\/sites\/5\/2019\/10\/Dia-Nacional-del-Adulto-Mayor-camip-igss-2017-17-768x512.jpg 768w, \/wp-content\/uploads\/sites\/5\/2019\/10\/Dia-Nacional-del-Adulto-Mayor-camip-igss-2017-17-1024x683.jpg 1024w, \/wp-content\/uploads\/sites\/5\/2019\/10\/Dia-Nacional-del-Adulto-Mayor-camip-igss-2017-17-696x464.jpg 696w, \/wp-content\/uploads\/sites\/5\/2019\/10\/Dia-Nacional-del-Adulto-Mayor-camip-igss-2017-17-1068x712.jpg 1068w, \/wp-content\/uploads\/sites\/5\/2019\/10\/Dia-Nacional-del-Adulto-Mayor-camip-igss-2017-17-534x356.jpg 534w, \/wp-content\/uploads\/sites\/5\/2019\/10\/Dia-Nacional-del-Adulto-Mayor-camip-igss-2017-17.jpg 2048w\" sizes=\"(max-width: 630px) 100vw, 630px\" alt=\"\">\r\n                            <\/a>\r\n                            \r\n                        <\/figure>\r\n                    <\/div>\r\n                    <div class = \"td-slide-item td-item4\">\r\n                        <figure class=\"td-slide-galery-figure td-slide-popup-gallery\">\r\n                            <a class=\"slide-gallery-image-link\" href=\"\/wp-content\/uploads\/sites\/5\/2019\/10\/Dia-Nacional-del-Adulto-Mayor-camip-igss-2017-3.jpg\" title=\"Dia-Nacional-del-Adulto-Mayor-camip-igss-2017-3\"  data-caption=\"\"  data-description=\"\">\r\n                                <img decoding=\"async\" src=\"\/wp-content\/uploads\/sites\/5\/2019\/10\/Dia-Nacional-del-Adulto-Mayor-camip-igss-2017-3-630x420.jpg\" srcset=\"\/wp-content\/uploads\/sites\/5\/2019\/10\/Dia-Nacional-del-Adulto-Mayor-camip-igss-2017-3-630x420.jpg 630w, \/wp-content\/uploads\/sites\/5\/2019\/10\/Dia-Nacional-del-Adulto-Mayor-camip-igss-2017-3-1536x1024.jpg 1536w, \/wp-content\/uploads\/sites\/5\/2019\/10\/Dia-Nacional-del-Adulto-Mayor-camip-igss-2017-3-300x200.jpg 300w, \/wp-content\/uploads\/sites\/5\/2019\/10\/Dia-Nacional-del-Adulto-Mayor-camip-igss-2017-3-768x512.jpg 768w, \/wp-content\/uploads\/sites\/5\/2019\/10\/Dia-Nacional-del-Adulto-Mayor-camip-igss-2017-3-1024x683.jpg 1024w, \/wp-content\/uploads\/sites\/5\/2019\/10\/Dia-Nacional-del-Adulto-Mayor-camip-igss-2017-3-696x464.jpg 696w, \/wp-content\/uploads\/sites\/5\/2019\/10\/Dia-Nacional-del-Adulto-Mayor-camip-igss-2017-3-1068x712.jpg 1068w, \/wp-content\/uploads\/sites\/5\/2019\/10\/Dia-Nacional-del-Adulto-Mayor-camip-igss-2017-3-534x356.jpg 534w, \/wp-content\/uploads\/sites\/5\/2019\/10\/Dia-Nacional-del-Adulto-Mayor-camip-igss-2017-3.jpg 2048w\" sizes=\"(max-width: 630px) 100vw, 630px\" alt=\"\">\r\n                            <\/a>\r\n                            \r\n                        <\/figure>\r\n                    <\/div>\r\n                    <div class = \"td-slide-item td-item5\">\r\n                        <figure class=\"td-slide-galery-figure td-slide-popup-gallery\">\r\n                            <a class=\"slide-gallery-image-link\" href=\"\/wp-content\/uploads\/sites\/5\/2019\/10\/Dia-Nacional-del-Adulto-Mayor-camip-igss-2017-10.jpg\" title=\"Dia-Nacional-del-Adulto-Mayor-camip-igss-2017-10\"  data-caption=\"\"  data-description=\"\">\r\n                                <img decoding=\"async\" src=\"\/wp-content\/uploads\/sites\/5\/2019\/10\/Dia-Nacional-del-Adulto-Mayor-camip-igss-2017-10-630x420.jpg\" srcset=\"\/wp-content\/uploads\/sites\/5\/2019\/10\/Dia-Nacional-del-Adulto-Mayor-camip-igss-2017-10-630x420.jpg 630w, \/wp-content\/uploads\/sites\/5\/2019\/10\/Dia-Nacional-del-Adulto-Mayor-camip-igss-2017-10-1536x1024.jpg 1536w, \/wp-content\/uploads\/sites\/5\/2019\/10\/Dia-Nacional-del-Adulto-Mayor-camip-igss-2017-10-300x200.jpg 300w, \/wp-content\/uploads\/sites\/5\/2019\/10\/Dia-Nacional-del-Adulto-Mayor-camip-igss-2017-10-768x512.jpg 768w, \/wp-content\/uploads\/sites\/5\/2019\/10\/Dia-Nacional-del-Adulto-Mayor-camip-igss-2017-10-1024x683.jpg 1024w, \/wp-content\/uploads\/sites\/5\/2019\/10\/Dia-Nacional-del-Adulto-Mayor-camip-igss-2017-10-696x464.jpg 696w, \/wp-content\/uploads\/sites\/5\/2019\/10\/Dia-Nacional-del-Adulto-Mayor-camip-igss-2017-10-1068x712.jpg 1068w, \/wp-content\/uploads\/sites\/5\/2019\/10\/Dia-Nacional-del-Adulto-Mayor-camip-igss-2017-10-534x356.jpg 534w, \/wp-content\/uploads\/sites\/5\/2019\/10\/Dia-Nacional-del-Adulto-Mayor-camip-igss-2017-10.jpg 2048w\" sizes=\"(max-width: 630px) 100vw, 630px\" alt=\"\">\r\n                            <\/a>\r\n                            \r\n                        <\/figure>\r\n                    <\/div>\r\n                    <div class = \"td-slide-item td-item6\">\r\n                        <figure class=\"td-slide-galery-figure td-slide-popup-gallery\">\r\n                            <a class=\"slide-gallery-image-link\" href=\"\/wp-content\/uploads\/sites\/5\/2019\/10\/Dia-Nacional-del-Adulto-Mayor-camip-igss-2017-14.jpg\" title=\"Dia-Nacional-del-Adulto-Mayor-camip-igss-2017-14\"  data-caption=\"\"  data-description=\"\">\r\n                                <img decoding=\"async\" src=\"\/wp-content\/uploads\/sites\/5\/2019\/10\/Dia-Nacional-del-Adulto-Mayor-camip-igss-2017-14-630x420.jpg\" srcset=\"\/wp-content\/uploads\/sites\/5\/2019\/10\/Dia-Nacional-del-Adulto-Mayor-camip-igss-2017-14-630x420.jpg 630w, \/wp-content\/uploads\/sites\/5\/2019\/10\/Dia-Nacional-del-Adulto-Mayor-camip-igss-2017-14-1536x1024.jpg 1536w, \/wp-content\/uploads\/sites\/5\/2019\/10\/Dia-Nacional-del-Adulto-Mayor-camip-igss-2017-14-300x200.jpg 300w, \/wp-content\/uploads\/sites\/5\/2019\/10\/Dia-Nacional-del-Adulto-Mayor-camip-igss-2017-14-768x512.jpg 768w, \/wp-content\/uploads\/sites\/5\/2019\/10\/Dia-Nacional-del-Adulto-Mayor-camip-igss-2017-14-1024x683.jpg 1024w, \/wp-content\/uploads\/sites\/5\/2019\/10\/Dia-Nacional-del-Adulto-Mayor-camip-igss-2017-14-696x464.jpg 696w, \/wp-content\/uploads\/sites\/5\/2019\/10\/Dia-Nacional-del-Adulto-Mayor-camip-igss-2017-14-1068x712.jpg 1068w, \/wp-content\/uploads\/sites\/5\/2019\/10\/Dia-Nacional-del-Adulto-Mayor-camip-igss-2017-14-534x356.jpg 534w, \/wp-content\/uploads\/sites\/5\/2019\/10\/Dia-Nacional-del-Adulto-Mayor-camip-igss-2017-14.jpg 2048w\" sizes=\"(max-width: 630px) 100vw, 630px\" alt=\"\">\r\n                            <\/a>\r\n                            \r\n                        <\/figure>\r\n                    <\/div>\r\n                    <div class = \"td-slide-item td-item7\">\r\n                        <figure class=\"td-slide-galery-figure td-slide-popup-gallery\">\r\n                            <a class=\"slide-gallery-image-link\" href=\"\/wp-content\/uploads\/sites\/5\/2019\/10\/Dia-Nacional-del-Adulto-Mayor-camip-igss-2017-1.jpg\" title=\"Dia-Nacional-del-Adulto-Mayor-camip-igss-2017-1\"  data-caption=\"\"  data-description=\"\">\r\n                                <img decoding=\"async\" src=\"\/wp-content\/uploads\/sites\/5\/2019\/10\/Dia-Nacional-del-Adulto-Mayor-camip-igss-2017-1-630x420.jpg\" srcset=\"\/wp-content\/uploads\/sites\/5\/2019\/10\/Dia-Nacional-del-Adulto-Mayor-camip-igss-2017-1-630x420.jpg 630w, \/wp-content\/uploads\/sites\/5\/2019\/10\/Dia-Nacional-del-Adulto-Mayor-camip-igss-2017-1-1536x1024.jpg 1536w, \/wp-content\/uploads\/sites\/5\/2019\/10\/Dia-Nacional-del-Adulto-Mayor-camip-igss-2017-1-300x200.jpg 300w, \/wp-content\/uploads\/sites\/5\/2019\/10\/Dia-Nacional-del-Adulto-Mayor-camip-igss-2017-1-768x512.jpg 768w, \/wp-content\/uploads\/sites\/5\/2019\/10\/Dia-Nacional-del-Adulto-Mayor-camip-igss-2017-1-1024x683.jpg 1024w, \/wp-content\/uploads\/sites\/5\/2019\/10\/Dia-Nacional-del-Adulto-Mayor-camip-igss-2017-1-696x464.jpg 696w, \/wp-content\/uploads\/sites\/5\/2019\/10\/Dia-Nacional-del-Adulto-Mayor-camip-igss-2017-1-1068x712.jpg 1068w, \/wp-content\/uploads\/sites\/5\/2019\/10\/Dia-Nacional-del-Adulto-Mayor-camip-igss-2017-1-534x356.jpg 534w, \/wp-content\/uploads\/sites\/5\/2019\/10\/Dia-Nacional-del-Adulto-Mayor-camip-igss-2017-1.jpg 2048w\" sizes=\"(max-width: 630px) 100vw, 630px\" alt=\"\">\r\n                            <\/a>\r\n                            \r\n                        <\/figure>\r\n                    <\/div>\r\n                    <div class = \"td-slide-item td-item8\">\r\n                        <figure class=\"td-slide-galery-figure td-slide-popup-gallery\">\r\n                            <a class=\"slide-gallery-image-link\" href=\"\/wp-content\/uploads\/sites\/5\/2019\/10\/Dia-Nacional-del-Adulto-Mayor-camip-igss-2017-2.jpg\" title=\"Dia-Nacional-del-Adulto-Mayor-camip-igss-2017-2\"  data-caption=\"\"  data-description=\"\">\r\n                                <img decoding=\"async\" src=\"\/wp-content\/uploads\/sites\/5\/2019\/10\/Dia-Nacional-del-Adulto-Mayor-camip-igss-2017-2-630x420.jpg\" srcset=\"\/wp-content\/uploads\/sites\/5\/2019\/10\/Dia-Nacional-del-Adulto-Mayor-camip-igss-2017-2-630x420.jpg 630w, \/wp-content\/uploads\/sites\/5\/2019\/10\/Dia-Nacional-del-Adulto-Mayor-camip-igss-2017-2-1536x1024.jpg 1536w, \/wp-content\/uploads\/sites\/5\/2019\/10\/Dia-Nacional-del-Adulto-Mayor-camip-igss-2017-2-300x200.jpg 300w, \/wp-content\/uploads\/sites\/5\/2019\/10\/Dia-Nacional-del-Adulto-Mayor-camip-igss-2017-2-768x512.jpg 768w, \/wp-content\/uploads\/sites\/5\/2019\/10\/Dia-Nacional-del-Adulto-Mayor-camip-igss-2017-2-1024x683.jpg 1024w, \/wp-content\/uploads\/sites\/5\/2019\/10\/Dia-Nacional-del-Adulto-Mayor-camip-igss-2017-2-696x464.jpg 696w, \/wp-content\/uploads\/sites\/5\/2019\/10\/Dia-Nacional-del-Adulto-Mayor-camip-igss-2017-2-1068x712.jpg 1068w, \/wp-content\/uploads\/sites\/5\/2019\/10\/Dia-Nacional-del-Adulto-Mayor-camip-igss-2017-2-534x356.jpg 534w, \/wp-content\/uploads\/sites\/5\/2019\/10\/Dia-Nacional-del-Adulto-Mayor-camip-igss-2017-2.jpg 2048w\" sizes=\"(max-width: 630px) 100vw, 630px\" alt=\"\">\r\n                            <\/a>\r\n                            \r\n                        <\/figure>\r\n                    <\/div>\r\n                    <div class = \"td-slide-item td-item9\">\r\n                        <figure class=\"td-slide-galery-figure td-slide-popup-gallery\">\r\n                            <a class=\"slide-gallery-image-link\" href=\"\/wp-content\/uploads\/sites\/5\/2019\/10\/Dia-Nacional-del-Adulto-Mayor-camip-igss-2017-4.jpg\" title=\"Dia-Nacional-del-Adulto-Mayor-camip-igss-2017-4\"  data-caption=\"\"  data-description=\"\">\r\n                                <img decoding=\"async\" src=\"\/wp-content\/uploads\/sites\/5\/2019\/10\/Dia-Nacional-del-Adulto-Mayor-camip-igss-2017-4-630x420.jpg\" srcset=\"\/wp-content\/uploads\/sites\/5\/2019\/10\/Dia-Nacional-del-Adulto-Mayor-camip-igss-2017-4-630x420.jpg 630w, \/wp-content\/uploads\/sites\/5\/2019\/10\/Dia-Nacional-del-Adulto-Mayor-camip-igss-2017-4-1536x1024.jpg 1536w, \/wp-content\/uploads\/sites\/5\/2019\/10\/Dia-Nacional-del-Adulto-Mayor-camip-igss-2017-4-300x200.jpg 300w, \/wp-content\/uploads\/sites\/5\/2019\/10\/Dia-Nacional-del-Adulto-Mayor-camip-igss-2017-4-768x512.jpg 768w, \/wp-content\/uploads\/sites\/5\/2019\/10\/Dia-Nacional-del-Adulto-Mayor-camip-igss-2017-4-1024x683.jpg 1024w, \/wp-content\/uploads\/sites\/5\/2019\/10\/Dia-Nacional-del-Adulto-Mayor-camip-igss-2017-4-696x464.jpg 696w, \/wp-content\/uploads\/sites\/5\/2019\/10\/Dia-Nacional-del-Adulto-Mayor-camip-igss-2017-4-1068x712.jpg 1068w, \/wp-content\/uploads\/sites\/5\/2019\/10\/Dia-Nacional-del-Adulto-Mayor-camip-igss-2017-4-534x356.jpg 534w, \/wp-content\/uploads\/sites\/5\/2019\/10\/Dia-Nacional-del-Adulto-Mayor-camip-igss-2017-4.jpg 2048w\" sizes=\"(max-width: 630px) 100vw, 630px\" alt=\"\">\r\n                            <\/a>\r\n                            \r\n                        <\/figure>\r\n                    <\/div>\r\n                    <div class = \"td-slide-item td-item10\">\r\n                        <figure class=\"td-slide-galery-figure td-slide-popup-gallery\">\r\n                            <a class=\"slide-gallery-image-link\" href=\"\/wp-content\/uploads\/sites\/5\/2019\/10\/Dia-Nacional-del-Adulto-Mayor-camip-igss-2017-6.jpg\" title=\"Dia-Nacional-del-Adulto-Mayor-camip-igss-2017-6\"  data-caption=\"\"  data-description=\"\">\r\n                                <img decoding=\"async\" src=\"\/wp-content\/uploads\/sites\/5\/2019\/10\/Dia-Nacional-del-Adulto-Mayor-camip-igss-2017-6-630x420.jpg\" srcset=\"\/wp-content\/uploads\/sites\/5\/2019\/10\/Dia-Nacional-del-Adulto-Mayor-camip-igss-2017-6-630x420.jpg 630w, \/wp-content\/uploads\/sites\/5\/2019\/10\/Dia-Nacional-del-Adulto-Mayor-camip-igss-2017-6-1536x1024.jpg 1536w, \/wp-content\/uploads\/sites\/5\/2019\/10\/Dia-Nacional-del-Adulto-Mayor-camip-igss-2017-6-300x200.jpg 300w, \/wp-content\/uploads\/sites\/5\/2019\/10\/Dia-Nacional-del-Adulto-Mayor-camip-igss-2017-6-768x512.jpg 768w, \/wp-content\/uploads\/sites\/5\/2019\/10\/Dia-Nacional-del-Adulto-Mayor-camip-igss-2017-6-1024x683.jpg 1024w, \/wp-content\/uploads\/sites\/5\/2019\/10\/Dia-Nacional-del-Adulto-Mayor-camip-igss-2017-6-696x464.jpg 696w, \/wp-content\/uploads\/sites\/5\/2019\/10\/Dia-Nacional-del-Adulto-Mayor-camip-igss-2017-6-1068x712.jpg 1068w, \/wp-content\/uploads\/sites\/5\/2019\/10\/Dia-Nacional-del-Adulto-Mayor-camip-igss-2017-6-534x356.jpg 534w, \/wp-content\/uploads\/sites\/5\/2019\/10\/Dia-Nacional-del-Adulto-Mayor-camip-igss-2017-6.jpg 2048w\" sizes=\"(max-width: 630px) 100vw, 630px\" alt=\"\">\r\n                            <\/a>\r\n                            \r\n                        <\/figure>\r\n                    <\/div>\r\n                    <div class = \"td-slide-item td-item11\">\r\n                        <figure class=\"td-slide-galery-figure td-slide-popup-gallery\">\r\n                            <a class=\"slide-gallery-image-link\" href=\"\/wp-content\/uploads\/sites\/5\/2019\/10\/Dia-Nacional-del-Adulto-Mayor-camip-igss-2017-9.jpg\" title=\"Dia-Nacional-del-Adulto-Mayor-camip-igss-2017-9\"  data-caption=\"\"  data-description=\"\">\r\n                                <img decoding=\"async\" src=\"\/wp-content\/uploads\/sites\/5\/2019\/10\/Dia-Nacional-del-Adulto-Mayor-camip-igss-2017-9-630x420.jpg\" srcset=\"\/wp-content\/uploads\/sites\/5\/2019\/10\/Dia-Nacional-del-Adulto-Mayor-camip-igss-2017-9-630x420.jpg 630w, \/wp-content\/uploads\/sites\/5\/2019\/10\/Dia-Nacional-del-Adulto-Mayor-camip-igss-2017-9-1536x1024.jpg 1536w, \/wp-content\/uploads\/sites\/5\/2019\/10\/Dia-Nacional-del-Adulto-Mayor-camip-igss-2017-9-300x200.jpg 300w, \/wp-content\/uploads\/sites\/5\/2019\/10\/Dia-Nacional-del-Adulto-Mayor-camip-igss-2017-9-768x512.jpg 768w, \/wp-content\/uploads\/sites\/5\/2019\/10\/Dia-Nacional-del-Adulto-Mayor-camip-igss-2017-9-1024x683.jpg 1024w, \/wp-content\/uploads\/sites\/5\/2019\/10\/Dia-Nacional-del-Adulto-Mayor-camip-igss-2017-9-696x464.jpg 696w, \/wp-content\/uploads\/sites\/5\/2019\/10\/Dia-Nacional-del-Adulto-Mayor-camip-igss-2017-9-1068x712.jpg 1068w, \/wp-content\/uploads\/sites\/5\/2019\/10\/Dia-Nacional-del-Adulto-Mayor-camip-igss-2017-9-534x356.jpg 534w, \/wp-content\/uploads\/sites\/5\/2019\/10\/Dia-Nacional-del-Adulto-Mayor-camip-igss-2017-9.jpg 2048w\" sizes=\"(max-width: 630px) 100vw, 630px\" alt=\"\">\r\n                            <\/a>\r\n                            \r\n                        <\/figure>\r\n                    <\/div>\r\n                    <div class = \"td-slide-item td-item12\">\r\n                        <figure class=\"td-slide-galery-figure td-slide-popup-gallery\">\r\n                            <a class=\"slide-gallery-image-link\" href=\"\/wp-content\/uploads\/sites\/5\/2019\/10\/Dia-Nacional-del-Adulto-Mayor-camip-igss-2017-11.jpg\" title=\"Dia-Nacional-del-Adulto-Mayor-camip-igss-2017-11\"  data-caption=\"\"  data-description=\"\">\r\n                                <img decoding=\"async\" src=\"\/wp-content\/uploads\/sites\/5\/2019\/10\/Dia-Nacional-del-Adulto-Mayor-camip-igss-2017-11-630x420.jpg\" srcset=\"\/wp-content\/uploads\/sites\/5\/2019\/10\/Dia-Nacional-del-Adulto-Mayor-camip-igss-2017-11-630x420.jpg 630w, \/wp-content\/uploads\/sites\/5\/2019\/10\/Dia-Nacional-del-Adulto-Mayor-camip-igss-2017-11-1536x1024.jpg 1536w, \/wp-content\/uploads\/sites\/5\/2019\/10\/Dia-Nacional-del-Adulto-Mayor-camip-igss-2017-11-300x200.jpg 300w, \/wp-content\/uploads\/sites\/5\/2019\/10\/Dia-Nacional-del-Adulto-Mayor-camip-igss-2017-11-768x512.jpg 768w, \/wp-content\/uploads\/sites\/5\/2019\/10\/Dia-Nacional-del-Adulto-Mayor-camip-igss-2017-11-1024x683.jpg 1024w, \/wp-content\/uploads\/sites\/5\/2019\/10\/Dia-Nacional-del-Adulto-Mayor-camip-igss-2017-11-696x464.jpg 696w, \/wp-content\/uploads\/sites\/5\/2019\/10\/Dia-Nacional-del-Adulto-Mayor-camip-igss-2017-11-1068x712.jpg 1068w, \/wp-content\/uploads\/sites\/5\/2019\/10\/Dia-Nacional-del-Adulto-Mayor-camip-igss-2017-11-534x356.jpg 534w, \/wp-content\/uploads\/sites\/5\/2019\/10\/Dia-Nacional-del-Adulto-Mayor-camip-igss-2017-11.jpg 2048w\" sizes=\"(max-width: 630px) 100vw, 630px\" alt=\"\">\r\n                            <\/a>\r\n                            \r\n                        <\/figure>\r\n                    <\/div>\r\n                    <div class = \"td-slide-item td-item13\">\r\n                        <figure class=\"td-slide-galery-figure td-slide-popup-gallery\">\r\n                            <a class=\"slide-gallery-image-link\" href=\"\/wp-content\/uploads\/sites\/5\/2019\/10\/Dia-Nacional-del-Adulto-Mayor-camip-igss-2017-12.jpg\" title=\"Dia-Nacional-del-Adulto-Mayor-camip-igss-2017-12\"  data-caption=\"\"  data-description=\"\">\r\n                                <img decoding=\"async\" src=\"\/wp-content\/uploads\/sites\/5\/2019\/10\/Dia-Nacional-del-Adulto-Mayor-camip-igss-2017-12-630x420.jpg\" srcset=\"\/wp-content\/uploads\/sites\/5\/2019\/10\/Dia-Nacional-del-Adulto-Mayor-camip-igss-2017-12-630x420.jpg 630w, \/wp-content\/uploads\/sites\/5\/2019\/10\/Dia-Nacional-del-Adulto-Mayor-camip-igss-2017-12-1536x1024.jpg 1536w, \/wp-content\/uploads\/sites\/5\/2019\/10\/Dia-Nacional-del-Adulto-Mayor-camip-igss-2017-12-300x200.jpg 300w, \/wp-content\/uploads\/sites\/5\/2019\/10\/Dia-Nacional-del-Adulto-Mayor-camip-igss-2017-12-768x512.jpg 768w, \/wp-content\/uploads\/sites\/5\/2019\/10\/Dia-Nacional-del-Adulto-Mayor-camip-igss-2017-12-1024x683.jpg 1024w, \/wp-content\/uploads\/sites\/5\/2019\/10\/Dia-Nacional-del-Adulto-Mayor-camip-igss-2017-12-696x464.jpg 696w, \/wp-content\/uploads\/sites\/5\/2019\/10\/Dia-Nacional-del-Adulto-Mayor-camip-igss-2017-12-1068x712.jpg 1068w, \/wp-content\/uploads\/sites\/5\/2019\/10\/Dia-Nacional-del-Adulto-Mayor-camip-igss-2017-12-534x356.jpg 534w, \/wp-content\/uploads\/sites\/5\/2019\/10\/Dia-Nacional-del-Adulto-Mayor-camip-igss-2017-12.jpg 2048w\" sizes=\"(max-width: 630px) 100vw, 630px\" alt=\"\">\r\n                            <\/a>\r\n                            \r\n                        <\/figure>\r\n                    <\/div>\r\n                    <div class = \"td-slide-item td-item14\">\r\n                        <figure class=\"td-slide-galery-figure td-slide-popup-gallery\">\r\n                            <a class=\"slide-gallery-image-link\" href=\"\/wp-content\/uploads\/sites\/5\/2019\/10\/Dia-Nacional-del-Adulto-Mayor-camip-igss-2017-7-1.jpg\" title=\"Dia-Nacional-del-Adulto-Mayor-camip-igss-2017-7 (1)\"  data-caption=\"\"  data-description=\"\">\r\n                                <img decoding=\"async\" src=\"\/wp-content\/uploads\/sites\/5\/2019\/10\/Dia-Nacional-del-Adulto-Mayor-camip-igss-2017-7-1-630x420.jpg\" srcset=\"\/wp-content\/uploads\/sites\/5\/2019\/10\/Dia-Nacional-del-Adulto-Mayor-camip-igss-2017-7-1-630x420.jpg 630w, \/wp-content\/uploads\/sites\/5\/2019\/10\/Dia-Nacional-del-Adulto-Mayor-camip-igss-2017-7-1-1536x1024.jpg 1536w, \/wp-content\/uploads\/sites\/5\/2019\/10\/Dia-Nacional-del-Adulto-Mayor-camip-igss-2017-7-1-300x200.jpg 300w, \/wp-content\/uploads\/sites\/5\/2019\/10\/Dia-Nacional-del-Adulto-Mayor-camip-igss-2017-7-1-768x512.jpg 768w, \/wp-content\/uploads\/sites\/5\/2019\/10\/Dia-Nacional-del-Adulto-Mayor-camip-igss-2017-7-1-1024x683.jpg 1024w, \/wp-content\/uploads\/sites\/5\/2019\/10\/Dia-Nacional-del-Adulto-Mayor-camip-igss-2017-7-1-696x464.jpg 696w, \/wp-content\/uploads\/sites\/5\/2019\/10\/Dia-Nacional-del-Adulto-Mayor-camip-igss-2017-7-1-1068x712.jpg 1068w, \/wp-content\/uploads\/sites\/5\/2019\/10\/Dia-Nacional-del-Adulto-Mayor-camip-igss-2017-7-1-534x356.jpg 534w, \/wp-content\/uploads\/sites\/5\/2019\/10\/Dia-Nacional-del-Adulto-Mayor-camip-igss-2017-7-1.jpg 2048w\" sizes=\"(max-width: 630px) 100vw, 630px\" alt=\"\">\r\n                            <\/a>\r\n                            \r\n                        <\/figure>\r\n                    <\/div>\r\n                    <div class = \"td-slide-item td-item15\">\r\n                        <figure class=\"td-slide-galery-figure td-slide-popup-gallery\">\r\n                            <a class=\"slide-gallery-image-link\" href=\"\/wp-content\/uploads\/sites\/5\/2019\/10\/Dia-Nacional-del-Adulto-Mayor-camip-igss-2017-5-1.jpg\" title=\"Dia-Nacional-del-Adulto-Mayor-camip-igss-2017-5 (1)\"  data-caption=\"\"  data-description=\"\">\r\n                                <img decoding=\"async\" src=\"\/wp-content\/uploads\/sites\/5\/2019\/10\/Dia-Nacional-del-Adulto-Mayor-camip-igss-2017-5-1-630x420.jpg\" srcset=\"\/wp-content\/uploads\/sites\/5\/2019\/10\/Dia-Nacional-del-Adulto-Mayor-camip-igss-2017-5-1-630x420.jpg 630w, \/wp-content\/uploads\/sites\/5\/2019\/10\/Dia-Nacional-del-Adulto-Mayor-camip-igss-2017-5-1-1536x1024.jpg 1536w, \/wp-content\/uploads\/sites\/5\/2019\/10\/Dia-Nacional-del-Adulto-Mayor-camip-igss-2017-5-1-300x200.jpg 300w, \/wp-content\/uploads\/sites\/5\/2019\/10\/Dia-Nacional-del-Adulto-Mayor-camip-igss-2017-5-1-768x512.jpg 768w, \/wp-content\/uploads\/sites\/5\/2019\/10\/Dia-Nacional-del-Adulto-Mayor-camip-igss-2017-5-1-1024x683.jpg 1024w, \/wp-content\/uploads\/sites\/5\/2019\/10\/Dia-Nacional-del-Adulto-Mayor-camip-igss-2017-5-1-696x464.jpg 696w, \/wp-content\/uploads\/sites\/5\/2019\/10\/Dia-Nacional-del-Adulto-Mayor-camip-igss-2017-5-1-1068x712.jpg 1068w, \/wp-content\/uploads\/sites\/5\/2019\/10\/Dia-Nacional-del-Adulto-Mayor-camip-igss-2017-5-1-534x356.jpg 534w, \/wp-content\/uploads\/sites\/5\/2019\/10\/Dia-Nacional-del-Adulto-Mayor-camip-igss-2017-5-1.jpg 2048w\" sizes=\"(max-width: 630px) 100vw, 630px\" alt=\"\">\r\n                            <\/a>\r\n                            \r\n                        <\/figure>\r\n                    <\/div>\r\n                    <div class = \"td-slide-item td-item16\">\r\n                        <figure class=\"td-slide-galery-figure td-slide-popup-gallery\">\r\n                            <a class=\"slide-gallery-image-link\" href=\"\/wp-content\/uploads\/sites\/5\/2019\/10\/Dia-Nacional-del-Adulto-Mayor-camip-igss-2017-13.jpg\" title=\"Dia-Nacional-del-Adulto-Mayor-camip-igss-2017-13\"  data-caption=\"\"  data-description=\"\">\r\n                                <img decoding=\"async\" src=\"\/wp-content\/uploads\/sites\/5\/2019\/10\/Dia-Nacional-del-Adulto-Mayor-camip-igss-2017-13-630x420.jpg\" srcset=\"\/wp-content\/uploads\/sites\/5\/2019\/10\/Dia-Nacional-del-Adulto-Mayor-camip-igss-2017-13-630x420.jpg 630w, \/wp-content\/uploads\/sites\/5\/2019\/10\/Dia-Nacional-del-Adulto-Mayor-camip-igss-2017-13-1536x1024.jpg 1536w, \/wp-content\/uploads\/sites\/5\/2019\/10\/Dia-Nacional-del-Adulto-Mayor-camip-igss-2017-13-300x200.jpg 300w, \/wp-content\/uploads\/sites\/5\/2019\/10\/Dia-Nacional-del-Adulto-Mayor-camip-igss-2017-13-768x512.jpg 768w, \/wp-content\/uploads\/sites\/5\/2019\/10\/Dia-Nacional-del-Adulto-Mayor-camip-igss-2017-13-1024x683.jpg 1024w, \/wp-content\/uploads\/sites\/5\/2019\/10\/Dia-Nacional-del-Adulto-Mayor-camip-igss-2017-13-696x464.jpg 696w, \/wp-content\/uploads\/sites\/5\/2019\/10\/Dia-Nacional-del-Adulto-Mayor-camip-igss-2017-13-1068x712.jpg 1068w, \/wp-content\/uploads\/sites\/5\/2019\/10\/Dia-Nacional-del-Adulto-Mayor-camip-igss-2017-13-534x356.jpg 534w, \/wp-content\/uploads\/sites\/5\/2019\/10\/Dia-Nacional-del-Adulto-Mayor-camip-igss-2017-13.jpg 2048w\" sizes=\"(max-width: 630px) 100vw, 630px\" alt=\"\">\r\n                            <\/a>\r\n                            \r\n                        <\/figure>\r\n                    <\/div>\r\n                    <div class = \"td-slide-item td-item17\">\r\n                        <figure class=\"td-slide-galery-figure td-slide-popup-gallery\">\r\n                            <a class=\"slide-gallery-image-link\" href=\"\/wp-content\/uploads\/sites\/5\/2019\/10\/Dia-Nacional-del-Adulto-Mayor-camip-igss-2017-15.jpg\" title=\"Dia-Nacional-del-Adulto-Mayor-camip-igss-2017-15\"  data-caption=\"\"  data-description=\"\">\r\n                                <img decoding=\"async\" src=\"\/wp-content\/uploads\/sites\/5\/2019\/10\/Dia-Nacional-del-Adulto-Mayor-camip-igss-2017-15-630x420.jpg\" srcset=\"\/wp-content\/uploads\/sites\/5\/2019\/10\/Dia-Nacional-del-Adulto-Mayor-camip-igss-2017-15-630x420.jpg 630w, \/wp-content\/uploads\/sites\/5\/2019\/10\/Dia-Nacional-del-Adulto-Mayor-camip-igss-2017-15-1536x1024.jpg 1536w, \/wp-content\/uploads\/sites\/5\/2019\/10\/Dia-Nacional-del-Adulto-Mayor-camip-igss-2017-15-300x200.jpg 300w, \/wp-content\/uploads\/sites\/5\/2019\/10\/Dia-Nacional-del-Adulto-Mayor-camip-igss-2017-15-768x512.jpg 768w, \/wp-content\/uploads\/sites\/5\/2019\/10\/Dia-Nacional-del-Adulto-Mayor-camip-igss-2017-15-1024x683.jpg 1024w, \/wp-content\/uploads\/sites\/5\/2019\/10\/Dia-Nacional-del-Adulto-Mayor-camip-igss-2017-15-696x464.jpg 696w, \/wp-content\/uploads\/sites\/5\/2019\/10\/Dia-Nacional-del-Adulto-Mayor-camip-igss-2017-15-1068x712.jpg 1068w, \/wp-content\/uploads\/sites\/5\/2019\/10\/Dia-Nacional-del-Adulto-Mayor-camip-igss-2017-15-534x356.jpg 534w, \/wp-content\/uploads\/sites\/5\/2019\/10\/Dia-Nacional-del-Adulto-Mayor-camip-igss-2017-15.jpg 2048w\" sizes=\"(max-width: 630px) 100vw, 630px\" alt=\"\">\r\n                            <\/a>\r\n                            \r\n                        <\/figure>\r\n                    <\/div>\r\n                    <div class = \"td-slide-item td-item18\">\r\n                        <figure class=\"td-slide-galery-figure td-slide-popup-gallery\">\r\n                            <a class=\"slide-gallery-image-link\" href=\"\/wp-content\/uploads\/sites\/5\/2019\/10\/Dia-Nacional-del-Adulto-Mayor-camip-igss-2017-16.jpg\" title=\"Dia-Nacional-del-Adulto-Mayor-camip-igss-2017-16\"  data-caption=\"\"  data-description=\"\">\r\n                                <img decoding=\"async\" src=\"\/wp-content\/uploads\/sites\/5\/2019\/10\/Dia-Nacional-del-Adulto-Mayor-camip-igss-2017-16-630x420.jpg\" srcset=\"\/wp-content\/uploads\/sites\/5\/2019\/10\/Dia-Nacional-del-Adulto-Mayor-camip-igss-2017-16-630x420.jpg 630w, \/wp-content\/uploads\/sites\/5\/2019\/10\/Dia-Nacional-del-Adulto-Mayor-camip-igss-2017-16-1536x1024.jpg 1536w, \/wp-content\/uploads\/sites\/5\/2019\/10\/Dia-Nacional-del-Adulto-Mayor-camip-igss-2017-16-300x200.jpg 300w, \/wp-content\/uploads\/sites\/5\/2019\/10\/Dia-Nacional-del-Adulto-Mayor-camip-igss-2017-16-768x512.jpg 768w, \/wp-content\/uploads\/sites\/5\/2019\/10\/Dia-Nacional-del-Adulto-Mayor-camip-igss-2017-16-1024x683.jpg 1024w, \/wp-content\/uploads\/sites\/5\/2019\/10\/Dia-Nacional-del-Adulto-Mayor-camip-igss-2017-16-696x464.jpg 696w, \/wp-content\/uploads\/sites\/5\/2019\/10\/Dia-Nacional-del-Adulto-Mayor-camip-igss-2017-16-1068x712.jpg 1068w, \/wp-content\/uploads\/sites\/5\/2019\/10\/Dia-Nacional-del-Adulto-Mayor-camip-igss-2017-16-534x356.jpg 534w, \/wp-content\/uploads\/sites\/5\/2019\/10\/Dia-Nacional-del-Adulto-Mayor-camip-igss-2017-16.jpg 2048w\" sizes=\"(max-width: 630px) 100vw, 630px\" alt=\"\">\r\n                            <\/a>\r\n                            \r\n                        <\/figure>\r\n                    <\/div>\r\n                    <div class = \"td-slide-item td-item19\">\r\n                        <figure class=\"td-slide-galery-figure td-slide-popup-gallery\">\r\n                            <a class=\"slide-gallery-image-link\" href=\"\/wp-content\/uploads\/sites\/5\/2019\/10\/Dia-Nacional-del-Adulto-Mayor-camip-igss-2017-18.jpg\" title=\"Dia-Nacional-del-Adulto-Mayor-camip-igss-2017-18\"  data-caption=\"\"  data-description=\"\">\r\n                                <img decoding=\"async\" src=\"\/wp-content\/uploads\/sites\/5\/2019\/10\/Dia-Nacional-del-Adulto-Mayor-camip-igss-2017-18-630x420.jpg\" srcset=\"\/wp-content\/uploads\/sites\/5\/2019\/10\/Dia-Nacional-del-Adulto-Mayor-camip-igss-2017-18-630x420.jpg 630w, \/wp-content\/uploads\/sites\/5\/2019\/10\/Dia-Nacional-del-Adulto-Mayor-camip-igss-2017-18-1536x1024.jpg 1536w, \/wp-content\/uploads\/sites\/5\/2019\/10\/Dia-Nacional-del-Adulto-Mayor-camip-igss-2017-18-300x200.jpg 300w, \/wp-content\/uploads\/sites\/5\/2019\/10\/Dia-Nacional-del-Adulto-Mayor-camip-igss-2017-18-768x512.jpg 768w, \/wp-content\/uploads\/sites\/5\/2019\/10\/Dia-Nacional-del-Adulto-Mayor-camip-igss-2017-18-1024x683.jpg 1024w, \/wp-content\/uploads\/sites\/5\/2019\/10\/Dia-Nacional-del-Adulto-Mayor-camip-igss-2017-18-696x464.jpg 696w, \/wp-content\/uploads\/sites\/5\/2019\/10\/Dia-Nacional-del-Adulto-Mayor-camip-igss-2017-18-1068x712.jpg 1068w, \/wp-content\/uploads\/sites\/5\/2019\/10\/Dia-Nacional-del-Adulto-Mayor-camip-igss-2017-18-534x356.jpg 534w, \/wp-content\/uploads\/sites\/5\/2019\/10\/Dia-Nacional-del-Adulto-Mayor-camip-igss-2017-18.jpg 2048w\" sizes=\"(max-width: 630px) 100vw, 630px\" alt=\"\">\r\n                            <\/a>\r\n                            \r\n                        <\/figure>\r\n                    <\/div>\r\n                            <\/div>\r\n                        <\/div>\r\n\r\n                        <div class = \"td-doubleSlider-2\">\r\n                            <div class = \"td-slider\">\r\n                                \r\n                    <div class = \"td-button td-item1\">\r\n                        <div class = \"td-border\"><\/div>\r\n                    <\/div>\r\n                    <div class = \"td-button td-item2\">\r\n                        <div class = \"td-border\"><\/div>\r\n                    <\/div>\r\n                    <div class = \"td-button td-item3\">\r\n                        <div class = \"td-border\"><\/div>\r\n                    <\/div>\r\n                    <div class = \"td-button td-item4\">\r\n                        <div class = \"td-border\"><\/div>\r\n                    <\/div>\r\n                    <div class = \"td-button td-item5\">\r\n                        <div class = \"td-border\"><\/div>\r\n                    <\/div>\r\n                    <div class = \"td-button td-item6\">\r\n                        <div class = \"td-border\"><\/div>\r\n                    <\/div>\r\n                    <div class = \"td-button td-item7\">\r\n                        <div class = \"td-border\"><\/div>\r\n                    <\/div>\r\n                    <div class = \"td-button td-item8\">\r\n                        <div class = \"td-border\"><\/div>\r\n                    <\/div>\r\n                    <div class = \"td-button td-item9\">\r\n                        <div class = \"td-border\"><\/div>\r\n                    <\/div>\r\n                    <div class = \"td-button td-item10\">\r\n                        <div class = \"td-border\"><\/div>\r\n                    <\/div>\r\n                    <div class = \"td-button td-item11\">\r\n                        <div class = \"td-border\"><\/div>\r\n                    <\/div>\r\n                    <div class = \"td-button td-item12\">\r\n                        <div class = \"td-border\"><\/div>\r\n                    <\/div>\r\n                    <div class = \"td-button td-item13\">\r\n                        <div class = \"td-border\"><\/div>\r\n                    <\/div>\r\n                    <div class = \"td-button td-item14\">\r\n                        <div class = \"td-border\"><\/div>\r\n                    <\/div>\r\n                    <div class = \"td-button td-item15\">\r\n                        <div class = \"td-border\"><\/div>\r\n                    <\/div>\r\n                    <div class = \"td-button td-item16\">\r\n                        <div class = \"td-border\"><\/div>\r\n                    <\/div>\r\n                    <div class = \"td-button td-item17\">\r\n                        <div class = \"td-border\"><\/div>\r\n                    <\/div>\r\n                    <div class = \"td-button td-item18\">\r\n                        <div class = \"td-border\"><\/div>\r\n                    <\/div>\r\n                    <div class = \"td-button td-item19\">\r\n                        <div class = \"td-border\"><\/div>\r\n                    <\/div>\r\n                            <\/div>\r\n                        <\/div>\r\n\r\n                    <\/div>\r\n\r\n                <\/div>\r\n                ","protected":false},"excerpt":{"rendered":"<p>Seg\u00fan los registros oficiales, al 2016 el Instituto Guatemalteco de Seguridad Social (IGSS) a nivel nacional atiende en sus diferentes servicios a un total de 277,591 adultos mayores, entre pensionados del programa de Invalidez Vejez y Sobrevivencia (IVS) y jubilados del Estado. Los adultos mayores reciben asistencia integral, ya que adem\u00e1s de contar con atenci\u00f3n [&hellip;]<\/p>\n","protected":false},"author":9,"featured_media":11987,"comment_status":"open","ping_status":"open","sticky":false,"template":"","format":"standard","meta":{"footnotes":""},"categories":[3,8,20,25,29],"tags":[88,146,490,524,543,699],"coauthors":[888],"class_list":{"0":"post-11968","1":"post","2":"type-post","3":"status-publish","4":"format-standard","5":"has-post-thumbnail","7":"category-actualidad","8":"category-camip","9":"category-jubilados","10":"category-pensionados","11":"category-publicaciones","12":"tag-adultor-mayor","13":"tag-camip","14":"tag-igss","15":"tag-ivs","16":"tag-jubilados","17":"tag-pensionados"},"_links":{"self":[{"href":"https:\/\/www.igssgt.org\/noticias\/wp-json\/wp\/v2\/posts\/11968","targetHints":{"allow":["GET"]}}],"collection":[{"href":"https:\/\/www.igssgt.org\/noticias\/wp-json\/wp\/v2\/posts"}],"about":[{"href":"https:\/\/www.igssgt.org\/noticias\/wp-json\/wp\/v2\/types\/post"}],"author":[{"embeddable":true,"href":"https:\/\/www.igssgt.org\/noticias\/wp-json\/wp\/v2\/users\/9"}],"replies":[{"embeddable":true,"href":"https:\/\/www.igssgt.org\/noticias\/wp-json\/wp\/v2\/comments?post=11968"}],"version-history":[{"count":1,"href":"https:\/\/www.igssgt.org\/noticias\/wp-json\/wp\/v2\/posts\/11968\/revisions"}],"predecessor-version":[{"id":11988,"href":"https:\/\/www.igssgt.org\/noticias\/wp-json\/wp\/v2\/posts\/11968\/revisions\/11988"}],"wp:featuredmedia":[{"embeddable":true,"href":"https:\/\/www.igssgt.org\/noticias\/wp-json\/wp\/v2\/media\/11987"}],"wp:attachment":[{"href":"https:\/\/www.igssgt.org\/noticias\/wp-json\/wp\/v2\/media?parent=11968"}],"wp:term":[{"taxonomy":"category","embeddable":true,"href":"https:\/\/www.igssgt.org\/noticias\/wp-json\/wp\/v2\/categories?post=11968"},{"taxonomy":"post_tag","embeddable":true,"href":"https:\/\/www.igssgt.org\/noticias\/wp-json\/wp\/v2\/tags?post=11968"},{"taxonomy":"author","embeddable":true,"href":"https:\/\/www.igssgt.org\/noticias\/wp-json\/wp\/v2\/coauthors?post=11968"}],"curies":[{"name":"wp","href":"https:\/\/api.w.org\/{rel}","templated":true}]}}