{"id":12125,"date":"2017-10-23T14:19:57","date_gmt":"2017-10-23T20:19:57","guid":{"rendered":"https:\/\/www.igssgt.org\/noticias\/?p=12125"},"modified":"2019-10-07T14:28:49","modified_gmt":"2019-10-07T20:28:49","slug":"igss-y-mspas-realizan-taller-de-control-de-infecciones-por-tuberculosis","status":"publish","type":"post","link":"https:\/\/www.igssgt.org\/noticias\/2017\/10\/23\/igss-y-mspas-realizan-taller-de-control-de-infecciones-por-tuberculosis\/","title":{"rendered":"IGSS y MSPAS realizan taller de control de infecciones por tuberculosis"},"content":{"rendered":"\n<figure class=\"wp-block-image\"><img loading=\"lazy\" decoding=\"async\" width=\"1024\" height=\"683\" src=\"\/wp-content\/uploads\/sites\/5\/2019\/10\/Alto-a-la-tuberculosis-en-Guatemala-IGSS-2-1024x683.jpg\" alt=\"\" class=\"wp-image-12132\" srcset=\"\/wp-content\/uploads\/sites\/5\/2019\/10\/Alto-a-la-tuberculosis-en-Guatemala-IGSS-2-1024x683.jpg 1024w, \/wp-content\/uploads\/sites\/5\/2019\/10\/Alto-a-la-tuberculosis-en-Guatemala-IGSS-2-300x200.jpg 300w, \/wp-content\/uploads\/sites\/5\/2019\/10\/Alto-a-la-tuberculosis-en-Guatemala-IGSS-2-768x512.jpg 768w, \/wp-content\/uploads\/sites\/5\/2019\/10\/Alto-a-la-tuberculosis-en-Guatemala-IGSS-2-630x420.jpg 630w, \/wp-content\/uploads\/sites\/5\/2019\/10\/Alto-a-la-tuberculosis-en-Guatemala-IGSS-2-696x464.jpg 696w, \/wp-content\/uploads\/sites\/5\/2019\/10\/Alto-a-la-tuberculosis-en-Guatemala-IGSS-2-1068x712.jpg 1068w, \/wp-content\/uploads\/sites\/5\/2019\/10\/Alto-a-la-tuberculosis-en-Guatemala-IGSS-2-534x356.jpg 534w, \/wp-content\/uploads\/sites\/5\/2019\/10\/Alto-a-la-tuberculosis-en-Guatemala-IGSS-2.jpg 1440w\" sizes=\"auto, (max-width: 1024px) 100vw, 1024px\" \/><\/figure>\n\n\n\n<p>En un esfuerzo interinstitucional, el Instituto Guatemalteco de Seguridad Social (IGSS) y el Ministerio de Salud P\u00fablica y Asistencia Social (MSPAS) iniciaron hoy el \u201cTaller de Control de Infecciones por Tuberculosis\u201d, el cual concluye el mi\u00e9rcoles 25 de octubre de 2017, con el prop\u00f3sito de fortalecer las actividades de vigilancia de las enfermedades infecciosas.<\/p>\n\n\n\n<p>Durante el acto inaugural, realizado en la Unidad Perif\u00e9rica de la zona 5, la doctora Lucrecia Ram\u00edrez, del Programa Nacional de Tuberculosis del MSPAS, resalt\u00f3 la importancia de la realizaci\u00f3n de este taller en el que se expondr\u00e1 la forma de prevenir estas enfermedades que han sido detectadas a trav\u00e9s del programa a su cargo, las cuales tienen alta incidencia.<\/p>\n\n\n\n<p>El doctor Oscar Donis, jefe de la Secci\u00f3n de Epidemiolog\u00eda del IGSS, indic\u00f3 que la Instituci\u00f3n juega un papel protag\u00f3nico en el \u00e1rea de salud del pa\u00eds, por lo que es importante tener vigilancia y control de las enfermedades infecciosas, as\u00ed como conocer fundamentalmente las causas de estas.<\/p>\n\n\n\n<p>\u201cComo parte del proceso para el combate de las enfermedades infecciosas est\u00e1 la evaluaci\u00f3n de las \u00e1reas de riesgo de cada lugar, posteriormente a ello es preciso implementar un efectivo plan de control\u201d, expres\u00f3 la doctora Diana Forno, del Centro de Control de Enfermedades (CDC) del Gobierno de Estados Unidos.<\/p>\n\n\n\n<p>Durante tres d\u00edas los participantes abordar\u00e1n diversos temas acerca de los antecedentes de la tuberculosis, factores de la transmisi\u00f3n, medidas de control ambiental, bioseguridad, pol\u00edticas existentes, hallazgos y recomendaciones.<\/p>\n\n\n\r\n                <style type=\"text\/css\">\r\n                    \r\n                    #tdi_1  .td-doubleSlider-2 .td-item1 {\r\n                        background: url(\/wp-content\/uploads\/sites\/5\/2019\/10\/Alto-a-la-tuberculosis-en-Guatemala-IGSS-4-80x60.jpg) 0 0 no-repeat;\r\n                    }\r\n                    #tdi_1  .td-doubleSlider-2 .td-item2 {\r\n                        background: url(\/wp-content\/uploads\/sites\/5\/2019\/10\/Alto-a-la-tuberculosis-en-Guatemala-IGSS-2-80x60.jpg) 0 0 no-repeat;\r\n                    }\r\n                    #tdi_1  .td-doubleSlider-2 .td-item3 {\r\n                        background: url(\/wp-content\/uploads\/sites\/5\/2019\/10\/Alto-a-la-tuberculosis-en-Guatemala-IGSS-6-630x420-80x60.jpg) 0 0 no-repeat;\r\n                    }\r\n                    #tdi_1  .td-doubleSlider-2 .td-item4 {\r\n                        background: url(\/wp-content\/uploads\/sites\/5\/2019\/10\/Alto-a-la-tuberculosis-en-Guatemala-IGSS-5-80x60.jpg) 0 0 no-repeat;\r\n                    }\r\n                    #tdi_1  .td-doubleSlider-2 .td-item5 {\r\n                        background: url(\/wp-content\/uploads\/sites\/5\/2019\/10\/Alto-a-la-tuberculosis-en-Guatemala-IGSS-1-80x60.jpg) 0 0 no-repeat;\r\n                    }\r\n                    #tdi_1  .td-doubleSlider-2 .td-item6 {\r\n                        background: url(\/wp-content\/uploads\/sites\/5\/2019\/10\/Alto-a-la-tuberculosis-en-Guatemala-IGSS-4-1-80x60.jpg) 0 0 no-repeat;\r\n                    }\r\n                    #tdi_1  .td-doubleSlider-2 .td-item7 {\r\n                        background: url(\/wp-content\/uploads\/sites\/5\/2019\/10\/Alto-a-la-tuberculosis-en-Guatemala-IGSS-2-1-80x60.jpg) 0 0 no-repeat;\r\n                    }\r\n                    #tdi_1  .td-doubleSlider-2 .td-item8 {\r\n                        background: url(\/wp-content\/uploads\/sites\/5\/2019\/10\/Alto-a-la-tuberculosis-en-Guatemala-IGSS-3-80x60.jpg) 0 0 no-repeat;\r\n                    }\r\n                <\/style>\r\n\r\n                <div id=\"tdi_1\" class=\"td-gallery td-slide-on-2-columns\">\r\n                    <div class=\"post_td_gallery\">\r\n                        <div class=\"td-gallery-slide-top\">\r\n                           <div class=\"td-gallery-title\"><\/div>\r\n\r\n                            <div class=\"td-gallery-controls-wrapper\">\r\n                                <div class=\"td-gallery-slide-count\"><span class=\"td-gallery-slide-item-focus\">1<\/span> de 8<\/div>\r\n                                <div class=\"td-gallery-slide-prev-next-but\">\r\n                                    <i class = \"td-icon-left doubleSliderPrevButton\"><\/i>\r\n                                    <i class = \"td-icon-right doubleSliderNextButton\"><\/i>\r\n                                <\/div>\r\n                            <\/div>\r\n                        <\/div>\r\n\r\n                        <div class = \"td-doubleSlider-1 \">\r\n                            <div class = \"td-slider\">\r\n                                \r\n                    <div class = \"td-slide-item td-item1\">\r\n                        <figure class=\"td-slide-galery-figure td-slide-popup-gallery\">\r\n                            <a class=\"slide-gallery-image-link\" href=\"\/wp-content\/uploads\/sites\/5\/2019\/10\/Alto-a-la-tuberculosis-en-Guatemala-IGSS-4.jpg\" title=\"Alto-a-la-tuberculosis-en-Guatemala-IGSS-4\"  data-caption=\"\"  data-description=\"\">\r\n                                <img decoding=\"async\" src=\"\/wp-content\/uploads\/sites\/5\/2019\/10\/Alto-a-la-tuberculosis-en-Guatemala-IGSS-4-630x420.jpg\" srcset=\"\/wp-content\/uploads\/sites\/5\/2019\/10\/Alto-a-la-tuberculosis-en-Guatemala-IGSS-4-630x420.jpg 630w, \/wp-content\/uploads\/sites\/5\/2019\/10\/Alto-a-la-tuberculosis-en-Guatemala-IGSS-4-300x200.jpg 300w, \/wp-content\/uploads\/sites\/5\/2019\/10\/Alto-a-la-tuberculosis-en-Guatemala-IGSS-4-768x512.jpg 768w, \/wp-content\/uploads\/sites\/5\/2019\/10\/Alto-a-la-tuberculosis-en-Guatemala-IGSS-4-1024x683.jpg 1024w, \/wp-content\/uploads\/sites\/5\/2019\/10\/Alto-a-la-tuberculosis-en-Guatemala-IGSS-4-696x464.jpg 696w, \/wp-content\/uploads\/sites\/5\/2019\/10\/Alto-a-la-tuberculosis-en-Guatemala-IGSS-4-1068x712.jpg 1068w, \/wp-content\/uploads\/sites\/5\/2019\/10\/Alto-a-la-tuberculosis-en-Guatemala-IGSS-4-534x356.jpg 534w, \/wp-content\/uploads\/sites\/5\/2019\/10\/Alto-a-la-tuberculosis-en-Guatemala-IGSS-4.jpg 1440w\" sizes=\"(max-width: 630px) 100vw, 630px\" alt=\"\">\r\n                            <\/a>\r\n                            \r\n                        <\/figure>\r\n                    <\/div>\r\n                    <div class = \"td-slide-item td-item2\">\r\n                        <figure class=\"td-slide-galery-figure td-slide-popup-gallery\">\r\n                            <a class=\"slide-gallery-image-link\" href=\"\/wp-content\/uploads\/sites\/5\/2019\/10\/Alto-a-la-tuberculosis-en-Guatemala-IGSS-2.jpg\" title=\"Alto-a-la-tuberculosis-en-Guatemala-IGSS-2\"  data-caption=\"\"  data-description=\"\">\r\n                                <img decoding=\"async\" src=\"\/wp-content\/uploads\/sites\/5\/2019\/10\/Alto-a-la-tuberculosis-en-Guatemala-IGSS-2-630x420.jpg\" srcset=\"\/wp-content\/uploads\/sites\/5\/2019\/10\/Alto-a-la-tuberculosis-en-Guatemala-IGSS-2-630x420.jpg 630w, \/wp-content\/uploads\/sites\/5\/2019\/10\/Alto-a-la-tuberculosis-en-Guatemala-IGSS-2-300x200.jpg 300w, \/wp-content\/uploads\/sites\/5\/2019\/10\/Alto-a-la-tuberculosis-en-Guatemala-IGSS-2-768x512.jpg 768w, \/wp-content\/uploads\/sites\/5\/2019\/10\/Alto-a-la-tuberculosis-en-Guatemala-IGSS-2-1024x683.jpg 1024w, \/wp-content\/uploads\/sites\/5\/2019\/10\/Alto-a-la-tuberculosis-en-Guatemala-IGSS-2-696x464.jpg 696w, \/wp-content\/uploads\/sites\/5\/2019\/10\/Alto-a-la-tuberculosis-en-Guatemala-IGSS-2-1068x712.jpg 1068w, \/wp-content\/uploads\/sites\/5\/2019\/10\/Alto-a-la-tuberculosis-en-Guatemala-IGSS-2-534x356.jpg 534w, \/wp-content\/uploads\/sites\/5\/2019\/10\/Alto-a-la-tuberculosis-en-Guatemala-IGSS-2.jpg 1440w\" sizes=\"(max-width: 630px) 100vw, 630px\" alt=\"\">\r\n                            <\/a>\r\n                            \r\n                        <\/figure>\r\n                    <\/div>\r\n                    <div class = \"td-slide-item td-item3\">\r\n                        <figure class=\"td-slide-galery-figure td-slide-popup-gallery\">\r\n                            <a class=\"slide-gallery-image-link\" href=\"\/wp-content\/uploads\/sites\/5\/2019\/10\/Alto-a-la-tuberculosis-en-Guatemala-IGSS-6-630x420.jpg\" title=\"Alto-a-la-tuberculosis-en-Guatemala-IGSS-6-630x420\"  data-caption=\"\"  data-description=\"\">\r\n                                <img decoding=\"async\" src=\"\/wp-content\/uploads\/sites\/5\/2019\/10\/Alto-a-la-tuberculosis-en-Guatemala-IGSS-6-630x420-630x420.jpg\" srcset=\"\/wp-content\/uploads\/sites\/5\/2019\/10\/Alto-a-la-tuberculosis-en-Guatemala-IGSS-6-630x420.jpg 630w, \/wp-content\/uploads\/sites\/5\/2019\/10\/Alto-a-la-tuberculosis-en-Guatemala-IGSS-6-630x420-300x200.jpg 300w, \/wp-content\/uploads\/sites\/5\/2019\/10\/Alto-a-la-tuberculosis-en-Guatemala-IGSS-6-630x420-534x356.jpg 534w\" sizes=\"(max-width: 630px) 100vw, 630px\" alt=\"\">\r\n                            <\/a>\r\n                            \r\n                        <\/figure>\r\n                    <\/div>\r\n                    <div class = \"td-slide-item td-item4\">\r\n                        <figure class=\"td-slide-galery-figure td-slide-popup-gallery\">\r\n                            <a class=\"slide-gallery-image-link\" href=\"\/wp-content\/uploads\/sites\/5\/2019\/10\/Alto-a-la-tuberculosis-en-Guatemala-IGSS-5.jpg\" title=\"Alto-a-la-tuberculosis-en-Guatemala-IGSS-5\"  data-caption=\"\"  data-description=\"\">\r\n                                <img decoding=\"async\" src=\"\/wp-content\/uploads\/sites\/5\/2019\/10\/Alto-a-la-tuberculosis-en-Guatemala-IGSS-5-630x420.jpg\" srcset=\"\/wp-content\/uploads\/sites\/5\/2019\/10\/Alto-a-la-tuberculosis-en-Guatemala-IGSS-5-630x420.jpg 630w, \/wp-content\/uploads\/sites\/5\/2019\/10\/Alto-a-la-tuberculosis-en-Guatemala-IGSS-5-300x200.jpg 300w, \/wp-content\/uploads\/sites\/5\/2019\/10\/Alto-a-la-tuberculosis-en-Guatemala-IGSS-5-768x512.jpg 768w, \/wp-content\/uploads\/sites\/5\/2019\/10\/Alto-a-la-tuberculosis-en-Guatemala-IGSS-5-1024x683.jpg 1024w, \/wp-content\/uploads\/sites\/5\/2019\/10\/Alto-a-la-tuberculosis-en-Guatemala-IGSS-5-696x464.jpg 696w, \/wp-content\/uploads\/sites\/5\/2019\/10\/Alto-a-la-tuberculosis-en-Guatemala-IGSS-5-1068x712.jpg 1068w, \/wp-content\/uploads\/sites\/5\/2019\/10\/Alto-a-la-tuberculosis-en-Guatemala-IGSS-5-534x356.jpg 534w, \/wp-content\/uploads\/sites\/5\/2019\/10\/Alto-a-la-tuberculosis-en-Guatemala-IGSS-5.jpg 1440w\" sizes=\"(max-width: 630px) 100vw, 630px\" alt=\"\">\r\n                            <\/a>\r\n                            \r\n                        <\/figure>\r\n                    <\/div>\r\n                    <div class = \"td-slide-item td-item5\">\r\n                        <figure class=\"td-slide-galery-figure td-slide-popup-gallery\">\r\n                            <a class=\"slide-gallery-image-link\" href=\"\/wp-content\/uploads\/sites\/5\/2019\/10\/Alto-a-la-tuberculosis-en-Guatemala-IGSS-1.jpg\" title=\"Alto-a-la-tuberculosis-en-Guatemala-IGSS-1\"  data-caption=\"\"  data-description=\"\">\r\n                                <img decoding=\"async\" src=\"\/wp-content\/uploads\/sites\/5\/2019\/10\/Alto-a-la-tuberculosis-en-Guatemala-IGSS-1-630x420.jpg\" srcset=\"\/wp-content\/uploads\/sites\/5\/2019\/10\/Alto-a-la-tuberculosis-en-Guatemala-IGSS-1-630x420.jpg 630w, \/wp-content\/uploads\/sites\/5\/2019\/10\/Alto-a-la-tuberculosis-en-Guatemala-IGSS-1-300x200.jpg 300w, \/wp-content\/uploads\/sites\/5\/2019\/10\/Alto-a-la-tuberculosis-en-Guatemala-IGSS-1-768x512.jpg 768w, \/wp-content\/uploads\/sites\/5\/2019\/10\/Alto-a-la-tuberculosis-en-Guatemala-IGSS-1-1024x683.jpg 1024w, \/wp-content\/uploads\/sites\/5\/2019\/10\/Alto-a-la-tuberculosis-en-Guatemala-IGSS-1-696x464.jpg 696w, \/wp-content\/uploads\/sites\/5\/2019\/10\/Alto-a-la-tuberculosis-en-Guatemala-IGSS-1-1068x712.jpg 1068w, \/wp-content\/uploads\/sites\/5\/2019\/10\/Alto-a-la-tuberculosis-en-Guatemala-IGSS-1-534x356.jpg 534w, \/wp-content\/uploads\/sites\/5\/2019\/10\/Alto-a-la-tuberculosis-en-Guatemala-IGSS-1.jpg 1440w\" sizes=\"(max-width: 630px) 100vw, 630px\" alt=\"\">\r\n                            <\/a>\r\n                            \r\n                        <\/figure>\r\n                    <\/div>\r\n                    <div class = \"td-slide-item td-item6\">\r\n                        <figure class=\"td-slide-galery-figure td-slide-popup-gallery\">\r\n                            <a class=\"slide-gallery-image-link\" href=\"\/wp-content\/uploads\/sites\/5\/2019\/10\/Alto-a-la-tuberculosis-en-Guatemala-IGSS-4-1.jpg\" title=\"Alto-a-la-tuberculosis-en-Guatemala-IGSS-4 (1)\"  data-caption=\"\"  data-description=\"\">\r\n                                <img decoding=\"async\" src=\"\/wp-content\/uploads\/sites\/5\/2019\/10\/Alto-a-la-tuberculosis-en-Guatemala-IGSS-4-1-630x420.jpg\" srcset=\"\/wp-content\/uploads\/sites\/5\/2019\/10\/Alto-a-la-tuberculosis-en-Guatemala-IGSS-4-1-630x420.jpg 630w, \/wp-content\/uploads\/sites\/5\/2019\/10\/Alto-a-la-tuberculosis-en-Guatemala-IGSS-4-1-300x200.jpg 300w, \/wp-content\/uploads\/sites\/5\/2019\/10\/Alto-a-la-tuberculosis-en-Guatemala-IGSS-4-1-768x512.jpg 768w, \/wp-content\/uploads\/sites\/5\/2019\/10\/Alto-a-la-tuberculosis-en-Guatemala-IGSS-4-1-1024x683.jpg 1024w, \/wp-content\/uploads\/sites\/5\/2019\/10\/Alto-a-la-tuberculosis-en-Guatemala-IGSS-4-1-696x464.jpg 696w, \/wp-content\/uploads\/sites\/5\/2019\/10\/Alto-a-la-tuberculosis-en-Guatemala-IGSS-4-1-1068x712.jpg 1068w, \/wp-content\/uploads\/sites\/5\/2019\/10\/Alto-a-la-tuberculosis-en-Guatemala-IGSS-4-1-534x356.jpg 534w, \/wp-content\/uploads\/sites\/5\/2019\/10\/Alto-a-la-tuberculosis-en-Guatemala-IGSS-4-1.jpg 1440w\" sizes=\"(max-width: 630px) 100vw, 630px\" alt=\"\">\r\n                            <\/a>\r\n                            \r\n                        <\/figure>\r\n                    <\/div>\r\n                    <div class = \"td-slide-item td-item7\">\r\n                        <figure class=\"td-slide-galery-figure td-slide-popup-gallery\">\r\n                            <a class=\"slide-gallery-image-link\" href=\"\/wp-content\/uploads\/sites\/5\/2019\/10\/Alto-a-la-tuberculosis-en-Guatemala-IGSS-2-1.jpg\" title=\"Alto-a-la-tuberculosis-en-Guatemala-IGSS-2 (1)\"  data-caption=\"\"  data-description=\"\">\r\n                                <img decoding=\"async\" src=\"\/wp-content\/uploads\/sites\/5\/2019\/10\/Alto-a-la-tuberculosis-en-Guatemala-IGSS-2-1-630x420.jpg\" srcset=\"\/wp-content\/uploads\/sites\/5\/2019\/10\/Alto-a-la-tuberculosis-en-Guatemala-IGSS-2-1-630x420.jpg 630w, \/wp-content\/uploads\/sites\/5\/2019\/10\/Alto-a-la-tuberculosis-en-Guatemala-IGSS-2-1-300x200.jpg 300w, \/wp-content\/uploads\/sites\/5\/2019\/10\/Alto-a-la-tuberculosis-en-Guatemala-IGSS-2-1-768x512.jpg 768w, \/wp-content\/uploads\/sites\/5\/2019\/10\/Alto-a-la-tuberculosis-en-Guatemala-IGSS-2-1-1024x683.jpg 1024w, \/wp-content\/uploads\/sites\/5\/2019\/10\/Alto-a-la-tuberculosis-en-Guatemala-IGSS-2-1-696x464.jpg 696w, \/wp-content\/uploads\/sites\/5\/2019\/10\/Alto-a-la-tuberculosis-en-Guatemala-IGSS-2-1-1068x712.jpg 1068w, \/wp-content\/uploads\/sites\/5\/2019\/10\/Alto-a-la-tuberculosis-en-Guatemala-IGSS-2-1-534x356.jpg 534w, \/wp-content\/uploads\/sites\/5\/2019\/10\/Alto-a-la-tuberculosis-en-Guatemala-IGSS-2-1.jpg 1440w\" sizes=\"(max-width: 630px) 100vw, 630px\" alt=\"\">\r\n                            <\/a>\r\n                            \r\n                        <\/figure>\r\n                    <\/div>\r\n                    <div class = \"td-slide-item td-item8\">\r\n                        <figure class=\"td-slide-galery-figure td-slide-popup-gallery\">\r\n                            <a class=\"slide-gallery-image-link\" href=\"\/wp-content\/uploads\/sites\/5\/2019\/10\/Alto-a-la-tuberculosis-en-Guatemala-IGSS-3.jpg\" title=\"Alto-a-la-tuberculosis-en-Guatemala-IGSS-3\"  data-caption=\"\"  data-description=\"\">\r\n                                <img decoding=\"async\" src=\"\/wp-content\/uploads\/sites\/5\/2019\/10\/Alto-a-la-tuberculosis-en-Guatemala-IGSS-3-630x420.jpg\" srcset=\"\/wp-content\/uploads\/sites\/5\/2019\/10\/Alto-a-la-tuberculosis-en-Guatemala-IGSS-3-630x420.jpg 630w, \/wp-content\/uploads\/sites\/5\/2019\/10\/Alto-a-la-tuberculosis-en-Guatemala-IGSS-3-300x200.jpg 300w, \/wp-content\/uploads\/sites\/5\/2019\/10\/Alto-a-la-tuberculosis-en-Guatemala-IGSS-3-768x512.jpg 768w, \/wp-content\/uploads\/sites\/5\/2019\/10\/Alto-a-la-tuberculosis-en-Guatemala-IGSS-3-1024x683.jpg 1024w, \/wp-content\/uploads\/sites\/5\/2019\/10\/Alto-a-la-tuberculosis-en-Guatemala-IGSS-3-696x464.jpg 696w, \/wp-content\/uploads\/sites\/5\/2019\/10\/Alto-a-la-tuberculosis-en-Guatemala-IGSS-3-1068x712.jpg 1068w, \/wp-content\/uploads\/sites\/5\/2019\/10\/Alto-a-la-tuberculosis-en-Guatemala-IGSS-3-534x356.jpg 534w, \/wp-content\/uploads\/sites\/5\/2019\/10\/Alto-a-la-tuberculosis-en-Guatemala-IGSS-3.jpg 1440w\" sizes=\"(max-width: 630px) 100vw, 630px\" alt=\"\">\r\n                            <\/a>\r\n                            \r\n                        <\/figure>\r\n                    <\/div>\r\n                            <\/div>\r\n                        <\/div>\r\n\r\n                        <div class = \"td-doubleSlider-2\">\r\n                            <div class = \"td-slider\">\r\n                                \r\n                    <div class = \"td-button td-item1\">\r\n                        <div class = \"td-border\"><\/div>\r\n                    <\/div>\r\n                    <div class = \"td-button td-item2\">\r\n                        <div class = \"td-border\"><\/div>\r\n                    <\/div>\r\n                    <div class = \"td-button td-item3\">\r\n                        <div class = \"td-border\"><\/div>\r\n                    <\/div>\r\n                    <div class = \"td-button td-item4\">\r\n                        <div class = \"td-border\"><\/div>\r\n                    <\/div>\r\n                    <div class = \"td-button td-item5\">\r\n                        <div class = \"td-border\"><\/div>\r\n                    <\/div>\r\n                    <div class = \"td-button td-item6\">\r\n                        <div class = \"td-border\"><\/div>\r\n                    <\/div>\r\n                    <div class = \"td-button td-item7\">\r\n                        <div class = \"td-border\"><\/div>\r\n                    <\/div>\r\n                    <div class = \"td-button td-item8\">\r\n                        <div class = \"td-border\"><\/div>\r\n                    <\/div>\r\n                            <\/div>\r\n                        <\/div>\r\n\r\n                    <\/div>\r\n\r\n                <\/div>\r\n                ","protected":false},"excerpt":{"rendered":"<p>En un esfuerzo interinstitucional, el Instituto Guatemalteco de Seguridad Social (IGSS) y el Ministerio de Salud P\u00fablica y Asistencia Social (MSPAS) iniciaron hoy el \u201cTaller de Control de Infecciones por Tuberculosis\u201d, el cual concluye el mi\u00e9rcoles 25 de octubre de 2017, con el prop\u00f3sito de fortalecer las actividades de vigilancia de las enfermedades infecciosas. Durante [&hellip;]<\/p>\n","protected":false},"author":9,"featured_media":12133,"comment_status":"open","ping_status":"open","sticky":false,"template":"","format":"standard","meta":{"footnotes":""},"categories":[3,17,29,31],"tags":[324,354,411,490,648,822],"coauthors":[888],"class_list":{"0":"post-12125","1":"post","2":"type-post","3":"status-publish","4":"format-standard","5":"has-post-thumbnail","7":"category-actualidad","8":"category-formacion-y-desarrollo","9":"category-publicaciones","10":"category-salud","11":"tag-dr-oscar-donis","12":"tag-dra-diana-forno","13":"tag-epidemiologia-igss","14":"tag-igss","15":"tag-mspas","16":"tag-tuberculosis"},"_links":{"self":[{"href":"https:\/\/www.igssgt.org\/noticias\/wp-json\/wp\/v2\/posts\/12125","targetHints":{"allow":["GET"]}}],"collection":[{"href":"https:\/\/www.igssgt.org\/noticias\/wp-json\/wp\/v2\/posts"}],"about":[{"href":"https:\/\/www.igssgt.org\/noticias\/wp-json\/wp\/v2\/types\/post"}],"author":[{"embeddable":true,"href":"https:\/\/www.igssgt.org\/noticias\/wp-json\/wp\/v2\/users\/9"}],"replies":[{"embeddable":true,"href":"https:\/\/www.igssgt.org\/noticias\/wp-json\/wp\/v2\/comments?post=12125"}],"version-history":[{"count":1,"href":"https:\/\/www.igssgt.org\/noticias\/wp-json\/wp\/v2\/posts\/12125\/revisions"}],"predecessor-version":[{"id":12134,"href":"https:\/\/www.igssgt.org\/noticias\/wp-json\/wp\/v2\/posts\/12125\/revisions\/12134"}],"wp:featuredmedia":[{"embeddable":true,"href":"https:\/\/www.igssgt.org\/noticias\/wp-json\/wp\/v2\/media\/12133"}],"wp:attachment":[{"href":"https:\/\/www.igssgt.org\/noticias\/wp-json\/wp\/v2\/media?parent=12125"}],"wp:term":[{"taxonomy":"category","embeddable":true,"href":"https:\/\/www.igssgt.org\/noticias\/wp-json\/wp\/v2\/categories?post=12125"},{"taxonomy":"post_tag","embeddable":true,"href":"https:\/\/www.igssgt.org\/noticias\/wp-json\/wp\/v2\/tags?post=12125"},{"taxonomy":"author","embeddable":true,"href":"https:\/\/www.igssgt.org\/noticias\/wp-json\/wp\/v2\/coauthors?post=12125"}],"curies":[{"name":"wp","href":"https:\/\/api.w.org\/{rel}","templated":true}]}}