{"id":12141,"date":"2019-10-07T14:36:37","date_gmt":"2019-10-07T20:36:37","guid":{"rendered":"https:\/\/www.igssgt.org\/noticias\/?p=12141"},"modified":"2019-10-07T15:14:02","modified_gmt":"2019-10-07T21:14:02","slug":"el-igss-inaugura-semana-de-la-salud-bucal","status":"publish","type":"post","link":"https:\/\/www.igssgt.org\/noticias\/2019\/10\/07\/el-igss-inaugura-semana-de-la-salud-bucal\/","title":{"rendered":"El IGSS inaugura Semana de la Salud Bucal"},"content":{"rendered":"\n<p>Autoridades del Instituto iniciaron hoy en las Oficinas Centrales la Jornada de Prevenci\u00f3n y Salud Bucal a realizarse del 7 al 11 de octubre. El acto protocolario fue presidido por el Dr. Arturo Garc\u00eda Aquino, subgerente de Prestaciones en Salud, quien en su discurso expres\u00f3 que estas actividades forman parte de la Pol\u00edtica Preventiva de la Seguridad Social, la cual se desarrolla en distintas Unidades del Seguro Social.<\/p>\n<p>Jornadas como estas son importantes para fomentar una cultura de salud bucal, indic\u00f3 el Dr. Eduardo Ben\u00edtez, odont\u00f3logo y representante del decano de la Facultad de Odontolog\u00eda de la Universidad de San Carlos.<\/p>\n<p>Por tercer a\u00f1o consecutivo se realiza esta labor en donde se brindan tratamientos como aplicaciones t\u00f3picas de fl\u00faor, profilaxis, detartrajes (limpieza) y sellantes de fosas y fisuras, as\u00ed como estudio de la situaci\u00f3n actual del estado bucal de los pacientes que asistan por medio del \u00edndice de dientes cariados, perdidos y obturados (CPO), mencion\u00f3 el Dr. Roberto Cabrera, supervisor odont\u00f3logo.<\/p>\n<p>Durante esta jornada los profesionales de las unidades har\u00e1n entrega a los pacientes de un kit bucal que contiene hilo dental, cepillo, pasta y enjuague. Adem\u00e1s, expertos impartir\u00e1n charlas informativas acerca de los m\u00e9todos de prevenci\u00f3n de enfermedades, t\u00e9cnicas de cepillado y otros cuidados bucodentales.<\/p>\n<p>Visitar al dentista por lo menos una vez al a\u00f1o es una de las recomendaciones que brindan los integrantes del equipo multidisciplinario que participa en esta actividad, pero quienes padezcan afecciones, como sangrado de enc\u00edas, deben hacerlo con m\u00e1s frecuencia.<\/p>\n\n\n\n\r\n                <style type=\"text\/css\">\r\n                    \r\n                    #tdi_1  .td-doubleSlider-2 .td-item1 {\r\n                        background: url(\/wp-content\/uploads\/sites\/5\/2019\/10\/Semana-de-la-Salud-Bucal-IGSS-2019-1-80x60.jpg) 0 0 no-repeat;\r\n                    }\r\n                    #tdi_1  .td-doubleSlider-2 .td-item2 {\r\n                        background: url(\/wp-content\/uploads\/sites\/5\/2019\/10\/Semana-de-la-Salud-Bucal-IGSS-2019-2-80x60.jpg) 0 0 no-repeat;\r\n                    }\r\n                    #tdi_1  .td-doubleSlider-2 .td-item3 {\r\n                        background: url(\/wp-content\/uploads\/sites\/5\/2019\/10\/Semana-de-la-Salud-Bucal-IGSS-2019-3-80x60.jpg) 0 0 no-repeat;\r\n                    }\r\n                    #tdi_1  .td-doubleSlider-2 .td-item4 {\r\n                        background: url(\/wp-content\/uploads\/sites\/5\/2019\/10\/Semana-de-la-Salud-Bucal-IGSS-2019-4-80x60.jpg) 0 0 no-repeat;\r\n                    }\r\n                    #tdi_1  .td-doubleSlider-2 .td-item5 {\r\n                        background: url(\/wp-content\/uploads\/sites\/5\/2019\/10\/Semana-de-la-Salud-Bucal-IGSS-2019-5-80x60.jpg) 0 0 no-repeat;\r\n                    }\r\n                    #tdi_1  .td-doubleSlider-2 .td-item6 {\r\n                        background: url(\/wp-content\/uploads\/sites\/5\/2019\/10\/Semana-de-la-Salud-Bucal-IGSS-2019-6-80x60.jpg) 0 0 no-repeat;\r\n                    }\r\n                    #tdi_1  .td-doubleSlider-2 .td-item7 {\r\n                        background: url(\/wp-content\/uploads\/sites\/5\/2019\/10\/Semana-de-la-Salud-Bucal-IGSS-2019-7-80x60.jpg) 0 0 no-repeat;\r\n                    }\r\n                    #tdi_1  .td-doubleSlider-2 .td-item8 {\r\n                        background: url(\/wp-content\/uploads\/sites\/5\/2019\/10\/Semana-de-la-Salud-Bucal-IGSS-2019-8-80x60.jpg) 0 0 no-repeat;\r\n                    }\r\n                    #tdi_1  .td-doubleSlider-2 .td-item9 {\r\n                        background: url(\/wp-content\/uploads\/sites\/5\/2019\/10\/Semana-de-la-Salud-Bucal-IGSS-2019-9-80x60.jpg) 0 0 no-repeat;\r\n                    }\r\n                    #tdi_1  .td-doubleSlider-2 .td-item10 {\r\n                        background: url(\/wp-content\/uploads\/sites\/5\/2019\/10\/Semana-de-la-Salud-Bucal-IGSS-2019-10-80x60.jpg) 0 0 no-repeat;\r\n                    }\r\n                    #tdi_1  .td-doubleSlider-2 .td-item11 {\r\n                        background: url(\/wp-content\/uploads\/sites\/5\/2019\/10\/Semana-de-la-Salud-Bucal-IGSS-2019-11-80x60.jpg) 0 0 no-repeat;\r\n                    }\r\n                    #tdi_1  .td-doubleSlider-2 .td-item12 {\r\n                        background: url(\/wp-content\/uploads\/sites\/5\/2019\/10\/Semana-de-la-Salud-Bucal-IGSS-2019-12-80x60.jpg) 0 0 no-repeat;\r\n                    }\r\n                    #tdi_1  .td-doubleSlider-2 .td-item13 {\r\n                        background: url(\/wp-content\/uploads\/sites\/5\/2019\/10\/Semana-de-la-Salud-Bucal-IGSS-2019-13-80x60.jpg) 0 0 no-repeat;\r\n                    }\r\n                    #tdi_1  .td-doubleSlider-2 .td-item14 {\r\n                        background: url(\/wp-content\/uploads\/sites\/5\/2019\/10\/Semana-de-la-Salud-Bucal-IGSS-2019-14-80x60.jpg) 0 0 no-repeat;\r\n                    }\r\n                    #tdi_1  .td-doubleSlider-2 .td-item15 {\r\n                        background: url(\/wp-content\/uploads\/sites\/5\/2019\/10\/Semana-de-la-Salud-Bucal-IGSS-2019-15-80x60.jpg) 0 0 no-repeat;\r\n                    }\r\n                    #tdi_1  .td-doubleSlider-2 .td-item16 {\r\n                        background: url(\/wp-content\/uploads\/sites\/5\/2019\/10\/Semana-de-la-Salud-Bucal-IGSS-2019-16-80x60.jpg) 0 0 no-repeat;\r\n                    }\r\n                    #tdi_1  .td-doubleSlider-2 .td-item17 {\r\n                        background: url(\/wp-content\/uploads\/sites\/5\/2019\/10\/Semana-de-la-Salud-Bucal-IGSS-2019-17-80x60.jpg) 0 0 no-repeat;\r\n                    }\r\n                    #tdi_1  .td-doubleSlider-2 .td-item18 {\r\n                        background: url(\/wp-content\/uploads\/sites\/5\/2019\/10\/Semana-de-la-Salud-Bucal-IGSS-2019-18-80x60.jpg) 0 0 no-repeat;\r\n                    }\r\n                    #tdi_1  .td-doubleSlider-2 .td-item19 {\r\n                        background: url(\/wp-content\/uploads\/sites\/5\/2019\/10\/Semana-de-la-Salud-Bucal-IGSS-2019-19-80x60.jpg) 0 0 no-repeat;\r\n                    }\r\n                    #tdi_1  .td-doubleSlider-2 .td-item20 {\r\n                        background: url(\/wp-content\/uploads\/sites\/5\/2019\/10\/Semana-de-la-Salud-Bucal-IGSS-2019-20-80x60.jpg) 0 0 no-repeat;\r\n                    }\r\n                    #tdi_1  .td-doubleSlider-2 .td-item21 {\r\n                        background: url(\/wp-content\/uploads\/sites\/5\/2019\/10\/Semana-de-la-Salud-Bucal-IGSS-2019-21-80x60.jpg) 0 0 no-repeat;\r\n                    }\r\n                    #tdi_1  .td-doubleSlider-2 .td-item22 {\r\n                        background: url(\/wp-content\/uploads\/sites\/5\/2019\/10\/Semana-de-la-Salud-Bucal-IGSS-2019-22-80x60.jpg) 0 0 no-repeat;\r\n                    }\r\n                    #tdi_1  .td-doubleSlider-2 .td-item23 {\r\n                        background: url(\/wp-content\/uploads\/sites\/5\/2019\/10\/Semana-de-la-Salud-Bucal-IGSS-2019-23-80x60.jpg) 0 0 no-repeat;\r\n                    }\r\n                    #tdi_1  .td-doubleSlider-2 .td-item24 {\r\n                        background: url(\/wp-content\/uploads\/sites\/5\/2019\/10\/Semana-de-la-Salud-Bucal-IGSS-2019-24-80x60.jpg) 0 0 no-repeat;\r\n                    }\r\n                    #tdi_1  .td-doubleSlider-2 .td-item25 {\r\n                        background: url(\/wp-content\/uploads\/sites\/5\/2019\/10\/Semana-de-la-Salud-Bucal-IGSS-2019-25-80x60.jpg) 0 0 no-repeat;\r\n                    }\r\n                    #tdi_1  .td-doubleSlider-2 .td-item26 {\r\n                        background: url(\/wp-content\/uploads\/sites\/5\/2019\/10\/Semana-de-la-Salud-Bucal-IGSS-2019-26-80x60.jpg) 0 0 no-repeat;\r\n                    }\r\n                <\/style>\r\n\r\n                <div id=\"tdi_1\" class=\"td-gallery td-slide-on-2-columns\">\r\n                    <div class=\"post_td_gallery\">\r\n                        <div class=\"td-gallery-slide-top\">\r\n                           <div class=\"td-gallery-title\">Galer\u00eda de Im\u00e1genes<\/div>\r\n\r\n                            <div class=\"td-gallery-controls-wrapper\">\r\n                                <div class=\"td-gallery-slide-count\"><span class=\"td-gallery-slide-item-focus\">1<\/span> de 26<\/div>\r\n                                <div class=\"td-gallery-slide-prev-next-but\">\r\n                                    <i class = \"td-icon-left doubleSliderPrevButton\"><\/i>\r\n                                    <i class = \"td-icon-right doubleSliderNextButton\"><\/i>\r\n                                <\/div>\r\n                            <\/div>\r\n                        <\/div>\r\n\r\n                        <div class = \"td-doubleSlider-1 \">\r\n                            <div class = \"td-slider\">\r\n                                \r\n                    <div class = \"td-slide-item td-item1\">\r\n                        <figure class=\"td-slide-galery-figure td-slide-popup-gallery\">\r\n                            <a class=\"slide-gallery-image-link\" href=\"\/wp-content\/uploads\/sites\/5\/2019\/10\/Semana-de-la-Salud-Bucal-IGSS-2019-1.jpg\" title=\"Semana de la Salud Bucal IGSS 2019-1\"  data-caption=\"\"  data-description=\"\">\r\n                                <img decoding=\"async\" src=\"\/wp-content\/uploads\/sites\/5\/2019\/10\/Semana-de-la-Salud-Bucal-IGSS-2019-1-560x420.jpg\" srcset=\"\/wp-content\/uploads\/sites\/5\/2019\/10\/Semana-de-la-Salud-Bucal-IGSS-2019-1-560x420.jpg 560w, \/wp-content\/uploads\/sites\/5\/2019\/10\/Semana-de-la-Salud-Bucal-IGSS-2019-1-300x225.jpg 300w, \/wp-content\/uploads\/sites\/5\/2019\/10\/Semana-de-la-Salud-Bucal-IGSS-2019-1-768x576.jpg 768w, \/wp-content\/uploads\/sites\/5\/2019\/10\/Semana-de-la-Salud-Bucal-IGSS-2019-1-1024x768.jpg 1024w, \/wp-content\/uploads\/sites\/5\/2019\/10\/Semana-de-la-Salud-Bucal-IGSS-2019-1-80x60.jpg 80w, \/wp-content\/uploads\/sites\/5\/2019\/10\/Semana-de-la-Salud-Bucal-IGSS-2019-1-696x522.jpg 696w, \/wp-content\/uploads\/sites\/5\/2019\/10\/Semana-de-la-Salud-Bucal-IGSS-2019-1-1068x801.jpg 1068w, \/wp-content\/uploads\/sites\/5\/2019\/10\/Semana-de-la-Salud-Bucal-IGSS-2019-1-265x198.jpg 265w, \/wp-content\/uploads\/sites\/5\/2019\/10\/Semana-de-la-Salud-Bucal-IGSS-2019-1-534x401.jpg 534w, \/wp-content\/uploads\/sites\/5\/2019\/10\/Semana-de-la-Salud-Bucal-IGSS-2019-1.jpg 1280w\" sizes=\"(max-width: 560px) 100vw, 560px\" alt=\"\">\r\n                            <\/a>\r\n                            \r\n                        <\/figure>\r\n                    <\/div>\r\n                    <div class = \"td-slide-item td-item2\">\r\n                        <figure class=\"td-slide-galery-figure td-slide-popup-gallery\">\r\n                            <a class=\"slide-gallery-image-link\" href=\"\/wp-content\/uploads\/sites\/5\/2019\/10\/Semana-de-la-Salud-Bucal-IGSS-2019-2.jpg\" title=\"Semana de la Salud Bucal IGSS 2019-2\"  data-caption=\"\"  data-description=\"\">\r\n                                <img decoding=\"async\" src=\"\/wp-content\/uploads\/sites\/5\/2019\/10\/Semana-de-la-Salud-Bucal-IGSS-2019-2-560x420.jpg\" srcset=\"\/wp-content\/uploads\/sites\/5\/2019\/10\/Semana-de-la-Salud-Bucal-IGSS-2019-2-560x420.jpg 560w, \/wp-content\/uploads\/sites\/5\/2019\/10\/Semana-de-la-Salud-Bucal-IGSS-2019-2-300x225.jpg 300w, \/wp-content\/uploads\/sites\/5\/2019\/10\/Semana-de-la-Salud-Bucal-IGSS-2019-2-768x576.jpg 768w, \/wp-content\/uploads\/sites\/5\/2019\/10\/Semana-de-la-Salud-Bucal-IGSS-2019-2-1024x768.jpg 1024w, \/wp-content\/uploads\/sites\/5\/2019\/10\/Semana-de-la-Salud-Bucal-IGSS-2019-2-80x60.jpg 80w, \/wp-content\/uploads\/sites\/5\/2019\/10\/Semana-de-la-Salud-Bucal-IGSS-2019-2-696x522.jpg 696w, \/wp-content\/uploads\/sites\/5\/2019\/10\/Semana-de-la-Salud-Bucal-IGSS-2019-2-1068x801.jpg 1068w, \/wp-content\/uploads\/sites\/5\/2019\/10\/Semana-de-la-Salud-Bucal-IGSS-2019-2-265x198.jpg 265w, \/wp-content\/uploads\/sites\/5\/2019\/10\/Semana-de-la-Salud-Bucal-IGSS-2019-2-534x401.jpg 534w, \/wp-content\/uploads\/sites\/5\/2019\/10\/Semana-de-la-Salud-Bucal-IGSS-2019-2.jpg 1280w\" sizes=\"(max-width: 560px) 100vw, 560px\" alt=\"\">\r\n                            <\/a>\r\n                            \r\n                        <\/figure>\r\n                    <\/div>\r\n                    <div class = \"td-slide-item td-item3\">\r\n                        <figure class=\"td-slide-galery-figure td-slide-popup-gallery\">\r\n                            <a class=\"slide-gallery-image-link\" href=\"\/wp-content\/uploads\/sites\/5\/2019\/10\/Semana-de-la-Salud-Bucal-IGSS-2019-3.jpg\" title=\"Semana de la Salud Bucal IGSS 2019-3\"  data-caption=\"\"  data-description=\"\">\r\n                                <img decoding=\"async\" src=\"\/wp-content\/uploads\/sites\/5\/2019\/10\/Semana-de-la-Salud-Bucal-IGSS-2019-3-560x420.jpg\" srcset=\"\/wp-content\/uploads\/sites\/5\/2019\/10\/Semana-de-la-Salud-Bucal-IGSS-2019-3-560x420.jpg 560w, \/wp-content\/uploads\/sites\/5\/2019\/10\/Semana-de-la-Salud-Bucal-IGSS-2019-3-300x225.jpg 300w, \/wp-content\/uploads\/sites\/5\/2019\/10\/Semana-de-la-Salud-Bucal-IGSS-2019-3-768x576.jpg 768w, \/wp-content\/uploads\/sites\/5\/2019\/10\/Semana-de-la-Salud-Bucal-IGSS-2019-3-1024x768.jpg 1024w, \/wp-content\/uploads\/sites\/5\/2019\/10\/Semana-de-la-Salud-Bucal-IGSS-2019-3-80x60.jpg 80w, \/wp-content\/uploads\/sites\/5\/2019\/10\/Semana-de-la-Salud-Bucal-IGSS-2019-3-696x522.jpg 696w, \/wp-content\/uploads\/sites\/5\/2019\/10\/Semana-de-la-Salud-Bucal-IGSS-2019-3-1068x801.jpg 1068w, \/wp-content\/uploads\/sites\/5\/2019\/10\/Semana-de-la-Salud-Bucal-IGSS-2019-3-265x198.jpg 265w, \/wp-content\/uploads\/sites\/5\/2019\/10\/Semana-de-la-Salud-Bucal-IGSS-2019-3-534x401.jpg 534w, \/wp-content\/uploads\/sites\/5\/2019\/10\/Semana-de-la-Salud-Bucal-IGSS-2019-3.jpg 1280w\" sizes=\"(max-width: 560px) 100vw, 560px\" alt=\"\">\r\n                            <\/a>\r\n                            \r\n                        <\/figure>\r\n                    <\/div>\r\n                    <div class = \"td-slide-item td-item4\">\r\n                        <figure class=\"td-slide-galery-figure td-slide-popup-gallery\">\r\n                            <a class=\"slide-gallery-image-link\" href=\"\/wp-content\/uploads\/sites\/5\/2019\/10\/Semana-de-la-Salud-Bucal-IGSS-2019-4.jpg\" title=\"Semana de la Salud Bucal IGSS 2019-4\"  data-caption=\"\"  data-description=\"\">\r\n                                <img decoding=\"async\" src=\"\/wp-content\/uploads\/sites\/5\/2019\/10\/Semana-de-la-Salud-Bucal-IGSS-2019-4-560x420.jpg\" srcset=\"\/wp-content\/uploads\/sites\/5\/2019\/10\/Semana-de-la-Salud-Bucal-IGSS-2019-4-560x420.jpg 560w, \/wp-content\/uploads\/sites\/5\/2019\/10\/Semana-de-la-Salud-Bucal-IGSS-2019-4-300x225.jpg 300w, \/wp-content\/uploads\/sites\/5\/2019\/10\/Semana-de-la-Salud-Bucal-IGSS-2019-4-768x576.jpg 768w, \/wp-content\/uploads\/sites\/5\/2019\/10\/Semana-de-la-Salud-Bucal-IGSS-2019-4-1024x768.jpg 1024w, \/wp-content\/uploads\/sites\/5\/2019\/10\/Semana-de-la-Salud-Bucal-IGSS-2019-4-80x60.jpg 80w, \/wp-content\/uploads\/sites\/5\/2019\/10\/Semana-de-la-Salud-Bucal-IGSS-2019-4-696x522.jpg 696w, \/wp-content\/uploads\/sites\/5\/2019\/10\/Semana-de-la-Salud-Bucal-IGSS-2019-4-1068x801.jpg 1068w, \/wp-content\/uploads\/sites\/5\/2019\/10\/Semana-de-la-Salud-Bucal-IGSS-2019-4-265x198.jpg 265w, \/wp-content\/uploads\/sites\/5\/2019\/10\/Semana-de-la-Salud-Bucal-IGSS-2019-4-534x401.jpg 534w, \/wp-content\/uploads\/sites\/5\/2019\/10\/Semana-de-la-Salud-Bucal-IGSS-2019-4.jpg 1280w\" sizes=\"(max-width: 560px) 100vw, 560px\" alt=\"\">\r\n                            <\/a>\r\n                            \r\n                        <\/figure>\r\n                    <\/div>\r\n                    <div class = \"td-slide-item td-item5\">\r\n                        <figure class=\"td-slide-galery-figure td-slide-popup-gallery\">\r\n                            <a class=\"slide-gallery-image-link\" href=\"\/wp-content\/uploads\/sites\/5\/2019\/10\/Semana-de-la-Salud-Bucal-IGSS-2019-5.jpg\" title=\"Semana de la Salud Bucal IGSS 2019-5\"  data-caption=\"\"  data-description=\"\">\r\n                                <img decoding=\"async\" src=\"\/wp-content\/uploads\/sites\/5\/2019\/10\/Semana-de-la-Salud-Bucal-IGSS-2019-5-630x420.jpg\" srcset=\"\/wp-content\/uploads\/sites\/5\/2019\/10\/Semana-de-la-Salud-Bucal-IGSS-2019-5-630x420.jpg 630w, \/wp-content\/uploads\/sites\/5\/2019\/10\/Semana-de-la-Salud-Bucal-IGSS-2019-5-300x200.jpg 300w, \/wp-content\/uploads\/sites\/5\/2019\/10\/Semana-de-la-Salud-Bucal-IGSS-2019-5-768x512.jpg 768w, \/wp-content\/uploads\/sites\/5\/2019\/10\/Semana-de-la-Salud-Bucal-IGSS-2019-5-1024x682.jpg 1024w, \/wp-content\/uploads\/sites\/5\/2019\/10\/Semana-de-la-Salud-Bucal-IGSS-2019-5-696x464.jpg 696w, \/wp-content\/uploads\/sites\/5\/2019\/10\/Semana-de-la-Salud-Bucal-IGSS-2019-5-1068x712.jpg 1068w, \/wp-content\/uploads\/sites\/5\/2019\/10\/Semana-de-la-Salud-Bucal-IGSS-2019-5-534x356.jpg 534w, \/wp-content\/uploads\/sites\/5\/2019\/10\/Semana-de-la-Salud-Bucal-IGSS-2019-5.jpg 1280w\" sizes=\"(max-width: 630px) 100vw, 630px\" alt=\"\">\r\n                            <\/a>\r\n                            \r\n                        <\/figure>\r\n                    <\/div>\r\n                    <div class = \"td-slide-item td-item6\">\r\n                        <figure class=\"td-slide-galery-figure td-slide-popup-gallery\">\r\n                            <a class=\"slide-gallery-image-link\" href=\"\/wp-content\/uploads\/sites\/5\/2019\/10\/Semana-de-la-Salud-Bucal-IGSS-2019-6.jpg\" title=\"Semana de la Salud Bucal IGSS 2019-6\"  data-caption=\"\"  data-description=\"\">\r\n                                <img decoding=\"async\" src=\"\/wp-content\/uploads\/sites\/5\/2019\/10\/Semana-de-la-Salud-Bucal-IGSS-2019-6-560x420.jpg\" srcset=\"\/wp-content\/uploads\/sites\/5\/2019\/10\/Semana-de-la-Salud-Bucal-IGSS-2019-6-560x420.jpg 560w, \/wp-content\/uploads\/sites\/5\/2019\/10\/Semana-de-la-Salud-Bucal-IGSS-2019-6-300x225.jpg 300w, \/wp-content\/uploads\/sites\/5\/2019\/10\/Semana-de-la-Salud-Bucal-IGSS-2019-6-768x576.jpg 768w, \/wp-content\/uploads\/sites\/5\/2019\/10\/Semana-de-la-Salud-Bucal-IGSS-2019-6-1024x768.jpg 1024w, \/wp-content\/uploads\/sites\/5\/2019\/10\/Semana-de-la-Salud-Bucal-IGSS-2019-6-80x60.jpg 80w, \/wp-content\/uploads\/sites\/5\/2019\/10\/Semana-de-la-Salud-Bucal-IGSS-2019-6-696x522.jpg 696w, \/wp-content\/uploads\/sites\/5\/2019\/10\/Semana-de-la-Salud-Bucal-IGSS-2019-6-1068x801.jpg 1068w, \/wp-content\/uploads\/sites\/5\/2019\/10\/Semana-de-la-Salud-Bucal-IGSS-2019-6-265x198.jpg 265w, \/wp-content\/uploads\/sites\/5\/2019\/10\/Semana-de-la-Salud-Bucal-IGSS-2019-6-534x401.jpg 534w, \/wp-content\/uploads\/sites\/5\/2019\/10\/Semana-de-la-Salud-Bucal-IGSS-2019-6.jpg 1280w\" sizes=\"(max-width: 560px) 100vw, 560px\" alt=\"\">\r\n                            <\/a>\r\n                            \r\n                        <\/figure>\r\n                    <\/div>\r\n                    <div class = \"td-slide-item td-item7\">\r\n                        <figure class=\"td-slide-galery-figure td-slide-popup-gallery\">\r\n                            <a class=\"slide-gallery-image-link\" href=\"\/wp-content\/uploads\/sites\/5\/2019\/10\/Semana-de-la-Salud-Bucal-IGSS-2019-7.jpg\" title=\"Semana de la Salud Bucal IGSS 2019-7\"  data-caption=\"\"  data-description=\"\">\r\n                                <img decoding=\"async\" src=\"\/wp-content\/uploads\/sites\/5\/2019\/10\/Semana-de-la-Salud-Bucal-IGSS-2019-7-874x420.jpg\" srcset=\"\/wp-content\/uploads\/sites\/5\/2019\/10\/Semana-de-la-Salud-Bucal-IGSS-2019-7-874x420.jpg 874w, \/wp-content\/uploads\/sites\/5\/2019\/10\/Semana-de-la-Salud-Bucal-IGSS-2019-7-300x144.jpg 300w, \/wp-content\/uploads\/sites\/5\/2019\/10\/Semana-de-la-Salud-Bucal-IGSS-2019-7-768x369.jpg 768w, \/wp-content\/uploads\/sites\/5\/2019\/10\/Semana-de-la-Salud-Bucal-IGSS-2019-7-1024x492.jpg 1024w, \/wp-content\/uploads\/sites\/5\/2019\/10\/Semana-de-la-Salud-Bucal-IGSS-2019-7-696x335.jpg 696w, \/wp-content\/uploads\/sites\/5\/2019\/10\/Semana-de-la-Salud-Bucal-IGSS-2019-7-534x257.jpg 534w, \/wp-content\/uploads\/sites\/5\/2019\/10\/Semana-de-la-Salud-Bucal-IGSS-2019-7.jpg 1040w\" sizes=\"(max-width: 874px) 100vw, 874px\" alt=\"\">\r\n                            <\/a>\r\n                            \r\n                        <\/figure>\r\n                    <\/div>\r\n                    <div class = \"td-slide-item td-item8\">\r\n                        <figure class=\"td-slide-galery-figure td-slide-popup-gallery\">\r\n                            <a class=\"slide-gallery-image-link\" href=\"\/wp-content\/uploads\/sites\/5\/2019\/10\/Semana-de-la-Salud-Bucal-IGSS-2019-8.jpg\" title=\"Semana de la Salud Bucal IGSS 2019-8\"  data-caption=\"\"  data-description=\"\">\r\n                                <img decoding=\"async\" src=\"\/wp-content\/uploads\/sites\/5\/2019\/10\/Semana-de-la-Salud-Bucal-IGSS-2019-8-560x420.jpg\" srcset=\"\/wp-content\/uploads\/sites\/5\/2019\/10\/Semana-de-la-Salud-Bucal-IGSS-2019-8-560x420.jpg 560w, \/wp-content\/uploads\/sites\/5\/2019\/10\/Semana-de-la-Salud-Bucal-IGSS-2019-8-300x225.jpg 300w, \/wp-content\/uploads\/sites\/5\/2019\/10\/Semana-de-la-Salud-Bucal-IGSS-2019-8-768x576.jpg 768w, \/wp-content\/uploads\/sites\/5\/2019\/10\/Semana-de-la-Salud-Bucal-IGSS-2019-8-1024x768.jpg 1024w, \/wp-content\/uploads\/sites\/5\/2019\/10\/Semana-de-la-Salud-Bucal-IGSS-2019-8-80x60.jpg 80w, \/wp-content\/uploads\/sites\/5\/2019\/10\/Semana-de-la-Salud-Bucal-IGSS-2019-8-696x522.jpg 696w, \/wp-content\/uploads\/sites\/5\/2019\/10\/Semana-de-la-Salud-Bucal-IGSS-2019-8-1068x801.jpg 1068w, \/wp-content\/uploads\/sites\/5\/2019\/10\/Semana-de-la-Salud-Bucal-IGSS-2019-8-265x198.jpg 265w, \/wp-content\/uploads\/sites\/5\/2019\/10\/Semana-de-la-Salud-Bucal-IGSS-2019-8-534x401.jpg 534w, \/wp-content\/uploads\/sites\/5\/2019\/10\/Semana-de-la-Salud-Bucal-IGSS-2019-8.jpg 1280w\" sizes=\"(max-width: 560px) 100vw, 560px\" alt=\"\">\r\n                            <\/a>\r\n                            \r\n                        <\/figure>\r\n                    <\/div>\r\n                    <div class = \"td-slide-item td-item9\">\r\n                        <figure class=\"td-slide-galery-figure td-slide-popup-gallery\">\r\n                            <a class=\"slide-gallery-image-link\" href=\"\/wp-content\/uploads\/sites\/5\/2019\/10\/Semana-de-la-Salud-Bucal-IGSS-2019-9.jpg\" title=\"Semana de la Salud Bucal IGSS 2019-9\"  data-caption=\"\"  data-description=\"\">\r\n                                <img decoding=\"async\" src=\"\/wp-content\/uploads\/sites\/5\/2019\/10\/Semana-de-la-Salud-Bucal-IGSS-2019-9-630x420.jpg\" srcset=\"\/wp-content\/uploads\/sites\/5\/2019\/10\/Semana-de-la-Salud-Bucal-IGSS-2019-9-630x420.jpg 630w, \/wp-content\/uploads\/sites\/5\/2019\/10\/Semana-de-la-Salud-Bucal-IGSS-2019-9-300x200.jpg 300w, \/wp-content\/uploads\/sites\/5\/2019\/10\/Semana-de-la-Salud-Bucal-IGSS-2019-9-768x512.jpg 768w, \/wp-content\/uploads\/sites\/5\/2019\/10\/Semana-de-la-Salud-Bucal-IGSS-2019-9-1024x682.jpg 1024w, \/wp-content\/uploads\/sites\/5\/2019\/10\/Semana-de-la-Salud-Bucal-IGSS-2019-9-696x464.jpg 696w, \/wp-content\/uploads\/sites\/5\/2019\/10\/Semana-de-la-Salud-Bucal-IGSS-2019-9-1068x712.jpg 1068w, \/wp-content\/uploads\/sites\/5\/2019\/10\/Semana-de-la-Salud-Bucal-IGSS-2019-9-534x356.jpg 534w, \/wp-content\/uploads\/sites\/5\/2019\/10\/Semana-de-la-Salud-Bucal-IGSS-2019-9.jpg 1280w\" sizes=\"(max-width: 630px) 100vw, 630px\" alt=\"\">\r\n                            <\/a>\r\n                            \r\n                        <\/figure>\r\n                    <\/div>\r\n                    <div class = \"td-slide-item td-item10\">\r\n                        <figure class=\"td-slide-galery-figure td-slide-popup-gallery\">\r\n                            <a class=\"slide-gallery-image-link\" href=\"\/wp-content\/uploads\/sites\/5\/2019\/10\/Semana-de-la-Salud-Bucal-IGSS-2019-10.jpg\" title=\"Semana de la Salud Bucal IGSS 2019-10\"  data-caption=\"\"  data-description=\"\">\r\n                                <img decoding=\"async\" src=\"\/wp-content\/uploads\/sites\/5\/2019\/10\/Semana-de-la-Salud-Bucal-IGSS-2019-10-560x420.jpg\" srcset=\"\/wp-content\/uploads\/sites\/5\/2019\/10\/Semana-de-la-Salud-Bucal-IGSS-2019-10-560x420.jpg 560w, \/wp-content\/uploads\/sites\/5\/2019\/10\/Semana-de-la-Salud-Bucal-IGSS-2019-10-300x225.jpg 300w, \/wp-content\/uploads\/sites\/5\/2019\/10\/Semana-de-la-Salud-Bucal-IGSS-2019-10-768x576.jpg 768w, \/wp-content\/uploads\/sites\/5\/2019\/10\/Semana-de-la-Salud-Bucal-IGSS-2019-10-1024x768.jpg 1024w, \/wp-content\/uploads\/sites\/5\/2019\/10\/Semana-de-la-Salud-Bucal-IGSS-2019-10-80x60.jpg 80w, \/wp-content\/uploads\/sites\/5\/2019\/10\/Semana-de-la-Salud-Bucal-IGSS-2019-10-696x522.jpg 696w, \/wp-content\/uploads\/sites\/5\/2019\/10\/Semana-de-la-Salud-Bucal-IGSS-2019-10-1068x801.jpg 1068w, \/wp-content\/uploads\/sites\/5\/2019\/10\/Semana-de-la-Salud-Bucal-IGSS-2019-10-265x198.jpg 265w, \/wp-content\/uploads\/sites\/5\/2019\/10\/Semana-de-la-Salud-Bucal-IGSS-2019-10-534x401.jpg 534w, \/wp-content\/uploads\/sites\/5\/2019\/10\/Semana-de-la-Salud-Bucal-IGSS-2019-10.jpg 1280w\" sizes=\"(max-width: 560px) 100vw, 560px\" alt=\"\">\r\n                            <\/a>\r\n                            \r\n                        <\/figure>\r\n                    <\/div>\r\n                    <div class = \"td-slide-item td-item11\">\r\n                        <figure class=\"td-slide-galery-figure td-slide-popup-gallery\">\r\n                            <a class=\"slide-gallery-image-link\" href=\"\/wp-content\/uploads\/sites\/5\/2019\/10\/Semana-de-la-Salud-Bucal-IGSS-2019-11.jpg\" title=\"Semana de la Salud Bucal IGSS 2019-11\"  data-caption=\"\"  data-description=\"\">\r\n                                <img decoding=\"async\" src=\"\/wp-content\/uploads\/sites\/5\/2019\/10\/Semana-de-la-Salud-Bucal-IGSS-2019-11-597x420.jpg\" srcset=\"\/wp-content\/uploads\/sites\/5\/2019\/10\/Semana-de-la-Salud-Bucal-IGSS-2019-11-597x420.jpg 597w, \/wp-content\/uploads\/sites\/5\/2019\/10\/Semana-de-la-Salud-Bucal-IGSS-2019-11-300x211.jpg 300w, \/wp-content\/uploads\/sites\/5\/2019\/10\/Semana-de-la-Salud-Bucal-IGSS-2019-11-768x541.jpg 768w, \/wp-content\/uploads\/sites\/5\/2019\/10\/Semana-de-la-Salud-Bucal-IGSS-2019-11-1024x721.jpg 1024w, \/wp-content\/uploads\/sites\/5\/2019\/10\/Semana-de-la-Salud-Bucal-IGSS-2019-11-696x490.jpg 696w, \/wp-content\/uploads\/sites\/5\/2019\/10\/Semana-de-la-Salud-Bucal-IGSS-2019-11-1068x752.jpg 1068w, \/wp-content\/uploads\/sites\/5\/2019\/10\/Semana-de-la-Salud-Bucal-IGSS-2019-11-100x70.jpg 100w, \/wp-content\/uploads\/sites\/5\/2019\/10\/Semana-de-la-Salud-Bucal-IGSS-2019-11-534x376.jpg 534w, \/wp-content\/uploads\/sites\/5\/2019\/10\/Semana-de-la-Salud-Bucal-IGSS-2019-11.jpg 1280w\" sizes=\"(max-width: 597px) 100vw, 597px\" alt=\"\">\r\n                            <\/a>\r\n                            \r\n                        <\/figure>\r\n                    <\/div>\r\n                    <div class = \"td-slide-item td-item12\">\r\n                        <figure class=\"td-slide-galery-figure td-slide-popup-gallery\">\r\n                            <a class=\"slide-gallery-image-link\" href=\"\/wp-content\/uploads\/sites\/5\/2019\/10\/Semana-de-la-Salud-Bucal-IGSS-2019-12.jpg\" title=\"Semana de la Salud Bucal IGSS 2019-12\"  data-caption=\"\"  data-description=\"\">\r\n                                <img decoding=\"async\" src=\"\/wp-content\/uploads\/sites\/5\/2019\/10\/Semana-de-la-Salud-Bucal-IGSS-2019-12-747x420.jpg\" srcset=\"\/wp-content\/uploads\/sites\/5\/2019\/10\/Semana-de-la-Salud-Bucal-IGSS-2019-12-747x420.jpg 747w, \/wp-content\/uploads\/sites\/5\/2019\/10\/Semana-de-la-Salud-Bucal-IGSS-2019-12-300x169.jpg 300w, \/wp-content\/uploads\/sites\/5\/2019\/10\/Semana-de-la-Salud-Bucal-IGSS-2019-12-768x432.jpg 768w, \/wp-content\/uploads\/sites\/5\/2019\/10\/Semana-de-la-Salud-Bucal-IGSS-2019-12-1024x576.jpg 1024w, \/wp-content\/uploads\/sites\/5\/2019\/10\/Semana-de-la-Salud-Bucal-IGSS-2019-12-696x392.jpg 696w, \/wp-content\/uploads\/sites\/5\/2019\/10\/Semana-de-la-Salud-Bucal-IGSS-2019-12-1068x601.jpg 1068w, \/wp-content\/uploads\/sites\/5\/2019\/10\/Semana-de-la-Salud-Bucal-IGSS-2019-12-534x300.jpg 534w, \/wp-content\/uploads\/sites\/5\/2019\/10\/Semana-de-la-Salud-Bucal-IGSS-2019-12.jpg 1280w\" sizes=\"(max-width: 747px) 100vw, 747px\" alt=\"\">\r\n                            <\/a>\r\n                            \r\n                        <\/figure>\r\n                    <\/div>\r\n                    <div class = \"td-slide-item td-item13\">\r\n                        <figure class=\"td-slide-galery-figure td-slide-popup-gallery\">\r\n                            <a class=\"slide-gallery-image-link\" href=\"\/wp-content\/uploads\/sites\/5\/2019\/10\/Semana-de-la-Salud-Bucal-IGSS-2019-13.jpg\" title=\"Semana de la Salud Bucal IGSS 2019-13\"  data-caption=\"\"  data-description=\"\">\r\n                                <img decoding=\"async\" src=\"\/wp-content\/uploads\/sites\/5\/2019\/10\/Semana-de-la-Salud-Bucal-IGSS-2019-13-630x420.jpg\" srcset=\"\/wp-content\/uploads\/sites\/5\/2019\/10\/Semana-de-la-Salud-Bucal-IGSS-2019-13-630x420.jpg 630w, \/wp-content\/uploads\/sites\/5\/2019\/10\/Semana-de-la-Salud-Bucal-IGSS-2019-13-300x200.jpg 300w, \/wp-content\/uploads\/sites\/5\/2019\/10\/Semana-de-la-Salud-Bucal-IGSS-2019-13-768x512.jpg 768w, \/wp-content\/uploads\/sites\/5\/2019\/10\/Semana-de-la-Salud-Bucal-IGSS-2019-13-1024x683.jpg 1024w, \/wp-content\/uploads\/sites\/5\/2019\/10\/Semana-de-la-Salud-Bucal-IGSS-2019-13-696x464.jpg 696w, \/wp-content\/uploads\/sites\/5\/2019\/10\/Semana-de-la-Salud-Bucal-IGSS-2019-13-1068x713.jpg 1068w, \/wp-content\/uploads\/sites\/5\/2019\/10\/Semana-de-la-Salud-Bucal-IGSS-2019-13-534x356.jpg 534w, \/wp-content\/uploads\/sites\/5\/2019\/10\/Semana-de-la-Salud-Bucal-IGSS-2019-13.jpg 1280w\" sizes=\"(max-width: 630px) 100vw, 630px\" alt=\"\">\r\n                            <\/a>\r\n                            \r\n                        <\/figure>\r\n                    <\/div>\r\n                    <div class = \"td-slide-item td-item14\">\r\n                        <figure class=\"td-slide-galery-figure td-slide-popup-gallery\">\r\n                            <a class=\"slide-gallery-image-link\" href=\"\/wp-content\/uploads\/sites\/5\/2019\/10\/Semana-de-la-Salud-Bucal-IGSS-2019-14.jpg\" title=\"Semana de la Salud Bucal IGSS 2019-14\"  data-caption=\"\"  data-description=\"\">\r\n                                <img decoding=\"async\" src=\"\/wp-content\/uploads\/sites\/5\/2019\/10\/Semana-de-la-Salud-Bucal-IGSS-2019-14-630x420.jpg\" srcset=\"\/wp-content\/uploads\/sites\/5\/2019\/10\/Semana-de-la-Salud-Bucal-IGSS-2019-14-630x420.jpg 630w, \/wp-content\/uploads\/sites\/5\/2019\/10\/Semana-de-la-Salud-Bucal-IGSS-2019-14-300x200.jpg 300w, \/wp-content\/uploads\/sites\/5\/2019\/10\/Semana-de-la-Salud-Bucal-IGSS-2019-14-768x512.jpg 768w, \/wp-content\/uploads\/sites\/5\/2019\/10\/Semana-de-la-Salud-Bucal-IGSS-2019-14-1024x682.jpg 1024w, \/wp-content\/uploads\/sites\/5\/2019\/10\/Semana-de-la-Salud-Bucal-IGSS-2019-14-696x464.jpg 696w, \/wp-content\/uploads\/sites\/5\/2019\/10\/Semana-de-la-Salud-Bucal-IGSS-2019-14-1068x712.jpg 1068w, \/wp-content\/uploads\/sites\/5\/2019\/10\/Semana-de-la-Salud-Bucal-IGSS-2019-14-534x356.jpg 534w, \/wp-content\/uploads\/sites\/5\/2019\/10\/Semana-de-la-Salud-Bucal-IGSS-2019-14.jpg 1280w\" sizes=\"(max-width: 630px) 100vw, 630px\" alt=\"\">\r\n                            <\/a>\r\n                            \r\n                        <\/figure>\r\n                    <\/div>\r\n                    <div class = \"td-slide-item td-item15\">\r\n                        <figure class=\"td-slide-galery-figure td-slide-popup-gallery\">\r\n                            <a class=\"slide-gallery-image-link\" href=\"\/wp-content\/uploads\/sites\/5\/2019\/10\/Semana-de-la-Salud-Bucal-IGSS-2019-15.jpg\" title=\"Semana de la Salud Bucal IGSS 2019-15\"  data-caption=\"\"  data-description=\"\">\r\n                                <img decoding=\"async\" src=\"\/wp-content\/uploads\/sites\/5\/2019\/10\/Semana-de-la-Salud-Bucal-IGSS-2019-15-169x420.jpg\" srcset=\"\/wp-content\/uploads\/sites\/5\/2019\/10\/Semana-de-la-Salud-Bucal-IGSS-2019-15-169x420.jpg 169w, \/wp-content\/uploads\/sites\/5\/2019\/10\/Semana-de-la-Salud-Bucal-IGSS-2019-15-121x300.jpg 121w, \/wp-content\/uploads\/sites\/5\/2019\/10\/Semana-de-la-Salud-Bucal-IGSS-2019-15-413x1024.jpg 413w, \/wp-content\/uploads\/sites\/5\/2019\/10\/Semana-de-la-Salud-Bucal-IGSS-2019-15-186x462.jpg 186w, \/wp-content\/uploads\/sites\/5\/2019\/10\/Semana-de-la-Salud-Bucal-IGSS-2019-15.jpg 516w\" sizes=\"(max-width: 169px) 100vw, 169px\" alt=\"\">\r\n                            <\/a>\r\n                            \r\n                        <\/figure>\r\n                    <\/div>\r\n                    <div class = \"td-slide-item td-item16\">\r\n                        <figure class=\"td-slide-galery-figure td-slide-popup-gallery\">\r\n                            <a class=\"slide-gallery-image-link\" href=\"\/wp-content\/uploads\/sites\/5\/2019\/10\/Semana-de-la-Salud-Bucal-IGSS-2019-16.jpg\" title=\"Semana de la Salud Bucal IGSS 2019-16\"  data-caption=\"\"  data-description=\"\">\r\n                                <img decoding=\"async\" src=\"\/wp-content\/uploads\/sites\/5\/2019\/10\/Semana-de-la-Salud-Bucal-IGSS-2019-16-630x420.jpg\" srcset=\"\/wp-content\/uploads\/sites\/5\/2019\/10\/Semana-de-la-Salud-Bucal-IGSS-2019-16-630x420.jpg 630w, \/wp-content\/uploads\/sites\/5\/2019\/10\/Semana-de-la-Salud-Bucal-IGSS-2019-16-300x200.jpg 300w, \/wp-content\/uploads\/sites\/5\/2019\/10\/Semana-de-la-Salud-Bucal-IGSS-2019-16-768x512.jpg 768w, \/wp-content\/uploads\/sites\/5\/2019\/10\/Semana-de-la-Salud-Bucal-IGSS-2019-16-1024x683.jpg 1024w, \/wp-content\/uploads\/sites\/5\/2019\/10\/Semana-de-la-Salud-Bucal-IGSS-2019-16-696x464.jpg 696w, \/wp-content\/uploads\/sites\/5\/2019\/10\/Semana-de-la-Salud-Bucal-IGSS-2019-16-1068x713.jpg 1068w, \/wp-content\/uploads\/sites\/5\/2019\/10\/Semana-de-la-Salud-Bucal-IGSS-2019-16-534x356.jpg 534w, \/wp-content\/uploads\/sites\/5\/2019\/10\/Semana-de-la-Salud-Bucal-IGSS-2019-16.jpg 1280w\" sizes=\"(max-width: 630px) 100vw, 630px\" alt=\"\">\r\n                            <\/a>\r\n                            \r\n                        <\/figure>\r\n                    <\/div>\r\n                    <div class = \"td-slide-item td-item17\">\r\n                        <figure class=\"td-slide-galery-figure td-slide-popup-gallery\">\r\n                            <a class=\"slide-gallery-image-link\" href=\"\/wp-content\/uploads\/sites\/5\/2019\/10\/Semana-de-la-Salud-Bucal-IGSS-2019-17.jpg\" title=\"Semana de la Salud Bucal IGSS 2019-17\"  data-caption=\"\"  data-description=\"\">\r\n                                <img decoding=\"async\" src=\"\/wp-content\/uploads\/sites\/5\/2019\/10\/Semana-de-la-Salud-Bucal-IGSS-2019-17-630x420.jpg\" srcset=\"\/wp-content\/uploads\/sites\/5\/2019\/10\/Semana-de-la-Salud-Bucal-IGSS-2019-17-630x420.jpg 630w, \/wp-content\/uploads\/sites\/5\/2019\/10\/Semana-de-la-Salud-Bucal-IGSS-2019-17-300x200.jpg 300w, \/wp-content\/uploads\/sites\/5\/2019\/10\/Semana-de-la-Salud-Bucal-IGSS-2019-17-768x512.jpg 768w, \/wp-content\/uploads\/sites\/5\/2019\/10\/Semana-de-la-Salud-Bucal-IGSS-2019-17-1024x682.jpg 1024w, \/wp-content\/uploads\/sites\/5\/2019\/10\/Semana-de-la-Salud-Bucal-IGSS-2019-17-696x464.jpg 696w, \/wp-content\/uploads\/sites\/5\/2019\/10\/Semana-de-la-Salud-Bucal-IGSS-2019-17-1068x712.jpg 1068w, \/wp-content\/uploads\/sites\/5\/2019\/10\/Semana-de-la-Salud-Bucal-IGSS-2019-17-534x356.jpg 534w, \/wp-content\/uploads\/sites\/5\/2019\/10\/Semana-de-la-Salud-Bucal-IGSS-2019-17.jpg 1280w\" sizes=\"(max-width: 630px) 100vw, 630px\" alt=\"\">\r\n                            <\/a>\r\n                            \r\n                        <\/figure>\r\n                    <\/div>\r\n                    <div class = \"td-slide-item td-item18\">\r\n                        <figure class=\"td-slide-galery-figure td-slide-popup-gallery\">\r\n                            <a class=\"slide-gallery-image-link\" href=\"\/wp-content\/uploads\/sites\/5\/2019\/10\/Semana-de-la-Salud-Bucal-IGSS-2019-18.jpg\" title=\"Semana de la Salud Bucal IGSS 2019-18\"  data-caption=\"\"  data-description=\"\">\r\n                                <img decoding=\"async\" src=\"\/wp-content\/uploads\/sites\/5\/2019\/10\/Semana-de-la-Salud-Bucal-IGSS-2019-18-630x420.jpg\" srcset=\"\/wp-content\/uploads\/sites\/5\/2019\/10\/Semana-de-la-Salud-Bucal-IGSS-2019-18-630x420.jpg 630w, \/wp-content\/uploads\/sites\/5\/2019\/10\/Semana-de-la-Salud-Bucal-IGSS-2019-18-300x200.jpg 300w, \/wp-content\/uploads\/sites\/5\/2019\/10\/Semana-de-la-Salud-Bucal-IGSS-2019-18-768x512.jpg 768w, \/wp-content\/uploads\/sites\/5\/2019\/10\/Semana-de-la-Salud-Bucal-IGSS-2019-18-1024x682.jpg 1024w, \/wp-content\/uploads\/sites\/5\/2019\/10\/Semana-de-la-Salud-Bucal-IGSS-2019-18-696x464.jpg 696w, \/wp-content\/uploads\/sites\/5\/2019\/10\/Semana-de-la-Salud-Bucal-IGSS-2019-18-1068x712.jpg 1068w, \/wp-content\/uploads\/sites\/5\/2019\/10\/Semana-de-la-Salud-Bucal-IGSS-2019-18-534x356.jpg 534w, \/wp-content\/uploads\/sites\/5\/2019\/10\/Semana-de-la-Salud-Bucal-IGSS-2019-18.jpg 1280w\" sizes=\"(max-width: 630px) 100vw, 630px\" alt=\"\">\r\n                            <\/a>\r\n                            \r\n                        <\/figure>\r\n                    <\/div>\r\n                    <div class = \"td-slide-item td-item19\">\r\n                        <figure class=\"td-slide-galery-figure td-slide-popup-gallery\">\r\n                            <a class=\"slide-gallery-image-link\" href=\"\/wp-content\/uploads\/sites\/5\/2019\/10\/Semana-de-la-Salud-Bucal-IGSS-2019-19.jpg\" title=\"Semana de la Salud Bucal IGSS 2019-19\"  data-caption=\"\"  data-description=\"\">\r\n                                <img decoding=\"async\" src=\"\/wp-content\/uploads\/sites\/5\/2019\/10\/Semana-de-la-Salud-Bucal-IGSS-2019-19-747x420.jpg\" srcset=\"\/wp-content\/uploads\/sites\/5\/2019\/10\/Semana-de-la-Salud-Bucal-IGSS-2019-19-747x420.jpg 747w, \/wp-content\/uploads\/sites\/5\/2019\/10\/Semana-de-la-Salud-Bucal-IGSS-2019-19-300x169.jpg 300w, \/wp-content\/uploads\/sites\/5\/2019\/10\/Semana-de-la-Salud-Bucal-IGSS-2019-19-768x432.jpg 768w, \/wp-content\/uploads\/sites\/5\/2019\/10\/Semana-de-la-Salud-Bucal-IGSS-2019-19-1024x576.jpg 1024w, \/wp-content\/uploads\/sites\/5\/2019\/10\/Semana-de-la-Salud-Bucal-IGSS-2019-19-696x392.jpg 696w, \/wp-content\/uploads\/sites\/5\/2019\/10\/Semana-de-la-Salud-Bucal-IGSS-2019-19-1068x601.jpg 1068w, \/wp-content\/uploads\/sites\/5\/2019\/10\/Semana-de-la-Salud-Bucal-IGSS-2019-19-534x300.jpg 534w, \/wp-content\/uploads\/sites\/5\/2019\/10\/Semana-de-la-Salud-Bucal-IGSS-2019-19.jpg 1280w\" sizes=\"(max-width: 747px) 100vw, 747px\" alt=\"\">\r\n                            <\/a>\r\n                            \r\n                        <\/figure>\r\n                    <\/div>\r\n                    <div class = \"td-slide-item td-item20\">\r\n                        <figure class=\"td-slide-galery-figure td-slide-popup-gallery\">\r\n                            <a class=\"slide-gallery-image-link\" href=\"\/wp-content\/uploads\/sites\/5\/2019\/10\/Semana-de-la-Salud-Bucal-IGSS-2019-20.jpg\" title=\"Semana de la Salud Bucal IGSS 2019-20\"  data-caption=\"\"  data-description=\"\">\r\n                                <img decoding=\"async\" src=\"\/wp-content\/uploads\/sites\/5\/2019\/10\/Semana-de-la-Salud-Bucal-IGSS-2019-20-560x420.jpg\" srcset=\"\/wp-content\/uploads\/sites\/5\/2019\/10\/Semana-de-la-Salud-Bucal-IGSS-2019-20-560x420.jpg 560w, \/wp-content\/uploads\/sites\/5\/2019\/10\/Semana-de-la-Salud-Bucal-IGSS-2019-20-300x225.jpg 300w, \/wp-content\/uploads\/sites\/5\/2019\/10\/Semana-de-la-Salud-Bucal-IGSS-2019-20-768x576.jpg 768w, \/wp-content\/uploads\/sites\/5\/2019\/10\/Semana-de-la-Salud-Bucal-IGSS-2019-20-1024x768.jpg 1024w, \/wp-content\/uploads\/sites\/5\/2019\/10\/Semana-de-la-Salud-Bucal-IGSS-2019-20-80x60.jpg 80w, \/wp-content\/uploads\/sites\/5\/2019\/10\/Semana-de-la-Salud-Bucal-IGSS-2019-20-696x522.jpg 696w, \/wp-content\/uploads\/sites\/5\/2019\/10\/Semana-de-la-Salud-Bucal-IGSS-2019-20-265x198.jpg 265w, \/wp-content\/uploads\/sites\/5\/2019\/10\/Semana-de-la-Salud-Bucal-IGSS-2019-20-534x401.jpg 534w, \/wp-content\/uploads\/sites\/5\/2019\/10\/Semana-de-la-Salud-Bucal-IGSS-2019-20.jpg 1032w\" sizes=\"(max-width: 560px) 100vw, 560px\" alt=\"\">\r\n                            <\/a>\r\n                            \r\n                        <\/figure>\r\n                    <\/div>\r\n                    <div class = \"td-slide-item td-item21\">\r\n                        <figure class=\"td-slide-galery-figure td-slide-popup-gallery\">\r\n                            <a class=\"slide-gallery-image-link\" href=\"\/wp-content\/uploads\/sites\/5\/2019\/10\/Semana-de-la-Salud-Bucal-IGSS-2019-21.jpg\" title=\"Semana de la Salud Bucal IGSS 2019-21\"  data-caption=\"\"  data-description=\"\">\r\n                                <img decoding=\"async\" src=\"\/wp-content\/uploads\/sites\/5\/2019\/10\/Semana-de-la-Salud-Bucal-IGSS-2019-21-630x420.jpg\" srcset=\"\/wp-content\/uploads\/sites\/5\/2019\/10\/Semana-de-la-Salud-Bucal-IGSS-2019-21-630x420.jpg 630w, \/wp-content\/uploads\/sites\/5\/2019\/10\/Semana-de-la-Salud-Bucal-IGSS-2019-21-300x200.jpg 300w, \/wp-content\/uploads\/sites\/5\/2019\/10\/Semana-de-la-Salud-Bucal-IGSS-2019-21-768x512.jpg 768w, \/wp-content\/uploads\/sites\/5\/2019\/10\/Semana-de-la-Salud-Bucal-IGSS-2019-21-1024x683.jpg 1024w, \/wp-content\/uploads\/sites\/5\/2019\/10\/Semana-de-la-Salud-Bucal-IGSS-2019-21-696x464.jpg 696w, \/wp-content\/uploads\/sites\/5\/2019\/10\/Semana-de-la-Salud-Bucal-IGSS-2019-21-1068x713.jpg 1068w, \/wp-content\/uploads\/sites\/5\/2019\/10\/Semana-de-la-Salud-Bucal-IGSS-2019-21-534x356.jpg 534w, \/wp-content\/uploads\/sites\/5\/2019\/10\/Semana-de-la-Salud-Bucal-IGSS-2019-21.jpg 1280w\" sizes=\"(max-width: 630px) 100vw, 630px\" alt=\"\">\r\n                            <\/a>\r\n                            \r\n                        <\/figure>\r\n                    <\/div>\r\n                    <div class = \"td-slide-item td-item22\">\r\n                        <figure class=\"td-slide-galery-figure td-slide-popup-gallery\">\r\n                            <a class=\"slide-gallery-image-link\" href=\"\/wp-content\/uploads\/sites\/5\/2019\/10\/Semana-de-la-Salud-Bucal-IGSS-2019-22.jpg\" title=\"Semana de la Salud Bucal IGSS 2019-22\"  data-caption=\"\"  data-description=\"\">\r\n                                <img decoding=\"async\" src=\"\/wp-content\/uploads\/sites\/5\/2019\/10\/Semana-de-la-Salud-Bucal-IGSS-2019-22-874x420.jpg\" srcset=\"\/wp-content\/uploads\/sites\/5\/2019\/10\/Semana-de-la-Salud-Bucal-IGSS-2019-22-874x420.jpg 874w, \/wp-content\/uploads\/sites\/5\/2019\/10\/Semana-de-la-Salud-Bucal-IGSS-2019-22-300x144.jpg 300w, \/wp-content\/uploads\/sites\/5\/2019\/10\/Semana-de-la-Salud-Bucal-IGSS-2019-22-768x369.jpg 768w, \/wp-content\/uploads\/sites\/5\/2019\/10\/Semana-de-la-Salud-Bucal-IGSS-2019-22-1024x492.jpg 1024w, \/wp-content\/uploads\/sites\/5\/2019\/10\/Semana-de-la-Salud-Bucal-IGSS-2019-22-696x335.jpg 696w, \/wp-content\/uploads\/sites\/5\/2019\/10\/Semana-de-la-Salud-Bucal-IGSS-2019-22-534x257.jpg 534w, \/wp-content\/uploads\/sites\/5\/2019\/10\/Semana-de-la-Salud-Bucal-IGSS-2019-22.jpg 1040w\" sizes=\"(max-width: 874px) 100vw, 874px\" alt=\"\">\r\n                            <\/a>\r\n                            \r\n                        <\/figure>\r\n                    <\/div>\r\n                    <div class = \"td-slide-item td-item23\">\r\n                        <figure class=\"td-slide-galery-figure td-slide-popup-gallery\">\r\n                            <a class=\"slide-gallery-image-link\" href=\"\/wp-content\/uploads\/sites\/5\/2019\/10\/Semana-de-la-Salud-Bucal-IGSS-2019-23.jpg\" title=\"Semana de la Salud Bucal IGSS 2019-23\"  data-caption=\"\"  data-description=\"\">\r\n                                <img decoding=\"async\" src=\"\/wp-content\/uploads\/sites\/5\/2019\/10\/Semana-de-la-Salud-Bucal-IGSS-2019-23-747x420.jpg\" srcset=\"\/wp-content\/uploads\/sites\/5\/2019\/10\/Semana-de-la-Salud-Bucal-IGSS-2019-23-747x420.jpg 747w, \/wp-content\/uploads\/sites\/5\/2019\/10\/Semana-de-la-Salud-Bucal-IGSS-2019-23-300x169.jpg 300w, \/wp-content\/uploads\/sites\/5\/2019\/10\/Semana-de-la-Salud-Bucal-IGSS-2019-23-768x432.jpg 768w, \/wp-content\/uploads\/sites\/5\/2019\/10\/Semana-de-la-Salud-Bucal-IGSS-2019-23-1024x576.jpg 1024w, \/wp-content\/uploads\/sites\/5\/2019\/10\/Semana-de-la-Salud-Bucal-IGSS-2019-23-696x392.jpg 696w, \/wp-content\/uploads\/sites\/5\/2019\/10\/Semana-de-la-Salud-Bucal-IGSS-2019-23-1068x601.jpg 1068w, \/wp-content\/uploads\/sites\/5\/2019\/10\/Semana-de-la-Salud-Bucal-IGSS-2019-23-534x300.jpg 534w, \/wp-content\/uploads\/sites\/5\/2019\/10\/Semana-de-la-Salud-Bucal-IGSS-2019-23.jpg 1280w\" sizes=\"(max-width: 747px) 100vw, 747px\" alt=\"\">\r\n                            <\/a>\r\n                            \r\n                        <\/figure>\r\n                    <\/div>\r\n                    <div class = \"td-slide-item td-item24\">\r\n                        <figure class=\"td-slide-galery-figure td-slide-popup-gallery\">\r\n                            <a class=\"slide-gallery-image-link\" href=\"\/wp-content\/uploads\/sites\/5\/2019\/10\/Semana-de-la-Salud-Bucal-IGSS-2019-24.jpg\" title=\"Semana de la Salud Bucal IGSS 2019-24\"  data-caption=\"\"  data-description=\"\">\r\n                                <img decoding=\"async\" src=\"\/wp-content\/uploads\/sites\/5\/2019\/10\/Semana-de-la-Salud-Bucal-IGSS-2019-24-315x420.jpg\" srcset=\"\/wp-content\/uploads\/sites\/5\/2019\/10\/Semana-de-la-Salud-Bucal-IGSS-2019-24-315x420.jpg 315w, \/wp-content\/uploads\/sites\/5\/2019\/10\/Semana-de-la-Salud-Bucal-IGSS-2019-24-225x300.jpg 225w, \/wp-content\/uploads\/sites\/5\/2019\/10\/Semana-de-la-Salud-Bucal-IGSS-2019-24-768x1024.jpg 768w, \/wp-content\/uploads\/sites\/5\/2019\/10\/Semana-de-la-Salud-Bucal-IGSS-2019-24-696x928.jpg 696w, \/wp-content\/uploads\/sites\/5\/2019\/10\/Semana-de-la-Salud-Bucal-IGSS-2019-24-347x462.jpg 347w, \/wp-content\/uploads\/sites\/5\/2019\/10\/Semana-de-la-Salud-Bucal-IGSS-2019-24.jpg 960w\" sizes=\"(max-width: 315px) 100vw, 315px\" alt=\"\">\r\n                            <\/a>\r\n                            \r\n                        <\/figure>\r\n                    <\/div>\r\n                    <div class = \"td-slide-item td-item25\">\r\n                        <figure class=\"td-slide-galery-figure td-slide-popup-gallery\">\r\n                            <a class=\"slide-gallery-image-link\" href=\"\/wp-content\/uploads\/sites\/5\/2019\/10\/Semana-de-la-Salud-Bucal-IGSS-2019-25.jpg\" title=\"Semana de la Salud Bucal IGSS 2019-25\"  data-caption=\"\"  data-description=\"\">\r\n                                <img decoding=\"async\" src=\"\/wp-content\/uploads\/sites\/5\/2019\/10\/Semana-de-la-Salud-Bucal-IGSS-2019-25-630x420.jpg\" srcset=\"\/wp-content\/uploads\/sites\/5\/2019\/10\/Semana-de-la-Salud-Bucal-IGSS-2019-25-630x420.jpg 630w, \/wp-content\/uploads\/sites\/5\/2019\/10\/Semana-de-la-Salud-Bucal-IGSS-2019-25-300x200.jpg 300w, \/wp-content\/uploads\/sites\/5\/2019\/10\/Semana-de-la-Salud-Bucal-IGSS-2019-25-768x512.jpg 768w, \/wp-content\/uploads\/sites\/5\/2019\/10\/Semana-de-la-Salud-Bucal-IGSS-2019-25-1024x682.jpg 1024w, \/wp-content\/uploads\/sites\/5\/2019\/10\/Semana-de-la-Salud-Bucal-IGSS-2019-25-696x464.jpg 696w, \/wp-content\/uploads\/sites\/5\/2019\/10\/Semana-de-la-Salud-Bucal-IGSS-2019-25-1068x712.jpg 1068w, \/wp-content\/uploads\/sites\/5\/2019\/10\/Semana-de-la-Salud-Bucal-IGSS-2019-25-534x356.jpg 534w, \/wp-content\/uploads\/sites\/5\/2019\/10\/Semana-de-la-Salud-Bucal-IGSS-2019-25.jpg 1280w\" sizes=\"(max-width: 630px) 100vw, 630px\" alt=\"\">\r\n                            <\/a>\r\n                            \r\n                        <\/figure>\r\n                    <\/div>\r\n                    <div class = \"td-slide-item td-item26\">\r\n                        <figure class=\"td-slide-galery-figure td-slide-popup-gallery\">\r\n                            <a class=\"slide-gallery-image-link\" href=\"\/wp-content\/uploads\/sites\/5\/2019\/10\/Semana-de-la-Salud-Bucal-IGSS-2019-26.jpg\" title=\"Semana de la Salud Bucal IGSS 2019-26\"  data-caption=\"\"  data-description=\"\">\r\n                                <img decoding=\"async\" src=\"\/wp-content\/uploads\/sites\/5\/2019\/10\/Semana-de-la-Salud-Bucal-IGSS-2019-26-630x420.jpg\" srcset=\"\/wp-content\/uploads\/sites\/5\/2019\/10\/Semana-de-la-Salud-Bucal-IGSS-2019-26-630x420.jpg 630w, \/wp-content\/uploads\/sites\/5\/2019\/10\/Semana-de-la-Salud-Bucal-IGSS-2019-26-300x200.jpg 300w, \/wp-content\/uploads\/sites\/5\/2019\/10\/Semana-de-la-Salud-Bucal-IGSS-2019-26-768x512.jpg 768w, \/wp-content\/uploads\/sites\/5\/2019\/10\/Semana-de-la-Salud-Bucal-IGSS-2019-26-1024x683.jpg 1024w, \/wp-content\/uploads\/sites\/5\/2019\/10\/Semana-de-la-Salud-Bucal-IGSS-2019-26-696x464.jpg 696w, \/wp-content\/uploads\/sites\/5\/2019\/10\/Semana-de-la-Salud-Bucal-IGSS-2019-26-1068x713.jpg 1068w, \/wp-content\/uploads\/sites\/5\/2019\/10\/Semana-de-la-Salud-Bucal-IGSS-2019-26-534x356.jpg 534w, \/wp-content\/uploads\/sites\/5\/2019\/10\/Semana-de-la-Salud-Bucal-IGSS-2019-26.jpg 1280w\" sizes=\"(max-width: 630px) 100vw, 630px\" alt=\"\">\r\n                            <\/a>\r\n                            \r\n                        <\/figure>\r\n                    <\/div>\r\n                            <\/div>\r\n                        <\/div>\r\n\r\n                        <div class = \"td-doubleSlider-2\">\r\n                            <div class = \"td-slider\">\r\n                                \r\n                    <div class = \"td-button td-item1\">\r\n                        <div class = \"td-border\"><\/div>\r\n                    <\/div>\r\n                    <div class = \"td-button td-item2\">\r\n                        <div class = \"td-border\"><\/div>\r\n                    <\/div>\r\n                    <div class = \"td-button td-item3\">\r\n                        <div class = \"td-border\"><\/div>\r\n                    <\/div>\r\n                    <div class = \"td-button td-item4\">\r\n                        <div class = \"td-border\"><\/div>\r\n                    <\/div>\r\n                    <div class = \"td-button td-item5\">\r\n                        <div class = \"td-border\"><\/div>\r\n                    <\/div>\r\n                    <div class = \"td-button td-item6\">\r\n                        <div class = \"td-border\"><\/div>\r\n                    <\/div>\r\n                    <div class = \"td-button td-item7\">\r\n                        <div class = \"td-border\"><\/div>\r\n                    <\/div>\r\n                    <div class = \"td-button td-item8\">\r\n                        <div class = \"td-border\"><\/div>\r\n                    <\/div>\r\n                    <div class = \"td-button td-item9\">\r\n                        <div class = \"td-border\"><\/div>\r\n                    <\/div>\r\n                    <div class = \"td-button td-item10\">\r\n                        <div class = \"td-border\"><\/div>\r\n                    <\/div>\r\n                    <div class = \"td-button td-item11\">\r\n                        <div class = \"td-border\"><\/div>\r\n                    <\/div>\r\n                    <div class = \"td-button td-item12\">\r\n                        <div class = \"td-border\"><\/div>\r\n                    <\/div>\r\n                    <div class = \"td-button td-item13\">\r\n                        <div class = \"td-border\"><\/div>\r\n                    <\/div>\r\n                    <div class = \"td-button td-item14\">\r\n                        <div class = \"td-border\"><\/div>\r\n                    <\/div>\r\n                    <div class = \"td-button td-item15\">\r\n                        <div class = \"td-border\"><\/div>\r\n                    <\/div>\r\n                    <div class = \"td-button td-item16\">\r\n                        <div class = \"td-border\"><\/div>\r\n                    <\/div>\r\n                    <div class = \"td-button td-item17\">\r\n                        <div class = \"td-border\"><\/div>\r\n                    <\/div>\r\n                    <div class = \"td-button td-item18\">\r\n                        <div class = \"td-border\"><\/div>\r\n                    <\/div>\r\n                    <div class = \"td-button td-item19\">\r\n                        <div class = \"td-border\"><\/div>\r\n                    <\/div>\r\n                    <div class = \"td-button td-item20\">\r\n                        <div class = \"td-border\"><\/div>\r\n                    <\/div>\r\n                    <div class = \"td-button td-item21\">\r\n                        <div class = \"td-border\"><\/div>\r\n                    <\/div>\r\n                    <div class = \"td-button td-item22\">\r\n                        <div class = \"td-border\"><\/div>\r\n                    <\/div>\r\n                    <div class = \"td-button td-item23\">\r\n                        <div class = \"td-border\"><\/div>\r\n                    <\/div>\r\n                    <div class = \"td-button td-item24\">\r\n                        <div class = \"td-border\"><\/div>\r\n                    <\/div>\r\n                    <div class = \"td-button td-item25\">\r\n                        <div class = \"td-border\"><\/div>\r\n                    <\/div>\r\n                    <div class = \"td-button td-item26\">\r\n                        <div class = \"td-border\"><\/div>\r\n                    <\/div>\r\n                            <\/div>\r\n                        <\/div>\r\n\r\n                    <\/div>\r\n\r\n                <\/div>\r\n                \n","protected":false},"excerpt":{"rendered":"<p>Autoridades del Instituto iniciaron hoy en las Oficinas Centrales la Jornada de Prevenci\u00f3n y Salud Bucal a realizarse del 7 al 11 de octubre. El acto protocolario fue presidido por el Dr. Arturo Garc\u00eda Aquino, subgerente de Prestaciones en Salud, quien en su discurso expres\u00f3 que estas actividades forman parte de la Pol\u00edtica Preventiva de [&hellip;]<\/p>\n","protected":false},"author":4,"featured_media":12159,"comment_status":"open","ping_status":"open","sticky":false,"template":"","format":"standard","meta":{"footnotes":""},"categories":[3,45,27,29,36],"tags":[490,780],"coauthors":[881],"class_list":{"0":"post-12141","1":"post","2":"type-post","3":"status-publish","4":"format-standard","5":"has-post-thumbnail","7":"category-actualidad","8":"category-jornadas-medicas","9":"category-prevencion-en-salud","10":"category-publicaciones","11":"category-unidades-medicas","12":"tag-igss","13":"tag-semana-de-la-salud-bucal"},"_links":{"self":[{"href":"https:\/\/www.igssgt.org\/noticias\/wp-json\/wp\/v2\/posts\/12141","targetHints":{"allow":["GET"]}}],"collection":[{"href":"https:\/\/www.igssgt.org\/noticias\/wp-json\/wp\/v2\/posts"}],"about":[{"href":"https:\/\/www.igssgt.org\/noticias\/wp-json\/wp\/v2\/types\/post"}],"author":[{"embeddable":true,"href":"https:\/\/www.igssgt.org\/noticias\/wp-json\/wp\/v2\/users\/4"}],"replies":[{"embeddable":true,"href":"https:\/\/www.igssgt.org\/noticias\/wp-json\/wp\/v2\/comments?post=12141"}],"version-history":[{"count":1,"href":"https:\/\/www.igssgt.org\/noticias\/wp-json\/wp\/v2\/posts\/12141\/revisions"}],"predecessor-version":[{"id":12173,"href":"https:\/\/www.igssgt.org\/noticias\/wp-json\/wp\/v2\/posts\/12141\/revisions\/12173"}],"wp:featuredmedia":[{"embeddable":true,"href":"https:\/\/www.igssgt.org\/noticias\/wp-json\/wp\/v2\/media\/12159"}],"wp:attachment":[{"href":"https:\/\/www.igssgt.org\/noticias\/wp-json\/wp\/v2\/media?parent=12141"}],"wp:term":[{"taxonomy":"category","embeddable":true,"href":"https:\/\/www.igssgt.org\/noticias\/wp-json\/wp\/v2\/categories?post=12141"},{"taxonomy":"post_tag","embeddable":true,"href":"https:\/\/www.igssgt.org\/noticias\/wp-json\/wp\/v2\/tags?post=12141"},{"taxonomy":"author","embeddable":true,"href":"https:\/\/www.igssgt.org\/noticias\/wp-json\/wp\/v2\/coauthors?post=12141"}],"curies":[{"name":"wp","href":"https:\/\/api.w.org\/{rel}","templated":true}]}}