{"id":12142,"date":"2017-10-23T14:59:09","date_gmt":"2017-10-23T20:59:09","guid":{"rendered":"https:\/\/www.igssgt.org\/noticias\/?p=12142"},"modified":"2019-10-07T15:14:53","modified_gmt":"2019-10-07T21:14:53","slug":"camip-pamplona-celebra-31-aniversario","status":"publish","type":"post","link":"https:\/\/www.igssgt.org\/noticias\/2017\/10\/23\/camip-pamplona-celebra-31-aniversario\/","title":{"rendered":"CAMIP Pamplona celebra 31 aniversario"},"content":{"rendered":"\n<figure class=\"wp-block-image\"><img loading=\"lazy\" decoding=\"async\" width=\"1024\" height=\"679\" src=\"\/wp-content\/uploads\/sites\/5\/2019\/10\/CAMIP-Pamplona-celebra-31-aniversario-IGSS-Guateamala-3-1024x679.jpg\" alt=\"\" class=\"wp-image-12170\" srcset=\"\/wp-content\/uploads\/sites\/5\/2019\/10\/CAMIP-Pamplona-celebra-31-aniversario-IGSS-Guateamala-3-1024x679.jpg 1024w, \/wp-content\/uploads\/sites\/5\/2019\/10\/CAMIP-Pamplona-celebra-31-aniversario-IGSS-Guateamala-3-1536x1019.jpg 1536w, \/wp-content\/uploads\/sites\/5\/2019\/10\/CAMIP-Pamplona-celebra-31-aniversario-IGSS-Guateamala-3-2048x1358.jpg 2048w, \/wp-content\/uploads\/sites\/5\/2019\/10\/CAMIP-Pamplona-celebra-31-aniversario-IGSS-Guateamala-3-300x199.jpg 300w, \/wp-content\/uploads\/sites\/5\/2019\/10\/CAMIP-Pamplona-celebra-31-aniversario-IGSS-Guateamala-3-768x509.jpg 768w, \/wp-content\/uploads\/sites\/5\/2019\/10\/CAMIP-Pamplona-celebra-31-aniversario-IGSS-Guateamala-3-633x420.jpg 633w, \/wp-content\/uploads\/sites\/5\/2019\/10\/CAMIP-Pamplona-celebra-31-aniversario-IGSS-Guateamala-3-696x462.jpg 696w, \/wp-content\/uploads\/sites\/5\/2019\/10\/CAMIP-Pamplona-celebra-31-aniversario-IGSS-Guateamala-3-1068x708.jpg 1068w, \/wp-content\/uploads\/sites\/5\/2019\/10\/CAMIP-Pamplona-celebra-31-aniversario-IGSS-Guateamala-3-534x354.jpg 534w\" sizes=\"auto, (max-width: 1024px) 100vw, 1024px\" \/><\/figure>\n\n\n\n<p> Afiliados que asistieron a su consulta programada en el Centro de Atenci\u00f3n M\u00e9dica Integral para Pensionados (CAMIP) Pamplona, zona 12, disfrutaron de una alborada, con la participaci\u00f3n de mariachis, con motivo del 31 aniversario de esta unidad del IGSS.\u00a0<\/p>\n\n\n\n<p>Para esta ocasi\u00f3n, con la finalidad de no interrumpir la atenci\u00f3n m\u00e9dica a los asistentes, los m\u00fasicos hicieron un recorrido para alegrar con su arte en las diferentes cl\u00ednicas y salas de espera.<\/p>\n\n\n\n<p>Con el apoyo de la Municipalidad de Guatemala, la marimba de esa comuna ameniz\u00f3 la llegada de los afiliados con sus melod\u00edas con las que personas de la tercera edad bailaron al comp\u00e1s de las notas musicales.<\/p>\n\n\n\n<p>\u00a0El CAMIP Pamplona abri\u00f3 sus puertas el 21 de octubre de 1986 para atender a las personas pensionadas, jubiladas y beneficiarias para brindarles la seguridad social como lo establecen sus acuerdos de creaci\u00f3n 737, 738 y 739, de la Junta Directiva.\u00a0<\/p>\n\n\n\n<p>La doctora Mar\u00eda Gonz\u00e1lez, encargada de la Subdirecci\u00f3n, inform\u00f3 que actualmente atienden a una poblaci\u00f3n de 47,351 derechohabientes en los diferentes servicios como fisiatr\u00eda, ginecolog\u00eda, cardiolog\u00eda, cirug\u00eda, enfermedad com\u00fan, geriatr\u00eda y salud ocupacional.<\/p>\n\n\n\n<p>Actualmente el Camip Pamplona cuenta con un abastecimiento del 95% de medicinas y en medicamentos espec\u00edficos est\u00e1 en un 100%. <\/p>\n\n\n\r\n                <style type=\"text\/css\">\r\n                    \r\n                    #tdi_1  .td-doubleSlider-2 .td-item1 {\r\n                        background: url(\/wp-content\/uploads\/sites\/5\/2019\/10\/CAMIP-Pamplona-celebra-31-aniversario-IGSS-Guateamala-1-80x60.jpg) 0 0 no-repeat;\r\n                    }\r\n                    #tdi_1  .td-doubleSlider-2 .td-item2 {\r\n                        background: url(\/wp-content\/uploads\/sites\/5\/2019\/10\/CAMIP-Pamplona-celebra-31-aniversario-IGSS-Guateamala-2-80x60.jpg) 0 0 no-repeat;\r\n                    }\r\n                    #tdi_1  .td-doubleSlider-2 .td-item3 {\r\n                        background: url(\/wp-content\/uploads\/sites\/5\/2019\/10\/CAMIP-Pamplona-celebra-31-aniversario-IGSS-Guateamala-3-80x60.jpg) 0 0 no-repeat;\r\n                    }\r\n                    #tdi_1  .td-doubleSlider-2 .td-item4 {\r\n                        background: url(\/wp-content\/uploads\/sites\/5\/2019\/10\/CAMIP-Pamplona-celebra-31-aniversario-IGSS-Guateamala-4-80x60.jpg) 0 0 no-repeat;\r\n                    }\r\n                <\/style>\r\n\r\n                <div id=\"tdi_1\" class=\"td-gallery td-slide-on-2-columns\">\r\n                    <div class=\"post_td_gallery\">\r\n                        <div class=\"td-gallery-slide-top\">\r\n                           <div class=\"td-gallery-title\"><\/div>\r\n\r\n                            <div class=\"td-gallery-controls-wrapper\">\r\n                                <div class=\"td-gallery-slide-count\"><span class=\"td-gallery-slide-item-focus\">1<\/span> de 4<\/div>\r\n                                <div class=\"td-gallery-slide-prev-next-but\">\r\n                                    <i class = \"td-icon-left doubleSliderPrevButton\"><\/i>\r\n                                    <i class = \"td-icon-right doubleSliderNextButton\"><\/i>\r\n                                <\/div>\r\n                            <\/div>\r\n                        <\/div>\r\n\r\n                        <div class = \"td-doubleSlider-1 \">\r\n                            <div class = \"td-slider\">\r\n                                \r\n                    <div class = \"td-slide-item td-item1\">\r\n                        <figure class=\"td-slide-galery-figure td-slide-popup-gallery\">\r\n                            <a class=\"slide-gallery-image-link\" href=\"\/wp-content\/uploads\/sites\/5\/2019\/10\/CAMIP-Pamplona-celebra-31-aniversario-IGSS-Guateamala-1.jpg\" title=\"CAMIP-Pamplona-celebra-31-aniversario-IGSS-Guateamala-1\"  data-caption=\"\"  data-description=\"\">\r\n                                <img decoding=\"async\" src=\"\/wp-content\/uploads\/sites\/5\/2019\/10\/CAMIP-Pamplona-celebra-31-aniversario-IGSS-Guateamala-1-633x420.jpg\" srcset=\"\/wp-content\/uploads\/sites\/5\/2019\/10\/CAMIP-Pamplona-celebra-31-aniversario-IGSS-Guateamala-1-633x420.jpg 633w, \/wp-content\/uploads\/sites\/5\/2019\/10\/CAMIP-Pamplona-celebra-31-aniversario-IGSS-Guateamala-1-1536x1019.jpg 1536w, \/wp-content\/uploads\/sites\/5\/2019\/10\/CAMIP-Pamplona-celebra-31-aniversario-IGSS-Guateamala-1-2048x1358.jpg 2048w, \/wp-content\/uploads\/sites\/5\/2019\/10\/CAMIP-Pamplona-celebra-31-aniversario-IGSS-Guateamala-1-300x199.jpg 300w, \/wp-content\/uploads\/sites\/5\/2019\/10\/CAMIP-Pamplona-celebra-31-aniversario-IGSS-Guateamala-1-768x509.jpg 768w, \/wp-content\/uploads\/sites\/5\/2019\/10\/CAMIP-Pamplona-celebra-31-aniversario-IGSS-Guateamala-1-1024x679.jpg 1024w, \/wp-content\/uploads\/sites\/5\/2019\/10\/CAMIP-Pamplona-celebra-31-aniversario-IGSS-Guateamala-1-696x462.jpg 696w, \/wp-content\/uploads\/sites\/5\/2019\/10\/CAMIP-Pamplona-celebra-31-aniversario-IGSS-Guateamala-1-1068x708.jpg 1068w, \/wp-content\/uploads\/sites\/5\/2019\/10\/CAMIP-Pamplona-celebra-31-aniversario-IGSS-Guateamala-1-534x354.jpg 534w\" sizes=\"(max-width: 633px) 100vw, 633px\" alt=\"\">\r\n                            <\/a>\r\n                            \r\n                        <\/figure>\r\n                    <\/div>\r\n                    <div class = \"td-slide-item td-item2\">\r\n                        <figure class=\"td-slide-galery-figure td-slide-popup-gallery\">\r\n                            <a class=\"slide-gallery-image-link\" href=\"\/wp-content\/uploads\/sites\/5\/2019\/10\/CAMIP-Pamplona-celebra-31-aniversario-IGSS-Guateamala-2.jpg\" title=\"CAMIP-Pamplona-celebra-31-aniversario-IGSS-Guateamala-2\"  data-caption=\"\"  data-description=\"\">\r\n                                <img decoding=\"async\" src=\"\/wp-content\/uploads\/sites\/5\/2019\/10\/CAMIP-Pamplona-celebra-31-aniversario-IGSS-Guateamala-2-633x420.jpg\" srcset=\"\/wp-content\/uploads\/sites\/5\/2019\/10\/CAMIP-Pamplona-celebra-31-aniversario-IGSS-Guateamala-2-633x420.jpg 633w, \/wp-content\/uploads\/sites\/5\/2019\/10\/CAMIP-Pamplona-celebra-31-aniversario-IGSS-Guateamala-2-1536x1019.jpg 1536w, \/wp-content\/uploads\/sites\/5\/2019\/10\/CAMIP-Pamplona-celebra-31-aniversario-IGSS-Guateamala-2-2048x1358.jpg 2048w, \/wp-content\/uploads\/sites\/5\/2019\/10\/CAMIP-Pamplona-celebra-31-aniversario-IGSS-Guateamala-2-300x199.jpg 300w, \/wp-content\/uploads\/sites\/5\/2019\/10\/CAMIP-Pamplona-celebra-31-aniversario-IGSS-Guateamala-2-768x509.jpg 768w, \/wp-content\/uploads\/sites\/5\/2019\/10\/CAMIP-Pamplona-celebra-31-aniversario-IGSS-Guateamala-2-1024x679.jpg 1024w, \/wp-content\/uploads\/sites\/5\/2019\/10\/CAMIP-Pamplona-celebra-31-aniversario-IGSS-Guateamala-2-696x462.jpg 696w, \/wp-content\/uploads\/sites\/5\/2019\/10\/CAMIP-Pamplona-celebra-31-aniversario-IGSS-Guateamala-2-1068x708.jpg 1068w, \/wp-content\/uploads\/sites\/5\/2019\/10\/CAMIP-Pamplona-celebra-31-aniversario-IGSS-Guateamala-2-534x354.jpg 534w\" sizes=\"(max-width: 633px) 100vw, 633px\" alt=\"\">\r\n                            <\/a>\r\n                            \r\n                        <\/figure>\r\n                    <\/div>\r\n                    <div class = \"td-slide-item td-item3\">\r\n                        <figure class=\"td-slide-galery-figure td-slide-popup-gallery\">\r\n                            <a class=\"slide-gallery-image-link\" href=\"\/wp-content\/uploads\/sites\/5\/2019\/10\/CAMIP-Pamplona-celebra-31-aniversario-IGSS-Guateamala-3.jpg\" title=\"CAMIP-Pamplona-celebra-31-aniversario-IGSS-Guateamala-3\"  data-caption=\"\"  data-description=\"\">\r\n                                <img decoding=\"async\" src=\"\/wp-content\/uploads\/sites\/5\/2019\/10\/CAMIP-Pamplona-celebra-31-aniversario-IGSS-Guateamala-3-633x420.jpg\" srcset=\"\/wp-content\/uploads\/sites\/5\/2019\/10\/CAMIP-Pamplona-celebra-31-aniversario-IGSS-Guateamala-3-633x420.jpg 633w, \/wp-content\/uploads\/sites\/5\/2019\/10\/CAMIP-Pamplona-celebra-31-aniversario-IGSS-Guateamala-3-1536x1019.jpg 1536w, \/wp-content\/uploads\/sites\/5\/2019\/10\/CAMIP-Pamplona-celebra-31-aniversario-IGSS-Guateamala-3-2048x1358.jpg 2048w, \/wp-content\/uploads\/sites\/5\/2019\/10\/CAMIP-Pamplona-celebra-31-aniversario-IGSS-Guateamala-3-300x199.jpg 300w, \/wp-content\/uploads\/sites\/5\/2019\/10\/CAMIP-Pamplona-celebra-31-aniversario-IGSS-Guateamala-3-768x509.jpg 768w, \/wp-content\/uploads\/sites\/5\/2019\/10\/CAMIP-Pamplona-celebra-31-aniversario-IGSS-Guateamala-3-1024x679.jpg 1024w, \/wp-content\/uploads\/sites\/5\/2019\/10\/CAMIP-Pamplona-celebra-31-aniversario-IGSS-Guateamala-3-696x462.jpg 696w, \/wp-content\/uploads\/sites\/5\/2019\/10\/CAMIP-Pamplona-celebra-31-aniversario-IGSS-Guateamala-3-1068x708.jpg 1068w, \/wp-content\/uploads\/sites\/5\/2019\/10\/CAMIP-Pamplona-celebra-31-aniversario-IGSS-Guateamala-3-534x354.jpg 534w\" sizes=\"(max-width: 633px) 100vw, 633px\" alt=\"\">\r\n                            <\/a>\r\n                            \r\n                        <\/figure>\r\n                    <\/div>\r\n                    <div class = \"td-slide-item td-item4\">\r\n                        <figure class=\"td-slide-galery-figure td-slide-popup-gallery\">\r\n                            <a class=\"slide-gallery-image-link\" href=\"\/wp-content\/uploads\/sites\/5\/2019\/10\/CAMIP-Pamplona-celebra-31-aniversario-IGSS-Guateamala-4.jpg\" title=\"CAMIP-Pamplona-celebra-31-aniversario-IGSS-Guateamala-4\"  data-caption=\"\"  data-description=\"\">\r\n                                <img decoding=\"async\" src=\"\/wp-content\/uploads\/sites\/5\/2019\/10\/CAMIP-Pamplona-celebra-31-aniversario-IGSS-Guateamala-4-633x420.jpg\" srcset=\"\/wp-content\/uploads\/sites\/5\/2019\/10\/CAMIP-Pamplona-celebra-31-aniversario-IGSS-Guateamala-4-633x420.jpg 633w, \/wp-content\/uploads\/sites\/5\/2019\/10\/CAMIP-Pamplona-celebra-31-aniversario-IGSS-Guateamala-4-1536x1019.jpg 1536w, \/wp-content\/uploads\/sites\/5\/2019\/10\/CAMIP-Pamplona-celebra-31-aniversario-IGSS-Guateamala-4-2048x1358.jpg 2048w, \/wp-content\/uploads\/sites\/5\/2019\/10\/CAMIP-Pamplona-celebra-31-aniversario-IGSS-Guateamala-4-300x199.jpg 300w, \/wp-content\/uploads\/sites\/5\/2019\/10\/CAMIP-Pamplona-celebra-31-aniversario-IGSS-Guateamala-4-768x509.jpg 768w, \/wp-content\/uploads\/sites\/5\/2019\/10\/CAMIP-Pamplona-celebra-31-aniversario-IGSS-Guateamala-4-1024x679.jpg 1024w, \/wp-content\/uploads\/sites\/5\/2019\/10\/CAMIP-Pamplona-celebra-31-aniversario-IGSS-Guateamala-4-696x462.jpg 696w, \/wp-content\/uploads\/sites\/5\/2019\/10\/CAMIP-Pamplona-celebra-31-aniversario-IGSS-Guateamala-4-1068x708.jpg 1068w, \/wp-content\/uploads\/sites\/5\/2019\/10\/CAMIP-Pamplona-celebra-31-aniversario-IGSS-Guateamala-4-534x354.jpg 534w\" sizes=\"(max-width: 633px) 100vw, 633px\" alt=\"\">\r\n                            <\/a>\r\n                            \r\n                        <\/figure>\r\n                    <\/div>\r\n                            <\/div>\r\n                        <\/div>\r\n\r\n                        <div class = \"td-doubleSlider-2\">\r\n                            <div class = \"td-slider\">\r\n                                \r\n                    <div class = \"td-button td-item1\">\r\n                        <div class = \"td-border\"><\/div>\r\n                    <\/div>\r\n                    <div class = \"td-button td-item2\">\r\n                        <div class = \"td-border\"><\/div>\r\n                    <\/div>\r\n                    <div class = \"td-button td-item3\">\r\n                        <div class = \"td-border\"><\/div>\r\n                    <\/div>\r\n                    <div class = \"td-button td-item4\">\r\n                        <div class = \"td-border\"><\/div>\r\n                    <\/div>\r\n                            <\/div>\r\n                        <\/div>\r\n\r\n                    <\/div>\r\n\r\n                <\/div>\r\n                ","protected":false},"excerpt":{"rendered":"<p>Afiliados que asistieron a su consulta programada en el Centro de Atenci\u00f3n M\u00e9dica Integral para Pensionados (CAMIP) Pamplona, zona 12, disfrutaron de una alborada, con la participaci\u00f3n de mariachis, con motivo del 31 aniversario de esta unidad del IGSS.\u00a0 Para esta ocasi\u00f3n, con la finalidad de no interrumpir la atenci\u00f3n m\u00e9dica a los asistentes, los [&hellip;]<\/p>\n","protected":false},"author":9,"featured_media":12172,"comment_status":"open","ping_status":"open","sticky":false,"template":"","format":"standard","meta":{"footnotes":""},"categories":[3,4,20,25,29,36],"tags":[149,371,490],"coauthors":[888],"class_list":{"0":"post-12142","1":"post","2":"type-post","3":"status-publish","4":"format-standard","5":"has-post-thumbnail","7":"category-actualidad","8":"category-afiliados","9":"category-jubilados","10":"category-pensionados","11":"category-publicaciones","12":"category-unidades-medicas","13":"tag-camip-pamplona","14":"tag-dra-maria-gonzalez","15":"tag-igss"},"_links":{"self":[{"href":"https:\/\/www.igssgt.org\/noticias\/wp-json\/wp\/v2\/posts\/12142","targetHints":{"allow":["GET"]}}],"collection":[{"href":"https:\/\/www.igssgt.org\/noticias\/wp-json\/wp\/v2\/posts"}],"about":[{"href":"https:\/\/www.igssgt.org\/noticias\/wp-json\/wp\/v2\/types\/post"}],"author":[{"embeddable":true,"href":"https:\/\/www.igssgt.org\/noticias\/wp-json\/wp\/v2\/users\/9"}],"replies":[{"embeddable":true,"href":"https:\/\/www.igssgt.org\/noticias\/wp-json\/wp\/v2\/comments?post=12142"}],"version-history":[{"count":1,"href":"https:\/\/www.igssgt.org\/noticias\/wp-json\/wp\/v2\/posts\/12142\/revisions"}],"predecessor-version":[{"id":12174,"href":"https:\/\/www.igssgt.org\/noticias\/wp-json\/wp\/v2\/posts\/12142\/revisions\/12174"}],"wp:featuredmedia":[{"embeddable":true,"href":"https:\/\/www.igssgt.org\/noticias\/wp-json\/wp\/v2\/media\/12172"}],"wp:attachment":[{"href":"https:\/\/www.igssgt.org\/noticias\/wp-json\/wp\/v2\/media?parent=12142"}],"wp:term":[{"taxonomy":"category","embeddable":true,"href":"https:\/\/www.igssgt.org\/noticias\/wp-json\/wp\/v2\/categories?post=12142"},{"taxonomy":"post_tag","embeddable":true,"href":"https:\/\/www.igssgt.org\/noticias\/wp-json\/wp\/v2\/tags?post=12142"},{"taxonomy":"author","embeddable":true,"href":"https:\/\/www.igssgt.org\/noticias\/wp-json\/wp\/v2\/coauthors?post=12142"}],"curies":[{"name":"wp","href":"https:\/\/api.w.org\/{rel}","templated":true}]}}