{"id":12237,"date":"2017-10-13T10:07:40","date_gmt":"2017-10-13T16:07:40","guid":{"rendered":"https:\/\/www.igssgt.org\/noticias\/?p=12237"},"modified":"2019-10-08T10:10:29","modified_gmt":"2019-10-08T16:10:29","slug":"nuestro-diario-festejan-aniversario-del-seguro-social","status":"publish","type":"post","link":"https:\/\/www.igssgt.org\/noticias\/2017\/10\/13\/nuestro-diario-festejan-aniversario-del-seguro-social\/","title":{"rendered":"Nuestro Diario: Festejan aniversario del Seguro Social"},"content":{"rendered":"\n<p><strong>Cumple 71 a\u00f1os de servicio<\/strong><\/p>\n\n\n\n<figure class=\"wp-block-image\"><img loading=\"lazy\" decoding=\"async\" width=\"1024\" height=\"621\" src=\"\/wp-content\/uploads\/sites\/5\/2019\/10\/FESTEJAN-ANIVERSARIO-DEL-SEGURO-SOCIAL-1024x621.jpg\" alt=\"\" class=\"wp-image-12238\" srcset=\"\/wp-content\/uploads\/sites\/5\/2019\/10\/FESTEJAN-ANIVERSARIO-DEL-SEGURO-SOCIAL-1024x621.jpg 1024w, \/wp-content\/uploads\/sites\/5\/2019\/10\/FESTEJAN-ANIVERSARIO-DEL-SEGURO-SOCIAL-300x182.jpg 300w, \/wp-content\/uploads\/sites\/5\/2019\/10\/FESTEJAN-ANIVERSARIO-DEL-SEGURO-SOCIAL-768x466.jpg 768w, \/wp-content\/uploads\/sites\/5\/2019\/10\/FESTEJAN-ANIVERSARIO-DEL-SEGURO-SOCIAL-692x420.jpg 692w, \/wp-content\/uploads\/sites\/5\/2019\/10\/FESTEJAN-ANIVERSARIO-DEL-SEGURO-SOCIAL-696x422.jpg 696w, \/wp-content\/uploads\/sites\/5\/2019\/10\/FESTEJAN-ANIVERSARIO-DEL-SEGURO-SOCIAL-1068x648.jpg 1068w, \/wp-content\/uploads\/sites\/5\/2019\/10\/FESTEJAN-ANIVERSARIO-DEL-SEGURO-SOCIAL-534x324.jpg 534w, \/wp-content\/uploads\/sites\/5\/2019\/10\/FESTEJAN-ANIVERSARIO-DEL-SEGURO-SOCIAL.jpg 1139w\" sizes=\"auto, (max-width: 1024px) 100vw, 1024px\" \/><\/figure>\n\n\n\n<p><strong>Manuel Peralta, Colaborador<\/strong><\/p>\n\n\n\n<p><strong>Santa Luc\u00eda Cotzumalguapa.<\/strong>&nbsp;Con una misa de acci\u00f3n de gracias, autoridades del Instituto Guatemalteco de Seguridad Social festejaron el 71 aniversario de fundaci\u00f3n de esta instituci\u00f3n.<\/p>\n\n\n\n<p>Durante la celebraci\u00f3n de la eucarist\u00eda, el l\u00edder religioso de la parroquia Santa Lucia, el sacerdote Pedro Chachal, habl\u00f3 en su mensaje sobre la importancia para los fieles de mantener un acercamiento y comunicaci\u00f3n constante con Dios.<\/p>\n\n\n\n<p>Asimismo, inst\u00f3 a los salubristas a realizar sus labores con paciencia y amor, ya que en ellos est\u00e1 promulgar el amor por los m\u00e1s necesitados.<\/p>\n\n\n\n<p>Por su parte, Carolina Carranza, organizadora de la celebraci\u00f3n, detall\u00f3 que es una bendici\u00f3n arribar a un a\u00f1o m\u00e1s de servicio, por lo que este a\u00f1o, aparte de las actividades religiosas, se tiene previsto realizar una cuadrangular de futbol y la elecci\u00f3n de la Madrina del Seguro Social.<\/p>\n\n\n\n<p>Fuente:&nbsp;<strong>Nuestro Diario<\/strong><\/p>\n","protected":false},"excerpt":{"rendered":"<p>Cumple 71 a\u00f1os de servicio Manuel Peralta, Colaborador Santa Luc\u00eda Cotzumalguapa.&nbsp;Con una misa de acci\u00f3n de gracias, autoridades del Instituto Guatemalteco de Seguridad Social festejaron el 71 aniversario de fundaci\u00f3n de esta instituci\u00f3n. Durante la celebraci\u00f3n de la eucarist\u00eda, el l\u00edder religioso de la parroquia Santa Lucia, el sacerdote Pedro Chachal, habl\u00f3 en su mensaje [&hellip;]<\/p>\n","protected":false},"author":9,"featured_media":12239,"comment_status":"open","ping_status":"open","sticky":false,"template":"","format":"standard","meta":{"footnotes":""},"categories":[3,41,29],"tags":[74,622,665,773],"coauthors":[888],"class_list":{"0":"post-12237","1":"post","2":"type-post","3":"status-publish","4":"format-standard","5":"has-post-thumbnail","7":"category-actualidad","8":"category-igss-en-los-medios","9":"category-publicaciones","10":"tag-71-aniversario-igss","11":"tag-manuel-peralta","12":"tag-nuestro-diario","13":"tag-santa-lucia-cotzumalguapa"},"_links":{"self":[{"href":"https:\/\/www.igssgt.org\/noticias\/wp-json\/wp\/v2\/posts\/12237","targetHints":{"allow":["GET"]}}],"collection":[{"href":"https:\/\/www.igssgt.org\/noticias\/wp-json\/wp\/v2\/posts"}],"about":[{"href":"https:\/\/www.igssgt.org\/noticias\/wp-json\/wp\/v2\/types\/post"}],"author":[{"embeddable":true,"href":"https:\/\/www.igssgt.org\/noticias\/wp-json\/wp\/v2\/users\/9"}],"replies":[{"embeddable":true,"href":"https:\/\/www.igssgt.org\/noticias\/wp-json\/wp\/v2\/comments?post=12237"}],"version-history":[{"count":1,"href":"https:\/\/www.igssgt.org\/noticias\/wp-json\/wp\/v2\/posts\/12237\/revisions"}],"predecessor-version":[{"id":12240,"href":"https:\/\/www.igssgt.org\/noticias\/wp-json\/wp\/v2\/posts\/12237\/revisions\/12240"}],"wp:featuredmedia":[{"embeddable":true,"href":"https:\/\/www.igssgt.org\/noticias\/wp-json\/wp\/v2\/media\/12239"}],"wp:attachment":[{"href":"https:\/\/www.igssgt.org\/noticias\/wp-json\/wp\/v2\/media?parent=12237"}],"wp:term":[{"taxonomy":"category","embeddable":true,"href":"https:\/\/www.igssgt.org\/noticias\/wp-json\/wp\/v2\/categories?post=12237"},{"taxonomy":"post_tag","embeddable":true,"href":"https:\/\/www.igssgt.org\/noticias\/wp-json\/wp\/v2\/tags?post=12237"},{"taxonomy":"author","embeddable":true,"href":"https:\/\/www.igssgt.org\/noticias\/wp-json\/wp\/v2\/coauthors?post=12237"}],"curies":[{"name":"wp","href":"https:\/\/api.w.org\/{rel}","templated":true}]}}