{"id":12301,"date":"2017-10-03T11:13:01","date_gmt":"2017-10-03T17:13:01","guid":{"rendered":"https:\/\/www.igssgt.org\/noticias\/?p=12301"},"modified":"2019-10-08T11:23:31","modified_gmt":"2019-10-08T17:23:31","slug":"en-hospital-general-de-accidentes-ceibal-celebran-dia-del-nino-con-el-tema-prevencion-del-maltrato-infantil","status":"publish","type":"post","link":"https:\/\/www.igssgt.org\/noticias\/2017\/10\/03\/en-hospital-general-de-accidentes-ceibal-celebran-dia-del-nino-con-el-tema-prevencion-del-maltrato-infantil\/","title":{"rendered":"En Hospital General de Accidentes Ceibal celebran D\u00eda del Ni\u00f1o con el tema Prevenci\u00f3n del Maltrato Infantil"},"content":{"rendered":"\n<div class=\"wp-block-image\"><figure class=\"aligncenter\"><img loading=\"lazy\" decoding=\"async\" width=\"1024\" height=\"683\" src=\"\/wp-content\/uploads\/sites\/5\/2019\/10\/Dia-del-Nino-hospital-de-accidentes-ceibal-2017-maltrato-infantil-7-1024x683.jpg\" alt=\"\" class=\"wp-image-12303\" srcset=\"\/wp-content\/uploads\/sites\/5\/2019\/10\/Dia-del-Nino-hospital-de-accidentes-ceibal-2017-maltrato-infantil-7-1024x683.jpg 1024w, \/wp-content\/uploads\/sites\/5\/2019\/10\/Dia-del-Nino-hospital-de-accidentes-ceibal-2017-maltrato-infantil-7-300x200.jpg 300w, \/wp-content\/uploads\/sites\/5\/2019\/10\/Dia-del-Nino-hospital-de-accidentes-ceibal-2017-maltrato-infantil-7-768x512.jpg 768w, \/wp-content\/uploads\/sites\/5\/2019\/10\/Dia-del-Nino-hospital-de-accidentes-ceibal-2017-maltrato-infantil-7-630x420.jpg 630w, \/wp-content\/uploads\/sites\/5\/2019\/10\/Dia-del-Nino-hospital-de-accidentes-ceibal-2017-maltrato-infantil-7-696x464.jpg 696w, \/wp-content\/uploads\/sites\/5\/2019\/10\/Dia-del-Nino-hospital-de-accidentes-ceibal-2017-maltrato-infantil-7-1068x712.jpg 1068w, \/wp-content\/uploads\/sites\/5\/2019\/10\/Dia-del-Nino-hospital-de-accidentes-ceibal-2017-maltrato-infantil-7-534x356.jpg 534w, \/wp-content\/uploads\/sites\/5\/2019\/10\/Dia-del-Nino-hospital-de-accidentes-ceibal-2017-maltrato-infantil-7.jpg 1440w\" sizes=\"auto, (max-width: 1024px) 100vw, 1024px\" \/><\/figure><\/div>\n\n\n\n<p>Esta ma\u00f1ana la Cl\u00ednica Ortop\u00e9dica Pedi\u00e1trica del Hospital de Accidentes Ceibal (7-19), con el tema \u201cPrevenci\u00f3n del Maltrato Infantil\u201d, celebr\u00f3 el D\u00eda de los Ni\u00f1os con m\u00e1s de peque\u00f1os derechohabientes para darles momentos de alegr\u00eda.<\/p>\n\n\n\n<p>La actividad dio inicio con la presentaci\u00f3n de la payasita Lluvia, quien con su colorido traje capt\u00f3 la atenci\u00f3n de los peque\u00f1os a quienes los entretuvo con actos de magia. Luego, los ni\u00f1os quebraron pi\u00f1atas, recibieron sorpresas y disfrutaron de pastel y refacci\u00f3n preparados por personal de la unidad.<\/p>\n\n\n\n<p>La doctora Karen Utrilla, coordinadora del Comit\u00e9 de Prevenci\u00f3n y Tratamiento del Maltrato Infantil, explic\u00f3 que uno de cada cinco ni\u00f1os sufre maltrato en su casa, es por ello que la actividad para festejar a los peque\u00f1os se centr\u00f3 en ese tema.<\/p>\n\n\n\n<p>\u201cQueremos que los padres de familia tengan claro que el maltrato a ni\u00f1os es un delito, por lo que hoy se les habl\u00f3 de ese tema, para prevenirlo\u201d, indic\u00f3 Utrilla.<\/p>\n\n\n\r\n                <style type=\"text\/css\">\r\n                    \r\n                    #tdi_1  .td-doubleSlider-2 .td-item1 {\r\n                        background: url(\/wp-content\/uploads\/sites\/5\/2019\/10\/Dia-del-Nino-hospital-de-accidentes-ceibal-2017-maltrato-infantil-13-80x60.jpg) 0 0 no-repeat;\r\n                    }\r\n                    #tdi_1  .td-doubleSlider-2 .td-item2 {\r\n                        background: url(\/wp-content\/uploads\/sites\/5\/2019\/10\/Dia-del-Nino-hospital-de-accidentes-ceibal-2017-maltrato-infantil-6-80x60.jpg) 0 0 no-repeat;\r\n                    }\r\n                    #tdi_1  .td-doubleSlider-2 .td-item3 {\r\n                        background: url(\/wp-content\/uploads\/sites\/5\/2019\/10\/Dia-del-Nino-hospital-de-accidentes-ceibal-2017-maltrato-infantil-1-80x60.jpg) 0 0 no-repeat;\r\n                    }\r\n                    #tdi_1  .td-doubleSlider-2 .td-item4 {\r\n                        background: url(\/wp-content\/uploads\/sites\/5\/2019\/10\/Dia-del-Nino-hospital-de-accidentes-ceibal-2017-maltrato-infantil-10-80x60.jpg) 0 0 no-repeat;\r\n                    }\r\n                    #tdi_1  .td-doubleSlider-2 .td-item5 {\r\n                        background: url(\/wp-content\/uploads\/sites\/5\/2019\/10\/Dia-del-Nino-hospital-de-accidentes-ceibal-2017-maltrato-infantil-2-80x60.jpg) 0 0 no-repeat;\r\n                    }\r\n                    #tdi_1  .td-doubleSlider-2 .td-item6 {\r\n                        background: url(\/wp-content\/uploads\/sites\/5\/2019\/10\/Dia-del-Nino-hospital-de-accidentes-ceibal-2017-maltrato-infantil-3-80x60.jpg) 0 0 no-repeat;\r\n                    }\r\n                    #tdi_1  .td-doubleSlider-2 .td-item7 {\r\n                        background: url(\/wp-content\/uploads\/sites\/5\/2019\/10\/Dia-del-Nino-hospital-de-accidentes-ceibal-2017-maltrato-infantil-4-80x60.jpg) 0 0 no-repeat;\r\n                    }\r\n                    #tdi_1  .td-doubleSlider-2 .td-item8 {\r\n                        background: url(\/wp-content\/uploads\/sites\/5\/2019\/10\/Dia-del-Nino-hospital-de-accidentes-ceibal-2017-maltrato-infantil-5-80x60.jpg) 0 0 no-repeat;\r\n                    }\r\n                    #tdi_1  .td-doubleSlider-2 .td-item9 {\r\n                        background: url(\/wp-content\/uploads\/sites\/5\/2019\/10\/Dia-del-Nino-hospital-de-accidentes-ceibal-2017-maltrato-infantil-8-80x60.jpg) 0 0 no-repeat;\r\n                    }\r\n                    #tdi_1  .td-doubleSlider-2 .td-item10 {\r\n                        background: url(\/wp-content\/uploads\/sites\/5\/2019\/10\/Dia-del-Nino-hospital-de-accidentes-ceibal-2017-maltrato-infantil-11-80x60.jpg) 0 0 no-repeat;\r\n                    }\r\n                    #tdi_1  .td-doubleSlider-2 .td-item11 {\r\n                        background: url(\/wp-content\/uploads\/sites\/5\/2019\/10\/Dia-del-Nino-hospital-de-accidentes-ceibal-2017-maltrato-infantil-12-80x60.jpg) 0 0 no-repeat;\r\n                    }\r\n                    #tdi_1  .td-doubleSlider-2 .td-item12 {\r\n                        background: url(\/wp-content\/uploads\/sites\/5\/2019\/10\/Dia-del-Nino-hospital-de-accidentes-ceibal-2017-maltrato-infantil-14-80x60.jpg) 0 0 no-repeat;\r\n                    }\r\n                <\/style>\r\n\r\n                <div id=\"tdi_1\" class=\"td-gallery td-slide-on-2-columns\">\r\n                    <div class=\"post_td_gallery\">\r\n                        <div class=\"td-gallery-slide-top\">\r\n                           <div class=\"td-gallery-title\"><\/div>\r\n\r\n                            <div class=\"td-gallery-controls-wrapper\">\r\n                                <div class=\"td-gallery-slide-count\"><span class=\"td-gallery-slide-item-focus\">1<\/span> de 12<\/div>\r\n                                <div class=\"td-gallery-slide-prev-next-but\">\r\n                                    <i class = \"td-icon-left doubleSliderPrevButton\"><\/i>\r\n                                    <i class = \"td-icon-right doubleSliderNextButton\"><\/i>\r\n                                <\/div>\r\n                            <\/div>\r\n                        <\/div>\r\n\r\n                        <div class = \"td-doubleSlider-1 \">\r\n                            <div class = \"td-slider\">\r\n                                \r\n                    <div class = \"td-slide-item td-item1\">\r\n                        <figure class=\"td-slide-galery-figure td-slide-popup-gallery\">\r\n                            <a class=\"slide-gallery-image-link\" href=\"\/wp-content\/uploads\/sites\/5\/2019\/10\/Dia-del-Nino-hospital-de-accidentes-ceibal-2017-maltrato-infantil-13.jpg\" title=\"Dia-del-Nino-hospital-de-accidentes-ceibal-2017-maltrato-infantil-13\"  data-caption=\"\"  data-description=\"\">\r\n                                <img decoding=\"async\" src=\"\/wp-content\/uploads\/sites\/5\/2019\/10\/Dia-del-Nino-hospital-de-accidentes-ceibal-2017-maltrato-infantil-13-630x420.jpg\" srcset=\"\/wp-content\/uploads\/sites\/5\/2019\/10\/Dia-del-Nino-hospital-de-accidentes-ceibal-2017-maltrato-infantil-13-630x420.jpg 630w, \/wp-content\/uploads\/sites\/5\/2019\/10\/Dia-del-Nino-hospital-de-accidentes-ceibal-2017-maltrato-infantil-13-300x200.jpg 300w, \/wp-content\/uploads\/sites\/5\/2019\/10\/Dia-del-Nino-hospital-de-accidentes-ceibal-2017-maltrato-infantil-13-768x512.jpg 768w, \/wp-content\/uploads\/sites\/5\/2019\/10\/Dia-del-Nino-hospital-de-accidentes-ceibal-2017-maltrato-infantil-13-1024x683.jpg 1024w, \/wp-content\/uploads\/sites\/5\/2019\/10\/Dia-del-Nino-hospital-de-accidentes-ceibal-2017-maltrato-infantil-13-696x464.jpg 696w, \/wp-content\/uploads\/sites\/5\/2019\/10\/Dia-del-Nino-hospital-de-accidentes-ceibal-2017-maltrato-infantil-13-1068x712.jpg 1068w, \/wp-content\/uploads\/sites\/5\/2019\/10\/Dia-del-Nino-hospital-de-accidentes-ceibal-2017-maltrato-infantil-13-534x356.jpg 534w, \/wp-content\/uploads\/sites\/5\/2019\/10\/Dia-del-Nino-hospital-de-accidentes-ceibal-2017-maltrato-infantil-13.jpg 1440w\" sizes=\"(max-width: 630px) 100vw, 630px\" alt=\"\">\r\n                            <\/a>\r\n                            \r\n                        <\/figure>\r\n                    <\/div>\r\n                    <div class = \"td-slide-item td-item2\">\r\n                        <figure class=\"td-slide-galery-figure td-slide-popup-gallery\">\r\n                            <a class=\"slide-gallery-image-link\" href=\"\/wp-content\/uploads\/sites\/5\/2019\/10\/Dia-del-Nino-hospital-de-accidentes-ceibal-2017-maltrato-infantil-6.jpg\" title=\"Dia-del-Nino-hospital-de-accidentes-ceibal-2017-maltrato-infantil-6\"  data-caption=\"\"  data-description=\"\">\r\n                                <img decoding=\"async\" src=\"\/wp-content\/uploads\/sites\/5\/2019\/10\/Dia-del-Nino-hospital-de-accidentes-ceibal-2017-maltrato-infantil-6-630x420.jpg\" srcset=\"\/wp-content\/uploads\/sites\/5\/2019\/10\/Dia-del-Nino-hospital-de-accidentes-ceibal-2017-maltrato-infantil-6-630x420.jpg 630w, \/wp-content\/uploads\/sites\/5\/2019\/10\/Dia-del-Nino-hospital-de-accidentes-ceibal-2017-maltrato-infantil-6-300x200.jpg 300w, \/wp-content\/uploads\/sites\/5\/2019\/10\/Dia-del-Nino-hospital-de-accidentes-ceibal-2017-maltrato-infantil-6-768x512.jpg 768w, \/wp-content\/uploads\/sites\/5\/2019\/10\/Dia-del-Nino-hospital-de-accidentes-ceibal-2017-maltrato-infantil-6-1024x683.jpg 1024w, \/wp-content\/uploads\/sites\/5\/2019\/10\/Dia-del-Nino-hospital-de-accidentes-ceibal-2017-maltrato-infantil-6-696x464.jpg 696w, \/wp-content\/uploads\/sites\/5\/2019\/10\/Dia-del-Nino-hospital-de-accidentes-ceibal-2017-maltrato-infantil-6-1068x712.jpg 1068w, \/wp-content\/uploads\/sites\/5\/2019\/10\/Dia-del-Nino-hospital-de-accidentes-ceibal-2017-maltrato-infantil-6-534x356.jpg 534w, \/wp-content\/uploads\/sites\/5\/2019\/10\/Dia-del-Nino-hospital-de-accidentes-ceibal-2017-maltrato-infantil-6.jpg 1440w\" sizes=\"(max-width: 630px) 100vw, 630px\" alt=\"\">\r\n                            <\/a>\r\n                            \r\n                        <\/figure>\r\n                    <\/div>\r\n                    <div class = \"td-slide-item td-item3\">\r\n                        <figure class=\"td-slide-galery-figure td-slide-popup-gallery\">\r\n                            <a class=\"slide-gallery-image-link\" href=\"\/wp-content\/uploads\/sites\/5\/2019\/10\/Dia-del-Nino-hospital-de-accidentes-ceibal-2017-maltrato-infantil-1.jpg\" title=\"Dia-del-Nino-hospital-de-accidentes-ceibal-2017-maltrato-infantil-1\"  data-caption=\"\"  data-description=\"\">\r\n                                <img decoding=\"async\" src=\"\/wp-content\/uploads\/sites\/5\/2019\/10\/Dia-del-Nino-hospital-de-accidentes-ceibal-2017-maltrato-infantil-1-630x420.jpg\" srcset=\"\/wp-content\/uploads\/sites\/5\/2019\/10\/Dia-del-Nino-hospital-de-accidentes-ceibal-2017-maltrato-infantil-1-630x420.jpg 630w, \/wp-content\/uploads\/sites\/5\/2019\/10\/Dia-del-Nino-hospital-de-accidentes-ceibal-2017-maltrato-infantil-1-300x200.jpg 300w, \/wp-content\/uploads\/sites\/5\/2019\/10\/Dia-del-Nino-hospital-de-accidentes-ceibal-2017-maltrato-infantil-1-768x512.jpg 768w, \/wp-content\/uploads\/sites\/5\/2019\/10\/Dia-del-Nino-hospital-de-accidentes-ceibal-2017-maltrato-infantil-1-1024x683.jpg 1024w, \/wp-content\/uploads\/sites\/5\/2019\/10\/Dia-del-Nino-hospital-de-accidentes-ceibal-2017-maltrato-infantil-1-696x464.jpg 696w, \/wp-content\/uploads\/sites\/5\/2019\/10\/Dia-del-Nino-hospital-de-accidentes-ceibal-2017-maltrato-infantil-1-1068x712.jpg 1068w, \/wp-content\/uploads\/sites\/5\/2019\/10\/Dia-del-Nino-hospital-de-accidentes-ceibal-2017-maltrato-infantil-1-534x356.jpg 534w, \/wp-content\/uploads\/sites\/5\/2019\/10\/Dia-del-Nino-hospital-de-accidentes-ceibal-2017-maltrato-infantil-1.jpg 1440w\" sizes=\"(max-width: 630px) 100vw, 630px\" alt=\"\">\r\n                            <\/a>\r\n                            \r\n                        <\/figure>\r\n                    <\/div>\r\n                    <div class = \"td-slide-item td-item4\">\r\n                        <figure class=\"td-slide-galery-figure td-slide-popup-gallery\">\r\n                            <a class=\"slide-gallery-image-link\" href=\"\/wp-content\/uploads\/sites\/5\/2019\/10\/Dia-del-Nino-hospital-de-accidentes-ceibal-2017-maltrato-infantil-10.jpg\" title=\"Dia-del-Nino-hospital-de-accidentes-ceibal-2017-maltrato-infantil-10\"  data-caption=\"\"  data-description=\"\">\r\n                                <img decoding=\"async\" src=\"\/wp-content\/uploads\/sites\/5\/2019\/10\/Dia-del-Nino-hospital-de-accidentes-ceibal-2017-maltrato-infantil-10-630x420.jpg\" srcset=\"\/wp-content\/uploads\/sites\/5\/2019\/10\/Dia-del-Nino-hospital-de-accidentes-ceibal-2017-maltrato-infantil-10-630x420.jpg 630w, \/wp-content\/uploads\/sites\/5\/2019\/10\/Dia-del-Nino-hospital-de-accidentes-ceibal-2017-maltrato-infantil-10-300x200.jpg 300w, \/wp-content\/uploads\/sites\/5\/2019\/10\/Dia-del-Nino-hospital-de-accidentes-ceibal-2017-maltrato-infantil-10-768x512.jpg 768w, \/wp-content\/uploads\/sites\/5\/2019\/10\/Dia-del-Nino-hospital-de-accidentes-ceibal-2017-maltrato-infantil-10-1024x683.jpg 1024w, \/wp-content\/uploads\/sites\/5\/2019\/10\/Dia-del-Nino-hospital-de-accidentes-ceibal-2017-maltrato-infantil-10-696x464.jpg 696w, \/wp-content\/uploads\/sites\/5\/2019\/10\/Dia-del-Nino-hospital-de-accidentes-ceibal-2017-maltrato-infantil-10-1068x712.jpg 1068w, \/wp-content\/uploads\/sites\/5\/2019\/10\/Dia-del-Nino-hospital-de-accidentes-ceibal-2017-maltrato-infantil-10-534x356.jpg 534w, \/wp-content\/uploads\/sites\/5\/2019\/10\/Dia-del-Nino-hospital-de-accidentes-ceibal-2017-maltrato-infantil-10.jpg 1440w\" sizes=\"(max-width: 630px) 100vw, 630px\" alt=\"\">\r\n                            <\/a>\r\n                            \r\n                        <\/figure>\r\n                    <\/div>\r\n                    <div class = \"td-slide-item td-item5\">\r\n                        <figure class=\"td-slide-galery-figure td-slide-popup-gallery\">\r\n                            <a class=\"slide-gallery-image-link\" href=\"\/wp-content\/uploads\/sites\/5\/2019\/10\/Dia-del-Nino-hospital-de-accidentes-ceibal-2017-maltrato-infantil-2.jpg\" title=\"Dia-del-Nino-hospital-de-accidentes-ceibal-2017-maltrato-infantil-2\"  data-caption=\"\"  data-description=\"\">\r\n                                <img decoding=\"async\" src=\"\/wp-content\/uploads\/sites\/5\/2019\/10\/Dia-del-Nino-hospital-de-accidentes-ceibal-2017-maltrato-infantil-2-630x420.jpg\" srcset=\"\/wp-content\/uploads\/sites\/5\/2019\/10\/Dia-del-Nino-hospital-de-accidentes-ceibal-2017-maltrato-infantil-2-630x420.jpg 630w, \/wp-content\/uploads\/sites\/5\/2019\/10\/Dia-del-Nino-hospital-de-accidentes-ceibal-2017-maltrato-infantil-2-300x200.jpg 300w, \/wp-content\/uploads\/sites\/5\/2019\/10\/Dia-del-Nino-hospital-de-accidentes-ceibal-2017-maltrato-infantil-2-768x512.jpg 768w, \/wp-content\/uploads\/sites\/5\/2019\/10\/Dia-del-Nino-hospital-de-accidentes-ceibal-2017-maltrato-infantil-2-1024x683.jpg 1024w, \/wp-content\/uploads\/sites\/5\/2019\/10\/Dia-del-Nino-hospital-de-accidentes-ceibal-2017-maltrato-infantil-2-696x464.jpg 696w, \/wp-content\/uploads\/sites\/5\/2019\/10\/Dia-del-Nino-hospital-de-accidentes-ceibal-2017-maltrato-infantil-2-1068x712.jpg 1068w, \/wp-content\/uploads\/sites\/5\/2019\/10\/Dia-del-Nino-hospital-de-accidentes-ceibal-2017-maltrato-infantil-2-534x356.jpg 534w, \/wp-content\/uploads\/sites\/5\/2019\/10\/Dia-del-Nino-hospital-de-accidentes-ceibal-2017-maltrato-infantil-2.jpg 1440w\" sizes=\"(max-width: 630px) 100vw, 630px\" alt=\"\">\r\n                            <\/a>\r\n                            \r\n                        <\/figure>\r\n                    <\/div>\r\n                    <div class = \"td-slide-item td-item6\">\r\n                        <figure class=\"td-slide-galery-figure td-slide-popup-gallery\">\r\n                            <a class=\"slide-gallery-image-link\" href=\"\/wp-content\/uploads\/sites\/5\/2019\/10\/Dia-del-Nino-hospital-de-accidentes-ceibal-2017-maltrato-infantil-3.jpg\" title=\"Dia-del-Nino-hospital-de-accidentes-ceibal-2017-maltrato-infantil-3\"  data-caption=\"\"  data-description=\"\">\r\n                                <img decoding=\"async\" src=\"\/wp-content\/uploads\/sites\/5\/2019\/10\/Dia-del-Nino-hospital-de-accidentes-ceibal-2017-maltrato-infantil-3-630x420.jpg\" srcset=\"\/wp-content\/uploads\/sites\/5\/2019\/10\/Dia-del-Nino-hospital-de-accidentes-ceibal-2017-maltrato-infantil-3-630x420.jpg 630w, \/wp-content\/uploads\/sites\/5\/2019\/10\/Dia-del-Nino-hospital-de-accidentes-ceibal-2017-maltrato-infantil-3-300x200.jpg 300w, \/wp-content\/uploads\/sites\/5\/2019\/10\/Dia-del-Nino-hospital-de-accidentes-ceibal-2017-maltrato-infantil-3-768x512.jpg 768w, \/wp-content\/uploads\/sites\/5\/2019\/10\/Dia-del-Nino-hospital-de-accidentes-ceibal-2017-maltrato-infantil-3-1024x683.jpg 1024w, \/wp-content\/uploads\/sites\/5\/2019\/10\/Dia-del-Nino-hospital-de-accidentes-ceibal-2017-maltrato-infantil-3-696x464.jpg 696w, \/wp-content\/uploads\/sites\/5\/2019\/10\/Dia-del-Nino-hospital-de-accidentes-ceibal-2017-maltrato-infantil-3-1068x712.jpg 1068w, \/wp-content\/uploads\/sites\/5\/2019\/10\/Dia-del-Nino-hospital-de-accidentes-ceibal-2017-maltrato-infantil-3-534x356.jpg 534w, \/wp-content\/uploads\/sites\/5\/2019\/10\/Dia-del-Nino-hospital-de-accidentes-ceibal-2017-maltrato-infantil-3.jpg 1440w\" sizes=\"(max-width: 630px) 100vw, 630px\" alt=\"\">\r\n                            <\/a>\r\n                            \r\n                        <\/figure>\r\n                    <\/div>\r\n                    <div class = \"td-slide-item td-item7\">\r\n                        <figure class=\"td-slide-galery-figure td-slide-popup-gallery\">\r\n                            <a class=\"slide-gallery-image-link\" href=\"\/wp-content\/uploads\/sites\/5\/2019\/10\/Dia-del-Nino-hospital-de-accidentes-ceibal-2017-maltrato-infantil-4.jpg\" title=\"Dia-del-Nino-hospital-de-accidentes-ceibal-2017-maltrato-infantil-4\"  data-caption=\"\"  data-description=\"\">\r\n                                <img decoding=\"async\" src=\"\/wp-content\/uploads\/sites\/5\/2019\/10\/Dia-del-Nino-hospital-de-accidentes-ceibal-2017-maltrato-infantil-4-630x420.jpg\" srcset=\"\/wp-content\/uploads\/sites\/5\/2019\/10\/Dia-del-Nino-hospital-de-accidentes-ceibal-2017-maltrato-infantil-4-630x420.jpg 630w, \/wp-content\/uploads\/sites\/5\/2019\/10\/Dia-del-Nino-hospital-de-accidentes-ceibal-2017-maltrato-infantil-4-300x200.jpg 300w, \/wp-content\/uploads\/sites\/5\/2019\/10\/Dia-del-Nino-hospital-de-accidentes-ceibal-2017-maltrato-infantil-4-768x512.jpg 768w, \/wp-content\/uploads\/sites\/5\/2019\/10\/Dia-del-Nino-hospital-de-accidentes-ceibal-2017-maltrato-infantil-4-1024x683.jpg 1024w, \/wp-content\/uploads\/sites\/5\/2019\/10\/Dia-del-Nino-hospital-de-accidentes-ceibal-2017-maltrato-infantil-4-696x464.jpg 696w, \/wp-content\/uploads\/sites\/5\/2019\/10\/Dia-del-Nino-hospital-de-accidentes-ceibal-2017-maltrato-infantil-4-1068x712.jpg 1068w, \/wp-content\/uploads\/sites\/5\/2019\/10\/Dia-del-Nino-hospital-de-accidentes-ceibal-2017-maltrato-infantil-4-534x356.jpg 534w, \/wp-content\/uploads\/sites\/5\/2019\/10\/Dia-del-Nino-hospital-de-accidentes-ceibal-2017-maltrato-infantil-4.jpg 1440w\" sizes=\"(max-width: 630px) 100vw, 630px\" alt=\"\">\r\n                            <\/a>\r\n                            \r\n                        <\/figure>\r\n                    <\/div>\r\n                    <div class = \"td-slide-item td-item8\">\r\n                        <figure class=\"td-slide-galery-figure td-slide-popup-gallery\">\r\n                            <a class=\"slide-gallery-image-link\" href=\"\/wp-content\/uploads\/sites\/5\/2019\/10\/Dia-del-Nino-hospital-de-accidentes-ceibal-2017-maltrato-infantil-5.jpg\" title=\"Dia-del-Nino-hospital-de-accidentes-ceibal-2017-maltrato-infantil-5\"  data-caption=\"\"  data-description=\"\">\r\n                                <img decoding=\"async\" src=\"\/wp-content\/uploads\/sites\/5\/2019\/10\/Dia-del-Nino-hospital-de-accidentes-ceibal-2017-maltrato-infantil-5-630x420.jpg\" srcset=\"\/wp-content\/uploads\/sites\/5\/2019\/10\/Dia-del-Nino-hospital-de-accidentes-ceibal-2017-maltrato-infantil-5-630x420.jpg 630w, \/wp-content\/uploads\/sites\/5\/2019\/10\/Dia-del-Nino-hospital-de-accidentes-ceibal-2017-maltrato-infantil-5-300x200.jpg 300w, \/wp-content\/uploads\/sites\/5\/2019\/10\/Dia-del-Nino-hospital-de-accidentes-ceibal-2017-maltrato-infantil-5-768x512.jpg 768w, \/wp-content\/uploads\/sites\/5\/2019\/10\/Dia-del-Nino-hospital-de-accidentes-ceibal-2017-maltrato-infantil-5-1024x683.jpg 1024w, \/wp-content\/uploads\/sites\/5\/2019\/10\/Dia-del-Nino-hospital-de-accidentes-ceibal-2017-maltrato-infantil-5-696x464.jpg 696w, \/wp-content\/uploads\/sites\/5\/2019\/10\/Dia-del-Nino-hospital-de-accidentes-ceibal-2017-maltrato-infantil-5-1068x712.jpg 1068w, \/wp-content\/uploads\/sites\/5\/2019\/10\/Dia-del-Nino-hospital-de-accidentes-ceibal-2017-maltrato-infantil-5-534x356.jpg 534w, \/wp-content\/uploads\/sites\/5\/2019\/10\/Dia-del-Nino-hospital-de-accidentes-ceibal-2017-maltrato-infantil-5.jpg 1440w\" sizes=\"(max-width: 630px) 100vw, 630px\" alt=\"\">\r\n                            <\/a>\r\n                            \r\n                        <\/figure>\r\n                    <\/div>\r\n                    <div class = \"td-slide-item td-item9\">\r\n                        <figure class=\"td-slide-galery-figure td-slide-popup-gallery\">\r\n                            <a class=\"slide-gallery-image-link\" href=\"\/wp-content\/uploads\/sites\/5\/2019\/10\/Dia-del-Nino-hospital-de-accidentes-ceibal-2017-maltrato-infantil-8.jpg\" title=\"Dia-del-Nino-hospital-de-accidentes-ceibal-2017-maltrato-infantil-8\"  data-caption=\"\"  data-description=\"\">\r\n                                <img decoding=\"async\" src=\"\/wp-content\/uploads\/sites\/5\/2019\/10\/Dia-del-Nino-hospital-de-accidentes-ceibal-2017-maltrato-infantil-8-630x420.jpg\" srcset=\"\/wp-content\/uploads\/sites\/5\/2019\/10\/Dia-del-Nino-hospital-de-accidentes-ceibal-2017-maltrato-infantil-8-630x420.jpg 630w, \/wp-content\/uploads\/sites\/5\/2019\/10\/Dia-del-Nino-hospital-de-accidentes-ceibal-2017-maltrato-infantil-8-300x200.jpg 300w, \/wp-content\/uploads\/sites\/5\/2019\/10\/Dia-del-Nino-hospital-de-accidentes-ceibal-2017-maltrato-infantil-8-768x512.jpg 768w, \/wp-content\/uploads\/sites\/5\/2019\/10\/Dia-del-Nino-hospital-de-accidentes-ceibal-2017-maltrato-infantil-8-1024x683.jpg 1024w, \/wp-content\/uploads\/sites\/5\/2019\/10\/Dia-del-Nino-hospital-de-accidentes-ceibal-2017-maltrato-infantil-8-696x464.jpg 696w, \/wp-content\/uploads\/sites\/5\/2019\/10\/Dia-del-Nino-hospital-de-accidentes-ceibal-2017-maltrato-infantil-8-1068x712.jpg 1068w, \/wp-content\/uploads\/sites\/5\/2019\/10\/Dia-del-Nino-hospital-de-accidentes-ceibal-2017-maltrato-infantil-8-534x356.jpg 534w, \/wp-content\/uploads\/sites\/5\/2019\/10\/Dia-del-Nino-hospital-de-accidentes-ceibal-2017-maltrato-infantil-8.jpg 1440w\" sizes=\"(max-width: 630px) 100vw, 630px\" alt=\"\">\r\n                            <\/a>\r\n                            \r\n                        <\/figure>\r\n                    <\/div>\r\n                    <div class = \"td-slide-item td-item10\">\r\n                        <figure class=\"td-slide-galery-figure td-slide-popup-gallery\">\r\n                            <a class=\"slide-gallery-image-link\" href=\"\/wp-content\/uploads\/sites\/5\/2019\/10\/Dia-del-Nino-hospital-de-accidentes-ceibal-2017-maltrato-infantil-11.jpg\" title=\"Dia-del-Nino-hospital-de-accidentes-ceibal-2017-maltrato-infantil-11\"  data-caption=\"\"  data-description=\"\">\r\n                                <img decoding=\"async\" src=\"\/wp-content\/uploads\/sites\/5\/2019\/10\/Dia-del-Nino-hospital-de-accidentes-ceibal-2017-maltrato-infantil-11-630x420.jpg\" srcset=\"\/wp-content\/uploads\/sites\/5\/2019\/10\/Dia-del-Nino-hospital-de-accidentes-ceibal-2017-maltrato-infantil-11-630x420.jpg 630w, \/wp-content\/uploads\/sites\/5\/2019\/10\/Dia-del-Nino-hospital-de-accidentes-ceibal-2017-maltrato-infantil-11-300x200.jpg 300w, \/wp-content\/uploads\/sites\/5\/2019\/10\/Dia-del-Nino-hospital-de-accidentes-ceibal-2017-maltrato-infantil-11-768x512.jpg 768w, \/wp-content\/uploads\/sites\/5\/2019\/10\/Dia-del-Nino-hospital-de-accidentes-ceibal-2017-maltrato-infantil-11-1024x683.jpg 1024w, \/wp-content\/uploads\/sites\/5\/2019\/10\/Dia-del-Nino-hospital-de-accidentes-ceibal-2017-maltrato-infantil-11-696x464.jpg 696w, \/wp-content\/uploads\/sites\/5\/2019\/10\/Dia-del-Nino-hospital-de-accidentes-ceibal-2017-maltrato-infantil-11-1068x712.jpg 1068w, \/wp-content\/uploads\/sites\/5\/2019\/10\/Dia-del-Nino-hospital-de-accidentes-ceibal-2017-maltrato-infantil-11-534x356.jpg 534w, \/wp-content\/uploads\/sites\/5\/2019\/10\/Dia-del-Nino-hospital-de-accidentes-ceibal-2017-maltrato-infantil-11.jpg 1440w\" sizes=\"(max-width: 630px) 100vw, 630px\" alt=\"\">\r\n                            <\/a>\r\n                            \r\n                        <\/figure>\r\n                    <\/div>\r\n                    <div class = \"td-slide-item td-item11\">\r\n                        <figure class=\"td-slide-galery-figure td-slide-popup-gallery\">\r\n                            <a class=\"slide-gallery-image-link\" href=\"\/wp-content\/uploads\/sites\/5\/2019\/10\/Dia-del-Nino-hospital-de-accidentes-ceibal-2017-maltrato-infantil-12.jpg\" title=\"Dia-del-Nino-hospital-de-accidentes-ceibal-2017-maltrato-infantil-12\"  data-caption=\"\"  data-description=\"\">\r\n                                <img decoding=\"async\" src=\"\/wp-content\/uploads\/sites\/5\/2019\/10\/Dia-del-Nino-hospital-de-accidentes-ceibal-2017-maltrato-infantil-12-630x420.jpg\" srcset=\"\/wp-content\/uploads\/sites\/5\/2019\/10\/Dia-del-Nino-hospital-de-accidentes-ceibal-2017-maltrato-infantil-12-630x420.jpg 630w, \/wp-content\/uploads\/sites\/5\/2019\/10\/Dia-del-Nino-hospital-de-accidentes-ceibal-2017-maltrato-infantil-12-300x200.jpg 300w, \/wp-content\/uploads\/sites\/5\/2019\/10\/Dia-del-Nino-hospital-de-accidentes-ceibal-2017-maltrato-infantil-12-768x512.jpg 768w, \/wp-content\/uploads\/sites\/5\/2019\/10\/Dia-del-Nino-hospital-de-accidentes-ceibal-2017-maltrato-infantil-12-1024x683.jpg 1024w, \/wp-content\/uploads\/sites\/5\/2019\/10\/Dia-del-Nino-hospital-de-accidentes-ceibal-2017-maltrato-infantil-12-696x464.jpg 696w, \/wp-content\/uploads\/sites\/5\/2019\/10\/Dia-del-Nino-hospital-de-accidentes-ceibal-2017-maltrato-infantil-12-1068x712.jpg 1068w, \/wp-content\/uploads\/sites\/5\/2019\/10\/Dia-del-Nino-hospital-de-accidentes-ceibal-2017-maltrato-infantil-12-534x356.jpg 534w, \/wp-content\/uploads\/sites\/5\/2019\/10\/Dia-del-Nino-hospital-de-accidentes-ceibal-2017-maltrato-infantil-12.jpg 1440w\" sizes=\"(max-width: 630px) 100vw, 630px\" alt=\"\">\r\n                            <\/a>\r\n                            \r\n                        <\/figure>\r\n                    <\/div>\r\n                    <div class = \"td-slide-item td-item12\">\r\n                        <figure class=\"td-slide-galery-figure td-slide-popup-gallery\">\r\n                            <a class=\"slide-gallery-image-link\" href=\"\/wp-content\/uploads\/sites\/5\/2019\/10\/Dia-del-Nino-hospital-de-accidentes-ceibal-2017-maltrato-infantil-14.jpg\" title=\"Dia-del-Nino-hospital-de-accidentes-ceibal-2017-maltrato-infantil-14\"  data-caption=\"\"  data-description=\"\">\r\n                                <img decoding=\"async\" src=\"\/wp-content\/uploads\/sites\/5\/2019\/10\/Dia-del-Nino-hospital-de-accidentes-ceibal-2017-maltrato-infantil-14-630x420.jpg\" srcset=\"\/wp-content\/uploads\/sites\/5\/2019\/10\/Dia-del-Nino-hospital-de-accidentes-ceibal-2017-maltrato-infantil-14-630x420.jpg 630w, \/wp-content\/uploads\/sites\/5\/2019\/10\/Dia-del-Nino-hospital-de-accidentes-ceibal-2017-maltrato-infantil-14-300x200.jpg 300w, \/wp-content\/uploads\/sites\/5\/2019\/10\/Dia-del-Nino-hospital-de-accidentes-ceibal-2017-maltrato-infantil-14-768x512.jpg 768w, \/wp-content\/uploads\/sites\/5\/2019\/10\/Dia-del-Nino-hospital-de-accidentes-ceibal-2017-maltrato-infantil-14-1024x683.jpg 1024w, \/wp-content\/uploads\/sites\/5\/2019\/10\/Dia-del-Nino-hospital-de-accidentes-ceibal-2017-maltrato-infantil-14-696x464.jpg 696w, \/wp-content\/uploads\/sites\/5\/2019\/10\/Dia-del-Nino-hospital-de-accidentes-ceibal-2017-maltrato-infantil-14-1068x712.jpg 1068w, \/wp-content\/uploads\/sites\/5\/2019\/10\/Dia-del-Nino-hospital-de-accidentes-ceibal-2017-maltrato-infantil-14-534x356.jpg 534w, \/wp-content\/uploads\/sites\/5\/2019\/10\/Dia-del-Nino-hospital-de-accidentes-ceibal-2017-maltrato-infantil-14.jpg 1440w\" sizes=\"(max-width: 630px) 100vw, 630px\" alt=\"\">\r\n                            <\/a>\r\n                            \r\n                        <\/figure>\r\n                    <\/div>\r\n                            <\/div>\r\n                        <\/div>\r\n\r\n                        <div class = \"td-doubleSlider-2\">\r\n                            <div class = \"td-slider\">\r\n                                \r\n                    <div class = \"td-button td-item1\">\r\n                        <div class = \"td-border\"><\/div>\r\n                    <\/div>\r\n                    <div class = \"td-button td-item2\">\r\n                        <div class = \"td-border\"><\/div>\r\n                    <\/div>\r\n                    <div class = \"td-button td-item3\">\r\n                        <div class = \"td-border\"><\/div>\r\n                    <\/div>\r\n                    <div class = \"td-button td-item4\">\r\n                        <div class = \"td-border\"><\/div>\r\n                    <\/div>\r\n                    <div class = \"td-button td-item5\">\r\n                        <div class = \"td-border\"><\/div>\r\n                    <\/div>\r\n                    <div class = \"td-button td-item6\">\r\n                        <div class = \"td-border\"><\/div>\r\n                    <\/div>\r\n                    <div class = \"td-button td-item7\">\r\n                        <div class = \"td-border\"><\/div>\r\n                    <\/div>\r\n                    <div class = \"td-button td-item8\">\r\n                        <div class = \"td-border\"><\/div>\r\n                    <\/div>\r\n                    <div class = \"td-button td-item9\">\r\n                        <div class = \"td-border\"><\/div>\r\n                    <\/div>\r\n                    <div class = \"td-button td-item10\">\r\n                        <div class = \"td-border\"><\/div>\r\n                    <\/div>\r\n                    <div class = \"td-button td-item11\">\r\n                        <div class = \"td-border\"><\/div>\r\n                    <\/div>\r\n                    <div class = \"td-button td-item12\">\r\n                        <div class = \"td-border\"><\/div>\r\n                    <\/div>\r\n                            <\/div>\r\n                        <\/div>\r\n\r\n                    <\/div>\r\n\r\n                <\/div>\r\n                ","protected":false},"excerpt":{"rendered":"<p>Esta ma\u00f1ana la Cl\u00ednica Ortop\u00e9dica Pedi\u00e1trica del Hospital de Accidentes Ceibal (7-19), con el tema \u201cPrevenci\u00f3n del Maltrato Infantil\u201d, celebr\u00f3 el D\u00eda de los Ni\u00f1os con m\u00e1s de peque\u00f1os derechohabientes para darles momentos de alegr\u00eda. La actividad dio inicio con la presentaci\u00f3n de la payasita Lluvia, quien con su colorido traje capt\u00f3 la atenci\u00f3n de [&hellip;]<\/p>\n","protected":false},"author":9,"featured_media":12302,"comment_status":"open","ping_status":"open","sticky":false,"template":"","format":"standard","meta":{"footnotes":""},"categories":[3,24,27,29,36],"tags":[180,238,250,362,475,480],"coauthors":[888],"class_list":{"0":"post-12301","1":"post","2":"type-post","3":"status-publish","4":"format-standard","5":"has-post-thumbnail","7":"category-actualidad","8":"category-pediatria","9":"category-prevencion-en-salud","10":"category-publicaciones","11":"category-unidades-medicas","12":"tag-clinica-ortopedica-pediatrica","13":"tag-dia-del-nino","14":"tag-diadelninoigss","15":"tag-dra-karen-utrilla","16":"tag-hospital-7-19","17":"tag-hospital-general-de-accidentes-ceibal"},"_links":{"self":[{"href":"https:\/\/www.igssgt.org\/noticias\/wp-json\/wp\/v2\/posts\/12301","targetHints":{"allow":["GET"]}}],"collection":[{"href":"https:\/\/www.igssgt.org\/noticias\/wp-json\/wp\/v2\/posts"}],"about":[{"href":"https:\/\/www.igssgt.org\/noticias\/wp-json\/wp\/v2\/types\/post"}],"author":[{"embeddable":true,"href":"https:\/\/www.igssgt.org\/noticias\/wp-json\/wp\/v2\/users\/9"}],"replies":[{"embeddable":true,"href":"https:\/\/www.igssgt.org\/noticias\/wp-json\/wp\/v2\/comments?post=12301"}],"version-history":[{"count":1,"href":"https:\/\/www.igssgt.org\/noticias\/wp-json\/wp\/v2\/posts\/12301\/revisions"}],"predecessor-version":[{"id":12318,"href":"https:\/\/www.igssgt.org\/noticias\/wp-json\/wp\/v2\/posts\/12301\/revisions\/12318"}],"wp:featuredmedia":[{"embeddable":true,"href":"https:\/\/www.igssgt.org\/noticias\/wp-json\/wp\/v2\/media\/12302"}],"wp:attachment":[{"href":"https:\/\/www.igssgt.org\/noticias\/wp-json\/wp\/v2\/media?parent=12301"}],"wp:term":[{"taxonomy":"category","embeddable":true,"href":"https:\/\/www.igssgt.org\/noticias\/wp-json\/wp\/v2\/categories?post=12301"},{"taxonomy":"post_tag","embeddable":true,"href":"https:\/\/www.igssgt.org\/noticias\/wp-json\/wp\/v2\/tags?post=12301"},{"taxonomy":"author","embeddable":true,"href":"https:\/\/www.igssgt.org\/noticias\/wp-json\/wp\/v2\/coauthors?post=12301"}],"curies":[{"name":"wp","href":"https:\/\/api.w.org\/{rel}","templated":true}]}}