{"id":12340,"date":"2017-09-29T12:11:32","date_gmt":"2017-09-29T18:11:32","guid":{"rendered":"https:\/\/www.igssgt.org\/noticias\/?p=12340"},"modified":"2019-11-07T15:17:45","modified_gmt":"2019-11-07T21:17:45","slug":"publinews-ninos-de-unidad-pediatrica-reciben-una-sorpresa-llena-de-sonrisa-y-valentia","status":"publish","type":"post","link":"https:\/\/www.igssgt.org\/noticias\/2017\/09\/29\/publinews-ninos-de-unidad-pediatrica-reciben-una-sorpresa-llena-de-sonrisa-y-valentia\/","title":{"rendered":"Publinews: Ni\u00f1os de Unidad Pedi\u00e1trica reciben una sorpresa llena de sonrisa y valent\u00eda"},"content":{"rendered":"\n<h3 class=\"wp-block-heading\"><strong>Los peque\u00f1os que se encontraban de la Unidad Perif\u00e9rica de Pediatr\u00eda del IGSS zona 5 celebraron este viernes el D\u00eda del ni\u00f1o.<\/strong><\/h3>\n\n\n\n<figure class=\"wp-block-image\"><img loading=\"lazy\" decoding=\"async\" width=\"1024\" height=\"683\" src=\"\/wp-content\/uploads\/sites\/5\/2019\/10\/Celebracion-dia-del-nino-IGSS-Guatemala-2017-5-1-1024x683.jpg\" alt=\"\" class=\"wp-image-12342\" srcset=\"\/wp-content\/uploads\/sites\/5\/2019\/10\/Celebracion-dia-del-nino-IGSS-Guatemala-2017-5-1-1024x683.jpg 1024w, \/wp-content\/uploads\/sites\/5\/2019\/10\/Celebracion-dia-del-nino-IGSS-Guatemala-2017-5-1-300x200.jpg 300w, \/wp-content\/uploads\/sites\/5\/2019\/10\/Celebracion-dia-del-nino-IGSS-Guatemala-2017-5-1-768x512.jpg 768w, \/wp-content\/uploads\/sites\/5\/2019\/10\/Celebracion-dia-del-nino-IGSS-Guatemala-2017-5-1-630x420.jpg 630w, \/wp-content\/uploads\/sites\/5\/2019\/10\/Celebracion-dia-del-nino-IGSS-Guatemala-2017-5-1-696x464.jpg 696w, \/wp-content\/uploads\/sites\/5\/2019\/10\/Celebracion-dia-del-nino-IGSS-Guatemala-2017-5-1-1068x712.jpg 1068w, \/wp-content\/uploads\/sites\/5\/2019\/10\/Celebracion-dia-del-nino-IGSS-Guatemala-2017-5-1-534x356.jpg 534w, \/wp-content\/uploads\/sites\/5\/2019\/10\/Celebracion-dia-del-nino-IGSS-Guatemala-2017-5-1.jpg 1200w\" sizes=\"auto, (max-width: 1024px) 100vw, 1024px\" \/><\/figure>\n\n\n\n<p><em><strong>Por Omar S\u00f3lis<\/strong><\/em><\/p>\n\n\n\n<p>Sin importar el padecimiento por el que esperaban ser atendidos, varios&nbsp;menores celebraron este viernes el D\u00eda del ni\u00f1o.<\/p>\n\n\n\n<p>F\u00e1brica de Sonrisas y personal de relaciones p\u00fablicas del Instituto Guatemalteco de Seguridad Social llevaron un momento de alegr\u00eda a los peque\u00f1os que se encontraban en la consulta externa de la Unidad Perif\u00e9rica de Pediatr\u00eda, ubicada en la zona 5 capitalina.<\/p>\n\n\n\n<p><strong>Que no se pierda la ilusi\u00f3n<\/strong><\/p>\n\n\n\n<p>Personajes como Batman, la Mujer Maravilla, entre otros, animaron a los peque\u00f1os.<\/p>\n\n\n\n<p>Por m\u00e1s de dos horas, cantaron juntos, les contaron cuentos infantiles y realizaron varios juegos y concursos.<\/p>\n\n\n\n<p>Tambi\u00e9n hab\u00edan pintacaritas, toma de fotograf\u00edas, pi\u00f1atas y pastel.<\/p>\n\n\n\n\n\n\n\n<p>Fuente:&nbsp;<strong>Publinews.com.gt<\/strong><\/p>\n\n\n\n<p>Enlace en internet:&nbsp;<a href=\"https:\/\/www.publinews.gt\/gt\/noticias\/2017\/09\/29\/ninos-de-unidad-pediatrica-reciben-una-sorpresa-llena-de-sonrisa-y-valentia.html\">https:\/\/www.publinews.gt\/gt\/noticias\/2017\/09\/29\/ninos-de-unidad-pediatrica-reciben-una-sorpresa-llena-de-sonrisa-y-valentia.html<\/a><\/p>\n","protected":false},"excerpt":{"rendered":"<p>Los peque\u00f1os que se encontraban de la Unidad Perif\u00e9rica de Pediatr\u00eda del IGSS zona 5 celebraron este viernes el D\u00eda del ni\u00f1o. Por Omar S\u00f3lis Sin importar el padecimiento por el que esperaban ser atendidos, varios&nbsp;menores celebraron este viernes el D\u00eda del ni\u00f1o. F\u00e1brica de Sonrisas y personal de relaciones p\u00fablicas del Instituto Guatemalteco de [&hellip;]<\/p>\n","protected":false},"author":9,"featured_media":12341,"comment_status":"open","ping_status":"open","sticky":false,"template":"","format":"standard","meta":{"footnotes":""},"categories":[3,41,24,29,36],"tags":[250,428,490,698,737],"coauthors":[888],"class_list":{"0":"post-12340","1":"post","2":"type-post","3":"status-publish","4":"format-standard","5":"has-post-thumbnail","7":"category-actualidad","8":"category-igss-en-los-medios","9":"category-pediatria","10":"category-publicaciones","11":"category-unidades-medicas","12":"tag-diadelninoigss","13":"tag-fabrica-de-sonrisas","14":"tag-igss","15":"tag-pediatria","16":"tag-publinews"},"_links":{"self":[{"href":"https:\/\/www.igssgt.org\/noticias\/wp-json\/wp\/v2\/posts\/12340","targetHints":{"allow":["GET"]}}],"collection":[{"href":"https:\/\/www.igssgt.org\/noticias\/wp-json\/wp\/v2\/posts"}],"about":[{"href":"https:\/\/www.igssgt.org\/noticias\/wp-json\/wp\/v2\/types\/post"}],"author":[{"embeddable":true,"href":"https:\/\/www.igssgt.org\/noticias\/wp-json\/wp\/v2\/users\/9"}],"replies":[{"embeddable":true,"href":"https:\/\/www.igssgt.org\/noticias\/wp-json\/wp\/v2\/comments?post=12340"}],"version-history":[{"count":1,"href":"https:\/\/www.igssgt.org\/noticias\/wp-json\/wp\/v2\/posts\/12340\/revisions"}],"predecessor-version":[{"id":12343,"href":"https:\/\/www.igssgt.org\/noticias\/wp-json\/wp\/v2\/posts\/12340\/revisions\/12343"}],"wp:featuredmedia":[{"embeddable":true,"href":"https:\/\/www.igssgt.org\/noticias\/wp-json\/wp\/v2\/media\/12341"}],"wp:attachment":[{"href":"https:\/\/www.igssgt.org\/noticias\/wp-json\/wp\/v2\/media?parent=12340"}],"wp:term":[{"taxonomy":"category","embeddable":true,"href":"https:\/\/www.igssgt.org\/noticias\/wp-json\/wp\/v2\/categories?post=12340"},{"taxonomy":"post_tag","embeddable":true,"href":"https:\/\/www.igssgt.org\/noticias\/wp-json\/wp\/v2\/tags?post=12340"},{"taxonomy":"author","embeddable":true,"href":"https:\/\/www.igssgt.org\/noticias\/wp-json\/wp\/v2\/coauthors?post=12340"}],"curies":[{"name":"wp","href":"https:\/\/api.w.org\/{rel}","templated":true}]}}