{"id":12394,"date":"2017-09-28T12:36:02","date_gmt":"2017-09-28T18:36:02","guid":{"rendered":"https:\/\/www.igssgt.org\/noticias\/?p=12394"},"modified":"2019-10-08T12:45:18","modified_gmt":"2019-10-08T18:45:18","slug":"capacitan-a-supervisores-del-igss-sobre-el-uso-de-extintores","status":"publish","type":"post","link":"https:\/\/www.igssgt.org\/noticias\/2017\/09\/28\/capacitan-a-supervisores-del-igss-sobre-el-uso-de-extintores\/","title":{"rendered":"Capacitan a supervisores del IGSS sobre el uso de Extintores"},"content":{"rendered":"\n<figure class=\"wp-block-image\"><img loading=\"lazy\" decoding=\"async\" width=\"1024\" height=\"683\" src=\"\/wp-content\/uploads\/sites\/5\/2019\/10\/Capacitan-a-personal-sobre-uso-de-extintores-IGSS-2017-6-1024x683.jpg\" alt=\"\" class=\"wp-image-12406\" srcset=\"\/wp-content\/uploads\/sites\/5\/2019\/10\/Capacitan-a-personal-sobre-uso-de-extintores-IGSS-2017-6-1024x683.jpg 1024w, \/wp-content\/uploads\/sites\/5\/2019\/10\/Capacitan-a-personal-sobre-uso-de-extintores-IGSS-2017-6-1536x1024.jpg 1536w, \/wp-content\/uploads\/sites\/5\/2019\/10\/Capacitan-a-personal-sobre-uso-de-extintores-IGSS-2017-6-300x200.jpg 300w, \/wp-content\/uploads\/sites\/5\/2019\/10\/Capacitan-a-personal-sobre-uso-de-extintores-IGSS-2017-6-768x512.jpg 768w, \/wp-content\/uploads\/sites\/5\/2019\/10\/Capacitan-a-personal-sobre-uso-de-extintores-IGSS-2017-6-630x420.jpg 630w, \/wp-content\/uploads\/sites\/5\/2019\/10\/Capacitan-a-personal-sobre-uso-de-extintores-IGSS-2017-6-696x464.jpg 696w, \/wp-content\/uploads\/sites\/5\/2019\/10\/Capacitan-a-personal-sobre-uso-de-extintores-IGSS-2017-6-1068x712.jpg 1068w, \/wp-content\/uploads\/sites\/5\/2019\/10\/Capacitan-a-personal-sobre-uso-de-extintores-IGSS-2017-6-534x356.jpg 534w, \/wp-content\/uploads\/sites\/5\/2019\/10\/Capacitan-a-personal-sobre-uso-de-extintores-IGSS-2017-6.jpg 2048w\" sizes=\"auto, (max-width: 1024px) 100vw, 1024px\" \/><\/figure>\n\n\n\n<p>Dentro del desarrollo y la planificaci\u00f3n que se tiene de parte de la Secci\u00f3n de Higiene y Prevenci\u00f3n de Accidentes para los colaboradores del IGSS, en este caso para los supervisores de salud ocupacional que son los encargados de visitar a las siguientes empresas afiliadas al seguro para evaluar riesgos laborales en cumplimiento del reglamento 229\/2014, se realiza una capacitaci\u00f3n sobre incendios, el manejo de gases y uso de extintores, por expertos centroamericanos en el tema.<\/p>\n\n\n\n<p>La capacitaci\u00f3n se brinda a 30 supervisores de todo el pa\u00eds con la finalidad de ser un efecto multiplicador y llevar el conocimiento a las m\u00e1s de 65 mil empresas adscritas al seguro social.<\/p>\n\n\n\n<p>De acuerdo con el doctor Mynor Mej\u00eda, jefe de la Secci\u00f3n de Higiene y Prevenci\u00f3n de Accidentes del Instituto, el a\u00f1o pasado se logr\u00f3 capacitar a m\u00e1s de 100 mil trabajadores luego de que las empresas solicitaran capacitaci\u00f3n de diferentes temas entre ellos de primeros auxilios.<\/p>\n\n\n\n<p>Esta actividad ser\u00e1 replicada la pr\u00f3xima semana para poner en pr\u00e1ctica lo aprendido este d\u00eda, inform\u00f3 Mej\u00eda.<\/p>\n\n\n\r\n                <style type=\"text\/css\">\r\n                    \r\n                    #tdi_1  .td-doubleSlider-2 .td-item1 {\r\n                        background: url(\/wp-content\/uploads\/sites\/5\/2019\/10\/Capacitan-a-personal-sobre-uso-de-extintores-IGSS-2017-5-80x60.jpg) 0 0 no-repeat;\r\n                    }\r\n                    #tdi_1  .td-doubleSlider-2 .td-item2 {\r\n                        background: url(\/wp-content\/uploads\/sites\/5\/2019\/10\/Capacitan-a-personal-sobre-uso-de-extintores-IGSS-2017-1-80x60.jpg) 0 0 no-repeat;\r\n                    }\r\n                    #tdi_1  .td-doubleSlider-2 .td-item3 {\r\n                        background: url(\/wp-content\/uploads\/sites\/5\/2019\/10\/Capacitan-a-personal-sobre-uso-de-extintores-IGSS-2017-2-80x60.jpg) 0 0 no-repeat;\r\n                    }\r\n                    #tdi_1  .td-doubleSlider-2 .td-item4 {\r\n                        background: url(\/wp-content\/uploads\/sites\/5\/2019\/10\/Capacitan-a-personal-sobre-uso-de-extintores-IGSS-2017-8-80x60.jpg) 0 0 no-repeat;\r\n                    }\r\n                    #tdi_1  .td-doubleSlider-2 .td-item5 {\r\n                        background: url(\/wp-content\/uploads\/sites\/5\/2019\/10\/Capacitan-a-personal-sobre-uso-de-extintores-IGSS-2017-4-80x60.jpg) 0 0 no-repeat;\r\n                    }\r\n                    #tdi_1  .td-doubleSlider-2 .td-item6 {\r\n                        background: url(\/wp-content\/uploads\/sites\/5\/2019\/10\/Capacitan-a-personal-sobre-uso-de-extintores-IGSS-2017-9-80x60.jpg) 0 0 no-repeat;\r\n                    }\r\n                    #tdi_1  .td-doubleSlider-2 .td-item7 {\r\n                        background: url(\/wp-content\/uploads\/sites\/5\/2019\/10\/Capacitan-a-personal-sobre-uso-de-extintores-IGSS-2017-3-80x60.jpg) 0 0 no-repeat;\r\n                    }\r\n                    #tdi_1  .td-doubleSlider-2 .td-item8 {\r\n                        background: url(\/wp-content\/uploads\/sites\/5\/2019\/10\/Capacitan-a-personal-sobre-uso-de-extintores-IGSS-2017-10-80x60.jpg) 0 0 no-repeat;\r\n                    }\r\n                    #tdi_1  .td-doubleSlider-2 .td-item9 {\r\n                        background: url(\/wp-content\/uploads\/sites\/5\/2019\/10\/Capacitan-a-personal-sobre-uso-de-extintores-IGSS-2017-11-80x60.jpg) 0 0 no-repeat;\r\n                    }\r\n                    #tdi_1  .td-doubleSlider-2 .td-item10 {\r\n                        background: url(\/wp-content\/uploads\/sites\/5\/2019\/10\/Capacitan-a-personal-sobre-uso-de-extintores-IGSS-2017-7-1-80x60.jpg) 0 0 no-repeat;\r\n                    }\r\n                    #tdi_1  .td-doubleSlider-2 .td-item11 {\r\n                        background: url(\/wp-content\/uploads\/sites\/5\/2019\/10\/Capacitan-a-personal-sobre-uso-de-extintores-IGSS-2017-6-1-80x60.jpg) 0 0 no-repeat;\r\n                    }\r\n                <\/style>\r\n\r\n                <div id=\"tdi_1\" class=\"td-gallery td-slide-on-2-columns\">\r\n                    <div class=\"post_td_gallery\">\r\n                        <div class=\"td-gallery-slide-top\">\r\n                           <div class=\"td-gallery-title\"><\/div>\r\n\r\n                            <div class=\"td-gallery-controls-wrapper\">\r\n                                <div class=\"td-gallery-slide-count\"><span class=\"td-gallery-slide-item-focus\">1<\/span> de 11<\/div>\r\n                                <div class=\"td-gallery-slide-prev-next-but\">\r\n                                    <i class = \"td-icon-left doubleSliderPrevButton\"><\/i>\r\n                                    <i class = \"td-icon-right doubleSliderNextButton\"><\/i>\r\n                                <\/div>\r\n                            <\/div>\r\n                        <\/div>\r\n\r\n                        <div class = \"td-doubleSlider-1 \">\r\n                            <div class = \"td-slider\">\r\n                                \r\n                    <div class = \"td-slide-item td-item1\">\r\n                        <figure class=\"td-slide-galery-figure td-slide-popup-gallery\">\r\n                            <a class=\"slide-gallery-image-link\" href=\"\/wp-content\/uploads\/sites\/5\/2019\/10\/Capacitan-a-personal-sobre-uso-de-extintores-IGSS-2017-5.jpg\" title=\"Capacitan-a-personal-sobre-uso-de-extintores-IGSS-2017-5\"  data-caption=\"\"  data-description=\"\">\r\n                                <img decoding=\"async\" src=\"\/wp-content\/uploads\/sites\/5\/2019\/10\/Capacitan-a-personal-sobre-uso-de-extintores-IGSS-2017-5-630x420.jpg\" srcset=\"\/wp-content\/uploads\/sites\/5\/2019\/10\/Capacitan-a-personal-sobre-uso-de-extintores-IGSS-2017-5-630x420.jpg 630w, \/wp-content\/uploads\/sites\/5\/2019\/10\/Capacitan-a-personal-sobre-uso-de-extintores-IGSS-2017-5-1536x1024.jpg 1536w, \/wp-content\/uploads\/sites\/5\/2019\/10\/Capacitan-a-personal-sobre-uso-de-extintores-IGSS-2017-5-300x200.jpg 300w, \/wp-content\/uploads\/sites\/5\/2019\/10\/Capacitan-a-personal-sobre-uso-de-extintores-IGSS-2017-5-768x512.jpg 768w, \/wp-content\/uploads\/sites\/5\/2019\/10\/Capacitan-a-personal-sobre-uso-de-extintores-IGSS-2017-5-1024x683.jpg 1024w, \/wp-content\/uploads\/sites\/5\/2019\/10\/Capacitan-a-personal-sobre-uso-de-extintores-IGSS-2017-5-696x464.jpg 696w, \/wp-content\/uploads\/sites\/5\/2019\/10\/Capacitan-a-personal-sobre-uso-de-extintores-IGSS-2017-5-1068x712.jpg 1068w, \/wp-content\/uploads\/sites\/5\/2019\/10\/Capacitan-a-personal-sobre-uso-de-extintores-IGSS-2017-5-534x356.jpg 534w, \/wp-content\/uploads\/sites\/5\/2019\/10\/Capacitan-a-personal-sobre-uso-de-extintores-IGSS-2017-5.jpg 2048w\" sizes=\"(max-width: 630px) 100vw, 630px\" alt=\"\">\r\n                            <\/a>\r\n                            \r\n                        <\/figure>\r\n                    <\/div>\r\n                    <div class = \"td-slide-item td-item2\">\r\n                        <figure class=\"td-slide-galery-figure td-slide-popup-gallery\">\r\n                            <a class=\"slide-gallery-image-link\" href=\"\/wp-content\/uploads\/sites\/5\/2019\/10\/Capacitan-a-personal-sobre-uso-de-extintores-IGSS-2017-1.jpg\" title=\"Capacitan-a-personal-sobre-uso-de-extintores-IGSS-2017-1\"  data-caption=\"\"  data-description=\"\">\r\n                                <img decoding=\"async\" src=\"\/wp-content\/uploads\/sites\/5\/2019\/10\/Capacitan-a-personal-sobre-uso-de-extintores-IGSS-2017-1-630x420.jpg\" srcset=\"\/wp-content\/uploads\/sites\/5\/2019\/10\/Capacitan-a-personal-sobre-uso-de-extintores-IGSS-2017-1-630x420.jpg 630w, \/wp-content\/uploads\/sites\/5\/2019\/10\/Capacitan-a-personal-sobre-uso-de-extintores-IGSS-2017-1-1536x1024.jpg 1536w, \/wp-content\/uploads\/sites\/5\/2019\/10\/Capacitan-a-personal-sobre-uso-de-extintores-IGSS-2017-1-300x200.jpg 300w, \/wp-content\/uploads\/sites\/5\/2019\/10\/Capacitan-a-personal-sobre-uso-de-extintores-IGSS-2017-1-768x512.jpg 768w, \/wp-content\/uploads\/sites\/5\/2019\/10\/Capacitan-a-personal-sobre-uso-de-extintores-IGSS-2017-1-1024x683.jpg 1024w, \/wp-content\/uploads\/sites\/5\/2019\/10\/Capacitan-a-personal-sobre-uso-de-extintores-IGSS-2017-1-696x464.jpg 696w, \/wp-content\/uploads\/sites\/5\/2019\/10\/Capacitan-a-personal-sobre-uso-de-extintores-IGSS-2017-1-1068x712.jpg 1068w, \/wp-content\/uploads\/sites\/5\/2019\/10\/Capacitan-a-personal-sobre-uso-de-extintores-IGSS-2017-1-534x356.jpg 534w, \/wp-content\/uploads\/sites\/5\/2019\/10\/Capacitan-a-personal-sobre-uso-de-extintores-IGSS-2017-1.jpg 2048w\" sizes=\"(max-width: 630px) 100vw, 630px\" alt=\"\">\r\n                            <\/a>\r\n                            \r\n                        <\/figure>\r\n                    <\/div>\r\n                    <div class = \"td-slide-item td-item3\">\r\n                        <figure class=\"td-slide-galery-figure td-slide-popup-gallery\">\r\n                            <a class=\"slide-gallery-image-link\" href=\"\/wp-content\/uploads\/sites\/5\/2019\/10\/Capacitan-a-personal-sobre-uso-de-extintores-IGSS-2017-2.jpg\" title=\"Capacitan-a-personal-sobre-uso-de-extintores-IGSS-2017-2\"  data-caption=\"\"  data-description=\"\">\r\n                                <img decoding=\"async\" src=\"\/wp-content\/uploads\/sites\/5\/2019\/10\/Capacitan-a-personal-sobre-uso-de-extintores-IGSS-2017-2-630x420.jpg\" srcset=\"\/wp-content\/uploads\/sites\/5\/2019\/10\/Capacitan-a-personal-sobre-uso-de-extintores-IGSS-2017-2-630x420.jpg 630w, \/wp-content\/uploads\/sites\/5\/2019\/10\/Capacitan-a-personal-sobre-uso-de-extintores-IGSS-2017-2-1536x1024.jpg 1536w, \/wp-content\/uploads\/sites\/5\/2019\/10\/Capacitan-a-personal-sobre-uso-de-extintores-IGSS-2017-2-300x200.jpg 300w, \/wp-content\/uploads\/sites\/5\/2019\/10\/Capacitan-a-personal-sobre-uso-de-extintores-IGSS-2017-2-768x512.jpg 768w, \/wp-content\/uploads\/sites\/5\/2019\/10\/Capacitan-a-personal-sobre-uso-de-extintores-IGSS-2017-2-1024x683.jpg 1024w, \/wp-content\/uploads\/sites\/5\/2019\/10\/Capacitan-a-personal-sobre-uso-de-extintores-IGSS-2017-2-696x464.jpg 696w, \/wp-content\/uploads\/sites\/5\/2019\/10\/Capacitan-a-personal-sobre-uso-de-extintores-IGSS-2017-2-1068x712.jpg 1068w, \/wp-content\/uploads\/sites\/5\/2019\/10\/Capacitan-a-personal-sobre-uso-de-extintores-IGSS-2017-2-534x356.jpg 534w, \/wp-content\/uploads\/sites\/5\/2019\/10\/Capacitan-a-personal-sobre-uso-de-extintores-IGSS-2017-2.jpg 2048w\" sizes=\"(max-width: 630px) 100vw, 630px\" alt=\"\">\r\n                            <\/a>\r\n                            \r\n                        <\/figure>\r\n                    <\/div>\r\n                    <div class = \"td-slide-item td-item4\">\r\n                        <figure class=\"td-slide-galery-figure td-slide-popup-gallery\">\r\n                            <a class=\"slide-gallery-image-link\" href=\"\/wp-content\/uploads\/sites\/5\/2019\/10\/Capacitan-a-personal-sobre-uso-de-extintores-IGSS-2017-8.jpg\" title=\"Capacitan-a-personal-sobre-uso-de-extintores-IGSS-2017-8\"  data-caption=\"\"  data-description=\"\">\r\n                                <img decoding=\"async\" src=\"\/wp-content\/uploads\/sites\/5\/2019\/10\/Capacitan-a-personal-sobre-uso-de-extintores-IGSS-2017-8-630x420.jpg\" srcset=\"\/wp-content\/uploads\/sites\/5\/2019\/10\/Capacitan-a-personal-sobre-uso-de-extintores-IGSS-2017-8-630x420.jpg 630w, \/wp-content\/uploads\/sites\/5\/2019\/10\/Capacitan-a-personal-sobre-uso-de-extintores-IGSS-2017-8-1536x1024.jpg 1536w, \/wp-content\/uploads\/sites\/5\/2019\/10\/Capacitan-a-personal-sobre-uso-de-extintores-IGSS-2017-8-300x200.jpg 300w, \/wp-content\/uploads\/sites\/5\/2019\/10\/Capacitan-a-personal-sobre-uso-de-extintores-IGSS-2017-8-768x512.jpg 768w, \/wp-content\/uploads\/sites\/5\/2019\/10\/Capacitan-a-personal-sobre-uso-de-extintores-IGSS-2017-8-1024x683.jpg 1024w, \/wp-content\/uploads\/sites\/5\/2019\/10\/Capacitan-a-personal-sobre-uso-de-extintores-IGSS-2017-8-696x464.jpg 696w, \/wp-content\/uploads\/sites\/5\/2019\/10\/Capacitan-a-personal-sobre-uso-de-extintores-IGSS-2017-8-1068x712.jpg 1068w, \/wp-content\/uploads\/sites\/5\/2019\/10\/Capacitan-a-personal-sobre-uso-de-extintores-IGSS-2017-8-534x356.jpg 534w, \/wp-content\/uploads\/sites\/5\/2019\/10\/Capacitan-a-personal-sobre-uso-de-extintores-IGSS-2017-8.jpg 2048w\" sizes=\"(max-width: 630px) 100vw, 630px\" alt=\"\">\r\n                            <\/a>\r\n                            \r\n                        <\/figure>\r\n                    <\/div>\r\n                    <div class = \"td-slide-item td-item5\">\r\n                        <figure class=\"td-slide-galery-figure td-slide-popup-gallery\">\r\n                            <a class=\"slide-gallery-image-link\" href=\"\/wp-content\/uploads\/sites\/5\/2019\/10\/Capacitan-a-personal-sobre-uso-de-extintores-IGSS-2017-4.jpg\" title=\"Capacitan-a-personal-sobre-uso-de-extintores-IGSS-2017-4\"  data-caption=\"\"  data-description=\"\">\r\n                                <img decoding=\"async\" src=\"\/wp-content\/uploads\/sites\/5\/2019\/10\/Capacitan-a-personal-sobre-uso-de-extintores-IGSS-2017-4-630x420.jpg\" srcset=\"\/wp-content\/uploads\/sites\/5\/2019\/10\/Capacitan-a-personal-sobre-uso-de-extintores-IGSS-2017-4-630x420.jpg 630w, \/wp-content\/uploads\/sites\/5\/2019\/10\/Capacitan-a-personal-sobre-uso-de-extintores-IGSS-2017-4-1536x1024.jpg 1536w, \/wp-content\/uploads\/sites\/5\/2019\/10\/Capacitan-a-personal-sobre-uso-de-extintores-IGSS-2017-4-300x200.jpg 300w, \/wp-content\/uploads\/sites\/5\/2019\/10\/Capacitan-a-personal-sobre-uso-de-extintores-IGSS-2017-4-768x512.jpg 768w, \/wp-content\/uploads\/sites\/5\/2019\/10\/Capacitan-a-personal-sobre-uso-de-extintores-IGSS-2017-4-1024x683.jpg 1024w, \/wp-content\/uploads\/sites\/5\/2019\/10\/Capacitan-a-personal-sobre-uso-de-extintores-IGSS-2017-4-696x464.jpg 696w, \/wp-content\/uploads\/sites\/5\/2019\/10\/Capacitan-a-personal-sobre-uso-de-extintores-IGSS-2017-4-1068x712.jpg 1068w, \/wp-content\/uploads\/sites\/5\/2019\/10\/Capacitan-a-personal-sobre-uso-de-extintores-IGSS-2017-4-534x356.jpg 534w, \/wp-content\/uploads\/sites\/5\/2019\/10\/Capacitan-a-personal-sobre-uso-de-extintores-IGSS-2017-4.jpg 2048w\" sizes=\"(max-width: 630px) 100vw, 630px\" alt=\"\">\r\n                            <\/a>\r\n                            \r\n                        <\/figure>\r\n                    <\/div>\r\n                    <div class = \"td-slide-item td-item6\">\r\n                        <figure class=\"td-slide-galery-figure td-slide-popup-gallery\">\r\n                            <a class=\"slide-gallery-image-link\" href=\"\/wp-content\/uploads\/sites\/5\/2019\/10\/Capacitan-a-personal-sobre-uso-de-extintores-IGSS-2017-9.jpg\" title=\"Capacitan-a-personal-sobre-uso-de-extintores-IGSS-2017-9\"  data-caption=\"\"  data-description=\"\">\r\n                                <img decoding=\"async\" src=\"\/wp-content\/uploads\/sites\/5\/2019\/10\/Capacitan-a-personal-sobre-uso-de-extintores-IGSS-2017-9-630x420.jpg\" srcset=\"\/wp-content\/uploads\/sites\/5\/2019\/10\/Capacitan-a-personal-sobre-uso-de-extintores-IGSS-2017-9-630x420.jpg 630w, \/wp-content\/uploads\/sites\/5\/2019\/10\/Capacitan-a-personal-sobre-uso-de-extintores-IGSS-2017-9-1536x1024.jpg 1536w, \/wp-content\/uploads\/sites\/5\/2019\/10\/Capacitan-a-personal-sobre-uso-de-extintores-IGSS-2017-9-300x200.jpg 300w, \/wp-content\/uploads\/sites\/5\/2019\/10\/Capacitan-a-personal-sobre-uso-de-extintores-IGSS-2017-9-768x512.jpg 768w, \/wp-content\/uploads\/sites\/5\/2019\/10\/Capacitan-a-personal-sobre-uso-de-extintores-IGSS-2017-9-1024x683.jpg 1024w, \/wp-content\/uploads\/sites\/5\/2019\/10\/Capacitan-a-personal-sobre-uso-de-extintores-IGSS-2017-9-696x464.jpg 696w, \/wp-content\/uploads\/sites\/5\/2019\/10\/Capacitan-a-personal-sobre-uso-de-extintores-IGSS-2017-9-1068x712.jpg 1068w, \/wp-content\/uploads\/sites\/5\/2019\/10\/Capacitan-a-personal-sobre-uso-de-extintores-IGSS-2017-9-534x356.jpg 534w, \/wp-content\/uploads\/sites\/5\/2019\/10\/Capacitan-a-personal-sobre-uso-de-extintores-IGSS-2017-9.jpg 2048w\" sizes=\"(max-width: 630px) 100vw, 630px\" alt=\"\">\r\n                            <\/a>\r\n                            \r\n                        <\/figure>\r\n                    <\/div>\r\n                    <div class = \"td-slide-item td-item7\">\r\n                        <figure class=\"td-slide-galery-figure td-slide-popup-gallery\">\r\n                            <a class=\"slide-gallery-image-link\" href=\"\/wp-content\/uploads\/sites\/5\/2019\/10\/Capacitan-a-personal-sobre-uso-de-extintores-IGSS-2017-3.jpg\" title=\"Capacitan-a-personal-sobre-uso-de-extintores-IGSS-2017-3\"  data-caption=\"\"  data-description=\"\">\r\n                                <img decoding=\"async\" src=\"\/wp-content\/uploads\/sites\/5\/2019\/10\/Capacitan-a-personal-sobre-uso-de-extintores-IGSS-2017-3-630x420.jpg\" srcset=\"\/wp-content\/uploads\/sites\/5\/2019\/10\/Capacitan-a-personal-sobre-uso-de-extintores-IGSS-2017-3-630x420.jpg 630w, \/wp-content\/uploads\/sites\/5\/2019\/10\/Capacitan-a-personal-sobre-uso-de-extintores-IGSS-2017-3-1536x1024.jpg 1536w, \/wp-content\/uploads\/sites\/5\/2019\/10\/Capacitan-a-personal-sobre-uso-de-extintores-IGSS-2017-3-300x200.jpg 300w, \/wp-content\/uploads\/sites\/5\/2019\/10\/Capacitan-a-personal-sobre-uso-de-extintores-IGSS-2017-3-768x512.jpg 768w, \/wp-content\/uploads\/sites\/5\/2019\/10\/Capacitan-a-personal-sobre-uso-de-extintores-IGSS-2017-3-1024x683.jpg 1024w, \/wp-content\/uploads\/sites\/5\/2019\/10\/Capacitan-a-personal-sobre-uso-de-extintores-IGSS-2017-3-696x464.jpg 696w, \/wp-content\/uploads\/sites\/5\/2019\/10\/Capacitan-a-personal-sobre-uso-de-extintores-IGSS-2017-3-1068x712.jpg 1068w, \/wp-content\/uploads\/sites\/5\/2019\/10\/Capacitan-a-personal-sobre-uso-de-extintores-IGSS-2017-3-534x356.jpg 534w, \/wp-content\/uploads\/sites\/5\/2019\/10\/Capacitan-a-personal-sobre-uso-de-extintores-IGSS-2017-3.jpg 2048w\" sizes=\"(max-width: 630px) 100vw, 630px\" alt=\"\">\r\n                            <\/a>\r\n                            \r\n                        <\/figure>\r\n                    <\/div>\r\n                    <div class = \"td-slide-item td-item8\">\r\n                        <figure class=\"td-slide-galery-figure td-slide-popup-gallery\">\r\n                            <a class=\"slide-gallery-image-link\" href=\"\/wp-content\/uploads\/sites\/5\/2019\/10\/Capacitan-a-personal-sobre-uso-de-extintores-IGSS-2017-10.jpg\" title=\"Capacitan-a-personal-sobre-uso-de-extintores-IGSS-2017-10\"  data-caption=\"\"  data-description=\"\">\r\n                                <img decoding=\"async\" src=\"\/wp-content\/uploads\/sites\/5\/2019\/10\/Capacitan-a-personal-sobre-uso-de-extintores-IGSS-2017-10-630x420.jpg\" srcset=\"\/wp-content\/uploads\/sites\/5\/2019\/10\/Capacitan-a-personal-sobre-uso-de-extintores-IGSS-2017-10-630x420.jpg 630w, \/wp-content\/uploads\/sites\/5\/2019\/10\/Capacitan-a-personal-sobre-uso-de-extintores-IGSS-2017-10-1536x1024.jpg 1536w, \/wp-content\/uploads\/sites\/5\/2019\/10\/Capacitan-a-personal-sobre-uso-de-extintores-IGSS-2017-10-300x200.jpg 300w, \/wp-content\/uploads\/sites\/5\/2019\/10\/Capacitan-a-personal-sobre-uso-de-extintores-IGSS-2017-10-768x512.jpg 768w, \/wp-content\/uploads\/sites\/5\/2019\/10\/Capacitan-a-personal-sobre-uso-de-extintores-IGSS-2017-10-1024x683.jpg 1024w, \/wp-content\/uploads\/sites\/5\/2019\/10\/Capacitan-a-personal-sobre-uso-de-extintores-IGSS-2017-10-696x464.jpg 696w, \/wp-content\/uploads\/sites\/5\/2019\/10\/Capacitan-a-personal-sobre-uso-de-extintores-IGSS-2017-10-1068x712.jpg 1068w, \/wp-content\/uploads\/sites\/5\/2019\/10\/Capacitan-a-personal-sobre-uso-de-extintores-IGSS-2017-10-534x356.jpg 534w, \/wp-content\/uploads\/sites\/5\/2019\/10\/Capacitan-a-personal-sobre-uso-de-extintores-IGSS-2017-10.jpg 2048w\" sizes=\"(max-width: 630px) 100vw, 630px\" alt=\"\">\r\n                            <\/a>\r\n                            \r\n                        <\/figure>\r\n                    <\/div>\r\n                    <div class = \"td-slide-item td-item9\">\r\n                        <figure class=\"td-slide-galery-figure td-slide-popup-gallery\">\r\n                            <a class=\"slide-gallery-image-link\" href=\"\/wp-content\/uploads\/sites\/5\/2019\/10\/Capacitan-a-personal-sobre-uso-de-extintores-IGSS-2017-11.jpg\" title=\"Capacitan-a-personal-sobre-uso-de-extintores-IGSS-2017-11\"  data-caption=\"\"  data-description=\"\">\r\n                                <img decoding=\"async\" src=\"\/wp-content\/uploads\/sites\/5\/2019\/10\/Capacitan-a-personal-sobre-uso-de-extintores-IGSS-2017-11-630x420.jpg\" srcset=\"\/wp-content\/uploads\/sites\/5\/2019\/10\/Capacitan-a-personal-sobre-uso-de-extintores-IGSS-2017-11-630x420.jpg 630w, \/wp-content\/uploads\/sites\/5\/2019\/10\/Capacitan-a-personal-sobre-uso-de-extintores-IGSS-2017-11-1536x1024.jpg 1536w, \/wp-content\/uploads\/sites\/5\/2019\/10\/Capacitan-a-personal-sobre-uso-de-extintores-IGSS-2017-11-300x200.jpg 300w, \/wp-content\/uploads\/sites\/5\/2019\/10\/Capacitan-a-personal-sobre-uso-de-extintores-IGSS-2017-11-768x512.jpg 768w, \/wp-content\/uploads\/sites\/5\/2019\/10\/Capacitan-a-personal-sobre-uso-de-extintores-IGSS-2017-11-1024x683.jpg 1024w, \/wp-content\/uploads\/sites\/5\/2019\/10\/Capacitan-a-personal-sobre-uso-de-extintores-IGSS-2017-11-696x464.jpg 696w, \/wp-content\/uploads\/sites\/5\/2019\/10\/Capacitan-a-personal-sobre-uso-de-extintores-IGSS-2017-11-1068x712.jpg 1068w, \/wp-content\/uploads\/sites\/5\/2019\/10\/Capacitan-a-personal-sobre-uso-de-extintores-IGSS-2017-11-534x356.jpg 534w, \/wp-content\/uploads\/sites\/5\/2019\/10\/Capacitan-a-personal-sobre-uso-de-extintores-IGSS-2017-11.jpg 2048w\" sizes=\"(max-width: 630px) 100vw, 630px\" alt=\"\">\r\n                            <\/a>\r\n                            \r\n                        <\/figure>\r\n                    <\/div>\r\n                    <div class = \"td-slide-item td-item10\">\r\n                        <figure class=\"td-slide-galery-figure td-slide-popup-gallery\">\r\n                            <a class=\"slide-gallery-image-link\" href=\"\/wp-content\/uploads\/sites\/5\/2019\/10\/Capacitan-a-personal-sobre-uso-de-extintores-IGSS-2017-7-1.jpg\" title=\"Capacitan-a-personal-sobre-uso-de-extintores-IGSS-2017-7 (1)\"  data-caption=\"\"  data-description=\"\">\r\n                                <img decoding=\"async\" src=\"\/wp-content\/uploads\/sites\/5\/2019\/10\/Capacitan-a-personal-sobre-uso-de-extintores-IGSS-2017-7-1-630x420.jpg\" srcset=\"\/wp-content\/uploads\/sites\/5\/2019\/10\/Capacitan-a-personal-sobre-uso-de-extintores-IGSS-2017-7-1-630x420.jpg 630w, \/wp-content\/uploads\/sites\/5\/2019\/10\/Capacitan-a-personal-sobre-uso-de-extintores-IGSS-2017-7-1-1536x1024.jpg 1536w, \/wp-content\/uploads\/sites\/5\/2019\/10\/Capacitan-a-personal-sobre-uso-de-extintores-IGSS-2017-7-1-300x200.jpg 300w, \/wp-content\/uploads\/sites\/5\/2019\/10\/Capacitan-a-personal-sobre-uso-de-extintores-IGSS-2017-7-1-768x512.jpg 768w, \/wp-content\/uploads\/sites\/5\/2019\/10\/Capacitan-a-personal-sobre-uso-de-extintores-IGSS-2017-7-1-1024x683.jpg 1024w, \/wp-content\/uploads\/sites\/5\/2019\/10\/Capacitan-a-personal-sobre-uso-de-extintores-IGSS-2017-7-1-696x464.jpg 696w, \/wp-content\/uploads\/sites\/5\/2019\/10\/Capacitan-a-personal-sobre-uso-de-extintores-IGSS-2017-7-1-1068x712.jpg 1068w, \/wp-content\/uploads\/sites\/5\/2019\/10\/Capacitan-a-personal-sobre-uso-de-extintores-IGSS-2017-7-1-534x356.jpg 534w, \/wp-content\/uploads\/sites\/5\/2019\/10\/Capacitan-a-personal-sobre-uso-de-extintores-IGSS-2017-7-1.jpg 2048w\" sizes=\"(max-width: 630px) 100vw, 630px\" alt=\"\">\r\n                            <\/a>\r\n                            \r\n                        <\/figure>\r\n                    <\/div>\r\n                    <div class = \"td-slide-item td-item11\">\r\n                        <figure class=\"td-slide-galery-figure td-slide-popup-gallery\">\r\n                            <a class=\"slide-gallery-image-link\" href=\"\/wp-content\/uploads\/sites\/5\/2019\/10\/Capacitan-a-personal-sobre-uso-de-extintores-IGSS-2017-6-1.jpg\" title=\"Capacitan-a-personal-sobre-uso-de-extintores-IGSS-2017-6 (1)\"  data-caption=\"\"  data-description=\"\">\r\n                                <img decoding=\"async\" src=\"\/wp-content\/uploads\/sites\/5\/2019\/10\/Capacitan-a-personal-sobre-uso-de-extintores-IGSS-2017-6-1-630x420.jpg\" srcset=\"\/wp-content\/uploads\/sites\/5\/2019\/10\/Capacitan-a-personal-sobre-uso-de-extintores-IGSS-2017-6-1-630x420.jpg 630w, \/wp-content\/uploads\/sites\/5\/2019\/10\/Capacitan-a-personal-sobre-uso-de-extintores-IGSS-2017-6-1-1536x1024.jpg 1536w, \/wp-content\/uploads\/sites\/5\/2019\/10\/Capacitan-a-personal-sobre-uso-de-extintores-IGSS-2017-6-1-300x200.jpg 300w, \/wp-content\/uploads\/sites\/5\/2019\/10\/Capacitan-a-personal-sobre-uso-de-extintores-IGSS-2017-6-1-768x512.jpg 768w, \/wp-content\/uploads\/sites\/5\/2019\/10\/Capacitan-a-personal-sobre-uso-de-extintores-IGSS-2017-6-1-1024x683.jpg 1024w, \/wp-content\/uploads\/sites\/5\/2019\/10\/Capacitan-a-personal-sobre-uso-de-extintores-IGSS-2017-6-1-696x464.jpg 696w, \/wp-content\/uploads\/sites\/5\/2019\/10\/Capacitan-a-personal-sobre-uso-de-extintores-IGSS-2017-6-1-1068x712.jpg 1068w, \/wp-content\/uploads\/sites\/5\/2019\/10\/Capacitan-a-personal-sobre-uso-de-extintores-IGSS-2017-6-1-534x356.jpg 534w, \/wp-content\/uploads\/sites\/5\/2019\/10\/Capacitan-a-personal-sobre-uso-de-extintores-IGSS-2017-6-1.jpg 2048w\" sizes=\"(max-width: 630px) 100vw, 630px\" alt=\"\">\r\n                            <\/a>\r\n                            \r\n                        <\/figure>\r\n                    <\/div>\r\n                            <\/div>\r\n                        <\/div>\r\n\r\n                        <div class = \"td-doubleSlider-2\">\r\n                            <div class = \"td-slider\">\r\n                                \r\n                    <div class = \"td-button td-item1\">\r\n                        <div class = \"td-border\"><\/div>\r\n                    <\/div>\r\n                    <div class = \"td-button td-item2\">\r\n                        <div class = \"td-border\"><\/div>\r\n                    <\/div>\r\n                    <div class = \"td-button td-item3\">\r\n                        <div class = \"td-border\"><\/div>\r\n                    <\/div>\r\n                    <div class = \"td-button td-item4\">\r\n                        <div class = \"td-border\"><\/div>\r\n                    <\/div>\r\n                    <div class = \"td-button td-item5\">\r\n                        <div class = \"td-border\"><\/div>\r\n                    <\/div>\r\n                    <div class = \"td-button td-item6\">\r\n                        <div class = \"td-border\"><\/div>\r\n                    <\/div>\r\n                    <div class = \"td-button td-item7\">\r\n                        <div class = \"td-border\"><\/div>\r\n                    <\/div>\r\n                    <div class = \"td-button td-item8\">\r\n                        <div class = \"td-border\"><\/div>\r\n                    <\/div>\r\n                    <div class = \"td-button td-item9\">\r\n                        <div class = \"td-border\"><\/div>\r\n                    <\/div>\r\n                    <div class = \"td-button td-item10\">\r\n                        <div class = \"td-border\"><\/div>\r\n                    <\/div>\r\n                    <div class = \"td-button td-item11\">\r\n                        <div class = \"td-border\"><\/div>\r\n                    <\/div>\r\n                            <\/div>\r\n                        <\/div>\r\n\r\n                    <\/div>\r\n\r\n                <\/div>\r\n                ","protected":false},"excerpt":{"rendered":"<p>Dentro del desarrollo y la planificaci\u00f3n que se tiene de parte de la Secci\u00f3n de Higiene y Prevenci\u00f3n de Accidentes para los colaboradores del IGSS, en este caso para los supervisores de salud ocupacional que son los encargados de visitar a las siguientes empresas afiliadas al seguro para evaluar riesgos laborales en cumplimiento del reglamento [&hellip;]<\/p>\n","protected":false},"author":9,"featured_media":12408,"comment_status":"open","ping_status":"open","sticky":false,"template":"","format":"standard","meta":{"footnotes":""},"categories":[3,17,29],"tags":[160,320,472,490],"coauthors":[888],"class_list":{"0":"post-12394","1":"post","2":"type-post","3":"status-publish","4":"format-standard","5":"has-post-thumbnail","7":"category-actualidad","8":"category-formacion-y-desarrollo","9":"category-publicaciones","10":"tag-capacitacion","11":"tag-dr-mynor-mejia","12":"tag-higiene-y-prevencion-de-accidentes","13":"tag-igss"},"_links":{"self":[{"href":"https:\/\/www.igssgt.org\/noticias\/wp-json\/wp\/v2\/posts\/12394","targetHints":{"allow":["GET"]}}],"collection":[{"href":"https:\/\/www.igssgt.org\/noticias\/wp-json\/wp\/v2\/posts"}],"about":[{"href":"https:\/\/www.igssgt.org\/noticias\/wp-json\/wp\/v2\/types\/post"}],"author":[{"embeddable":true,"href":"https:\/\/www.igssgt.org\/noticias\/wp-json\/wp\/v2\/users\/9"}],"replies":[{"embeddable":true,"href":"https:\/\/www.igssgt.org\/noticias\/wp-json\/wp\/v2\/comments?post=12394"}],"version-history":[{"count":1,"href":"https:\/\/www.igssgt.org\/noticias\/wp-json\/wp\/v2\/posts\/12394\/revisions"}],"predecessor-version":[{"id":12409,"href":"https:\/\/www.igssgt.org\/noticias\/wp-json\/wp\/v2\/posts\/12394\/revisions\/12409"}],"wp:featuredmedia":[{"embeddable":true,"href":"https:\/\/www.igssgt.org\/noticias\/wp-json\/wp\/v2\/media\/12408"}],"wp:attachment":[{"href":"https:\/\/www.igssgt.org\/noticias\/wp-json\/wp\/v2\/media?parent=12394"}],"wp:term":[{"taxonomy":"category","embeddable":true,"href":"https:\/\/www.igssgt.org\/noticias\/wp-json\/wp\/v2\/categories?post=12394"},{"taxonomy":"post_tag","embeddable":true,"href":"https:\/\/www.igssgt.org\/noticias\/wp-json\/wp\/v2\/tags?post=12394"},{"taxonomy":"author","embeddable":true,"href":"https:\/\/www.igssgt.org\/noticias\/wp-json\/wp\/v2\/coauthors?post=12394"}],"curies":[{"name":"wp","href":"https:\/\/api.w.org\/{rel}","templated":true}]}}