{"id":12614,"date":"2017-09-04T11:02:43","date_gmt":"2017-09-04T17:02:43","guid":{"rendered":"https:\/\/www.igssgt.org\/noticias\/?p=12614"},"modified":"2019-10-09T11:09:32","modified_gmt":"2019-10-09T17:09:32","slug":"expertos-del-instituto-salvadoreno-del-seguro-social-comparten-experiencias-con-personal-del-igss","status":"publish","type":"post","link":"https:\/\/www.igssgt.org\/noticias\/2017\/09\/04\/expertos-del-instituto-salvadoreno-del-seguro-social-comparten-experiencias-con-personal-del-igss\/","title":{"rendered":"Expertos del Instituto Salvadore\u00f1o del Seguro Social comparten experiencias con personal del IGSS"},"content":{"rendered":"\n<figure class=\"wp-block-image\"><img loading=\"lazy\" decoding=\"async\" width=\"1024\" height=\"683\" src=\"\/wp-content\/uploads\/sites\/5\/2019\/10\/Instituto-Salvadoreno-del-Seguro-Social-taller-IGSS-Guatemala-2017-04-1024x683.jpg\" alt=\"\" class=\"wp-image-12615\" srcset=\"\/wp-content\/uploads\/sites\/5\/2019\/10\/Instituto-Salvadoreno-del-Seguro-Social-taller-IGSS-Guatemala-2017-04-1024x683.jpg 1024w, \/wp-content\/uploads\/sites\/5\/2019\/10\/Instituto-Salvadoreno-del-Seguro-Social-taller-IGSS-Guatemala-2017-04-300x200.jpg 300w, \/wp-content\/uploads\/sites\/5\/2019\/10\/Instituto-Salvadoreno-del-Seguro-Social-taller-IGSS-Guatemala-2017-04-768x512.jpg 768w, \/wp-content\/uploads\/sites\/5\/2019\/10\/Instituto-Salvadoreno-del-Seguro-Social-taller-IGSS-Guatemala-2017-04-630x420.jpg 630w, \/wp-content\/uploads\/sites\/5\/2019\/10\/Instituto-Salvadoreno-del-Seguro-Social-taller-IGSS-Guatemala-2017-04-696x464.jpg 696w, \/wp-content\/uploads\/sites\/5\/2019\/10\/Instituto-Salvadoreno-del-Seguro-Social-taller-IGSS-Guatemala-2017-04-1068x712.jpg 1068w, \/wp-content\/uploads\/sites\/5\/2019\/10\/Instituto-Salvadoreno-del-Seguro-Social-taller-IGSS-Guatemala-2017-04-534x356.jpg 534w, \/wp-content\/uploads\/sites\/5\/2019\/10\/Instituto-Salvadoreno-del-Seguro-Social-taller-IGSS-Guatemala-2017-04.jpg 1440w\" sizes=\"auto, (max-width: 1024px) 100vw, 1024px\" \/><\/figure>\n\n\n\n<h3 class=\"wp-block-heading\"><strong>Taller bloque quir\u00fargico y cl\u00ednicas de \u00falceras y heridas<\/strong><\/h3>\n\n\n\n<p>Expertos de distintas \u00e1reas del Instituto Salvadore\u00f1o del Seguro Social (ISSS) participaron en el Taller Bloque Quir\u00fargico y Cl\u00ednicas de \u00dalceras y Heridas realizado hoy en el auditorio de las Oficinas Centrales del Instituto Guatemalteco de Seguridad Social (IGSS).<\/p>\n\n\n\n<p>El objetivo de esta actividad es intercambiar experiencias y conocimientos que podr\u00e1n ser implementados por ambas instituciones para mejorar su funcionamiento, as\u00ed como la atenci\u00f3n a los usuarios de los servicios, indica el doctor Vidal Herrera Gerente del IGSS.<\/p>\n\n\n\n<p>El doctor Arturo Ernesto Garc\u00eda Aquino, subgerente de Prestaciones en Salud del IGSS, resalta la importancia del taller tomando en cuenta el nivel que alcanza la presa quir\u00fargica con la que cuenta el Instituto y resalt\u00f3 que en la reciente visita al Hospital Departamental de Escuintla se estableci\u00f3 que casi mil personas est\u00e1n a la espera de una intervenci\u00f3n quir\u00fargica.<\/p>\n\n\n\n<h3 class=\"wp-block-heading\"><strong>Los temas<\/strong><\/h3>\n\n\n\n<p>El doctor Roberto Antonio Rumualdo, coordinador institucional de cirug\u00eda del ISSS, expuso los temas Pol\u00edtica de Atenci\u00f3n Quir\u00fargica, Cirug\u00eda Ambulatoria y Proyecto de Cl\u00ednica de \u00dalceras y Heridas en el ISSS.<\/p>\n\n\n\n<p>Otros temas abordados son Bloque Quir\u00fargico, por el doctor Julio Ernesto Guti\u00e9rrez, jefe de Sala de Operaciones del ISSS, as\u00ed como Oportunidad Quir\u00fargica, por el doctor El\u00ed Abraham Rosales, quien tambi\u00e9n ocupa el cargo de jefe de Sala de Operaciones de esa Instituci\u00f3n.<\/p>\n\n\n\n<p>Tambi\u00e9n fueron expuestos los temas Curso Perioperativo Impartidos a SOP, por la licenciada Patricia Catal\u00e1n, y Escuela de Heridas, por parte de la licenciada Hilda De Le\u00f3n. En la actividad participaron cirujanos de distintas especialidades de unidades del IGSS de la capital as\u00ed como del departamento de Escuintla.<\/p>\n\n\n\r\n                <style type=\"text\/css\">\r\n                    \r\n                    #tdi_1  .td-doubleSlider-2 .td-item1 {\r\n                        background: url(\/wp-content\/uploads\/sites\/5\/2019\/10\/Instituto-Salvadoreno-del-Seguro-Social-taller-IGSS-Guatemala-2017-07-80x60.jpg) 0 0 no-repeat;\r\n                    }\r\n                    #tdi_1  .td-doubleSlider-2 .td-item2 {\r\n                        background: url(\/wp-content\/uploads\/sites\/5\/2019\/10\/Instituto-Salvadoreno-del-Seguro-Social-taller-IGSS-Guatemala-2017-04-696x464-1-80x60.jpg) 0 0 no-repeat;\r\n                    }\r\n                    #tdi_1  .td-doubleSlider-2 .td-item3 {\r\n                        background: url(\/wp-content\/uploads\/sites\/5\/2019\/10\/Instituto-Salvadoreno-del-Seguro-Social-taller-IGSS-Guatemala-2017-01-80x60.jpg) 0 0 no-repeat;\r\n                    }\r\n                    #tdi_1  .td-doubleSlider-2 .td-item4 {\r\n                        background: url(\/wp-content\/uploads\/sites\/5\/2019\/10\/Instituto-Salvadoreno-del-Seguro-Social-taller-IGSS-Guatemala-2017-02-80x60.jpg) 0 0 no-repeat;\r\n                    }\r\n                    #tdi_1  .td-doubleSlider-2 .td-item5 {\r\n                        background: url(\/wp-content\/uploads\/sites\/5\/2019\/10\/Instituto-Salvadoreno-del-Seguro-Social-taller-IGSS-Guatemala-2017-06-80x60.jpg) 0 0 no-repeat;\r\n                    }\r\n                    #tdi_1  .td-doubleSlider-2 .td-item6 {\r\n                        background: url(\/wp-content\/uploads\/sites\/5\/2019\/10\/Instituto-Salvadoreno-del-Seguro-Social-taller-IGSS-Guatemala-2017-10-80x60.jpg) 0 0 no-repeat;\r\n                    }\r\n                    #tdi_1  .td-doubleSlider-2 .td-item7 {\r\n                        background: url(\/wp-content\/uploads\/sites\/5\/2019\/10\/Instituto-Salvadoreno-del-Seguro-Social-taller-IGSS-Guatemala-2017-07-1-80x60.jpg) 0 0 no-repeat;\r\n                    }\r\n                    #tdi_1  .td-doubleSlider-2 .td-item8 {\r\n                        background: url(\/wp-content\/uploads\/sites\/5\/2019\/10\/Instituto-Salvadoreno-del-Seguro-Social-taller-IGSS-Guatemala-2017-04-80x60.jpg) 0 0 no-repeat;\r\n                    }\r\n                <\/style>\r\n\r\n                <div id=\"tdi_1\" class=\"td-gallery td-slide-on-2-columns\">\r\n                    <div class=\"post_td_gallery\">\r\n                        <div class=\"td-gallery-slide-top\">\r\n                           <div class=\"td-gallery-title\"><\/div>\r\n\r\n                            <div class=\"td-gallery-controls-wrapper\">\r\n                                <div class=\"td-gallery-slide-count\"><span class=\"td-gallery-slide-item-focus\">1<\/span> de 8<\/div>\r\n                                <div class=\"td-gallery-slide-prev-next-but\">\r\n                                    <i class = \"td-icon-left doubleSliderPrevButton\"><\/i>\r\n                                    <i class = \"td-icon-right doubleSliderNextButton\"><\/i>\r\n                                <\/div>\r\n                            <\/div>\r\n                        <\/div>\r\n\r\n                        <div class = \"td-doubleSlider-1 \">\r\n                            <div class = \"td-slider\">\r\n                                \r\n                    <div class = \"td-slide-item td-item1\">\r\n                        <figure class=\"td-slide-galery-figure td-slide-popup-gallery\">\r\n                            <a class=\"slide-gallery-image-link\" href=\"\/wp-content\/uploads\/sites\/5\/2019\/10\/Instituto-Salvadoreno-del-Seguro-Social-taller-IGSS-Guatemala-2017-07.jpg\" title=\"Instituto-Salvadoreno-del-Seguro-Social-taller-IGSS-Guatemala-2017-07\"  data-caption=\"\"  data-description=\"\">\r\n                                <img decoding=\"async\" src=\"\/wp-content\/uploads\/sites\/5\/2019\/10\/Instituto-Salvadoreno-del-Seguro-Social-taller-IGSS-Guatemala-2017-07-630x420.jpg\" srcset=\"\/wp-content\/uploads\/sites\/5\/2019\/10\/Instituto-Salvadoreno-del-Seguro-Social-taller-IGSS-Guatemala-2017-07-630x420.jpg 630w, \/wp-content\/uploads\/sites\/5\/2019\/10\/Instituto-Salvadoreno-del-Seguro-Social-taller-IGSS-Guatemala-2017-07-300x200.jpg 300w, \/wp-content\/uploads\/sites\/5\/2019\/10\/Instituto-Salvadoreno-del-Seguro-Social-taller-IGSS-Guatemala-2017-07-768x512.jpg 768w, \/wp-content\/uploads\/sites\/5\/2019\/10\/Instituto-Salvadoreno-del-Seguro-Social-taller-IGSS-Guatemala-2017-07-1024x683.jpg 1024w, \/wp-content\/uploads\/sites\/5\/2019\/10\/Instituto-Salvadoreno-del-Seguro-Social-taller-IGSS-Guatemala-2017-07-696x464.jpg 696w, \/wp-content\/uploads\/sites\/5\/2019\/10\/Instituto-Salvadoreno-del-Seguro-Social-taller-IGSS-Guatemala-2017-07-1068x712.jpg 1068w, \/wp-content\/uploads\/sites\/5\/2019\/10\/Instituto-Salvadoreno-del-Seguro-Social-taller-IGSS-Guatemala-2017-07-534x356.jpg 534w, \/wp-content\/uploads\/sites\/5\/2019\/10\/Instituto-Salvadoreno-del-Seguro-Social-taller-IGSS-Guatemala-2017-07.jpg 1440w\" sizes=\"(max-width: 630px) 100vw, 630px\" alt=\"\">\r\n                            <\/a>\r\n                            \r\n                        <\/figure>\r\n                    <\/div>\r\n                    <div class = \"td-slide-item td-item2\">\r\n                        <figure class=\"td-slide-galery-figure td-slide-popup-gallery\">\r\n                            <a class=\"slide-gallery-image-link\" href=\"\/wp-content\/uploads\/sites\/5\/2019\/10\/Instituto-Salvadoreno-del-Seguro-Social-taller-IGSS-Guatemala-2017-04-696x464-1.jpg\" title=\"Instituto-Salvadoreno-del-Seguro-Social-taller-IGSS-Guatemala-2017-04-696x464\"  data-caption=\"\"  data-description=\"\">\r\n                                <img decoding=\"async\" src=\"\/wp-content\/uploads\/sites\/5\/2019\/10\/Instituto-Salvadoreno-del-Seguro-Social-taller-IGSS-Guatemala-2017-04-696x464-1-630x420.jpg\" srcset=\"\/wp-content\/uploads\/sites\/5\/2019\/10\/Instituto-Salvadoreno-del-Seguro-Social-taller-IGSS-Guatemala-2017-04-696x464-1-630x420.jpg 630w, \/wp-content\/uploads\/sites\/5\/2019\/10\/Instituto-Salvadoreno-del-Seguro-Social-taller-IGSS-Guatemala-2017-04-696x464-1-300x200.jpg 300w, \/wp-content\/uploads\/sites\/5\/2019\/10\/Instituto-Salvadoreno-del-Seguro-Social-taller-IGSS-Guatemala-2017-04-696x464-1.jpg 696w, \/wp-content\/uploads\/sites\/5\/2019\/10\/Instituto-Salvadoreno-del-Seguro-Social-taller-IGSS-Guatemala-2017-04-696x464-1-534x356.jpg 534w\" sizes=\"(max-width: 630px) 100vw, 630px\" alt=\"\">\r\n                            <\/a>\r\n                            \r\n                        <\/figure>\r\n                    <\/div>\r\n                    <div class = \"td-slide-item td-item3\">\r\n                        <figure class=\"td-slide-galery-figure td-slide-popup-gallery\">\r\n                            <a class=\"slide-gallery-image-link\" href=\"\/wp-content\/uploads\/sites\/5\/2019\/10\/Instituto-Salvadoreno-del-Seguro-Social-taller-IGSS-Guatemala-2017-01.jpg\" title=\"Instituto-Salvadoreno-del-Seguro-Social-taller-IGSS-Guatemala-2017-01\"  data-caption=\"\"  data-description=\"\">\r\n                                <img decoding=\"async\" src=\"\/wp-content\/uploads\/sites\/5\/2019\/10\/Instituto-Salvadoreno-del-Seguro-Social-taller-IGSS-Guatemala-2017-01-630x420.jpg\" srcset=\"\/wp-content\/uploads\/sites\/5\/2019\/10\/Instituto-Salvadoreno-del-Seguro-Social-taller-IGSS-Guatemala-2017-01-630x420.jpg 630w, \/wp-content\/uploads\/sites\/5\/2019\/10\/Instituto-Salvadoreno-del-Seguro-Social-taller-IGSS-Guatemala-2017-01-300x200.jpg 300w, \/wp-content\/uploads\/sites\/5\/2019\/10\/Instituto-Salvadoreno-del-Seguro-Social-taller-IGSS-Guatemala-2017-01-768x512.jpg 768w, \/wp-content\/uploads\/sites\/5\/2019\/10\/Instituto-Salvadoreno-del-Seguro-Social-taller-IGSS-Guatemala-2017-01-1024x683.jpg 1024w, \/wp-content\/uploads\/sites\/5\/2019\/10\/Instituto-Salvadoreno-del-Seguro-Social-taller-IGSS-Guatemala-2017-01-696x464.jpg 696w, \/wp-content\/uploads\/sites\/5\/2019\/10\/Instituto-Salvadoreno-del-Seguro-Social-taller-IGSS-Guatemala-2017-01-1068x712.jpg 1068w, \/wp-content\/uploads\/sites\/5\/2019\/10\/Instituto-Salvadoreno-del-Seguro-Social-taller-IGSS-Guatemala-2017-01-534x356.jpg 534w, \/wp-content\/uploads\/sites\/5\/2019\/10\/Instituto-Salvadoreno-del-Seguro-Social-taller-IGSS-Guatemala-2017-01.jpg 1440w\" sizes=\"(max-width: 630px) 100vw, 630px\" alt=\"\">\r\n                            <\/a>\r\n                            \r\n                        <\/figure>\r\n                    <\/div>\r\n                    <div class = \"td-slide-item td-item4\">\r\n                        <figure class=\"td-slide-galery-figure td-slide-popup-gallery\">\r\n                            <a class=\"slide-gallery-image-link\" href=\"\/wp-content\/uploads\/sites\/5\/2019\/10\/Instituto-Salvadoreno-del-Seguro-Social-taller-IGSS-Guatemala-2017-02.jpg\" title=\"Instituto-Salvadoreno-del-Seguro-Social-taller-IGSS-Guatemala-2017-02\"  data-caption=\"\"  data-description=\"\">\r\n                                <img decoding=\"async\" src=\"\/wp-content\/uploads\/sites\/5\/2019\/10\/Instituto-Salvadoreno-del-Seguro-Social-taller-IGSS-Guatemala-2017-02-630x420.jpg\" srcset=\"\/wp-content\/uploads\/sites\/5\/2019\/10\/Instituto-Salvadoreno-del-Seguro-Social-taller-IGSS-Guatemala-2017-02-630x420.jpg 630w, \/wp-content\/uploads\/sites\/5\/2019\/10\/Instituto-Salvadoreno-del-Seguro-Social-taller-IGSS-Guatemala-2017-02-300x200.jpg 300w, \/wp-content\/uploads\/sites\/5\/2019\/10\/Instituto-Salvadoreno-del-Seguro-Social-taller-IGSS-Guatemala-2017-02-768x512.jpg 768w, \/wp-content\/uploads\/sites\/5\/2019\/10\/Instituto-Salvadoreno-del-Seguro-Social-taller-IGSS-Guatemala-2017-02-1024x683.jpg 1024w, \/wp-content\/uploads\/sites\/5\/2019\/10\/Instituto-Salvadoreno-del-Seguro-Social-taller-IGSS-Guatemala-2017-02-696x464.jpg 696w, \/wp-content\/uploads\/sites\/5\/2019\/10\/Instituto-Salvadoreno-del-Seguro-Social-taller-IGSS-Guatemala-2017-02-1068x712.jpg 1068w, \/wp-content\/uploads\/sites\/5\/2019\/10\/Instituto-Salvadoreno-del-Seguro-Social-taller-IGSS-Guatemala-2017-02-534x356.jpg 534w, \/wp-content\/uploads\/sites\/5\/2019\/10\/Instituto-Salvadoreno-del-Seguro-Social-taller-IGSS-Guatemala-2017-02.jpg 1440w\" sizes=\"(max-width: 630px) 100vw, 630px\" alt=\"\">\r\n                            <\/a>\r\n                            \r\n                        <\/figure>\r\n                    <\/div>\r\n                    <div class = \"td-slide-item td-item5\">\r\n                        <figure class=\"td-slide-galery-figure td-slide-popup-gallery\">\r\n                            <a class=\"slide-gallery-image-link\" href=\"\/wp-content\/uploads\/sites\/5\/2019\/10\/Instituto-Salvadoreno-del-Seguro-Social-taller-IGSS-Guatemala-2017-06.jpg\" title=\"Instituto-Salvadoreno-del-Seguro-Social-taller-IGSS-Guatemala-2017-06\"  data-caption=\"\"  data-description=\"\">\r\n                                <img decoding=\"async\" src=\"\/wp-content\/uploads\/sites\/5\/2019\/10\/Instituto-Salvadoreno-del-Seguro-Social-taller-IGSS-Guatemala-2017-06-630x420.jpg\" srcset=\"\/wp-content\/uploads\/sites\/5\/2019\/10\/Instituto-Salvadoreno-del-Seguro-Social-taller-IGSS-Guatemala-2017-06-630x420.jpg 630w, \/wp-content\/uploads\/sites\/5\/2019\/10\/Instituto-Salvadoreno-del-Seguro-Social-taller-IGSS-Guatemala-2017-06-300x200.jpg 300w, \/wp-content\/uploads\/sites\/5\/2019\/10\/Instituto-Salvadoreno-del-Seguro-Social-taller-IGSS-Guatemala-2017-06-768x512.jpg 768w, \/wp-content\/uploads\/sites\/5\/2019\/10\/Instituto-Salvadoreno-del-Seguro-Social-taller-IGSS-Guatemala-2017-06-1024x683.jpg 1024w, \/wp-content\/uploads\/sites\/5\/2019\/10\/Instituto-Salvadoreno-del-Seguro-Social-taller-IGSS-Guatemala-2017-06-696x464.jpg 696w, \/wp-content\/uploads\/sites\/5\/2019\/10\/Instituto-Salvadoreno-del-Seguro-Social-taller-IGSS-Guatemala-2017-06-1068x712.jpg 1068w, \/wp-content\/uploads\/sites\/5\/2019\/10\/Instituto-Salvadoreno-del-Seguro-Social-taller-IGSS-Guatemala-2017-06-534x356.jpg 534w, \/wp-content\/uploads\/sites\/5\/2019\/10\/Instituto-Salvadoreno-del-Seguro-Social-taller-IGSS-Guatemala-2017-06.jpg 1440w\" sizes=\"(max-width: 630px) 100vw, 630px\" alt=\"\">\r\n                            <\/a>\r\n                            \r\n                        <\/figure>\r\n                    <\/div>\r\n                    <div class = \"td-slide-item td-item6\">\r\n                        <figure class=\"td-slide-galery-figure td-slide-popup-gallery\">\r\n                            <a class=\"slide-gallery-image-link\" href=\"\/wp-content\/uploads\/sites\/5\/2019\/10\/Instituto-Salvadoreno-del-Seguro-Social-taller-IGSS-Guatemala-2017-10.jpg\" title=\"Instituto-Salvadoreno-del-Seguro-Social-taller-IGSS-Guatemala-2017-10\"  data-caption=\"\"  data-description=\"\">\r\n                                <img decoding=\"async\" src=\"\/wp-content\/uploads\/sites\/5\/2019\/10\/Instituto-Salvadoreno-del-Seguro-Social-taller-IGSS-Guatemala-2017-10-630x420.jpg\" srcset=\"\/wp-content\/uploads\/sites\/5\/2019\/10\/Instituto-Salvadoreno-del-Seguro-Social-taller-IGSS-Guatemala-2017-10-630x420.jpg 630w, \/wp-content\/uploads\/sites\/5\/2019\/10\/Instituto-Salvadoreno-del-Seguro-Social-taller-IGSS-Guatemala-2017-10-300x200.jpg 300w, \/wp-content\/uploads\/sites\/5\/2019\/10\/Instituto-Salvadoreno-del-Seguro-Social-taller-IGSS-Guatemala-2017-10-768x512.jpg 768w, \/wp-content\/uploads\/sites\/5\/2019\/10\/Instituto-Salvadoreno-del-Seguro-Social-taller-IGSS-Guatemala-2017-10-1024x683.jpg 1024w, \/wp-content\/uploads\/sites\/5\/2019\/10\/Instituto-Salvadoreno-del-Seguro-Social-taller-IGSS-Guatemala-2017-10-696x464.jpg 696w, \/wp-content\/uploads\/sites\/5\/2019\/10\/Instituto-Salvadoreno-del-Seguro-Social-taller-IGSS-Guatemala-2017-10-1068x712.jpg 1068w, \/wp-content\/uploads\/sites\/5\/2019\/10\/Instituto-Salvadoreno-del-Seguro-Social-taller-IGSS-Guatemala-2017-10-534x356.jpg 534w, \/wp-content\/uploads\/sites\/5\/2019\/10\/Instituto-Salvadoreno-del-Seguro-Social-taller-IGSS-Guatemala-2017-10.jpg 1440w\" sizes=\"(max-width: 630px) 100vw, 630px\" alt=\"\">\r\n                            <\/a>\r\n                            \r\n                        <\/figure>\r\n                    <\/div>\r\n                    <div class = \"td-slide-item td-item7\">\r\n                        <figure class=\"td-slide-galery-figure td-slide-popup-gallery\">\r\n                            <a class=\"slide-gallery-image-link\" href=\"\/wp-content\/uploads\/sites\/5\/2019\/10\/Instituto-Salvadoreno-del-Seguro-Social-taller-IGSS-Guatemala-2017-07-1.jpg\" title=\"Instituto-Salvadoreno-del-Seguro-Social-taller-IGSS-Guatemala-2017-07 (1)\"  data-caption=\"\"  data-description=\"\">\r\n                                <img decoding=\"async\" src=\"\/wp-content\/uploads\/sites\/5\/2019\/10\/Instituto-Salvadoreno-del-Seguro-Social-taller-IGSS-Guatemala-2017-07-1-630x420.jpg\" srcset=\"\/wp-content\/uploads\/sites\/5\/2019\/10\/Instituto-Salvadoreno-del-Seguro-Social-taller-IGSS-Guatemala-2017-07-1-630x420.jpg 630w, \/wp-content\/uploads\/sites\/5\/2019\/10\/Instituto-Salvadoreno-del-Seguro-Social-taller-IGSS-Guatemala-2017-07-1-300x200.jpg 300w, \/wp-content\/uploads\/sites\/5\/2019\/10\/Instituto-Salvadoreno-del-Seguro-Social-taller-IGSS-Guatemala-2017-07-1-768x512.jpg 768w, \/wp-content\/uploads\/sites\/5\/2019\/10\/Instituto-Salvadoreno-del-Seguro-Social-taller-IGSS-Guatemala-2017-07-1-1024x683.jpg 1024w, \/wp-content\/uploads\/sites\/5\/2019\/10\/Instituto-Salvadoreno-del-Seguro-Social-taller-IGSS-Guatemala-2017-07-1-696x464.jpg 696w, \/wp-content\/uploads\/sites\/5\/2019\/10\/Instituto-Salvadoreno-del-Seguro-Social-taller-IGSS-Guatemala-2017-07-1-1068x712.jpg 1068w, \/wp-content\/uploads\/sites\/5\/2019\/10\/Instituto-Salvadoreno-del-Seguro-Social-taller-IGSS-Guatemala-2017-07-1-534x356.jpg 534w, \/wp-content\/uploads\/sites\/5\/2019\/10\/Instituto-Salvadoreno-del-Seguro-Social-taller-IGSS-Guatemala-2017-07-1.jpg 1440w\" sizes=\"(max-width: 630px) 100vw, 630px\" alt=\"\">\r\n                            <\/a>\r\n                            \r\n                        <\/figure>\r\n                    <\/div>\r\n                    <div class = \"td-slide-item td-item8\">\r\n                        <figure class=\"td-slide-galery-figure td-slide-popup-gallery\">\r\n                            <a class=\"slide-gallery-image-link\" href=\"\/wp-content\/uploads\/sites\/5\/2019\/10\/Instituto-Salvadoreno-del-Seguro-Social-taller-IGSS-Guatemala-2017-04.jpg\" title=\"Instituto-Salvadoreno-del-Seguro-Social-taller-IGSS-Guatemala-2017-04\"  data-caption=\"\"  data-description=\"\">\r\n                                <img decoding=\"async\" src=\"\/wp-content\/uploads\/sites\/5\/2019\/10\/Instituto-Salvadoreno-del-Seguro-Social-taller-IGSS-Guatemala-2017-04-630x420.jpg\" srcset=\"\/wp-content\/uploads\/sites\/5\/2019\/10\/Instituto-Salvadoreno-del-Seguro-Social-taller-IGSS-Guatemala-2017-04-630x420.jpg 630w, \/wp-content\/uploads\/sites\/5\/2019\/10\/Instituto-Salvadoreno-del-Seguro-Social-taller-IGSS-Guatemala-2017-04-300x200.jpg 300w, \/wp-content\/uploads\/sites\/5\/2019\/10\/Instituto-Salvadoreno-del-Seguro-Social-taller-IGSS-Guatemala-2017-04-768x512.jpg 768w, \/wp-content\/uploads\/sites\/5\/2019\/10\/Instituto-Salvadoreno-del-Seguro-Social-taller-IGSS-Guatemala-2017-04-1024x683.jpg 1024w, \/wp-content\/uploads\/sites\/5\/2019\/10\/Instituto-Salvadoreno-del-Seguro-Social-taller-IGSS-Guatemala-2017-04-696x464.jpg 696w, \/wp-content\/uploads\/sites\/5\/2019\/10\/Instituto-Salvadoreno-del-Seguro-Social-taller-IGSS-Guatemala-2017-04-1068x712.jpg 1068w, \/wp-content\/uploads\/sites\/5\/2019\/10\/Instituto-Salvadoreno-del-Seguro-Social-taller-IGSS-Guatemala-2017-04-534x356.jpg 534w, \/wp-content\/uploads\/sites\/5\/2019\/10\/Instituto-Salvadoreno-del-Seguro-Social-taller-IGSS-Guatemala-2017-04.jpg 1440w\" sizes=\"(max-width: 630px) 100vw, 630px\" alt=\"\">\r\n                            <\/a>\r\n                            \r\n                        <\/figure>\r\n                    <\/div>\r\n                            <\/div>\r\n                        <\/div>\r\n\r\n                        <div class = \"td-doubleSlider-2\">\r\n                            <div class = \"td-slider\">\r\n                                \r\n                    <div class = \"td-button td-item1\">\r\n                        <div class = \"td-border\"><\/div>\r\n                    <\/div>\r\n                    <div class = \"td-button td-item2\">\r\n                        <div class = \"td-border\"><\/div>\r\n                    <\/div>\r\n                    <div class = \"td-button td-item3\">\r\n                        <div class = \"td-border\"><\/div>\r\n                    <\/div>\r\n                    <div class = \"td-button td-item4\">\r\n                        <div class = \"td-border\"><\/div>\r\n                    <\/div>\r\n                    <div class = \"td-button td-item5\">\r\n                        <div class = \"td-border\"><\/div>\r\n                    <\/div>\r\n                    <div class = \"td-button td-item6\">\r\n                        <div class = \"td-border\"><\/div>\r\n                    <\/div>\r\n                    <div class = \"td-button td-item7\">\r\n                        <div class = \"td-border\"><\/div>\r\n                    <\/div>\r\n                    <div class = \"td-button td-item8\">\r\n                        <div class = \"td-border\"><\/div>\r\n                    <\/div>\r\n                            <\/div>\r\n                        <\/div>\r\n\r\n                    <\/div>\r\n\r\n                <\/div>\r\n                ","protected":false},"excerpt":{"rendered":"<p>Taller bloque quir\u00fargico y cl\u00ednicas de \u00falceras y heridas Expertos de distintas \u00e1reas del Instituto Salvadore\u00f1o del Seguro Social (ISSS) participaron en el Taller Bloque Quir\u00fargico y Cl\u00ednicas de \u00dalceras y Heridas realizado hoy en el auditorio de las Oficinas Centrales del Instituto Guatemalteco de Seguridad Social (IGSS). El objetivo de esta actividad es intercambiar [&hellip;]<\/p>\n","protected":false},"author":9,"featured_media":12622,"comment_status":"open","ping_status":"open","sticky":false,"template":"","format":"standard","meta":{"footnotes":""},"categories":[3,17,35],"tags":[266,333,341,421,490,519,523],"coauthors":[888],"class_list":{"0":"post-12614","1":"post","2":"type-post","3":"status-publish","4":"format-standard","5":"has-post-thumbnail","7":"category-actualidad","8":"category-formacion-y-desarrollo","9":"category-uncategorized","10":"tag-dr-arturo-garcia-aquino","11":"tag-dr-roberto-antonio-rumualdo","12":"tag-dr-vidal-herrera","13":"tag-escuintla","14":"tag-igss","15":"tag-instituto-salvadoreno-del-seguro-social","16":"tag-isss"},"_links":{"self":[{"href":"https:\/\/www.igssgt.org\/noticias\/wp-json\/wp\/v2\/posts\/12614","targetHints":{"allow":["GET"]}}],"collection":[{"href":"https:\/\/www.igssgt.org\/noticias\/wp-json\/wp\/v2\/posts"}],"about":[{"href":"https:\/\/www.igssgt.org\/noticias\/wp-json\/wp\/v2\/types\/post"}],"author":[{"embeddable":true,"href":"https:\/\/www.igssgt.org\/noticias\/wp-json\/wp\/v2\/users\/9"}],"replies":[{"embeddable":true,"href":"https:\/\/www.igssgt.org\/noticias\/wp-json\/wp\/v2\/comments?post=12614"}],"version-history":[{"count":1,"href":"https:\/\/www.igssgt.org\/noticias\/wp-json\/wp\/v2\/posts\/12614\/revisions"}],"predecessor-version":[{"id":12623,"href":"https:\/\/www.igssgt.org\/noticias\/wp-json\/wp\/v2\/posts\/12614\/revisions\/12623"}],"wp:featuredmedia":[{"embeddable":true,"href":"https:\/\/www.igssgt.org\/noticias\/wp-json\/wp\/v2\/media\/12622"}],"wp:attachment":[{"href":"https:\/\/www.igssgt.org\/noticias\/wp-json\/wp\/v2\/media?parent=12614"}],"wp:term":[{"taxonomy":"category","embeddable":true,"href":"https:\/\/www.igssgt.org\/noticias\/wp-json\/wp\/v2\/categories?post=12614"},{"taxonomy":"post_tag","embeddable":true,"href":"https:\/\/www.igssgt.org\/noticias\/wp-json\/wp\/v2\/tags?post=12614"},{"taxonomy":"author","embeddable":true,"href":"https:\/\/www.igssgt.org\/noticias\/wp-json\/wp\/v2\/coauthors?post=12614"}],"curies":[{"name":"wp","href":"https:\/\/api.w.org\/{rel}","templated":true}]}}