{"id":12692,"date":"2017-08-07T14:11:11","date_gmt":"2017-08-07T20:11:11","guid":{"rendered":"https:\/\/www.igssgt.org\/noticias\/?p=12692"},"modified":"2019-10-09T14:27:22","modified_gmt":"2019-10-09T20:27:22","slug":"concluye-semana-mundial-de-la-lactancia-materna","status":"publish","type":"post","link":"https:\/\/www.igssgt.org\/noticias\/2017\/08\/07\/concluye-semana-mundial-de-la-lactancia-materna\/","title":{"rendered":"Concluye Semana Mundial de la Lactancia Materna"},"content":{"rendered":"\n<h3 class=\"wp-block-heading\"><strong>El IGSS cuenta con programas permanentes para su promoci\u00f3n<\/strong><\/h3>\n\n\n\n<figure class=\"wp-block-image\"><img loading=\"lazy\" decoding=\"async\" width=\"1024\" height=\"683\" src=\"\/wp-content\/uploads\/sites\/5\/2019\/10\/Concluye-Semana-Mundial-de-la-Lactancia-Materna-2017-7-1024x683.jpg\" alt=\"\" class=\"wp-image-12694\" srcset=\"\/wp-content\/uploads\/sites\/5\/2019\/10\/Concluye-Semana-Mundial-de-la-Lactancia-Materna-2017-7-1024x683.jpg 1024w, \/wp-content\/uploads\/sites\/5\/2019\/10\/Concluye-Semana-Mundial-de-la-Lactancia-Materna-2017-7-300x200.jpg 300w, \/wp-content\/uploads\/sites\/5\/2019\/10\/Concluye-Semana-Mundial-de-la-Lactancia-Materna-2017-7-768x512.jpg 768w, \/wp-content\/uploads\/sites\/5\/2019\/10\/Concluye-Semana-Mundial-de-la-Lactancia-Materna-2017-7-630x420.jpg 630w, \/wp-content\/uploads\/sites\/5\/2019\/10\/Concluye-Semana-Mundial-de-la-Lactancia-Materna-2017-7-696x464.jpg 696w, \/wp-content\/uploads\/sites\/5\/2019\/10\/Concluye-Semana-Mundial-de-la-Lactancia-Materna-2017-7-1068x712.jpg 1068w, \/wp-content\/uploads\/sites\/5\/2019\/10\/Concluye-Semana-Mundial-de-la-Lactancia-Materna-2017-7-534x356.jpg 534w, \/wp-content\/uploads\/sites\/5\/2019\/10\/Concluye-Semana-Mundial-de-la-Lactancia-Materna-2017-7.jpg 1440w\" sizes=\"auto, (max-width: 1024px) 100vw, 1024px\" \/><\/figure>\n\n\n\n<p>Aunque la Semana Mundial de la Lactancia Materna (SMLM) fue instituida por la Organizaci\u00f3n Mundial de la Salud (OMS) del 1 al 7 de agosto, para el Instituto Guatemalteco de Seguridad Social (IGSS) esta tiene vigencia todo el a\u00f1o, tomando en cuenta los m\u00faltiples beneficios que proporciona para el ni\u00f1o, la madre y la sociedad en general, indica la doctora Varinia Pinto encargada de la Secci\u00f3n de Higiene Materno Infantil, del Departamento de Medicina Preventiva.<\/p>\n\n\n\n<p>El Instituto promueve todo el a\u00f1o la lactancia materna a trav\u00e9s de charlas dirigidas a grupos organizados de madres durante el control prenatal, con las madres de reci\u00e9n nacidos y ni\u00f1os lactantes hasta los dos a\u00f1os de edad, pues se trata del mejor alimento que da protecci\u00f3n e inmunidad al ni\u00f1o y tambi\u00e9n da salud a la madre, resalta la doctora Pinto.<\/p>\n\n\n\n<p>Durante la SMLM el IGSS por medio de sus unidades realiza actividades especiales intensificando su promoci\u00f3n como una estrategia que contribuye a disminuir la morbimortalidad materno infantil.<\/p>\n\n\n\n<figure class=\"wp-block-image\"><img loading=\"lazy\" decoding=\"async\" width=\"643\" height=\"420\" src=\"\/wp-content\/uploads\/sites\/5\/2019\/10\/Concluye-Semana-Mundial-de-la-Lactancia-Materna-2017-8-643x420-1.jpg\" alt=\"\" class=\"wp-image-12707\" srcset=\"\/wp-content\/uploads\/sites\/5\/2019\/10\/Concluye-Semana-Mundial-de-la-Lactancia-Materna-2017-8-643x420-1.jpg 643w, \/wp-content\/uploads\/sites\/5\/2019\/10\/Concluye-Semana-Mundial-de-la-Lactancia-Materna-2017-8-643x420-1-300x196.jpg 300w, \/wp-content\/uploads\/sites\/5\/2019\/10\/Concluye-Semana-Mundial-de-la-Lactancia-Materna-2017-8-643x420-1-534x349.jpg 534w\" sizes=\"auto, (max-width: 643px) 100vw, 643px\" \/><\/figure>\n\n\n\n<h3 class=\"wp-block-heading\"><strong>Los beneficios<\/strong><\/h3>\n\n\n\n<p>Entre los principales beneficios de la lactancia materna est\u00e1 el desarrollo y crecimiento sano del ni\u00f1o, porque la leche materna les proporciona todos los nutrientes necesarios para su crecimiento, es el alimento que el beb\u00e9 necesita principalmente en sus primeros seis meses de vida y hasta sus dos a\u00f1os con alimentaci\u00f3n complementaria.<\/p>\n\n\n\n<p>La leche materna tambi\u00e9n le proporciona salud en su estado emocional y psicol\u00f3gico por la relaci\u00f3n que se establece entre el \u00e9l y la madre. Este alimento le da mayor seguridad e inteligencia, as\u00ed como una mayor relaci\u00f3n interpersonal con el resto de personas con las que comparte.<\/p>\n\n\n\n<p>La leche materna ayuda a la econom\u00eda familiar, pues los padres no tienen que invertir en productos artificiales que son muy costosos y que jam\u00e1s se comparar\u00e1n con esta; tambi\u00e9n beneficia a la madre en su salud y bienestar, habr\u00e1 menos riesgo de c\u00e1ncer de mama y c\u00e9rvix, pues hay una involuci\u00f3n natural del \u00fatero despu\u00e9s de la lactancia, lo cual ayuda a que este vuelva a su tama\u00f1o normal.<\/p>\n\n\n\r\n                <style type=\"text\/css\">\r\n                    \r\n                    #tdi_1  .td-doubleSlider-2 .td-item1 {\r\n                        background: url(\/wp-content\/uploads\/sites\/5\/2019\/10\/Concluye-Semana-Mundial-de-la-Lactancia-Materna-2017-8-643x420-1-80x60.jpg) 0 0 no-repeat;\r\n                    }\r\n                    #tdi_1  .td-doubleSlider-2 .td-item2 {\r\n                        background: url(\/wp-content\/uploads\/sites\/5\/2019\/10\/Concluye-Semana-Mundial-de-la-Lactancia-Materna-2017-10-80x60.jpg) 0 0 no-repeat;\r\n                    }\r\n                    #tdi_1  .td-doubleSlider-2 .td-item3 {\r\n                        background: url(\/wp-content\/uploads\/sites\/5\/2019\/10\/Concluye-Semana-Mundial-de-la-Lactancia-Materna-2017-2-80x60.jpg) 0 0 no-repeat;\r\n                    }\r\n                    #tdi_1  .td-doubleSlider-2 .td-item4 {\r\n                        background: url(\/wp-content\/uploads\/sites\/5\/2019\/10\/Concluye-Semana-Mundial-de-la-Lactancia-Materna-2017-13-80x60.jpg) 0 0 no-repeat;\r\n                    }\r\n                    #tdi_1  .td-doubleSlider-2 .td-item5 {\r\n                        background: url(\/wp-content\/uploads\/sites\/5\/2019\/10\/Concluye-Semana-Mundial-de-la-Lactancia-Materna-2017-11-80x60.jpg) 0 0 no-repeat;\r\n                    }\r\n                    #tdi_1  .td-doubleSlider-2 .td-item6 {\r\n                        background: url(\/wp-content\/uploads\/sites\/5\/2019\/10\/Concluye-Semana-Mundial-de-la-Lactancia-Materna-2017-5-80x60.jpg) 0 0 no-repeat;\r\n                    }\r\n                    #tdi_1  .td-doubleSlider-2 .td-item7 {\r\n                        background: url(\/wp-content\/uploads\/sites\/5\/2019\/10\/Concluye-Semana-Mundial-de-la-Lactancia-Materna-2017-3-80x60.jpg) 0 0 no-repeat;\r\n                    }\r\n                    #tdi_1  .td-doubleSlider-2 .td-item8 {\r\n                        background: url(\/wp-content\/uploads\/sites\/5\/2019\/10\/Concluye-Semana-Mundial-de-la-Lactancia-Materna-2017-4-80x60.jpg) 0 0 no-repeat;\r\n                    }\r\n                    #tdi_1  .td-doubleSlider-2 .td-item9 {\r\n                        background: url(\/wp-content\/uploads\/sites\/5\/2019\/10\/Concluye-Semana-Mundial-de-la-Lactancia-Materna-2017-1-80x60.jpg) 0 0 no-repeat;\r\n                    }\r\n                    #tdi_1  .td-doubleSlider-2 .td-item10 {\r\n                        background: url(\/wp-content\/uploads\/sites\/5\/2019\/10\/Concluye-Semana-Mundial-de-la-Lactancia-Materna-2017-14-1-80x60.jpg) 0 0 no-repeat;\r\n                    }\r\n                    #tdi_1  .td-doubleSlider-2 .td-item11 {\r\n                        background: url(\/wp-content\/uploads\/sites\/5\/2019\/10\/Concluye-Semana-Mundial-de-la-Lactancia-Materna-2017-9-80x60.jpg) 0 0 no-repeat;\r\n                    }\r\n                    #tdi_1  .td-doubleSlider-2 .td-item12 {\r\n                        background: url(\/wp-content\/uploads\/sites\/5\/2019\/10\/Concluye-Semana-Mundial-de-la-Lactancia-Materna-2017-12-80x60.jpg) 0 0 no-repeat;\r\n                    }\r\n                    #tdi_1  .td-doubleSlider-2 .td-item13 {\r\n                        background: url(\/wp-content\/uploads\/sites\/5\/2019\/10\/Concluye-Semana-Mundial-de-la-Lactancia-Materna-2017-8-80x60.jpg) 0 0 no-repeat;\r\n                    }\r\n                    #tdi_1  .td-doubleSlider-2 .td-item14 {\r\n                        background: url(\/wp-content\/uploads\/sites\/5\/2019\/10\/Concluye-Semana-Mundial-de-la-Lactancia-Materna-2017-7-80x60.jpg) 0 0 no-repeat;\r\n                    }\r\n                    #tdi_1  .td-doubleSlider-2 .td-item15 {\r\n                        background: url(\/wp-content\/uploads\/sites\/5\/2019\/10\/Concluye-Semana-Mundial-de-la-Lactancia-Materna-2017-14-80x60.jpg) 0 0 no-repeat;\r\n                    }\r\n                <\/style>\r\n\r\n                <div id=\"tdi_1\" class=\"td-gallery td-slide-on-2-columns\">\r\n                    <div class=\"post_td_gallery\">\r\n                        <div class=\"td-gallery-slide-top\">\r\n                           <div class=\"td-gallery-title\"><\/div>\r\n\r\n                            <div class=\"td-gallery-controls-wrapper\">\r\n                                <div class=\"td-gallery-slide-count\"><span class=\"td-gallery-slide-item-focus\">1<\/span> de 15<\/div>\r\n                                <div class=\"td-gallery-slide-prev-next-but\">\r\n                                    <i class = \"td-icon-left doubleSliderPrevButton\"><\/i>\r\n                                    <i class = \"td-icon-right doubleSliderNextButton\"><\/i>\r\n                                <\/div>\r\n                            <\/div>\r\n                        <\/div>\r\n\r\n                        <div class = \"td-doubleSlider-1 \">\r\n                            <div class = \"td-slider\">\r\n                                \r\n                    <div class = \"td-slide-item td-item1\">\r\n                        <figure class=\"td-slide-galery-figure td-slide-popup-gallery\">\r\n                            <a class=\"slide-gallery-image-link\" href=\"\/wp-content\/uploads\/sites\/5\/2019\/10\/Concluye-Semana-Mundial-de-la-Lactancia-Materna-2017-8-643x420-1.jpg\" title=\"Concluye-Semana-Mundial-de-la-Lactancia-Materna-2017-8-643x420\"  data-caption=\"\"  data-description=\"\">\r\n                                <img decoding=\"async\" src=\"\/wp-content\/uploads\/sites\/5\/2019\/10\/Concluye-Semana-Mundial-de-la-Lactancia-Materna-2017-8-643x420-1-643x420.jpg\" srcset=\"\/wp-content\/uploads\/sites\/5\/2019\/10\/Concluye-Semana-Mundial-de-la-Lactancia-Materna-2017-8-643x420-1.jpg 643w, \/wp-content\/uploads\/sites\/5\/2019\/10\/Concluye-Semana-Mundial-de-la-Lactancia-Materna-2017-8-643x420-1-300x196.jpg 300w, \/wp-content\/uploads\/sites\/5\/2019\/10\/Concluye-Semana-Mundial-de-la-Lactancia-Materna-2017-8-643x420-1-534x349.jpg 534w\" sizes=\"(max-width: 643px) 100vw, 643px\" alt=\"\">\r\n                            <\/a>\r\n                            \r\n                        <\/figure>\r\n                    <\/div>\r\n                    <div class = \"td-slide-item td-item2\">\r\n                        <figure class=\"td-slide-galery-figure td-slide-popup-gallery\">\r\n                            <a class=\"slide-gallery-image-link\" href=\"\/wp-content\/uploads\/sites\/5\/2019\/10\/Concluye-Semana-Mundial-de-la-Lactancia-Materna-2017-10.jpg\" title=\"Concluye-Semana-Mundial-de-la-Lactancia-Materna-2017-10\"  data-caption=\"\"  data-description=\"\">\r\n                                <img decoding=\"async\" src=\"\/wp-content\/uploads\/sites\/5\/2019\/10\/Concluye-Semana-Mundial-de-la-Lactancia-Materna-2017-10-630x420.jpg\" srcset=\"\/wp-content\/uploads\/sites\/5\/2019\/10\/Concluye-Semana-Mundial-de-la-Lactancia-Materna-2017-10-630x420.jpg 630w, \/wp-content\/uploads\/sites\/5\/2019\/10\/Concluye-Semana-Mundial-de-la-Lactancia-Materna-2017-10-300x200.jpg 300w, \/wp-content\/uploads\/sites\/5\/2019\/10\/Concluye-Semana-Mundial-de-la-Lactancia-Materna-2017-10-768x512.jpg 768w, \/wp-content\/uploads\/sites\/5\/2019\/10\/Concluye-Semana-Mundial-de-la-Lactancia-Materna-2017-10-1024x683.jpg 1024w, \/wp-content\/uploads\/sites\/5\/2019\/10\/Concluye-Semana-Mundial-de-la-Lactancia-Materna-2017-10-696x464.jpg 696w, \/wp-content\/uploads\/sites\/5\/2019\/10\/Concluye-Semana-Mundial-de-la-Lactancia-Materna-2017-10-1068x712.jpg 1068w, \/wp-content\/uploads\/sites\/5\/2019\/10\/Concluye-Semana-Mundial-de-la-Lactancia-Materna-2017-10-534x356.jpg 534w, \/wp-content\/uploads\/sites\/5\/2019\/10\/Concluye-Semana-Mundial-de-la-Lactancia-Materna-2017-10.jpg 1440w\" sizes=\"(max-width: 630px) 100vw, 630px\" alt=\"\">\r\n                            <\/a>\r\n                            \r\n                        <\/figure>\r\n                    <\/div>\r\n                    <div class = \"td-slide-item td-item3\">\r\n                        <figure class=\"td-slide-galery-figure td-slide-popup-gallery\">\r\n                            <a class=\"slide-gallery-image-link\" href=\"\/wp-content\/uploads\/sites\/5\/2019\/10\/Concluye-Semana-Mundial-de-la-Lactancia-Materna-2017-2.jpg\" title=\"Concluye-Semana-Mundial-de-la-Lactancia-Materna-2017-2\"  data-caption=\"\"  data-description=\"\">\r\n                                <img decoding=\"async\" src=\"\/wp-content\/uploads\/sites\/5\/2019\/10\/Concluye-Semana-Mundial-de-la-Lactancia-Materna-2017-2-630x420.jpg\" srcset=\"\/wp-content\/uploads\/sites\/5\/2019\/10\/Concluye-Semana-Mundial-de-la-Lactancia-Materna-2017-2-630x420.jpg 630w, \/wp-content\/uploads\/sites\/5\/2019\/10\/Concluye-Semana-Mundial-de-la-Lactancia-Materna-2017-2-300x200.jpg 300w, \/wp-content\/uploads\/sites\/5\/2019\/10\/Concluye-Semana-Mundial-de-la-Lactancia-Materna-2017-2-768x512.jpg 768w, \/wp-content\/uploads\/sites\/5\/2019\/10\/Concluye-Semana-Mundial-de-la-Lactancia-Materna-2017-2-1024x683.jpg 1024w, \/wp-content\/uploads\/sites\/5\/2019\/10\/Concluye-Semana-Mundial-de-la-Lactancia-Materna-2017-2-696x464.jpg 696w, \/wp-content\/uploads\/sites\/5\/2019\/10\/Concluye-Semana-Mundial-de-la-Lactancia-Materna-2017-2-1068x712.jpg 1068w, \/wp-content\/uploads\/sites\/5\/2019\/10\/Concluye-Semana-Mundial-de-la-Lactancia-Materna-2017-2-534x356.jpg 534w, \/wp-content\/uploads\/sites\/5\/2019\/10\/Concluye-Semana-Mundial-de-la-Lactancia-Materna-2017-2.jpg 1440w\" sizes=\"(max-width: 630px) 100vw, 630px\" alt=\"\">\r\n                            <\/a>\r\n                            \r\n                        <\/figure>\r\n                    <\/div>\r\n                    <div class = \"td-slide-item td-item4\">\r\n                        <figure class=\"td-slide-galery-figure td-slide-popup-gallery\">\r\n                            <a class=\"slide-gallery-image-link\" href=\"\/wp-content\/uploads\/sites\/5\/2019\/10\/Concluye-Semana-Mundial-de-la-Lactancia-Materna-2017-13.jpg\" title=\"Concluye-Semana-Mundial-de-la-Lactancia-Materna-2017-13\"  data-caption=\"\"  data-description=\"\">\r\n                                <img decoding=\"async\" src=\"\/wp-content\/uploads\/sites\/5\/2019\/10\/Concluye-Semana-Mundial-de-la-Lactancia-Materna-2017-13-630x420.jpg\" srcset=\"\/wp-content\/uploads\/sites\/5\/2019\/10\/Concluye-Semana-Mundial-de-la-Lactancia-Materna-2017-13-630x420.jpg 630w, \/wp-content\/uploads\/sites\/5\/2019\/10\/Concluye-Semana-Mundial-de-la-Lactancia-Materna-2017-13-300x200.jpg 300w, \/wp-content\/uploads\/sites\/5\/2019\/10\/Concluye-Semana-Mundial-de-la-Lactancia-Materna-2017-13-768x512.jpg 768w, \/wp-content\/uploads\/sites\/5\/2019\/10\/Concluye-Semana-Mundial-de-la-Lactancia-Materna-2017-13-1024x683.jpg 1024w, \/wp-content\/uploads\/sites\/5\/2019\/10\/Concluye-Semana-Mundial-de-la-Lactancia-Materna-2017-13-696x464.jpg 696w, \/wp-content\/uploads\/sites\/5\/2019\/10\/Concluye-Semana-Mundial-de-la-Lactancia-Materna-2017-13-1068x712.jpg 1068w, \/wp-content\/uploads\/sites\/5\/2019\/10\/Concluye-Semana-Mundial-de-la-Lactancia-Materna-2017-13-534x356.jpg 534w, \/wp-content\/uploads\/sites\/5\/2019\/10\/Concluye-Semana-Mundial-de-la-Lactancia-Materna-2017-13.jpg 1440w\" sizes=\"(max-width: 630px) 100vw, 630px\" alt=\"\">\r\n                            <\/a>\r\n                            \r\n                        <\/figure>\r\n                    <\/div>\r\n                    <div class = \"td-slide-item td-item5\">\r\n                        <figure class=\"td-slide-galery-figure td-slide-popup-gallery\">\r\n                            <a class=\"slide-gallery-image-link\" href=\"\/wp-content\/uploads\/sites\/5\/2019\/10\/Concluye-Semana-Mundial-de-la-Lactancia-Materna-2017-11.jpg\" title=\"Concluye-Semana-Mundial-de-la-Lactancia-Materna-2017-11\"  data-caption=\"\"  data-description=\"\">\r\n                                <img decoding=\"async\" src=\"\/wp-content\/uploads\/sites\/5\/2019\/10\/Concluye-Semana-Mundial-de-la-Lactancia-Materna-2017-11-630x420.jpg\" srcset=\"\/wp-content\/uploads\/sites\/5\/2019\/10\/Concluye-Semana-Mundial-de-la-Lactancia-Materna-2017-11-630x420.jpg 630w, \/wp-content\/uploads\/sites\/5\/2019\/10\/Concluye-Semana-Mundial-de-la-Lactancia-Materna-2017-11-300x200.jpg 300w, \/wp-content\/uploads\/sites\/5\/2019\/10\/Concluye-Semana-Mundial-de-la-Lactancia-Materna-2017-11-768x512.jpg 768w, \/wp-content\/uploads\/sites\/5\/2019\/10\/Concluye-Semana-Mundial-de-la-Lactancia-Materna-2017-11-1024x683.jpg 1024w, \/wp-content\/uploads\/sites\/5\/2019\/10\/Concluye-Semana-Mundial-de-la-Lactancia-Materna-2017-11-696x464.jpg 696w, \/wp-content\/uploads\/sites\/5\/2019\/10\/Concluye-Semana-Mundial-de-la-Lactancia-Materna-2017-11-1068x712.jpg 1068w, \/wp-content\/uploads\/sites\/5\/2019\/10\/Concluye-Semana-Mundial-de-la-Lactancia-Materna-2017-11-534x356.jpg 534w, \/wp-content\/uploads\/sites\/5\/2019\/10\/Concluye-Semana-Mundial-de-la-Lactancia-Materna-2017-11.jpg 1440w\" sizes=\"(max-width: 630px) 100vw, 630px\" alt=\"\">\r\n                            <\/a>\r\n                            \r\n                        <\/figure>\r\n                    <\/div>\r\n                    <div class = \"td-slide-item td-item6\">\r\n                        <figure class=\"td-slide-galery-figure td-slide-popup-gallery\">\r\n                            <a class=\"slide-gallery-image-link\" href=\"\/wp-content\/uploads\/sites\/5\/2019\/10\/Concluye-Semana-Mundial-de-la-Lactancia-Materna-2017-5.jpg\" title=\"Concluye-Semana-Mundial-de-la-Lactancia-Materna-2017-5\"  data-caption=\"\"  data-description=\"\">\r\n                                <img decoding=\"async\" src=\"\/wp-content\/uploads\/sites\/5\/2019\/10\/Concluye-Semana-Mundial-de-la-Lactancia-Materna-2017-5-630x420.jpg\" srcset=\"\/wp-content\/uploads\/sites\/5\/2019\/10\/Concluye-Semana-Mundial-de-la-Lactancia-Materna-2017-5-630x420.jpg 630w, \/wp-content\/uploads\/sites\/5\/2019\/10\/Concluye-Semana-Mundial-de-la-Lactancia-Materna-2017-5-300x200.jpg 300w, \/wp-content\/uploads\/sites\/5\/2019\/10\/Concluye-Semana-Mundial-de-la-Lactancia-Materna-2017-5-768x512.jpg 768w, \/wp-content\/uploads\/sites\/5\/2019\/10\/Concluye-Semana-Mundial-de-la-Lactancia-Materna-2017-5-1024x683.jpg 1024w, \/wp-content\/uploads\/sites\/5\/2019\/10\/Concluye-Semana-Mundial-de-la-Lactancia-Materna-2017-5-696x464.jpg 696w, \/wp-content\/uploads\/sites\/5\/2019\/10\/Concluye-Semana-Mundial-de-la-Lactancia-Materna-2017-5-1068x712.jpg 1068w, \/wp-content\/uploads\/sites\/5\/2019\/10\/Concluye-Semana-Mundial-de-la-Lactancia-Materna-2017-5-534x356.jpg 534w, \/wp-content\/uploads\/sites\/5\/2019\/10\/Concluye-Semana-Mundial-de-la-Lactancia-Materna-2017-5.jpg 1440w\" sizes=\"(max-width: 630px) 100vw, 630px\" alt=\"\">\r\n                            <\/a>\r\n                            \r\n                        <\/figure>\r\n                    <\/div>\r\n                    <div class = \"td-slide-item td-item7\">\r\n                        <figure class=\"td-slide-galery-figure td-slide-popup-gallery\">\r\n                            <a class=\"slide-gallery-image-link\" href=\"\/wp-content\/uploads\/sites\/5\/2019\/10\/Concluye-Semana-Mundial-de-la-Lactancia-Materna-2017-3.jpg\" title=\"Concluye-Semana-Mundial-de-la-Lactancia-Materna-2017-3\"  data-caption=\"\"  data-description=\"\">\r\n                                <img decoding=\"async\" src=\"\/wp-content\/uploads\/sites\/5\/2019\/10\/Concluye-Semana-Mundial-de-la-Lactancia-Materna-2017-3-630x420.jpg\" srcset=\"\/wp-content\/uploads\/sites\/5\/2019\/10\/Concluye-Semana-Mundial-de-la-Lactancia-Materna-2017-3-630x420.jpg 630w, \/wp-content\/uploads\/sites\/5\/2019\/10\/Concluye-Semana-Mundial-de-la-Lactancia-Materna-2017-3-300x200.jpg 300w, \/wp-content\/uploads\/sites\/5\/2019\/10\/Concluye-Semana-Mundial-de-la-Lactancia-Materna-2017-3-768x512.jpg 768w, \/wp-content\/uploads\/sites\/5\/2019\/10\/Concluye-Semana-Mundial-de-la-Lactancia-Materna-2017-3-1024x683.jpg 1024w, \/wp-content\/uploads\/sites\/5\/2019\/10\/Concluye-Semana-Mundial-de-la-Lactancia-Materna-2017-3-696x464.jpg 696w, \/wp-content\/uploads\/sites\/5\/2019\/10\/Concluye-Semana-Mundial-de-la-Lactancia-Materna-2017-3-1068x712.jpg 1068w, \/wp-content\/uploads\/sites\/5\/2019\/10\/Concluye-Semana-Mundial-de-la-Lactancia-Materna-2017-3-534x356.jpg 534w, \/wp-content\/uploads\/sites\/5\/2019\/10\/Concluye-Semana-Mundial-de-la-Lactancia-Materna-2017-3.jpg 1440w\" sizes=\"(max-width: 630px) 100vw, 630px\" alt=\"\">\r\n                            <\/a>\r\n                            \r\n                        <\/figure>\r\n                    <\/div>\r\n                    <div class = \"td-slide-item td-item8\">\r\n                        <figure class=\"td-slide-galery-figure td-slide-popup-gallery\">\r\n                            <a class=\"slide-gallery-image-link\" href=\"\/wp-content\/uploads\/sites\/5\/2019\/10\/Concluye-Semana-Mundial-de-la-Lactancia-Materna-2017-4.jpg\" title=\"Concluye-Semana-Mundial-de-la-Lactancia-Materna-2017-4\"  data-caption=\"\"  data-description=\"\">\r\n                                <img decoding=\"async\" src=\"\/wp-content\/uploads\/sites\/5\/2019\/10\/Concluye-Semana-Mundial-de-la-Lactancia-Materna-2017-4-630x420.jpg\" srcset=\"\/wp-content\/uploads\/sites\/5\/2019\/10\/Concluye-Semana-Mundial-de-la-Lactancia-Materna-2017-4-630x420.jpg 630w, \/wp-content\/uploads\/sites\/5\/2019\/10\/Concluye-Semana-Mundial-de-la-Lactancia-Materna-2017-4-300x200.jpg 300w, \/wp-content\/uploads\/sites\/5\/2019\/10\/Concluye-Semana-Mundial-de-la-Lactancia-Materna-2017-4-768x512.jpg 768w, \/wp-content\/uploads\/sites\/5\/2019\/10\/Concluye-Semana-Mundial-de-la-Lactancia-Materna-2017-4-1024x683.jpg 1024w, \/wp-content\/uploads\/sites\/5\/2019\/10\/Concluye-Semana-Mundial-de-la-Lactancia-Materna-2017-4-696x464.jpg 696w, \/wp-content\/uploads\/sites\/5\/2019\/10\/Concluye-Semana-Mundial-de-la-Lactancia-Materna-2017-4-1068x712.jpg 1068w, \/wp-content\/uploads\/sites\/5\/2019\/10\/Concluye-Semana-Mundial-de-la-Lactancia-Materna-2017-4-534x356.jpg 534w, \/wp-content\/uploads\/sites\/5\/2019\/10\/Concluye-Semana-Mundial-de-la-Lactancia-Materna-2017-4.jpg 1440w\" sizes=\"(max-width: 630px) 100vw, 630px\" alt=\"\">\r\n                            <\/a>\r\n                            \r\n                        <\/figure>\r\n                    <\/div>\r\n                    <div class = \"td-slide-item td-item9\">\r\n                        <figure class=\"td-slide-galery-figure td-slide-popup-gallery\">\r\n                            <a class=\"slide-gallery-image-link\" href=\"\/wp-content\/uploads\/sites\/5\/2019\/10\/Concluye-Semana-Mundial-de-la-Lactancia-Materna-2017-1.jpg\" title=\"Concluye-Semana-Mundial-de-la-Lactancia-Materna-2017-1\"  data-caption=\"\"  data-description=\"\">\r\n                                <img decoding=\"async\" src=\"\/wp-content\/uploads\/sites\/5\/2019\/10\/Concluye-Semana-Mundial-de-la-Lactancia-Materna-2017-1-630x420.jpg\" srcset=\"\/wp-content\/uploads\/sites\/5\/2019\/10\/Concluye-Semana-Mundial-de-la-Lactancia-Materna-2017-1-630x420.jpg 630w, \/wp-content\/uploads\/sites\/5\/2019\/10\/Concluye-Semana-Mundial-de-la-Lactancia-Materna-2017-1-300x200.jpg 300w, \/wp-content\/uploads\/sites\/5\/2019\/10\/Concluye-Semana-Mundial-de-la-Lactancia-Materna-2017-1-768x512.jpg 768w, \/wp-content\/uploads\/sites\/5\/2019\/10\/Concluye-Semana-Mundial-de-la-Lactancia-Materna-2017-1-1024x683.jpg 1024w, \/wp-content\/uploads\/sites\/5\/2019\/10\/Concluye-Semana-Mundial-de-la-Lactancia-Materna-2017-1-696x464.jpg 696w, \/wp-content\/uploads\/sites\/5\/2019\/10\/Concluye-Semana-Mundial-de-la-Lactancia-Materna-2017-1-1068x712.jpg 1068w, \/wp-content\/uploads\/sites\/5\/2019\/10\/Concluye-Semana-Mundial-de-la-Lactancia-Materna-2017-1-534x356.jpg 534w, \/wp-content\/uploads\/sites\/5\/2019\/10\/Concluye-Semana-Mundial-de-la-Lactancia-Materna-2017-1.jpg 1440w\" sizes=\"(max-width: 630px) 100vw, 630px\" alt=\"\">\r\n                            <\/a>\r\n                            \r\n                        <\/figure>\r\n                    <\/div>\r\n                    <div class = \"td-slide-item td-item10\">\r\n                        <figure class=\"td-slide-galery-figure td-slide-popup-gallery\">\r\n                            <a class=\"slide-gallery-image-link\" href=\"\/wp-content\/uploads\/sites\/5\/2019\/10\/Concluye-Semana-Mundial-de-la-Lactancia-Materna-2017-14-1.jpg\" title=\"Concluye-Semana-Mundial-de-la-Lactancia-Materna-2017-14 (1)\"  data-caption=\"\"  data-description=\"\">\r\n                                <img decoding=\"async\" src=\"\/wp-content\/uploads\/sites\/5\/2019\/10\/Concluye-Semana-Mundial-de-la-Lactancia-Materna-2017-14-1-630x420.jpg\" srcset=\"\/wp-content\/uploads\/sites\/5\/2019\/10\/Concluye-Semana-Mundial-de-la-Lactancia-Materna-2017-14-1-630x420.jpg 630w, \/wp-content\/uploads\/sites\/5\/2019\/10\/Concluye-Semana-Mundial-de-la-Lactancia-Materna-2017-14-1-300x200.jpg 300w, \/wp-content\/uploads\/sites\/5\/2019\/10\/Concluye-Semana-Mundial-de-la-Lactancia-Materna-2017-14-1-768x512.jpg 768w, \/wp-content\/uploads\/sites\/5\/2019\/10\/Concluye-Semana-Mundial-de-la-Lactancia-Materna-2017-14-1-1024x683.jpg 1024w, \/wp-content\/uploads\/sites\/5\/2019\/10\/Concluye-Semana-Mundial-de-la-Lactancia-Materna-2017-14-1-696x464.jpg 696w, \/wp-content\/uploads\/sites\/5\/2019\/10\/Concluye-Semana-Mundial-de-la-Lactancia-Materna-2017-14-1-1068x712.jpg 1068w, \/wp-content\/uploads\/sites\/5\/2019\/10\/Concluye-Semana-Mundial-de-la-Lactancia-Materna-2017-14-1-534x356.jpg 534w, \/wp-content\/uploads\/sites\/5\/2019\/10\/Concluye-Semana-Mundial-de-la-Lactancia-Materna-2017-14-1.jpg 1440w\" sizes=\"(max-width: 630px) 100vw, 630px\" alt=\"\">\r\n                            <\/a>\r\n                            \r\n                        <\/figure>\r\n                    <\/div>\r\n                    <div class = \"td-slide-item td-item11\">\r\n                        <figure class=\"td-slide-galery-figure td-slide-popup-gallery\">\r\n                            <a class=\"slide-gallery-image-link\" href=\"\/wp-content\/uploads\/sites\/5\/2019\/10\/Concluye-Semana-Mundial-de-la-Lactancia-Materna-2017-9.jpg\" title=\"Concluye-Semana-Mundial-de-la-Lactancia-Materna-2017-9\"  data-caption=\"\"  data-description=\"\">\r\n                                <img decoding=\"async\" src=\"\/wp-content\/uploads\/sites\/5\/2019\/10\/Concluye-Semana-Mundial-de-la-Lactancia-Materna-2017-9-630x420.jpg\" srcset=\"\/wp-content\/uploads\/sites\/5\/2019\/10\/Concluye-Semana-Mundial-de-la-Lactancia-Materna-2017-9-630x420.jpg 630w, \/wp-content\/uploads\/sites\/5\/2019\/10\/Concluye-Semana-Mundial-de-la-Lactancia-Materna-2017-9-300x200.jpg 300w, \/wp-content\/uploads\/sites\/5\/2019\/10\/Concluye-Semana-Mundial-de-la-Lactancia-Materna-2017-9-768x512.jpg 768w, \/wp-content\/uploads\/sites\/5\/2019\/10\/Concluye-Semana-Mundial-de-la-Lactancia-Materna-2017-9-1024x683.jpg 1024w, \/wp-content\/uploads\/sites\/5\/2019\/10\/Concluye-Semana-Mundial-de-la-Lactancia-Materna-2017-9-696x464.jpg 696w, \/wp-content\/uploads\/sites\/5\/2019\/10\/Concluye-Semana-Mundial-de-la-Lactancia-Materna-2017-9-1068x712.jpg 1068w, \/wp-content\/uploads\/sites\/5\/2019\/10\/Concluye-Semana-Mundial-de-la-Lactancia-Materna-2017-9-534x356.jpg 534w, \/wp-content\/uploads\/sites\/5\/2019\/10\/Concluye-Semana-Mundial-de-la-Lactancia-Materna-2017-9.jpg 1440w\" sizes=\"(max-width: 630px) 100vw, 630px\" alt=\"\">\r\n                            <\/a>\r\n                            \r\n                        <\/figure>\r\n                    <\/div>\r\n                    <div class = \"td-slide-item td-item12\">\r\n                        <figure class=\"td-slide-galery-figure td-slide-popup-gallery\">\r\n                            <a class=\"slide-gallery-image-link\" href=\"\/wp-content\/uploads\/sites\/5\/2019\/10\/Concluye-Semana-Mundial-de-la-Lactancia-Materna-2017-12.jpg\" title=\"Concluye-Semana-Mundial-de-la-Lactancia-Materna-2017-12\"  data-caption=\"\"  data-description=\"\">\r\n                                <img decoding=\"async\" src=\"\/wp-content\/uploads\/sites\/5\/2019\/10\/Concluye-Semana-Mundial-de-la-Lactancia-Materna-2017-12-630x420.jpg\" srcset=\"\/wp-content\/uploads\/sites\/5\/2019\/10\/Concluye-Semana-Mundial-de-la-Lactancia-Materna-2017-12-630x420.jpg 630w, \/wp-content\/uploads\/sites\/5\/2019\/10\/Concluye-Semana-Mundial-de-la-Lactancia-Materna-2017-12-300x200.jpg 300w, \/wp-content\/uploads\/sites\/5\/2019\/10\/Concluye-Semana-Mundial-de-la-Lactancia-Materna-2017-12-768x512.jpg 768w, \/wp-content\/uploads\/sites\/5\/2019\/10\/Concluye-Semana-Mundial-de-la-Lactancia-Materna-2017-12-1024x683.jpg 1024w, \/wp-content\/uploads\/sites\/5\/2019\/10\/Concluye-Semana-Mundial-de-la-Lactancia-Materna-2017-12-696x464.jpg 696w, \/wp-content\/uploads\/sites\/5\/2019\/10\/Concluye-Semana-Mundial-de-la-Lactancia-Materna-2017-12-1068x712.jpg 1068w, \/wp-content\/uploads\/sites\/5\/2019\/10\/Concluye-Semana-Mundial-de-la-Lactancia-Materna-2017-12-534x356.jpg 534w, \/wp-content\/uploads\/sites\/5\/2019\/10\/Concluye-Semana-Mundial-de-la-Lactancia-Materna-2017-12.jpg 1440w\" sizes=\"(max-width: 630px) 100vw, 630px\" alt=\"\">\r\n                            <\/a>\r\n                            \r\n                        <\/figure>\r\n                    <\/div>\r\n                    <div class = \"td-slide-item td-item13\">\r\n                        <figure class=\"td-slide-galery-figure td-slide-popup-gallery\">\r\n                            <a class=\"slide-gallery-image-link\" href=\"\/wp-content\/uploads\/sites\/5\/2019\/10\/Concluye-Semana-Mundial-de-la-Lactancia-Materna-2017-8.jpg\" title=\"Concluye-Semana-Mundial-de-la-Lactancia-Materna-2017-8\"  data-caption=\"\"  data-description=\"\">\r\n                                <img decoding=\"async\" src=\"\/wp-content\/uploads\/sites\/5\/2019\/10\/Concluye-Semana-Mundial-de-la-Lactancia-Materna-2017-8-643x420.jpg\" srcset=\"\/wp-content\/uploads\/sites\/5\/2019\/10\/Concluye-Semana-Mundial-de-la-Lactancia-Materna-2017-8-643x420.jpg 643w, \/wp-content\/uploads\/sites\/5\/2019\/10\/Concluye-Semana-Mundial-de-la-Lactancia-Materna-2017-8-300x196.jpg 300w, \/wp-content\/uploads\/sites\/5\/2019\/10\/Concluye-Semana-Mundial-de-la-Lactancia-Materna-2017-8-768x502.jpg 768w, \/wp-content\/uploads\/sites\/5\/2019\/10\/Concluye-Semana-Mundial-de-la-Lactancia-Materna-2017-8-1024x669.jpg 1024w, \/wp-content\/uploads\/sites\/5\/2019\/10\/Concluye-Semana-Mundial-de-la-Lactancia-Materna-2017-8-696x455.jpg 696w, \/wp-content\/uploads\/sites\/5\/2019\/10\/Concluye-Semana-Mundial-de-la-Lactancia-Materna-2017-8-1068x698.jpg 1068w, \/wp-content\/uploads\/sites\/5\/2019\/10\/Concluye-Semana-Mundial-de-la-Lactancia-Materna-2017-8-534x349.jpg 534w, \/wp-content\/uploads\/sites\/5\/2019\/10\/Concluye-Semana-Mundial-de-la-Lactancia-Materna-2017-8.jpg 1326w\" sizes=\"(max-width: 643px) 100vw, 643px\" alt=\"\">\r\n                            <\/a>\r\n                            \r\n                        <\/figure>\r\n                    <\/div>\r\n                    <div class = \"td-slide-item td-item14\">\r\n                        <figure class=\"td-slide-galery-figure td-slide-popup-gallery\">\r\n                            <a class=\"slide-gallery-image-link\" href=\"\/wp-content\/uploads\/sites\/5\/2019\/10\/Concluye-Semana-Mundial-de-la-Lactancia-Materna-2017-7.jpg\" title=\"Concluye-Semana-Mundial-de-la-Lactancia-Materna-2017-7\"  data-caption=\"\"  data-description=\"\">\r\n                                <img decoding=\"async\" src=\"\/wp-content\/uploads\/sites\/5\/2019\/10\/Concluye-Semana-Mundial-de-la-Lactancia-Materna-2017-7-630x420.jpg\" srcset=\"\/wp-content\/uploads\/sites\/5\/2019\/10\/Concluye-Semana-Mundial-de-la-Lactancia-Materna-2017-7-630x420.jpg 630w, \/wp-content\/uploads\/sites\/5\/2019\/10\/Concluye-Semana-Mundial-de-la-Lactancia-Materna-2017-7-300x200.jpg 300w, \/wp-content\/uploads\/sites\/5\/2019\/10\/Concluye-Semana-Mundial-de-la-Lactancia-Materna-2017-7-768x512.jpg 768w, \/wp-content\/uploads\/sites\/5\/2019\/10\/Concluye-Semana-Mundial-de-la-Lactancia-Materna-2017-7-1024x683.jpg 1024w, \/wp-content\/uploads\/sites\/5\/2019\/10\/Concluye-Semana-Mundial-de-la-Lactancia-Materna-2017-7-696x464.jpg 696w, \/wp-content\/uploads\/sites\/5\/2019\/10\/Concluye-Semana-Mundial-de-la-Lactancia-Materna-2017-7-1068x712.jpg 1068w, \/wp-content\/uploads\/sites\/5\/2019\/10\/Concluye-Semana-Mundial-de-la-Lactancia-Materna-2017-7-534x356.jpg 534w, \/wp-content\/uploads\/sites\/5\/2019\/10\/Concluye-Semana-Mundial-de-la-Lactancia-Materna-2017-7.jpg 1440w\" sizes=\"(max-width: 630px) 100vw, 630px\" alt=\"\">\r\n                            <\/a>\r\n                            \r\n                        <\/figure>\r\n                    <\/div>\r\n                    <div class = \"td-slide-item td-item15\">\r\n                        <figure class=\"td-slide-galery-figure td-slide-popup-gallery\">\r\n                            <a class=\"slide-gallery-image-link\" href=\"\/wp-content\/uploads\/sites\/5\/2019\/10\/Concluye-Semana-Mundial-de-la-Lactancia-Materna-2017-14.jpg\" title=\"Concluye-Semana-Mundial-de-la-Lactancia-Materna-2017-14\"  data-caption=\"\"  data-description=\"\">\r\n                                <img decoding=\"async\" src=\"\/wp-content\/uploads\/sites\/5\/2019\/10\/Concluye-Semana-Mundial-de-la-Lactancia-Materna-2017-14-630x420.jpg\" srcset=\"\/wp-content\/uploads\/sites\/5\/2019\/10\/Concluye-Semana-Mundial-de-la-Lactancia-Materna-2017-14-630x420.jpg 630w, \/wp-content\/uploads\/sites\/5\/2019\/10\/Concluye-Semana-Mundial-de-la-Lactancia-Materna-2017-14-300x200.jpg 300w, \/wp-content\/uploads\/sites\/5\/2019\/10\/Concluye-Semana-Mundial-de-la-Lactancia-Materna-2017-14-768x512.jpg 768w, \/wp-content\/uploads\/sites\/5\/2019\/10\/Concluye-Semana-Mundial-de-la-Lactancia-Materna-2017-14-1024x683.jpg 1024w, \/wp-content\/uploads\/sites\/5\/2019\/10\/Concluye-Semana-Mundial-de-la-Lactancia-Materna-2017-14-696x464.jpg 696w, \/wp-content\/uploads\/sites\/5\/2019\/10\/Concluye-Semana-Mundial-de-la-Lactancia-Materna-2017-14-1068x712.jpg 1068w, \/wp-content\/uploads\/sites\/5\/2019\/10\/Concluye-Semana-Mundial-de-la-Lactancia-Materna-2017-14-534x356.jpg 534w, \/wp-content\/uploads\/sites\/5\/2019\/10\/Concluye-Semana-Mundial-de-la-Lactancia-Materna-2017-14.jpg 1440w\" sizes=\"(max-width: 630px) 100vw, 630px\" alt=\"\">\r\n                            <\/a>\r\n                            \r\n                        <\/figure>\r\n                    <\/div>\r\n                            <\/div>\r\n                        <\/div>\r\n\r\n                        <div class = \"td-doubleSlider-2\">\r\n                            <div class = \"td-slider\">\r\n                                \r\n                    <div class = \"td-button td-item1\">\r\n                        <div class = \"td-border\"><\/div>\r\n                    <\/div>\r\n                    <div class = \"td-button td-item2\">\r\n                        <div class = \"td-border\"><\/div>\r\n                    <\/div>\r\n                    <div class = \"td-button td-item3\">\r\n                        <div class = \"td-border\"><\/div>\r\n                    <\/div>\r\n                    <div class = \"td-button td-item4\">\r\n                        <div class = \"td-border\"><\/div>\r\n                    <\/div>\r\n                    <div class = \"td-button td-item5\">\r\n                        <div class = \"td-border\"><\/div>\r\n                    <\/div>\r\n                    <div class = \"td-button td-item6\">\r\n                        <div class = \"td-border\"><\/div>\r\n                    <\/div>\r\n                    <div class = \"td-button td-item7\">\r\n                        <div class = \"td-border\"><\/div>\r\n                    <\/div>\r\n                    <div class = \"td-button td-item8\">\r\n                        <div class = \"td-border\"><\/div>\r\n                    <\/div>\r\n                    <div class = \"td-button td-item9\">\r\n                        <div class = \"td-border\"><\/div>\r\n                    <\/div>\r\n                    <div class = \"td-button td-item10\">\r\n                        <div class = \"td-border\"><\/div>\r\n                    <\/div>\r\n                    <div class = \"td-button td-item11\">\r\n                        <div class = \"td-border\"><\/div>\r\n                    <\/div>\r\n                    <div class = \"td-button td-item12\">\r\n                        <div class = \"td-border\"><\/div>\r\n                    <\/div>\r\n                    <div class = \"td-button td-item13\">\r\n                        <div class = \"td-border\"><\/div>\r\n                    <\/div>\r\n                    <div class = \"td-button td-item14\">\r\n                        <div class = \"td-border\"><\/div>\r\n                    <\/div>\r\n                    <div class = \"td-button td-item15\">\r\n                        <div class = \"td-border\"><\/div>\r\n                    <\/div>\r\n                            <\/div>\r\n                        <\/div>\r\n\r\n                    <\/div>\r\n\r\n                <\/div>\r\n                ","protected":false},"excerpt":{"rendered":"<p>El IGSS cuenta con programas permanentes para su promoci\u00f3n Aunque la Semana Mundial de la Lactancia Materna (SMLM) fue instituida por la Organizaci\u00f3n Mundial de la Salud (OMS) del 1 al 7 de agosto, para el Instituto Guatemalteco de Seguridad Social (IGSS) esta tiene vigencia todo el a\u00f1o, tomando en cuenta los m\u00faltiples beneficios que [&hellip;]<\/p>\n","protected":false},"author":9,"featured_media":12693,"comment_status":"open","ping_status":"open","sticky":false,"template":"","format":"standard","meta":{"footnotes":""},"categories":[3,45,24,27,29],"tags":[384,490,555,783],"coauthors":[888],"class_list":{"0":"post-12692","1":"post","2":"type-post","3":"status-publish","4":"format-standard","5":"has-post-thumbnail","7":"category-actualidad","8":"category-jornadas-medicas","9":"category-pediatria","10":"category-prevencion-en-salud","11":"category-publicaciones","12":"tag-dra-varinia-pinto","13":"tag-igss","14":"tag-lactancia-materna","15":"tag-semana-mundial-de-la-lactancia-materna"},"_links":{"self":[{"href":"https:\/\/www.igssgt.org\/noticias\/wp-json\/wp\/v2\/posts\/12692","targetHints":{"allow":["GET"]}}],"collection":[{"href":"https:\/\/www.igssgt.org\/noticias\/wp-json\/wp\/v2\/posts"}],"about":[{"href":"https:\/\/www.igssgt.org\/noticias\/wp-json\/wp\/v2\/types\/post"}],"author":[{"embeddable":true,"href":"https:\/\/www.igssgt.org\/noticias\/wp-json\/wp\/v2\/users\/9"}],"replies":[{"embeddable":true,"href":"https:\/\/www.igssgt.org\/noticias\/wp-json\/wp\/v2\/comments?post=12692"}],"version-history":[{"count":1,"href":"https:\/\/www.igssgt.org\/noticias\/wp-json\/wp\/v2\/posts\/12692\/revisions"}],"predecessor-version":[{"id":12708,"href":"https:\/\/www.igssgt.org\/noticias\/wp-json\/wp\/v2\/posts\/12692\/revisions\/12708"}],"wp:featuredmedia":[{"embeddable":true,"href":"https:\/\/www.igssgt.org\/noticias\/wp-json\/wp\/v2\/media\/12693"}],"wp:attachment":[{"href":"https:\/\/www.igssgt.org\/noticias\/wp-json\/wp\/v2\/media?parent=12692"}],"wp:term":[{"taxonomy":"category","embeddable":true,"href":"https:\/\/www.igssgt.org\/noticias\/wp-json\/wp\/v2\/categories?post=12692"},{"taxonomy":"post_tag","embeddable":true,"href":"https:\/\/www.igssgt.org\/noticias\/wp-json\/wp\/v2\/tags?post=12692"},{"taxonomy":"author","embeddable":true,"href":"https:\/\/www.igssgt.org\/noticias\/wp-json\/wp\/v2\/coauthors?post=12692"}],"curies":[{"name":"wp","href":"https:\/\/api.w.org\/{rel}","templated":true}]}}