{"id":12751,"date":"2017-08-01T08:34:44","date_gmt":"2017-08-01T14:34:44","guid":{"rendered":"https:\/\/www.igssgt.org\/noticias\/?p=12751"},"modified":"2019-10-10T08:48:06","modified_gmt":"2019-10-10T14:48:06","slug":"unidad-periferica-zona-5-inaugura-con-desfile-semana-mundial-de-la-lactancia-materna","status":"publish","type":"post","link":"https:\/\/www.igssgt.org\/noticias\/2017\/08\/01\/unidad-periferica-zona-5-inaugura-con-desfile-semana-mundial-de-la-lactancia-materna\/","title":{"rendered":"Unidad Perif\u00e9rica Zona 5 inaugura con desfile Semana Mundial de la Lactancia Materna"},"content":{"rendered":"\n<figure class=\"wp-block-image\"><img loading=\"lazy\" decoding=\"async\" width=\"1024\" height=\"683\" src=\"\/wp-content\/uploads\/sites\/5\/2019\/10\/Desfile-Semana-Mundial-de-la-Lactancia-Materna-Periferica-Zona-5-IGSS-2017-6-1024x683.jpg\" alt=\"\" class=\"wp-image-12756\" srcset=\"\/wp-content\/uploads\/sites\/5\/2019\/10\/Desfile-Semana-Mundial-de-la-Lactancia-Materna-Periferica-Zona-5-IGSS-2017-6-1024x683.jpg 1024w, \/wp-content\/uploads\/sites\/5\/2019\/10\/Desfile-Semana-Mundial-de-la-Lactancia-Materna-Periferica-Zona-5-IGSS-2017-6-300x200.jpg 300w, \/wp-content\/uploads\/sites\/5\/2019\/10\/Desfile-Semana-Mundial-de-la-Lactancia-Materna-Periferica-Zona-5-IGSS-2017-6-768x512.jpg 768w, \/wp-content\/uploads\/sites\/5\/2019\/10\/Desfile-Semana-Mundial-de-la-Lactancia-Materna-Periferica-Zona-5-IGSS-2017-6-630x420.jpg 630w, \/wp-content\/uploads\/sites\/5\/2019\/10\/Desfile-Semana-Mundial-de-la-Lactancia-Materna-Periferica-Zona-5-IGSS-2017-6-696x464.jpg 696w, \/wp-content\/uploads\/sites\/5\/2019\/10\/Desfile-Semana-Mundial-de-la-Lactancia-Materna-Periferica-Zona-5-IGSS-2017-6-1068x712.jpg 1068w, \/wp-content\/uploads\/sites\/5\/2019\/10\/Desfile-Semana-Mundial-de-la-Lactancia-Materna-Periferica-Zona-5-IGSS-2017-6-534x356.jpg 534w, \/wp-content\/uploads\/sites\/5\/2019\/10\/Desfile-Semana-Mundial-de-la-Lactancia-Materna-Periferica-Zona-5-IGSS-2017-6.jpg 1440w\" sizes=\"auto, (max-width: 1024px) 100vw, 1024px\" \/><figcaption> La Dra. Varinia Pinto, encargada de la Secci\u00f3n Materno Infantil durante la inauguraci\u00f3n de la Semana Mundial de la Salud en Unidad Perif\u00e9rica Zona 5.<\/figcaption><\/figure>\n\n\n\n<p>Con un animado desfile en el que participaron estudiantes de establecimientos educativos, padres de familia, m\u00e9dicos y param\u00e9dicos, as\u00ed como otros trabajadores, fue inaugurada la Semana Mundial de la Lactancia Materna en la Unidad Perif\u00e9rica del Instituto Guatemalteco de Seguridad Social (IGSS) de la zona 5.<\/p>\n\n\n\n<p>\u201cA trav\u00e9s de distintas actividades estamos promoviendo la lactancia materna, porque est\u00e1 comprobado que es el mejor alimento que se le puede administrar al beb\u00e9 ya que contiene los nutrientes, anticuerpos, factores inmunitarios que se necesitan para el desarrollo, lo cual contribuye que en su edad adulta tenga buena salud\u201d, indica el doctor Napole\u00f3n Castillo, director de esa unidad.<\/p>\n\n\n\n<p>En este proceso tambi\u00e9n se beneficia a la madre, porque se recupera m\u00e1s r\u00e1pidamente, pueden prevenirse algunas enfermedades y adem\u00e1s se refuerza el v\u00ednculo que ha tenido con el ni\u00f1o durante el embarazo, explica el doctor Castillo.<\/p>\n\n\n\n<div class=\"wp-block-image\"><figure class=\"alignleft is-resized\"><a href=\"http:\/\/noticias-igss.org\/wp-content\/uploads\/2017\/08\/Desfile-Semana-Mundial-de-la-Lactancia-Materna-Periferica-Zona-5-IGSS-2017-5.jpg\"><img loading=\"lazy\" decoding=\"async\" src=\"\/wp-content\/uploads\/sites\/5\/2019\/10\/Desfile-Semana-Mundial-de-la-Lactancia-Materna-Periferica-Zona-5-IGSS-2017-5-1024x683.jpg\" alt=\"\" class=\"wp-image-12755\" width=\"298\" height=\"198\" srcset=\"\/wp-content\/uploads\/sites\/5\/2019\/10\/Desfile-Semana-Mundial-de-la-Lactancia-Materna-Periferica-Zona-5-IGSS-2017-5-1024x683.jpg 1024w, \/wp-content\/uploads\/sites\/5\/2019\/10\/Desfile-Semana-Mundial-de-la-Lactancia-Materna-Periferica-Zona-5-IGSS-2017-5-300x200.jpg 300w, \/wp-content\/uploads\/sites\/5\/2019\/10\/Desfile-Semana-Mundial-de-la-Lactancia-Materna-Periferica-Zona-5-IGSS-2017-5-768x512.jpg 768w, \/wp-content\/uploads\/sites\/5\/2019\/10\/Desfile-Semana-Mundial-de-la-Lactancia-Materna-Periferica-Zona-5-IGSS-2017-5-630x420.jpg 630w, \/wp-content\/uploads\/sites\/5\/2019\/10\/Desfile-Semana-Mundial-de-la-Lactancia-Materna-Periferica-Zona-5-IGSS-2017-5-696x464.jpg 696w, \/wp-content\/uploads\/sites\/5\/2019\/10\/Desfile-Semana-Mundial-de-la-Lactancia-Materna-Periferica-Zona-5-IGSS-2017-5-1068x712.jpg 1068w, \/wp-content\/uploads\/sites\/5\/2019\/10\/Desfile-Semana-Mundial-de-la-Lactancia-Materna-Periferica-Zona-5-IGSS-2017-5-534x356.jpg 534w, \/wp-content\/uploads\/sites\/5\/2019\/10\/Desfile-Semana-Mundial-de-la-Lactancia-Materna-Periferica-Zona-5-IGSS-2017-5.jpg 1440w\" sizes=\"auto, (max-width: 298px) 100vw, 298px\" \/><\/a><figcaption> Dr. Napole\u00f3n Castillo, director de Unidad Perif\u00e9rica Zona 5.<\/figcaption><\/figure><\/div>\n\n\n\n<p>PARTICIPACI\u00d3N ESTUDIANTIL<\/p>\n\n\n\n<p>Durante la actividad fue realizado un desfile en el que participaron estudiantes del Jard\u00edn de Ni\u00f1os Natalia Gorriz de Morales, as\u00ed como la banda latina del Liceo Brit\u00e1nico Guatemalteco, que portaban pancartas con mensajes dirigidos a proteger, promover y apoyar toda acci\u00f3n para el fomento de la lactancia materna.<\/p>\n\n\n\n<p>El acto inaugural estuvo a cargo del doctor Jorge Alvarado, representante de la Subgerencia de Prestaciones en Salud del IGSS, se cont\u00f3 con la presencia de la doctora Varinia Pinto, de la Secci\u00f3n Materno Infantil, quienes coinciden en que la lactancia materna contribuye a disminuir la morbimortalidad infantil.<\/p>\n\n\n\r\n                <style type=\"text\/css\">\r\n                    \r\n                    #tdi_1  .td-doubleSlider-2 .td-item1 {\r\n                        background: url(\/wp-content\/uploads\/sites\/5\/2019\/10\/Desfile-Semana-Mundial-de-la-Lactancia-Materna-Periferica-Zona-5-IGSS-2017-2-80x60.jpg) 0 0 no-repeat;\r\n                    }\r\n                    #tdi_1  .td-doubleSlider-2 .td-item2 {\r\n                        background: url(\/wp-content\/uploads\/sites\/5\/2019\/10\/Desfile-Semana-Mundial-de-la-Lactancia-Materna-Periferica-Zona-5-IGSS-2017-6-696x464-1-80x60.jpg) 0 0 no-repeat;\r\n                    }\r\n                    #tdi_1  .td-doubleSlider-2 .td-item3 {\r\n                        background: url(\/wp-content\/uploads\/sites\/5\/2019\/10\/Desfile-Semana-Mundial-de-la-Lactancia-Materna-Periferica-Zona-5-IGSS-2017-5-630x420-1-80x60.jpg) 0 0 no-repeat;\r\n                    }\r\n                    #tdi_1  .td-doubleSlider-2 .td-item4 {\r\n                        background: url(\/wp-content\/uploads\/sites\/5\/2019\/10\/Desfile-Semana-Mundial-de-la-Lactancia-Materna-Periferica-Zona-5-IGSS-2017-7-80x60.jpg) 0 0 no-repeat;\r\n                    }\r\n                    #tdi_1  .td-doubleSlider-2 .td-item5 {\r\n                        background: url(\/wp-content\/uploads\/sites\/5\/2019\/10\/Desfile-Semana-Mundial-de-la-Lactancia-Materna-Periferica-Zona-5-IGSS-2017-1-80x60.jpg) 0 0 no-repeat;\r\n                    }\r\n                    #tdi_1  .td-doubleSlider-2 .td-item6 {\r\n                        background: url(\/wp-content\/uploads\/sites\/5\/2019\/10\/Desfile-Semana-Mundial-de-la-Lactancia-Materna-Periferica-Zona-5-IGSS-2017-14-80x60.jpg) 0 0 no-repeat;\r\n                    }\r\n                    #tdi_1  .td-doubleSlider-2 .td-item7 {\r\n                        background: url(\/wp-content\/uploads\/sites\/5\/2019\/10\/Desfile-Semana-Mundial-de-la-Lactancia-Materna-Periferica-Zona-5-IGSS-2017-4-80x60.jpg) 0 0 no-repeat;\r\n                    }\r\n                    #tdi_1  .td-doubleSlider-2 .td-item8 {\r\n                        background: url(\/wp-content\/uploads\/sites\/5\/2019\/10\/Desfile-Semana-Mundial-de-la-Lactancia-Materna-Periferica-Zona-5-IGSS-2017-2-1-80x60.jpg) 0 0 no-repeat;\r\n                    }\r\n                    #tdi_1  .td-doubleSlider-2 .td-item9 {\r\n                        background: url(\/wp-content\/uploads\/sites\/5\/2019\/10\/Desfile-Semana-Mundial-de-la-Lactancia-Materna-Periferica-Zona-5-IGSS-2017-5-80x60.jpg) 0 0 no-repeat;\r\n                    }\r\n                    #tdi_1  .td-doubleSlider-2 .td-item10 {\r\n                        background: url(\/wp-content\/uploads\/sites\/5\/2019\/10\/Desfile-Semana-Mundial-de-la-Lactancia-Materna-Periferica-Zona-5-IGSS-2017-13-80x60.jpg) 0 0 no-repeat;\r\n                    }\r\n                    #tdi_1  .td-doubleSlider-2 .td-item11 {\r\n                        background: url(\/wp-content\/uploads\/sites\/5\/2019\/10\/Desfile-Semana-Mundial-de-la-Lactancia-Materna-Periferica-Zona-5-IGSS-2017-15-80x60.jpeg) 0 0 no-repeat;\r\n                    }\r\n                <\/style>\r\n\r\n                <div id=\"tdi_1\" class=\"td-gallery td-slide-on-2-columns\">\r\n                    <div class=\"post_td_gallery\">\r\n                        <div class=\"td-gallery-slide-top\">\r\n                           <div class=\"td-gallery-title\"><\/div>\r\n\r\n                            <div class=\"td-gallery-controls-wrapper\">\r\n                                <div class=\"td-gallery-slide-count\"><span class=\"td-gallery-slide-item-focus\">1<\/span> de 11<\/div>\r\n                                <div class=\"td-gallery-slide-prev-next-but\">\r\n                                    <i class = \"td-icon-left doubleSliderPrevButton\"><\/i>\r\n                                    <i class = \"td-icon-right doubleSliderNextButton\"><\/i>\r\n                                <\/div>\r\n                            <\/div>\r\n                        <\/div>\r\n\r\n                        <div class = \"td-doubleSlider-1 \">\r\n                            <div class = \"td-slider\">\r\n                                \r\n                    <div class = \"td-slide-item td-item1\">\r\n                        <figure class=\"td-slide-galery-figure td-slide-popup-gallery\">\r\n                            <a class=\"slide-gallery-image-link\" href=\"\/wp-content\/uploads\/sites\/5\/2019\/10\/Desfile-Semana-Mundial-de-la-Lactancia-Materna-Periferica-Zona-5-IGSS-2017-2.jpg\" title=\"Desfile-Semana-Mundial-de-la-Lactancia-Materna-Periferica-Zona-5-IGSS-2017-2\"  data-caption=\"\"  data-description=\"\">\r\n                                <img decoding=\"async\" src=\"\/wp-content\/uploads\/sites\/5\/2019\/10\/Desfile-Semana-Mundial-de-la-Lactancia-Materna-Periferica-Zona-5-IGSS-2017-2-653x420.jpg\" srcset=\"\/wp-content\/uploads\/sites\/5\/2019\/10\/Desfile-Semana-Mundial-de-la-Lactancia-Materna-Periferica-Zona-5-IGSS-2017-2-653x420.jpg 653w, \/wp-content\/uploads\/sites\/5\/2019\/10\/Desfile-Semana-Mundial-de-la-Lactancia-Materna-Periferica-Zona-5-IGSS-2017-2-300x193.jpg 300w, \/wp-content\/uploads\/sites\/5\/2019\/10\/Desfile-Semana-Mundial-de-la-Lactancia-Materna-Periferica-Zona-5-IGSS-2017-2-768x494.jpg 768w, \/wp-content\/uploads\/sites\/5\/2019\/10\/Desfile-Semana-Mundial-de-la-Lactancia-Materna-Periferica-Zona-5-IGSS-2017-2-1024x659.jpg 1024w, \/wp-content\/uploads\/sites\/5\/2019\/10\/Desfile-Semana-Mundial-de-la-Lactancia-Materna-Periferica-Zona-5-IGSS-2017-2-696x448.jpg 696w, \/wp-content\/uploads\/sites\/5\/2019\/10\/Desfile-Semana-Mundial-de-la-Lactancia-Materna-Periferica-Zona-5-IGSS-2017-2-1068x687.jpg 1068w, \/wp-content\/uploads\/sites\/5\/2019\/10\/Desfile-Semana-Mundial-de-la-Lactancia-Materna-Periferica-Zona-5-IGSS-2017-2-534x343.jpg 534w, \/wp-content\/uploads\/sites\/5\/2019\/10\/Desfile-Semana-Mundial-de-la-Lactancia-Materna-Periferica-Zona-5-IGSS-2017-2.jpg 1334w\" sizes=\"(max-width: 653px) 100vw, 653px\" alt=\"\">\r\n                            <\/a>\r\n                            \r\n                        <\/figure>\r\n                    <\/div>\r\n                    <div class = \"td-slide-item td-item2\">\r\n                        <figure class=\"td-slide-galery-figure td-slide-popup-gallery\">\r\n                            <a class=\"slide-gallery-image-link\" href=\"\/wp-content\/uploads\/sites\/5\/2019\/10\/Desfile-Semana-Mundial-de-la-Lactancia-Materna-Periferica-Zona-5-IGSS-2017-6-696x464-1.jpg\" title=\"Desfile-Semana-Mundial-de-la-Lactancia-Materna-Periferica-Zona-5-IGSS-2017-6-696x464\"  data-caption=\"\"  data-description=\"\">\r\n                                <img decoding=\"async\" src=\"\/wp-content\/uploads\/sites\/5\/2019\/10\/Desfile-Semana-Mundial-de-la-Lactancia-Materna-Periferica-Zona-5-IGSS-2017-6-696x464-1-630x420.jpg\" srcset=\"\/wp-content\/uploads\/sites\/5\/2019\/10\/Desfile-Semana-Mundial-de-la-Lactancia-Materna-Periferica-Zona-5-IGSS-2017-6-696x464-1-630x420.jpg 630w, \/wp-content\/uploads\/sites\/5\/2019\/10\/Desfile-Semana-Mundial-de-la-Lactancia-Materna-Periferica-Zona-5-IGSS-2017-6-696x464-1-300x200.jpg 300w, \/wp-content\/uploads\/sites\/5\/2019\/10\/Desfile-Semana-Mundial-de-la-Lactancia-Materna-Periferica-Zona-5-IGSS-2017-6-696x464-1.jpg 696w, \/wp-content\/uploads\/sites\/5\/2019\/10\/Desfile-Semana-Mundial-de-la-Lactancia-Materna-Periferica-Zona-5-IGSS-2017-6-696x464-1-534x356.jpg 534w\" sizes=\"(max-width: 630px) 100vw, 630px\" alt=\"\">\r\n                            <\/a>\r\n                            \r\n                        <\/figure>\r\n                    <\/div>\r\n                    <div class = \"td-slide-item td-item3\">\r\n                        <figure class=\"td-slide-galery-figure td-slide-popup-gallery\">\r\n                            <a class=\"slide-gallery-image-link\" href=\"\/wp-content\/uploads\/sites\/5\/2019\/10\/Desfile-Semana-Mundial-de-la-Lactancia-Materna-Periferica-Zona-5-IGSS-2017-5-630x420-1.jpg\" title=\"Desfile-Semana-Mundial-de-la-Lactancia-Materna-Periferica-Zona-5-IGSS-2017-5-630x420\"  data-caption=\"\"  data-description=\"\">\r\n                                <img decoding=\"async\" src=\"\/wp-content\/uploads\/sites\/5\/2019\/10\/Desfile-Semana-Mundial-de-la-Lactancia-Materna-Periferica-Zona-5-IGSS-2017-5-630x420-1-630x420.jpg\" srcset=\"\/wp-content\/uploads\/sites\/5\/2019\/10\/Desfile-Semana-Mundial-de-la-Lactancia-Materna-Periferica-Zona-5-IGSS-2017-5-630x420-1.jpg 630w, \/wp-content\/uploads\/sites\/5\/2019\/10\/Desfile-Semana-Mundial-de-la-Lactancia-Materna-Periferica-Zona-5-IGSS-2017-5-630x420-1-300x200.jpg 300w, \/wp-content\/uploads\/sites\/5\/2019\/10\/Desfile-Semana-Mundial-de-la-Lactancia-Materna-Periferica-Zona-5-IGSS-2017-5-630x420-1-534x356.jpg 534w\" sizes=\"(max-width: 630px) 100vw, 630px\" alt=\"\">\r\n                            <\/a>\r\n                            \r\n                        <\/figure>\r\n                    <\/div>\r\n                    <div class = \"td-slide-item td-item4\">\r\n                        <figure class=\"td-slide-galery-figure td-slide-popup-gallery\">\r\n                            <a class=\"slide-gallery-image-link\" href=\"\/wp-content\/uploads\/sites\/5\/2019\/10\/Desfile-Semana-Mundial-de-la-Lactancia-Materna-Periferica-Zona-5-IGSS-2017-7.jpg\" title=\"Desfile-Semana-Mundial-de-la-Lactancia-Materna-Periferica-Zona-5-IGSS-2017-7\"  data-caption=\"\"  data-description=\"\">\r\n                                <img decoding=\"async\" src=\"\/wp-content\/uploads\/sites\/5\/2019\/10\/Desfile-Semana-Mundial-de-la-Lactancia-Materna-Periferica-Zona-5-IGSS-2017-7-630x420.jpg\" srcset=\"\/wp-content\/uploads\/sites\/5\/2019\/10\/Desfile-Semana-Mundial-de-la-Lactancia-Materna-Periferica-Zona-5-IGSS-2017-7-630x420.jpg 630w, \/wp-content\/uploads\/sites\/5\/2019\/10\/Desfile-Semana-Mundial-de-la-Lactancia-Materna-Periferica-Zona-5-IGSS-2017-7-300x200.jpg 300w, \/wp-content\/uploads\/sites\/5\/2019\/10\/Desfile-Semana-Mundial-de-la-Lactancia-Materna-Periferica-Zona-5-IGSS-2017-7-768x512.jpg 768w, \/wp-content\/uploads\/sites\/5\/2019\/10\/Desfile-Semana-Mundial-de-la-Lactancia-Materna-Periferica-Zona-5-IGSS-2017-7-1024x683.jpg 1024w, \/wp-content\/uploads\/sites\/5\/2019\/10\/Desfile-Semana-Mundial-de-la-Lactancia-Materna-Periferica-Zona-5-IGSS-2017-7-696x464.jpg 696w, \/wp-content\/uploads\/sites\/5\/2019\/10\/Desfile-Semana-Mundial-de-la-Lactancia-Materna-Periferica-Zona-5-IGSS-2017-7-1068x712.jpg 1068w, \/wp-content\/uploads\/sites\/5\/2019\/10\/Desfile-Semana-Mundial-de-la-Lactancia-Materna-Periferica-Zona-5-IGSS-2017-7-534x356.jpg 534w, \/wp-content\/uploads\/sites\/5\/2019\/10\/Desfile-Semana-Mundial-de-la-Lactancia-Materna-Periferica-Zona-5-IGSS-2017-7.jpg 1440w\" sizes=\"(max-width: 630px) 100vw, 630px\" alt=\"\">\r\n                            <\/a>\r\n                            \r\n                        <\/figure>\r\n                    <\/div>\r\n                    <div class = \"td-slide-item td-item5\">\r\n                        <figure class=\"td-slide-galery-figure td-slide-popup-gallery\">\r\n                            <a class=\"slide-gallery-image-link\" href=\"\/wp-content\/uploads\/sites\/5\/2019\/10\/Desfile-Semana-Mundial-de-la-Lactancia-Materna-Periferica-Zona-5-IGSS-2017-1.jpg\" title=\"Desfile-Semana-Mundial-de-la-Lactancia-Materna-Periferica-Zona-5-IGSS-2017-1\"  data-caption=\"\"  data-description=\"\">\r\n                                <img decoding=\"async\" src=\"\/wp-content\/uploads\/sites\/5\/2019\/10\/Desfile-Semana-Mundial-de-la-Lactancia-Materna-Periferica-Zona-5-IGSS-2017-1-630x420.jpg\" srcset=\"\/wp-content\/uploads\/sites\/5\/2019\/10\/Desfile-Semana-Mundial-de-la-Lactancia-Materna-Periferica-Zona-5-IGSS-2017-1-630x420.jpg 630w, \/wp-content\/uploads\/sites\/5\/2019\/10\/Desfile-Semana-Mundial-de-la-Lactancia-Materna-Periferica-Zona-5-IGSS-2017-1-300x200.jpg 300w, \/wp-content\/uploads\/sites\/5\/2019\/10\/Desfile-Semana-Mundial-de-la-Lactancia-Materna-Periferica-Zona-5-IGSS-2017-1-768x512.jpg 768w, \/wp-content\/uploads\/sites\/5\/2019\/10\/Desfile-Semana-Mundial-de-la-Lactancia-Materna-Periferica-Zona-5-IGSS-2017-1-1024x682.jpg 1024w, \/wp-content\/uploads\/sites\/5\/2019\/10\/Desfile-Semana-Mundial-de-la-Lactancia-Materna-Periferica-Zona-5-IGSS-2017-1-696x464.jpg 696w, \/wp-content\/uploads\/sites\/5\/2019\/10\/Desfile-Semana-Mundial-de-la-Lactancia-Materna-Periferica-Zona-5-IGSS-2017-1-1068x712.jpg 1068w, \/wp-content\/uploads\/sites\/5\/2019\/10\/Desfile-Semana-Mundial-de-la-Lactancia-Materna-Periferica-Zona-5-IGSS-2017-1-534x356.jpg 534w, \/wp-content\/uploads\/sites\/5\/2019\/10\/Desfile-Semana-Mundial-de-la-Lactancia-Materna-Periferica-Zona-5-IGSS-2017-1.jpg 1400w\" sizes=\"(max-width: 630px) 100vw, 630px\" alt=\"\">\r\n                            <\/a>\r\n                            \r\n                        <\/figure>\r\n                    <\/div>\r\n                    <div class = \"td-slide-item td-item6\">\r\n                        <figure class=\"td-slide-galery-figure td-slide-popup-gallery\">\r\n                            <a class=\"slide-gallery-image-link\" href=\"\/wp-content\/uploads\/sites\/5\/2019\/10\/Desfile-Semana-Mundial-de-la-Lactancia-Materna-Periferica-Zona-5-IGSS-2017-14.jpg\" title=\"Desfile-Semana-Mundial-de-la-Lactancia-Materna-Periferica-Zona-5-IGSS-2017-14\"  data-caption=\"\"  data-description=\"\">\r\n                                <img decoding=\"async\" src=\"\/wp-content\/uploads\/sites\/5\/2019\/10\/Desfile-Semana-Mundial-de-la-Lactancia-Materna-Periferica-Zona-5-IGSS-2017-14-747x420.jpg\" srcset=\"\/wp-content\/uploads\/sites\/5\/2019\/10\/Desfile-Semana-Mundial-de-la-Lactancia-Materna-Periferica-Zona-5-IGSS-2017-14-747x420.jpg 747w, \/wp-content\/uploads\/sites\/5\/2019\/10\/Desfile-Semana-Mundial-de-la-Lactancia-Materna-Periferica-Zona-5-IGSS-2017-14-300x169.jpg 300w, \/wp-content\/uploads\/sites\/5\/2019\/10\/Desfile-Semana-Mundial-de-la-Lactancia-Materna-Periferica-Zona-5-IGSS-2017-14-768x432.jpg 768w, \/wp-content\/uploads\/sites\/5\/2019\/10\/Desfile-Semana-Mundial-de-la-Lactancia-Materna-Periferica-Zona-5-IGSS-2017-14-1024x576.jpg 1024w, \/wp-content\/uploads\/sites\/5\/2019\/10\/Desfile-Semana-Mundial-de-la-Lactancia-Materna-Periferica-Zona-5-IGSS-2017-14-696x392.jpg 696w, \/wp-content\/uploads\/sites\/5\/2019\/10\/Desfile-Semana-Mundial-de-la-Lactancia-Materna-Periferica-Zona-5-IGSS-2017-14-1068x601.jpg 1068w, \/wp-content\/uploads\/sites\/5\/2019\/10\/Desfile-Semana-Mundial-de-la-Lactancia-Materna-Periferica-Zona-5-IGSS-2017-14-534x300.jpg 534w, \/wp-content\/uploads\/sites\/5\/2019\/10\/Desfile-Semana-Mundial-de-la-Lactancia-Materna-Periferica-Zona-5-IGSS-2017-14.jpg 1440w\" sizes=\"(max-width: 747px) 100vw, 747px\" alt=\"\">\r\n                            <\/a>\r\n                            \r\n                        <\/figure>\r\n                    <\/div>\r\n                    <div class = \"td-slide-item td-item7\">\r\n                        <figure class=\"td-slide-galery-figure td-slide-popup-gallery\">\r\n                            <a class=\"slide-gallery-image-link\" href=\"\/wp-content\/uploads\/sites\/5\/2019\/10\/Desfile-Semana-Mundial-de-la-Lactancia-Materna-Periferica-Zona-5-IGSS-2017-4.jpg\" title=\"Desfile-Semana-Mundial-de-la-Lactancia-Materna-Periferica-Zona-5-IGSS-2017-4\"  data-caption=\"\"  data-description=\"\">\r\n                                <img decoding=\"async\" src=\"\/wp-content\/uploads\/sites\/5\/2019\/10\/Desfile-Semana-Mundial-de-la-Lactancia-Materna-Periferica-Zona-5-IGSS-2017-4-630x420.jpg\" srcset=\"\/wp-content\/uploads\/sites\/5\/2019\/10\/Desfile-Semana-Mundial-de-la-Lactancia-Materna-Periferica-Zona-5-IGSS-2017-4-630x420.jpg 630w, \/wp-content\/uploads\/sites\/5\/2019\/10\/Desfile-Semana-Mundial-de-la-Lactancia-Materna-Periferica-Zona-5-IGSS-2017-4-300x200.jpg 300w, \/wp-content\/uploads\/sites\/5\/2019\/10\/Desfile-Semana-Mundial-de-la-Lactancia-Materna-Periferica-Zona-5-IGSS-2017-4-768x512.jpg 768w, \/wp-content\/uploads\/sites\/5\/2019\/10\/Desfile-Semana-Mundial-de-la-Lactancia-Materna-Periferica-Zona-5-IGSS-2017-4-1024x683.jpg 1024w, \/wp-content\/uploads\/sites\/5\/2019\/10\/Desfile-Semana-Mundial-de-la-Lactancia-Materna-Periferica-Zona-5-IGSS-2017-4-696x464.jpg 696w, \/wp-content\/uploads\/sites\/5\/2019\/10\/Desfile-Semana-Mundial-de-la-Lactancia-Materna-Periferica-Zona-5-IGSS-2017-4-1068x712.jpg 1068w, \/wp-content\/uploads\/sites\/5\/2019\/10\/Desfile-Semana-Mundial-de-la-Lactancia-Materna-Periferica-Zona-5-IGSS-2017-4-534x356.jpg 534w, \/wp-content\/uploads\/sites\/5\/2019\/10\/Desfile-Semana-Mundial-de-la-Lactancia-Materna-Periferica-Zona-5-IGSS-2017-4.jpg 1440w\" sizes=\"(max-width: 630px) 100vw, 630px\" alt=\"\">\r\n                            <\/a>\r\n                            \r\n                        <\/figure>\r\n                    <\/div>\r\n                    <div class = \"td-slide-item td-item8\">\r\n                        <figure class=\"td-slide-galery-figure td-slide-popup-gallery\">\r\n                            <a class=\"slide-gallery-image-link\" href=\"\/wp-content\/uploads\/sites\/5\/2019\/10\/Desfile-Semana-Mundial-de-la-Lactancia-Materna-Periferica-Zona-5-IGSS-2017-2-1.jpg\" title=\"Desfile-Semana-Mundial-de-la-Lactancia-Materna-Periferica-Zona-5-IGSS-2017-2 (1)\"  data-caption=\"\"  data-description=\"\">\r\n                                <img decoding=\"async\" src=\"\/wp-content\/uploads\/sites\/5\/2019\/10\/Desfile-Semana-Mundial-de-la-Lactancia-Materna-Periferica-Zona-5-IGSS-2017-2-1-653x420.jpg\" srcset=\"\/wp-content\/uploads\/sites\/5\/2019\/10\/Desfile-Semana-Mundial-de-la-Lactancia-Materna-Periferica-Zona-5-IGSS-2017-2-1-653x420.jpg 653w, \/wp-content\/uploads\/sites\/5\/2019\/10\/Desfile-Semana-Mundial-de-la-Lactancia-Materna-Periferica-Zona-5-IGSS-2017-2-1-300x193.jpg 300w, \/wp-content\/uploads\/sites\/5\/2019\/10\/Desfile-Semana-Mundial-de-la-Lactancia-Materna-Periferica-Zona-5-IGSS-2017-2-1-768x494.jpg 768w, \/wp-content\/uploads\/sites\/5\/2019\/10\/Desfile-Semana-Mundial-de-la-Lactancia-Materna-Periferica-Zona-5-IGSS-2017-2-1-1024x659.jpg 1024w, \/wp-content\/uploads\/sites\/5\/2019\/10\/Desfile-Semana-Mundial-de-la-Lactancia-Materna-Periferica-Zona-5-IGSS-2017-2-1-696x448.jpg 696w, \/wp-content\/uploads\/sites\/5\/2019\/10\/Desfile-Semana-Mundial-de-la-Lactancia-Materna-Periferica-Zona-5-IGSS-2017-2-1-1068x687.jpg 1068w, \/wp-content\/uploads\/sites\/5\/2019\/10\/Desfile-Semana-Mundial-de-la-Lactancia-Materna-Periferica-Zona-5-IGSS-2017-2-1-534x343.jpg 534w, \/wp-content\/uploads\/sites\/5\/2019\/10\/Desfile-Semana-Mundial-de-la-Lactancia-Materna-Periferica-Zona-5-IGSS-2017-2-1.jpg 1334w\" sizes=\"(max-width: 653px) 100vw, 653px\" alt=\"\">\r\n                            <\/a>\r\n                            \r\n                        <\/figure>\r\n                    <\/div>\r\n                    <div class = \"td-slide-item td-item9\">\r\n                        <figure class=\"td-slide-galery-figure td-slide-popup-gallery\">\r\n                            <a class=\"slide-gallery-image-link\" href=\"\/wp-content\/uploads\/sites\/5\/2019\/10\/Desfile-Semana-Mundial-de-la-Lactancia-Materna-Periferica-Zona-5-IGSS-2017-5.jpg\" title=\"Desfile-Semana-Mundial-de-la-Lactancia-Materna-Periferica-Zona-5-IGSS-2017-5\"  data-caption=\"\"  data-description=\"\">\r\n                                <img decoding=\"async\" src=\"\/wp-content\/uploads\/sites\/5\/2019\/10\/Desfile-Semana-Mundial-de-la-Lactancia-Materna-Periferica-Zona-5-IGSS-2017-5-630x420.jpg\" srcset=\"\/wp-content\/uploads\/sites\/5\/2019\/10\/Desfile-Semana-Mundial-de-la-Lactancia-Materna-Periferica-Zona-5-IGSS-2017-5-630x420.jpg 630w, \/wp-content\/uploads\/sites\/5\/2019\/10\/Desfile-Semana-Mundial-de-la-Lactancia-Materna-Periferica-Zona-5-IGSS-2017-5-300x200.jpg 300w, \/wp-content\/uploads\/sites\/5\/2019\/10\/Desfile-Semana-Mundial-de-la-Lactancia-Materna-Periferica-Zona-5-IGSS-2017-5-768x512.jpg 768w, \/wp-content\/uploads\/sites\/5\/2019\/10\/Desfile-Semana-Mundial-de-la-Lactancia-Materna-Periferica-Zona-5-IGSS-2017-5-1024x683.jpg 1024w, \/wp-content\/uploads\/sites\/5\/2019\/10\/Desfile-Semana-Mundial-de-la-Lactancia-Materna-Periferica-Zona-5-IGSS-2017-5-696x464.jpg 696w, \/wp-content\/uploads\/sites\/5\/2019\/10\/Desfile-Semana-Mundial-de-la-Lactancia-Materna-Periferica-Zona-5-IGSS-2017-5-1068x712.jpg 1068w, \/wp-content\/uploads\/sites\/5\/2019\/10\/Desfile-Semana-Mundial-de-la-Lactancia-Materna-Periferica-Zona-5-IGSS-2017-5-534x356.jpg 534w, \/wp-content\/uploads\/sites\/5\/2019\/10\/Desfile-Semana-Mundial-de-la-Lactancia-Materna-Periferica-Zona-5-IGSS-2017-5.jpg 1440w\" sizes=\"(max-width: 630px) 100vw, 630px\" alt=\"\">\r\n                            <\/a>\r\n                            \r\n                        <\/figure>\r\n                    <\/div>\r\n                    <div class = \"td-slide-item td-item10\">\r\n                        <figure class=\"td-slide-galery-figure td-slide-popup-gallery\">\r\n                            <a class=\"slide-gallery-image-link\" href=\"\/wp-content\/uploads\/sites\/5\/2019\/10\/Desfile-Semana-Mundial-de-la-Lactancia-Materna-Periferica-Zona-5-IGSS-2017-13.jpg\" title=\"Desfile-Semana-Mundial-de-la-Lactancia-Materna-Periferica-Zona-5-IGSS-2017-13\"  data-caption=\"\"  data-description=\"\">\r\n                                <img decoding=\"async\" src=\"\/wp-content\/uploads\/sites\/5\/2019\/10\/Desfile-Semana-Mundial-de-la-Lactancia-Materna-Periferica-Zona-5-IGSS-2017-13-630x420.jpg\" srcset=\"\/wp-content\/uploads\/sites\/5\/2019\/10\/Desfile-Semana-Mundial-de-la-Lactancia-Materna-Periferica-Zona-5-IGSS-2017-13-630x420.jpg 630w, \/wp-content\/uploads\/sites\/5\/2019\/10\/Desfile-Semana-Mundial-de-la-Lactancia-Materna-Periferica-Zona-5-IGSS-2017-13-300x200.jpg 300w, \/wp-content\/uploads\/sites\/5\/2019\/10\/Desfile-Semana-Mundial-de-la-Lactancia-Materna-Periferica-Zona-5-IGSS-2017-13-768x512.jpg 768w, \/wp-content\/uploads\/sites\/5\/2019\/10\/Desfile-Semana-Mundial-de-la-Lactancia-Materna-Periferica-Zona-5-IGSS-2017-13-1024x683.jpg 1024w, \/wp-content\/uploads\/sites\/5\/2019\/10\/Desfile-Semana-Mundial-de-la-Lactancia-Materna-Periferica-Zona-5-IGSS-2017-13-696x464.jpg 696w, \/wp-content\/uploads\/sites\/5\/2019\/10\/Desfile-Semana-Mundial-de-la-Lactancia-Materna-Periferica-Zona-5-IGSS-2017-13-1068x712.jpg 1068w, \/wp-content\/uploads\/sites\/5\/2019\/10\/Desfile-Semana-Mundial-de-la-Lactancia-Materna-Periferica-Zona-5-IGSS-2017-13-534x356.jpg 534w, \/wp-content\/uploads\/sites\/5\/2019\/10\/Desfile-Semana-Mundial-de-la-Lactancia-Materna-Periferica-Zona-5-IGSS-2017-13.jpg 1440w\" sizes=\"(max-width: 630px) 100vw, 630px\" alt=\"\">\r\n                            <\/a>\r\n                            \r\n                        <\/figure>\r\n                    <\/div>\r\n                    <div class = \"td-slide-item td-item11\">\r\n                        <figure class=\"td-slide-galery-figure td-slide-popup-gallery\">\r\n                            <a class=\"slide-gallery-image-link\" href=\"\/wp-content\/uploads\/sites\/5\/2019\/10\/Desfile-Semana-Mundial-de-la-Lactancia-Materna-Periferica-Zona-5-IGSS-2017-15.jpeg\" title=\"Desfile-Semana-Mundial-de-la-Lactancia-Materna-Periferica-Zona-5-IGSS-2017-15\"  data-caption=\"\"  data-description=\"\">\r\n                                <img decoding=\"async\" src=\"\/wp-content\/uploads\/sites\/5\/2019\/10\/Desfile-Semana-Mundial-de-la-Lactancia-Materna-Periferica-Zona-5-IGSS-2017-15-747x420.jpeg\" srcset=\"\/wp-content\/uploads\/sites\/5\/2019\/10\/Desfile-Semana-Mundial-de-la-Lactancia-Materna-Periferica-Zona-5-IGSS-2017-15-747x420.jpeg 747w, \/wp-content\/uploads\/sites\/5\/2019\/10\/Desfile-Semana-Mundial-de-la-Lactancia-Materna-Periferica-Zona-5-IGSS-2017-15-1536x864.jpeg 1536w, \/wp-content\/uploads\/sites\/5\/2019\/10\/Desfile-Semana-Mundial-de-la-Lactancia-Materna-Periferica-Zona-5-IGSS-2017-15-300x169.jpeg 300w, \/wp-content\/uploads\/sites\/5\/2019\/10\/Desfile-Semana-Mundial-de-la-Lactancia-Materna-Periferica-Zona-5-IGSS-2017-15-768x432.jpeg 768w, \/wp-content\/uploads\/sites\/5\/2019\/10\/Desfile-Semana-Mundial-de-la-Lactancia-Materna-Periferica-Zona-5-IGSS-2017-15-1024x576.jpeg 1024w, \/wp-content\/uploads\/sites\/5\/2019\/10\/Desfile-Semana-Mundial-de-la-Lactancia-Materna-Periferica-Zona-5-IGSS-2017-15-696x392.jpeg 696w, \/wp-content\/uploads\/sites\/5\/2019\/10\/Desfile-Semana-Mundial-de-la-Lactancia-Materna-Periferica-Zona-5-IGSS-2017-15-1068x601.jpeg 1068w, \/wp-content\/uploads\/sites\/5\/2019\/10\/Desfile-Semana-Mundial-de-la-Lactancia-Materna-Periferica-Zona-5-IGSS-2017-15-534x300.jpeg 534w, \/wp-content\/uploads\/sites\/5\/2019\/10\/Desfile-Semana-Mundial-de-la-Lactancia-Materna-Periferica-Zona-5-IGSS-2017-15.jpeg 2048w\" sizes=\"(max-width: 747px) 100vw, 747px\" alt=\"\">\r\n                            <\/a>\r\n                            \r\n                        <\/figure>\r\n                    <\/div>\r\n                            <\/div>\r\n                        <\/div>\r\n\r\n                        <div class = \"td-doubleSlider-2\">\r\n                            <div class = \"td-slider\">\r\n                                \r\n                    <div class = \"td-button td-item1\">\r\n                        <div class = \"td-border\"><\/div>\r\n                    <\/div>\r\n                    <div class = \"td-button td-item2\">\r\n                        <div class = \"td-border\"><\/div>\r\n                    <\/div>\r\n                    <div class = \"td-button td-item3\">\r\n                        <div class = \"td-border\"><\/div>\r\n                    <\/div>\r\n                    <div class = \"td-button td-item4\">\r\n                        <div class = \"td-border\"><\/div>\r\n                    <\/div>\r\n                    <div class = \"td-button td-item5\">\r\n                        <div class = \"td-border\"><\/div>\r\n                    <\/div>\r\n                    <div class = \"td-button td-item6\">\r\n                        <div class = \"td-border\"><\/div>\r\n                    <\/div>\r\n                    <div class = \"td-button td-item7\">\r\n                        <div class = \"td-border\"><\/div>\r\n                    <\/div>\r\n                    <div class = \"td-button td-item8\">\r\n                        <div class = \"td-border\"><\/div>\r\n                    <\/div>\r\n                    <div class = \"td-button td-item9\">\r\n                        <div class = \"td-border\"><\/div>\r\n                    <\/div>\r\n                    <div class = \"td-button td-item10\">\r\n                        <div class = \"td-border\"><\/div>\r\n                    <\/div>\r\n                    <div class = \"td-button td-item11\">\r\n                        <div class = \"td-border\"><\/div>\r\n                    <\/div>\r\n                            <\/div>\r\n                        <\/div>\r\n\r\n                    <\/div>\r\n\r\n                <\/div>\r\n                ","protected":false},"excerpt":{"rendered":"<p>Con un animado desfile en el que participaron estudiantes de establecimientos educativos, padres de familia, m\u00e9dicos y param\u00e9dicos, as\u00ed como otros trabajadores, fue inaugurada la Semana Mundial de la Lactancia Materna en la Unidad Perif\u00e9rica del Instituto Guatemalteco de Seguridad Social (IGSS) de la zona 5. \u201cA trav\u00e9s de distintas actividades estamos promoviendo la lactancia [&hellip;]<\/p>\n","protected":false},"author":9,"featured_media":12757,"comment_status":"open","ping_status":"open","sticky":false,"template":"","format":"standard","meta":{"footnotes":""},"categories":[3,45,27,29,36],"tags":[322,384,490,701,783,837],"coauthors":[888],"class_list":{"0":"post-12751","1":"post","2":"type-post","3":"status-publish","4":"format-standard","5":"has-post-thumbnail","7":"category-actualidad","8":"category-jornadas-medicas","9":"category-prevencion-en-salud","10":"category-publicaciones","11":"category-unidades-medicas","12":"tag-dr-napoleon-castillo","13":"tag-dra-varinia-pinto","14":"tag-igss","15":"tag-periferica-zona-5","16":"tag-semana-mundial-de-la-lactancia-materna","17":"tag-unidad-periferica-zona-5"},"_links":{"self":[{"href":"https:\/\/www.igssgt.org\/noticias\/wp-json\/wp\/v2\/posts\/12751","targetHints":{"allow":["GET"]}}],"collection":[{"href":"https:\/\/www.igssgt.org\/noticias\/wp-json\/wp\/v2\/posts"}],"about":[{"href":"https:\/\/www.igssgt.org\/noticias\/wp-json\/wp\/v2\/types\/post"}],"author":[{"embeddable":true,"href":"https:\/\/www.igssgt.org\/noticias\/wp-json\/wp\/v2\/users\/9"}],"replies":[{"embeddable":true,"href":"https:\/\/www.igssgt.org\/noticias\/wp-json\/wp\/v2\/comments?post=12751"}],"version-history":[{"count":1,"href":"https:\/\/www.igssgt.org\/noticias\/wp-json\/wp\/v2\/posts\/12751\/revisions"}],"predecessor-version":[{"id":12765,"href":"https:\/\/www.igssgt.org\/noticias\/wp-json\/wp\/v2\/posts\/12751\/revisions\/12765"}],"wp:featuredmedia":[{"embeddable":true,"href":"https:\/\/www.igssgt.org\/noticias\/wp-json\/wp\/v2\/media\/12757"}],"wp:attachment":[{"href":"https:\/\/www.igssgt.org\/noticias\/wp-json\/wp\/v2\/media?parent=12751"}],"wp:term":[{"taxonomy":"category","embeddable":true,"href":"https:\/\/www.igssgt.org\/noticias\/wp-json\/wp\/v2\/categories?post=12751"},{"taxonomy":"post_tag","embeddable":true,"href":"https:\/\/www.igssgt.org\/noticias\/wp-json\/wp\/v2\/tags?post=12751"},{"taxonomy":"author","embeddable":true,"href":"https:\/\/www.igssgt.org\/noticias\/wp-json\/wp\/v2\/coauthors?post=12751"}],"curies":[{"name":"wp","href":"https:\/\/api.w.org\/{rel}","templated":true}]}}