{"id":12817,"date":"2017-07-20T10:48:56","date_gmt":"2017-07-20T16:48:56","guid":{"rendered":"https:\/\/www.igssgt.org\/noticias\/?p=12817"},"modified":"2019-10-10T11:38:14","modified_gmt":"2019-10-10T17:38:14","slug":"foro-de-rectores-se-reune-con-junta-directiva-del-igss","status":"publish","type":"post","link":"https:\/\/www.igssgt.org\/noticias\/2017\/07\/20\/foro-de-rectores-se-reune-con-junta-directiva-del-igss\/","title":{"rendered":"Foro de Rectores se re\u00fane con Junta Directiva del IGSS"},"content":{"rendered":"\n<figure class=\"wp-block-image\"><img loading=\"lazy\" decoding=\"async\" width=\"696\" height=\"464\" src=\"\/wp-content\/uploads\/sites\/5\/2019\/10\/Foro-de-Rectores-se-reune-con-Junta-Directiva-de-IGSS-2-696x464-1.jpg\" alt=\"\" class=\"wp-image-12833\" srcset=\"\/wp-content\/uploads\/sites\/5\/2019\/10\/Foro-de-Rectores-se-reune-con-Junta-Directiva-de-IGSS-2-696x464-1.jpg 696w, \/wp-content\/uploads\/sites\/5\/2019\/10\/Foro-de-Rectores-se-reune-con-Junta-Directiva-de-IGSS-2-696x464-1-300x200.jpg 300w, \/wp-content\/uploads\/sites\/5\/2019\/10\/Foro-de-Rectores-se-reune-con-Junta-Directiva-de-IGSS-2-696x464-1-630x420.jpg 630w, \/wp-content\/uploads\/sites\/5\/2019\/10\/Foro-de-Rectores-se-reune-con-Junta-Directiva-de-IGSS-2-696x464-1-534x356.jpg 534w\" sizes=\"auto, (max-width: 696px) 100vw, 696px\" \/><\/figure>\n\n\n\n<p>Rectores y representantes de las universidades del pa\u00eds se reunieron hoy con los integrantes de la Junta Directiva del Instituto Guatemalteco de Seguridad Social (IGSS) con el objetivo de analizar mecanismos que conduzcan a la instituci\u00f3n a alcanzar sus objetivos.<\/p>\n\n\n\n<p>Es un proceso de apertura del IGSS a la academia y la profesionalizaci\u00f3n, expres\u00f3 el licenciado Edgar Balsells, representante de la Universidad de San Carlos ante la Junta Directiva del Instituto.<\/p>\n\n\n\n<p>Inicialmente se present\u00f3 al foro de invitados un documento base que expresa las necesidades que tiene el Seguro Social, el licenciado Carlos Contreras, Presidente de la Junta Directiva, agradeci\u00f3 el apoyo que permitir\u00e1 implementar las acciones que permitan alcanzar los objetivos previstos en la ley org\u00e1nica del Instituto.<\/p>\n\n\n\n<p>El Dr. Carlos Alvarado, Rector de la Universidad de San Carlos de Guatemala al tomar la palabra resalt\u00f3 la importancia de la iniciativa para el fortalecimiento de la seguridad social en el pa\u00eds, y agreg\u00f3 en el Foro de Rectores hemos sido testigos de los esfuerzos y atendimos de manera inmediata esta solicitud dada la importancia.<\/p>\n\n\n\n<p>El requerimiento realizado a las entidades acad\u00e9micas incluye la formaci\u00f3n de equipos multidisciplinarios en diversas \u00e1reas formados por investigadores y expertos que realicen estudios y an\u00e1lisis que permitan diagnosticar la situaci\u00f3n de la instituci\u00f3n y luego realicen propuestas que fortalezcan la gesti\u00f3n vinculada a campos como la planificaci\u00f3n, administraci\u00f3n, estudios poblacionales, ciencias de la salud, pol\u00edtica social, farmacolog\u00eda, gerencia, tecnolog\u00eda, log\u00edstica, trabajo social, estad\u00edstica, finanzas y pol\u00edticas p\u00fablicas.<\/p>\n\n\n\n<p>El representante del Colegio de M\u00e9dicos ante la Junta Directiva del IGSS, Dr. Allan Ruano y el representante de las Asociaciones Patronales, licenciado Jos\u00e9 Bernardo Pineda, manifestaron la importancia del apoyo t\u00e9cnico y cient\u00edfico que las universidades podr\u00e1n transferir al Instituto.<\/p>\n\n\n\n<p>El Dr. Rafael Espada, Decano de la Universidad Mariano G\u00e1lvez, expres\u00f3 que para instituciones acad\u00e9micas \u201cEs una obligaci\u00f3n apoyar todo esfuerzo encaminado a la b\u00fasqueda del bienestar de la poblaci\u00f3n\u201d.<\/p>\n\n\n\n<p>Todos los presentes coincidieron en continuar y fortalecer esta iniciativa permita el cumplimiento de los objetivos de la instituci\u00f3n de garantizar la salud y el bienestar de la poblaci\u00f3n.<\/p>\n\n\n\r\n                <style type=\"text\/css\">\r\n                    \r\n                    #tdi_1  .td-doubleSlider-2 .td-item1 {\r\n                        background: url(\/wp-content\/uploads\/sites\/5\/2019\/10\/Foro-de-Rectores-se-reune-con-Junta-Directiva-de-IGSS-18-80x60.jpg) 0 0 no-repeat;\r\n                    }\r\n                    #tdi_1  .td-doubleSlider-2 .td-item2 {\r\n                        background: url(\/wp-content\/uploads\/sites\/5\/2019\/10\/Foro-de-Rectores-se-reune-con-Junta-Directiva-de-IGSS-17-80x60.jpg) 0 0 no-repeat;\r\n                    }\r\n                    #tdi_1  .td-doubleSlider-2 .td-item3 {\r\n                        background: url(\/wp-content\/uploads\/sites\/5\/2019\/10\/Foro-de-Rectores-se-reune-con-Junta-Directiva-de-IGSS-15-80x60.jpg) 0 0 no-repeat;\r\n                    }\r\n                    #tdi_1  .td-doubleSlider-2 .td-item4 {\r\n                        background: url(\/wp-content\/uploads\/sites\/5\/2019\/10\/Foro-de-Rectores-se-reune-con-Junta-Directiva-de-IGSS-11-80x60.jpg) 0 0 no-repeat;\r\n                    }\r\n                    #tdi_1  .td-doubleSlider-2 .td-item5 {\r\n                        background: url(\/wp-content\/uploads\/sites\/5\/2019\/10\/Foro-de-Rectores-se-reune-con-Junta-Directiva-de-IGSS-10-80x60.jpg) 0 0 no-repeat;\r\n                    }\r\n                    #tdi_1  .td-doubleSlider-2 .td-item6 {\r\n                        background: url(\/wp-content\/uploads\/sites\/5\/2019\/10\/Foro-de-Rectores-se-reune-con-Junta-Directiva-de-IGSS-8-80x60.jpg) 0 0 no-repeat;\r\n                    }\r\n                    #tdi_1  .td-doubleSlider-2 .td-item7 {\r\n                        background: url(\/wp-content\/uploads\/sites\/5\/2019\/10\/Foro-de-Rectores-se-reune-con-Junta-Directiva-de-IGSS-12-80x60.jpg) 0 0 no-repeat;\r\n                    }\r\n                    #tdi_1  .td-doubleSlider-2 .td-item8 {\r\n                        background: url(\/wp-content\/uploads\/sites\/5\/2019\/10\/Foro-de-Rectores-se-reune-con-Junta-Directiva-de-IGSS-6-80x60.jpg) 0 0 no-repeat;\r\n                    }\r\n                    #tdi_1  .td-doubleSlider-2 .td-item9 {\r\n                        background: url(\/wp-content\/uploads\/sites\/5\/2019\/10\/Foro-de-Rectores-se-reune-con-Junta-Directiva-de-IGSS-7-80x60.jpg) 0 0 no-repeat;\r\n                    }\r\n                    #tdi_1  .td-doubleSlider-2 .td-item10 {\r\n                        background: url(\/wp-content\/uploads\/sites\/5\/2019\/10\/DFOIgawUIAAONtQ-80x60.jpg) 0 0 no-repeat;\r\n                    }\r\n                    #tdi_1  .td-doubleSlider-2 .td-item11 {\r\n                        background: url(\/wp-content\/uploads\/sites\/5\/2019\/10\/Foro-de-Rectores-se-reune-con-Junta-Directiva-de-IGSS-2-80x60.jpg) 0 0 no-repeat;\r\n                    }\r\n                    #tdi_1  .td-doubleSlider-2 .td-item12 {\r\n                        background: url(\/wp-content\/uploads\/sites\/5\/2019\/10\/Foro-de-Rectores-se-reune-con-Junta-Directiva-de-IGSS-9-80x60.jpg) 0 0 no-repeat;\r\n                    }\r\n                    #tdi_1  .td-doubleSlider-2 .td-item13 {\r\n                        background: url(\/wp-content\/uploads\/sites\/5\/2019\/10\/Foro-de-Rectores-se-reune-con-Junta-Directiva-de-IGSS-19-80x60.jpg) 0 0 no-repeat;\r\n                    }\r\n                    #tdi_1  .td-doubleSlider-2 .td-item14 {\r\n                        background: url(\/wp-content\/uploads\/sites\/5\/2019\/10\/Foro-de-Rectores-se-reune-con-Junta-Directiva-de-IGSS-16-80x60.jpg) 0 0 no-repeat;\r\n                    }\r\n                    #tdi_1  .td-doubleSlider-2 .td-item15 {\r\n                        background: url(\/wp-content\/uploads\/sites\/5\/2019\/10\/Foro-de-Rectores-se-reune-con-Junta-Directiva-de-IGSS-14-80x60.jpg) 0 0 no-repeat;\r\n                    }\r\n                    #tdi_1  .td-doubleSlider-2 .td-item16 {\r\n                        background: url(\/wp-content\/uploads\/sites\/5\/2019\/10\/Foro-de-Rectores-se-reune-con-Junta-Directiva-de-IGSS-2-696x464-1-80x60.jpg) 0 0 no-repeat;\r\n                    }\r\n                    #tdi_1  .td-doubleSlider-2 .td-item17 {\r\n                        background: url(\/wp-content\/uploads\/sites\/5\/2019\/10\/Foro-de-Rectores-se-reune-con-Junta-Directiva-de-IGSS-13-80x60.jpg) 0 0 no-repeat;\r\n                    }\r\n                <\/style>\r\n\r\n                <div id=\"tdi_1\" class=\"td-gallery td-slide-on-2-columns\">\r\n                    <div class=\"post_td_gallery\">\r\n                        <div class=\"td-gallery-slide-top\">\r\n                           <div class=\"td-gallery-title\"><\/div>\r\n\r\n                            <div class=\"td-gallery-controls-wrapper\">\r\n                                <div class=\"td-gallery-slide-count\"><span class=\"td-gallery-slide-item-focus\">1<\/span> de 17<\/div>\r\n                                <div class=\"td-gallery-slide-prev-next-but\">\r\n                                    <i class = \"td-icon-left doubleSliderPrevButton\"><\/i>\r\n                                    <i class = \"td-icon-right doubleSliderNextButton\"><\/i>\r\n                                <\/div>\r\n                            <\/div>\r\n                        <\/div>\r\n\r\n                        <div class = \"td-doubleSlider-1 \">\r\n                            <div class = \"td-slider\">\r\n                                \r\n                    <div class = \"td-slide-item td-item1\">\r\n                        <figure class=\"td-slide-galery-figure td-slide-popup-gallery\">\r\n                            <a class=\"slide-gallery-image-link\" href=\"\/wp-content\/uploads\/sites\/5\/2019\/10\/Foro-de-Rectores-se-reune-con-Junta-Directiva-de-IGSS-18.jpg\" title=\"Foro-de-Rectores-se-reune-con-Junta-Directiva-de-IGSS-18\"  data-caption=\"\"  data-description=\"\">\r\n                                <img decoding=\"async\" src=\"\/wp-content\/uploads\/sites\/5\/2019\/10\/Foro-de-Rectores-se-reune-con-Junta-Directiva-de-IGSS-18-630x420.jpg\" srcset=\"\/wp-content\/uploads\/sites\/5\/2019\/10\/Foro-de-Rectores-se-reune-con-Junta-Directiva-de-IGSS-18-630x420.jpg 630w, \/wp-content\/uploads\/sites\/5\/2019\/10\/Foro-de-Rectores-se-reune-con-Junta-Directiva-de-IGSS-18-300x200.jpg 300w, \/wp-content\/uploads\/sites\/5\/2019\/10\/Foro-de-Rectores-se-reune-con-Junta-Directiva-de-IGSS-18-768x512.jpg 768w, \/wp-content\/uploads\/sites\/5\/2019\/10\/Foro-de-Rectores-se-reune-con-Junta-Directiva-de-IGSS-18-1024x683.jpg 1024w, \/wp-content\/uploads\/sites\/5\/2019\/10\/Foro-de-Rectores-se-reune-con-Junta-Directiva-de-IGSS-18-696x464.jpg 696w, \/wp-content\/uploads\/sites\/5\/2019\/10\/Foro-de-Rectores-se-reune-con-Junta-Directiva-de-IGSS-18-1068x712.jpg 1068w, \/wp-content\/uploads\/sites\/5\/2019\/10\/Foro-de-Rectores-se-reune-con-Junta-Directiva-de-IGSS-18-534x356.jpg 534w, \/wp-content\/uploads\/sites\/5\/2019\/10\/Foro-de-Rectores-se-reune-con-Junta-Directiva-de-IGSS-18.jpg 1440w\" sizes=\"(max-width: 630px) 100vw, 630px\" alt=\"\">\r\n                            <\/a>\r\n                            \r\n                        <\/figure>\r\n                    <\/div>\r\n                    <div class = \"td-slide-item td-item2\">\r\n                        <figure class=\"td-slide-galery-figure td-slide-popup-gallery\">\r\n                            <a class=\"slide-gallery-image-link\" href=\"\/wp-content\/uploads\/sites\/5\/2019\/10\/Foro-de-Rectores-se-reune-con-Junta-Directiva-de-IGSS-17.jpg\" title=\"Foro-de-Rectores-se-reune-con-Junta-Directiva-de-IGSS-17\"  data-caption=\"\"  data-description=\"\">\r\n                                <img decoding=\"async\" src=\"\/wp-content\/uploads\/sites\/5\/2019\/10\/Foro-de-Rectores-se-reune-con-Junta-Directiva-de-IGSS-17-630x420.jpg\" srcset=\"\/wp-content\/uploads\/sites\/5\/2019\/10\/Foro-de-Rectores-se-reune-con-Junta-Directiva-de-IGSS-17-630x420.jpg 630w, \/wp-content\/uploads\/sites\/5\/2019\/10\/Foro-de-Rectores-se-reune-con-Junta-Directiva-de-IGSS-17-300x200.jpg 300w, \/wp-content\/uploads\/sites\/5\/2019\/10\/Foro-de-Rectores-se-reune-con-Junta-Directiva-de-IGSS-17-768x512.jpg 768w, \/wp-content\/uploads\/sites\/5\/2019\/10\/Foro-de-Rectores-se-reune-con-Junta-Directiva-de-IGSS-17-1024x683.jpg 1024w, \/wp-content\/uploads\/sites\/5\/2019\/10\/Foro-de-Rectores-se-reune-con-Junta-Directiva-de-IGSS-17-696x464.jpg 696w, \/wp-content\/uploads\/sites\/5\/2019\/10\/Foro-de-Rectores-se-reune-con-Junta-Directiva-de-IGSS-17-1068x712.jpg 1068w, \/wp-content\/uploads\/sites\/5\/2019\/10\/Foro-de-Rectores-se-reune-con-Junta-Directiva-de-IGSS-17-534x356.jpg 534w, \/wp-content\/uploads\/sites\/5\/2019\/10\/Foro-de-Rectores-se-reune-con-Junta-Directiva-de-IGSS-17.jpg 1440w\" sizes=\"(max-width: 630px) 100vw, 630px\" alt=\"\">\r\n                            <\/a>\r\n                            \r\n                        <\/figure>\r\n                    <\/div>\r\n                    <div class = \"td-slide-item td-item3\">\r\n                        <figure class=\"td-slide-galery-figure td-slide-popup-gallery\">\r\n                            <a class=\"slide-gallery-image-link\" href=\"\/wp-content\/uploads\/sites\/5\/2019\/10\/Foro-de-Rectores-se-reune-con-Junta-Directiva-de-IGSS-15-scaled.jpg\" title=\"Foro-de-Rectores-se-reune-con-Junta-Directiva-de-IGSS-15\"  data-caption=\"\"  data-description=\"\">\r\n                                <img decoding=\"async\" src=\"\/wp-content\/uploads\/sites\/5\/2019\/10\/Foro-de-Rectores-se-reune-con-Junta-Directiva-de-IGSS-15-630x420.jpg\" srcset=\"\/wp-content\/uploads\/sites\/5\/2019\/10\/Foro-de-Rectores-se-reune-con-Junta-Directiva-de-IGSS-15-630x420.jpg 630w, \/wp-content\/uploads\/sites\/5\/2019\/10\/Foro-de-Rectores-se-reune-con-Junta-Directiva-de-IGSS-15-1536x1024.jpg 1536w, \/wp-content\/uploads\/sites\/5\/2019\/10\/Foro-de-Rectores-se-reune-con-Junta-Directiva-de-IGSS-15-2048x1365.jpg 2048w, \/wp-content\/uploads\/sites\/5\/2019\/10\/Foro-de-Rectores-se-reune-con-Junta-Directiva-de-IGSS-15-300x200.jpg 300w, \/wp-content\/uploads\/sites\/5\/2019\/10\/Foro-de-Rectores-se-reune-con-Junta-Directiva-de-IGSS-15-768x512.jpg 768w, \/wp-content\/uploads\/sites\/5\/2019\/10\/Foro-de-Rectores-se-reune-con-Junta-Directiva-de-IGSS-15-1024x683.jpg 1024w, \/wp-content\/uploads\/sites\/5\/2019\/10\/Foro-de-Rectores-se-reune-con-Junta-Directiva-de-IGSS-15-696x464.jpg 696w, \/wp-content\/uploads\/sites\/5\/2019\/10\/Foro-de-Rectores-se-reune-con-Junta-Directiva-de-IGSS-15-1068x712.jpg 1068w, \/wp-content\/uploads\/sites\/5\/2019\/10\/Foro-de-Rectores-se-reune-con-Junta-Directiva-de-IGSS-15-534x356.jpg 534w\" sizes=\"(max-width: 630px) 100vw, 630px\" alt=\"\">\r\n                            <\/a>\r\n                            \r\n                        <\/figure>\r\n                    <\/div>\r\n                    <div class = \"td-slide-item td-item4\">\r\n                        <figure class=\"td-slide-galery-figure td-slide-popup-gallery\">\r\n                            <a class=\"slide-gallery-image-link\" href=\"\/wp-content\/uploads\/sites\/5\/2019\/10\/Foro-de-Rectores-se-reune-con-Junta-Directiva-de-IGSS-11.jpg\" title=\"Foro-de-Rectores-se-reune-con-Junta-Directiva-de-IGSS-11\"  data-caption=\"\"  data-description=\"\">\r\n                                <img decoding=\"async\" src=\"\/wp-content\/uploads\/sites\/5\/2019\/10\/Foro-de-Rectores-se-reune-con-Junta-Directiva-de-IGSS-11-630x420.jpg\" srcset=\"\/wp-content\/uploads\/sites\/5\/2019\/10\/Foro-de-Rectores-se-reune-con-Junta-Directiva-de-IGSS-11-630x420.jpg 630w, \/wp-content\/uploads\/sites\/5\/2019\/10\/Foro-de-Rectores-se-reune-con-Junta-Directiva-de-IGSS-11-300x200.jpg 300w, \/wp-content\/uploads\/sites\/5\/2019\/10\/Foro-de-Rectores-se-reune-con-Junta-Directiva-de-IGSS-11-768x512.jpg 768w, \/wp-content\/uploads\/sites\/5\/2019\/10\/Foro-de-Rectores-se-reune-con-Junta-Directiva-de-IGSS-11-1024x683.jpg 1024w, \/wp-content\/uploads\/sites\/5\/2019\/10\/Foro-de-Rectores-se-reune-con-Junta-Directiva-de-IGSS-11-696x464.jpg 696w, \/wp-content\/uploads\/sites\/5\/2019\/10\/Foro-de-Rectores-se-reune-con-Junta-Directiva-de-IGSS-11-1068x712.jpg 1068w, \/wp-content\/uploads\/sites\/5\/2019\/10\/Foro-de-Rectores-se-reune-con-Junta-Directiva-de-IGSS-11-534x356.jpg 534w, \/wp-content\/uploads\/sites\/5\/2019\/10\/Foro-de-Rectores-se-reune-con-Junta-Directiva-de-IGSS-11.jpg 1440w\" sizes=\"(max-width: 630px) 100vw, 630px\" alt=\"\">\r\n                            <\/a>\r\n                            \r\n                        <\/figure>\r\n                    <\/div>\r\n                    <div class = \"td-slide-item td-item5\">\r\n                        <figure class=\"td-slide-galery-figure td-slide-popup-gallery\">\r\n                            <a class=\"slide-gallery-image-link\" href=\"\/wp-content\/uploads\/sites\/5\/2019\/10\/Foro-de-Rectores-se-reune-con-Junta-Directiva-de-IGSS-10.jpg\" title=\"Foro-de-Rectores-se-reune-con-Junta-Directiva-de-IGSS-10\"  data-caption=\"\"  data-description=\"\">\r\n                                <img decoding=\"async\" src=\"\/wp-content\/uploads\/sites\/5\/2019\/10\/Foro-de-Rectores-se-reune-con-Junta-Directiva-de-IGSS-10-630x420.jpg\" srcset=\"\/wp-content\/uploads\/sites\/5\/2019\/10\/Foro-de-Rectores-se-reune-con-Junta-Directiva-de-IGSS-10-630x420.jpg 630w, \/wp-content\/uploads\/sites\/5\/2019\/10\/Foro-de-Rectores-se-reune-con-Junta-Directiva-de-IGSS-10-300x200.jpg 300w, \/wp-content\/uploads\/sites\/5\/2019\/10\/Foro-de-Rectores-se-reune-con-Junta-Directiva-de-IGSS-10-768x512.jpg 768w, \/wp-content\/uploads\/sites\/5\/2019\/10\/Foro-de-Rectores-se-reune-con-Junta-Directiva-de-IGSS-10-1024x683.jpg 1024w, \/wp-content\/uploads\/sites\/5\/2019\/10\/Foro-de-Rectores-se-reune-con-Junta-Directiva-de-IGSS-10-696x464.jpg 696w, \/wp-content\/uploads\/sites\/5\/2019\/10\/Foro-de-Rectores-se-reune-con-Junta-Directiva-de-IGSS-10-1068x712.jpg 1068w, \/wp-content\/uploads\/sites\/5\/2019\/10\/Foro-de-Rectores-se-reune-con-Junta-Directiva-de-IGSS-10-534x356.jpg 534w, \/wp-content\/uploads\/sites\/5\/2019\/10\/Foro-de-Rectores-se-reune-con-Junta-Directiva-de-IGSS-10.jpg 1440w\" sizes=\"(max-width: 630px) 100vw, 630px\" alt=\"\">\r\n                            <\/a>\r\n                            \r\n                        <\/figure>\r\n                    <\/div>\r\n                    <div class = \"td-slide-item td-item6\">\r\n                        <figure class=\"td-slide-galery-figure td-slide-popup-gallery\">\r\n                            <a class=\"slide-gallery-image-link\" href=\"\/wp-content\/uploads\/sites\/5\/2019\/10\/Foro-de-Rectores-se-reune-con-Junta-Directiva-de-IGSS-8.jpg\" title=\"Foro-de-Rectores-se-reune-con-Junta-Directiva-de-IGSS-8\"  data-caption=\"\"  data-description=\"\">\r\n                                <img decoding=\"async\" src=\"\/wp-content\/uploads\/sites\/5\/2019\/10\/Foro-de-Rectores-se-reune-con-Junta-Directiva-de-IGSS-8-630x420.jpg\" srcset=\"\/wp-content\/uploads\/sites\/5\/2019\/10\/Foro-de-Rectores-se-reune-con-Junta-Directiva-de-IGSS-8-630x420.jpg 630w, \/wp-content\/uploads\/sites\/5\/2019\/10\/Foro-de-Rectores-se-reune-con-Junta-Directiva-de-IGSS-8-300x200.jpg 300w, \/wp-content\/uploads\/sites\/5\/2019\/10\/Foro-de-Rectores-se-reune-con-Junta-Directiva-de-IGSS-8-768x512.jpg 768w, \/wp-content\/uploads\/sites\/5\/2019\/10\/Foro-de-Rectores-se-reune-con-Junta-Directiva-de-IGSS-8-1024x683.jpg 1024w, \/wp-content\/uploads\/sites\/5\/2019\/10\/Foro-de-Rectores-se-reune-con-Junta-Directiva-de-IGSS-8-696x464.jpg 696w, \/wp-content\/uploads\/sites\/5\/2019\/10\/Foro-de-Rectores-se-reune-con-Junta-Directiva-de-IGSS-8-1068x712.jpg 1068w, \/wp-content\/uploads\/sites\/5\/2019\/10\/Foro-de-Rectores-se-reune-con-Junta-Directiva-de-IGSS-8-534x356.jpg 534w, \/wp-content\/uploads\/sites\/5\/2019\/10\/Foro-de-Rectores-se-reune-con-Junta-Directiva-de-IGSS-8.jpg 1440w\" sizes=\"(max-width: 630px) 100vw, 630px\" alt=\"\">\r\n                            <\/a>\r\n                            \r\n                        <\/figure>\r\n                    <\/div>\r\n                    <div class = \"td-slide-item td-item7\">\r\n                        <figure class=\"td-slide-galery-figure td-slide-popup-gallery\">\r\n                            <a class=\"slide-gallery-image-link\" href=\"\/wp-content\/uploads\/sites\/5\/2019\/10\/Foro-de-Rectores-se-reune-con-Junta-Directiva-de-IGSS-12.jpg\" title=\"Foro-de-Rectores-se-reune-con-Junta-Directiva-de-IGSS-12\"  data-caption=\"\"  data-description=\"\">\r\n                                <img decoding=\"async\" src=\"\/wp-content\/uploads\/sites\/5\/2019\/10\/Foro-de-Rectores-se-reune-con-Junta-Directiva-de-IGSS-12-630x420.jpg\" srcset=\"\/wp-content\/uploads\/sites\/5\/2019\/10\/Foro-de-Rectores-se-reune-con-Junta-Directiva-de-IGSS-12-630x420.jpg 630w, \/wp-content\/uploads\/sites\/5\/2019\/10\/Foro-de-Rectores-se-reune-con-Junta-Directiva-de-IGSS-12-300x200.jpg 300w, \/wp-content\/uploads\/sites\/5\/2019\/10\/Foro-de-Rectores-se-reune-con-Junta-Directiva-de-IGSS-12-768x512.jpg 768w, \/wp-content\/uploads\/sites\/5\/2019\/10\/Foro-de-Rectores-se-reune-con-Junta-Directiva-de-IGSS-12-1024x683.jpg 1024w, \/wp-content\/uploads\/sites\/5\/2019\/10\/Foro-de-Rectores-se-reune-con-Junta-Directiva-de-IGSS-12-696x464.jpg 696w, \/wp-content\/uploads\/sites\/5\/2019\/10\/Foro-de-Rectores-se-reune-con-Junta-Directiva-de-IGSS-12-1068x712.jpg 1068w, \/wp-content\/uploads\/sites\/5\/2019\/10\/Foro-de-Rectores-se-reune-con-Junta-Directiva-de-IGSS-12-534x356.jpg 534w, \/wp-content\/uploads\/sites\/5\/2019\/10\/Foro-de-Rectores-se-reune-con-Junta-Directiva-de-IGSS-12.jpg 1440w\" sizes=\"(max-width: 630px) 100vw, 630px\" alt=\"\">\r\n                            <\/a>\r\n                            \r\n                        <\/figure>\r\n                    <\/div>\r\n                    <div class = \"td-slide-item td-item8\">\r\n                        <figure class=\"td-slide-galery-figure td-slide-popup-gallery\">\r\n                            <a class=\"slide-gallery-image-link\" href=\"\/wp-content\/uploads\/sites\/5\/2019\/10\/Foro-de-Rectores-se-reune-con-Junta-Directiva-de-IGSS-6.jpg\" title=\"Foro-de-Rectores-se-reune-con-Junta-Directiva-de-IGSS-6\"  data-caption=\"\"  data-description=\"\">\r\n                                <img decoding=\"async\" src=\"\/wp-content\/uploads\/sites\/5\/2019\/10\/Foro-de-Rectores-se-reune-con-Junta-Directiva-de-IGSS-6-630x420.jpg\" srcset=\"\/wp-content\/uploads\/sites\/5\/2019\/10\/Foro-de-Rectores-se-reune-con-Junta-Directiva-de-IGSS-6-630x420.jpg 630w, \/wp-content\/uploads\/sites\/5\/2019\/10\/Foro-de-Rectores-se-reune-con-Junta-Directiva-de-IGSS-6-300x200.jpg 300w, \/wp-content\/uploads\/sites\/5\/2019\/10\/Foro-de-Rectores-se-reune-con-Junta-Directiva-de-IGSS-6-768x512.jpg 768w, \/wp-content\/uploads\/sites\/5\/2019\/10\/Foro-de-Rectores-se-reune-con-Junta-Directiva-de-IGSS-6-1024x683.jpg 1024w, \/wp-content\/uploads\/sites\/5\/2019\/10\/Foro-de-Rectores-se-reune-con-Junta-Directiva-de-IGSS-6-696x464.jpg 696w, \/wp-content\/uploads\/sites\/5\/2019\/10\/Foro-de-Rectores-se-reune-con-Junta-Directiva-de-IGSS-6-1068x712.jpg 1068w, \/wp-content\/uploads\/sites\/5\/2019\/10\/Foro-de-Rectores-se-reune-con-Junta-Directiva-de-IGSS-6-534x356.jpg 534w, \/wp-content\/uploads\/sites\/5\/2019\/10\/Foro-de-Rectores-se-reune-con-Junta-Directiva-de-IGSS-6.jpg 1440w\" sizes=\"(max-width: 630px) 100vw, 630px\" alt=\"\">\r\n                            <\/a>\r\n                            \r\n                        <\/figure>\r\n                    <\/div>\r\n                    <div class = \"td-slide-item td-item9\">\r\n                        <figure class=\"td-slide-galery-figure td-slide-popup-gallery\">\r\n                            <a class=\"slide-gallery-image-link\" href=\"\/wp-content\/uploads\/sites\/5\/2019\/10\/Foro-de-Rectores-se-reune-con-Junta-Directiva-de-IGSS-7.jpg\" title=\"Foro-de-Rectores-se-reune-con-Junta-Directiva-de-IGSS-7\"  data-caption=\"\"  data-description=\"\">\r\n                                <img decoding=\"async\" src=\"\/wp-content\/uploads\/sites\/5\/2019\/10\/Foro-de-Rectores-se-reune-con-Junta-Directiva-de-IGSS-7-630x420.jpg\" srcset=\"\/wp-content\/uploads\/sites\/5\/2019\/10\/Foro-de-Rectores-se-reune-con-Junta-Directiva-de-IGSS-7-630x420.jpg 630w, \/wp-content\/uploads\/sites\/5\/2019\/10\/Foro-de-Rectores-se-reune-con-Junta-Directiva-de-IGSS-7-300x200.jpg 300w, \/wp-content\/uploads\/sites\/5\/2019\/10\/Foro-de-Rectores-se-reune-con-Junta-Directiva-de-IGSS-7-768x512.jpg 768w, \/wp-content\/uploads\/sites\/5\/2019\/10\/Foro-de-Rectores-se-reune-con-Junta-Directiva-de-IGSS-7-1024x683.jpg 1024w, \/wp-content\/uploads\/sites\/5\/2019\/10\/Foro-de-Rectores-se-reune-con-Junta-Directiva-de-IGSS-7-696x464.jpg 696w, \/wp-content\/uploads\/sites\/5\/2019\/10\/Foro-de-Rectores-se-reune-con-Junta-Directiva-de-IGSS-7-1068x712.jpg 1068w, \/wp-content\/uploads\/sites\/5\/2019\/10\/Foro-de-Rectores-se-reune-con-Junta-Directiva-de-IGSS-7-534x356.jpg 534w, \/wp-content\/uploads\/sites\/5\/2019\/10\/Foro-de-Rectores-se-reune-con-Junta-Directiva-de-IGSS-7.jpg 1440w\" sizes=\"(max-width: 630px) 100vw, 630px\" alt=\"\">\r\n                            <\/a>\r\n                            \r\n                        <\/figure>\r\n                    <\/div>\r\n                    <div class = \"td-slide-item td-item10\">\r\n                        <figure class=\"td-slide-galery-figure td-slide-popup-gallery\">\r\n                            <a class=\"slide-gallery-image-link\" href=\"\/wp-content\/uploads\/sites\/5\/2019\/10\/DFOIgawUIAAONtQ.jpg\" title=\"DFOIgawUIAAONtQ\"  data-caption=\"\"  data-description=\"\">\r\n                                <img decoding=\"async\" src=\"\/wp-content\/uploads\/sites\/5\/2019\/10\/DFOIgawUIAAONtQ-630x420.jpg\" srcset=\"\/wp-content\/uploads\/sites\/5\/2019\/10\/DFOIgawUIAAONtQ-630x420.jpg 630w, \/wp-content\/uploads\/sites\/5\/2019\/10\/DFOIgawUIAAONtQ-300x200.jpg 300w, \/wp-content\/uploads\/sites\/5\/2019\/10\/DFOIgawUIAAONtQ-768x512.jpg 768w, \/wp-content\/uploads\/sites\/5\/2019\/10\/DFOIgawUIAAONtQ-1024x683.jpg 1024w, \/wp-content\/uploads\/sites\/5\/2019\/10\/DFOIgawUIAAONtQ-696x464.jpg 696w, \/wp-content\/uploads\/sites\/5\/2019\/10\/DFOIgawUIAAONtQ-1068x712.jpg 1068w, \/wp-content\/uploads\/sites\/5\/2019\/10\/DFOIgawUIAAONtQ-534x356.jpg 534w, \/wp-content\/uploads\/sites\/5\/2019\/10\/DFOIgawUIAAONtQ.jpg 1200w\" sizes=\"(max-width: 630px) 100vw, 630px\" alt=\"\">\r\n                            <\/a>\r\n                            \r\n                        <\/figure>\r\n                    <\/div>\r\n                    <div class = \"td-slide-item td-item11\">\r\n                        <figure class=\"td-slide-galery-figure td-slide-popup-gallery\">\r\n                            <a class=\"slide-gallery-image-link\" href=\"\/wp-content\/uploads\/sites\/5\/2019\/10\/Foro-de-Rectores-se-reune-con-Junta-Directiva-de-IGSS-2.jpg\" title=\"Foro-de-Rectores-se-reune-con-Junta-Directiva-de-IGSS-2\"  data-caption=\"\"  data-description=\"\">\r\n                                <img decoding=\"async\" src=\"\/wp-content\/uploads\/sites\/5\/2019\/10\/Foro-de-Rectores-se-reune-con-Junta-Directiva-de-IGSS-2-630x420.jpg\" srcset=\"\/wp-content\/uploads\/sites\/5\/2019\/10\/Foro-de-Rectores-se-reune-con-Junta-Directiva-de-IGSS-2-630x420.jpg 630w, \/wp-content\/uploads\/sites\/5\/2019\/10\/Foro-de-Rectores-se-reune-con-Junta-Directiva-de-IGSS-2-300x200.jpg 300w, \/wp-content\/uploads\/sites\/5\/2019\/10\/Foro-de-Rectores-se-reune-con-Junta-Directiva-de-IGSS-2-768x512.jpg 768w, \/wp-content\/uploads\/sites\/5\/2019\/10\/Foro-de-Rectores-se-reune-con-Junta-Directiva-de-IGSS-2-1024x683.jpg 1024w, \/wp-content\/uploads\/sites\/5\/2019\/10\/Foro-de-Rectores-se-reune-con-Junta-Directiva-de-IGSS-2-696x464.jpg 696w, \/wp-content\/uploads\/sites\/5\/2019\/10\/Foro-de-Rectores-se-reune-con-Junta-Directiva-de-IGSS-2-1068x712.jpg 1068w, \/wp-content\/uploads\/sites\/5\/2019\/10\/Foro-de-Rectores-se-reune-con-Junta-Directiva-de-IGSS-2-534x356.jpg 534w, \/wp-content\/uploads\/sites\/5\/2019\/10\/Foro-de-Rectores-se-reune-con-Junta-Directiva-de-IGSS-2.jpg 1440w\" sizes=\"(max-width: 630px) 100vw, 630px\" alt=\"\">\r\n                            <\/a>\r\n                            \r\n                        <\/figure>\r\n                    <\/div>\r\n                    <div class = \"td-slide-item td-item12\">\r\n                        <figure class=\"td-slide-galery-figure td-slide-popup-gallery\">\r\n                            <a class=\"slide-gallery-image-link\" href=\"\/wp-content\/uploads\/sites\/5\/2019\/10\/Foro-de-Rectores-se-reune-con-Junta-Directiva-de-IGSS-9.jpg\" title=\"Foro-de-Rectores-se-reune-con-Junta-Directiva-de-IGSS-9\"  data-caption=\"\"  data-description=\"\">\r\n                                <img decoding=\"async\" src=\"\/wp-content\/uploads\/sites\/5\/2019\/10\/Foro-de-Rectores-se-reune-con-Junta-Directiva-de-IGSS-9-630x420.jpg\" srcset=\"\/wp-content\/uploads\/sites\/5\/2019\/10\/Foro-de-Rectores-se-reune-con-Junta-Directiva-de-IGSS-9-630x420.jpg 630w, \/wp-content\/uploads\/sites\/5\/2019\/10\/Foro-de-Rectores-se-reune-con-Junta-Directiva-de-IGSS-9-300x200.jpg 300w, \/wp-content\/uploads\/sites\/5\/2019\/10\/Foro-de-Rectores-se-reune-con-Junta-Directiva-de-IGSS-9-768x512.jpg 768w, \/wp-content\/uploads\/sites\/5\/2019\/10\/Foro-de-Rectores-se-reune-con-Junta-Directiva-de-IGSS-9-1024x683.jpg 1024w, \/wp-content\/uploads\/sites\/5\/2019\/10\/Foro-de-Rectores-se-reune-con-Junta-Directiva-de-IGSS-9-696x464.jpg 696w, \/wp-content\/uploads\/sites\/5\/2019\/10\/Foro-de-Rectores-se-reune-con-Junta-Directiva-de-IGSS-9-1068x712.jpg 1068w, \/wp-content\/uploads\/sites\/5\/2019\/10\/Foro-de-Rectores-se-reune-con-Junta-Directiva-de-IGSS-9-534x356.jpg 534w, \/wp-content\/uploads\/sites\/5\/2019\/10\/Foro-de-Rectores-se-reune-con-Junta-Directiva-de-IGSS-9.jpg 1440w\" sizes=\"(max-width: 630px) 100vw, 630px\" alt=\"\">\r\n                            <\/a>\r\n                            \r\n                        <\/figure>\r\n                    <\/div>\r\n                    <div class = \"td-slide-item td-item13\">\r\n                        <figure class=\"td-slide-galery-figure td-slide-popup-gallery\">\r\n                            <a class=\"slide-gallery-image-link\" href=\"\/wp-content\/uploads\/sites\/5\/2019\/10\/Foro-de-Rectores-se-reune-con-Junta-Directiva-de-IGSS-19.jpg\" title=\"Foro-de-Rectores-se-reune-con-Junta-Directiva-de-IGSS-19\"  data-caption=\"\"  data-description=\"\">\r\n                                <img decoding=\"async\" src=\"\/wp-content\/uploads\/sites\/5\/2019\/10\/Foro-de-Rectores-se-reune-con-Junta-Directiva-de-IGSS-19-630x420.jpg\" srcset=\"\/wp-content\/uploads\/sites\/5\/2019\/10\/Foro-de-Rectores-se-reune-con-Junta-Directiva-de-IGSS-19-630x420.jpg 630w, \/wp-content\/uploads\/sites\/5\/2019\/10\/Foro-de-Rectores-se-reune-con-Junta-Directiva-de-IGSS-19-300x200.jpg 300w, \/wp-content\/uploads\/sites\/5\/2019\/10\/Foro-de-Rectores-se-reune-con-Junta-Directiva-de-IGSS-19-768x512.jpg 768w, \/wp-content\/uploads\/sites\/5\/2019\/10\/Foro-de-Rectores-se-reune-con-Junta-Directiva-de-IGSS-19-1024x683.jpg 1024w, \/wp-content\/uploads\/sites\/5\/2019\/10\/Foro-de-Rectores-se-reune-con-Junta-Directiva-de-IGSS-19-696x464.jpg 696w, \/wp-content\/uploads\/sites\/5\/2019\/10\/Foro-de-Rectores-se-reune-con-Junta-Directiva-de-IGSS-19-1068x712.jpg 1068w, \/wp-content\/uploads\/sites\/5\/2019\/10\/Foro-de-Rectores-se-reune-con-Junta-Directiva-de-IGSS-19-534x356.jpg 534w, \/wp-content\/uploads\/sites\/5\/2019\/10\/Foro-de-Rectores-se-reune-con-Junta-Directiva-de-IGSS-19.jpg 1440w\" sizes=\"(max-width: 630px) 100vw, 630px\" alt=\"\">\r\n                            <\/a>\r\n                            \r\n                        <\/figure>\r\n                    <\/div>\r\n                    <div class = \"td-slide-item td-item14\">\r\n                        <figure class=\"td-slide-galery-figure td-slide-popup-gallery\">\r\n                            <a class=\"slide-gallery-image-link\" href=\"\/wp-content\/uploads\/sites\/5\/2019\/10\/Foro-de-Rectores-se-reune-con-Junta-Directiva-de-IGSS-16.jpg\" title=\"Foro-de-Rectores-se-reune-con-Junta-Directiva-de-IGSS-16\"  data-caption=\"\"  data-description=\"\">\r\n                                <img decoding=\"async\" src=\"\/wp-content\/uploads\/sites\/5\/2019\/10\/Foro-de-Rectores-se-reune-con-Junta-Directiva-de-IGSS-16-630x420.jpg\" srcset=\"\/wp-content\/uploads\/sites\/5\/2019\/10\/Foro-de-Rectores-se-reune-con-Junta-Directiva-de-IGSS-16-630x420.jpg 630w, \/wp-content\/uploads\/sites\/5\/2019\/10\/Foro-de-Rectores-se-reune-con-Junta-Directiva-de-IGSS-16-300x200.jpg 300w, \/wp-content\/uploads\/sites\/5\/2019\/10\/Foro-de-Rectores-se-reune-con-Junta-Directiva-de-IGSS-16-768x512.jpg 768w, \/wp-content\/uploads\/sites\/5\/2019\/10\/Foro-de-Rectores-se-reune-con-Junta-Directiva-de-IGSS-16-1024x683.jpg 1024w, \/wp-content\/uploads\/sites\/5\/2019\/10\/Foro-de-Rectores-se-reune-con-Junta-Directiva-de-IGSS-16-696x464.jpg 696w, \/wp-content\/uploads\/sites\/5\/2019\/10\/Foro-de-Rectores-se-reune-con-Junta-Directiva-de-IGSS-16-1068x712.jpg 1068w, \/wp-content\/uploads\/sites\/5\/2019\/10\/Foro-de-Rectores-se-reune-con-Junta-Directiva-de-IGSS-16-534x356.jpg 534w, \/wp-content\/uploads\/sites\/5\/2019\/10\/Foro-de-Rectores-se-reune-con-Junta-Directiva-de-IGSS-16.jpg 1440w\" sizes=\"(max-width: 630px) 100vw, 630px\" alt=\"\">\r\n                            <\/a>\r\n                            \r\n                        <\/figure>\r\n                    <\/div>\r\n                    <div class = \"td-slide-item td-item15\">\r\n                        <figure class=\"td-slide-galery-figure td-slide-popup-gallery\">\r\n                            <a class=\"slide-gallery-image-link\" href=\"\/wp-content\/uploads\/sites\/5\/2019\/10\/Foro-de-Rectores-se-reune-con-Junta-Directiva-de-IGSS-14.jpg\" title=\"Foro-de-Rectores-se-reune-con-Junta-Directiva-de-IGSS-14\"  data-caption=\"\"  data-description=\"\">\r\n                                <img decoding=\"async\" src=\"\/wp-content\/uploads\/sites\/5\/2019\/10\/Foro-de-Rectores-se-reune-con-Junta-Directiva-de-IGSS-14-630x420.jpg\" srcset=\"\/wp-content\/uploads\/sites\/5\/2019\/10\/Foro-de-Rectores-se-reune-con-Junta-Directiva-de-IGSS-14-630x420.jpg 630w, \/wp-content\/uploads\/sites\/5\/2019\/10\/Foro-de-Rectores-se-reune-con-Junta-Directiva-de-IGSS-14-300x200.jpg 300w, \/wp-content\/uploads\/sites\/5\/2019\/10\/Foro-de-Rectores-se-reune-con-Junta-Directiva-de-IGSS-14-768x512.jpg 768w, \/wp-content\/uploads\/sites\/5\/2019\/10\/Foro-de-Rectores-se-reune-con-Junta-Directiva-de-IGSS-14-1024x683.jpg 1024w, \/wp-content\/uploads\/sites\/5\/2019\/10\/Foro-de-Rectores-se-reune-con-Junta-Directiva-de-IGSS-14-696x464.jpg 696w, \/wp-content\/uploads\/sites\/5\/2019\/10\/Foro-de-Rectores-se-reune-con-Junta-Directiva-de-IGSS-14-1068x712.jpg 1068w, \/wp-content\/uploads\/sites\/5\/2019\/10\/Foro-de-Rectores-se-reune-con-Junta-Directiva-de-IGSS-14-534x356.jpg 534w, \/wp-content\/uploads\/sites\/5\/2019\/10\/Foro-de-Rectores-se-reune-con-Junta-Directiva-de-IGSS-14.jpg 1440w\" sizes=\"(max-width: 630px) 100vw, 630px\" alt=\"\">\r\n                            <\/a>\r\n                            \r\n                        <\/figure>\r\n                    <\/div>\r\n                    <div class = \"td-slide-item td-item16\">\r\n                        <figure class=\"td-slide-galery-figure td-slide-popup-gallery\">\r\n                            <a class=\"slide-gallery-image-link\" href=\"\/wp-content\/uploads\/sites\/5\/2019\/10\/Foro-de-Rectores-se-reune-con-Junta-Directiva-de-IGSS-2-696x464-1.jpg\" title=\"Foro-de-Rectores-se-reune-con-Junta-Directiva-de-IGSS-2-696x464\"  data-caption=\"\"  data-description=\"\">\r\n                                <img decoding=\"async\" src=\"\/wp-content\/uploads\/sites\/5\/2019\/10\/Foro-de-Rectores-se-reune-con-Junta-Directiva-de-IGSS-2-696x464-1-630x420.jpg\" srcset=\"\/wp-content\/uploads\/sites\/5\/2019\/10\/Foro-de-Rectores-se-reune-con-Junta-Directiva-de-IGSS-2-696x464-1-630x420.jpg 630w, \/wp-content\/uploads\/sites\/5\/2019\/10\/Foro-de-Rectores-se-reune-con-Junta-Directiva-de-IGSS-2-696x464-1-300x200.jpg 300w, \/wp-content\/uploads\/sites\/5\/2019\/10\/Foro-de-Rectores-se-reune-con-Junta-Directiva-de-IGSS-2-696x464-1.jpg 696w, \/wp-content\/uploads\/sites\/5\/2019\/10\/Foro-de-Rectores-se-reune-con-Junta-Directiva-de-IGSS-2-696x464-1-534x356.jpg 534w\" sizes=\"(max-width: 630px) 100vw, 630px\" alt=\"\">\r\n                            <\/a>\r\n                            \r\n                        <\/figure>\r\n                    <\/div>\r\n                    <div class = \"td-slide-item td-item17\">\r\n                        <figure class=\"td-slide-galery-figure td-slide-popup-gallery\">\r\n                            <a class=\"slide-gallery-image-link\" href=\"\/wp-content\/uploads\/sites\/5\/2019\/10\/Foro-de-Rectores-se-reune-con-Junta-Directiva-de-IGSS-13.jpg\" title=\"Foro-de-Rectores-se-reune-con-Junta-Directiva-de-IGSS-13\"  data-caption=\"\"  data-description=\"\">\r\n                                <img decoding=\"async\" src=\"\/wp-content\/uploads\/sites\/5\/2019\/10\/Foro-de-Rectores-se-reune-con-Junta-Directiva-de-IGSS-13-630x420.jpg\" srcset=\"\/wp-content\/uploads\/sites\/5\/2019\/10\/Foro-de-Rectores-se-reune-con-Junta-Directiva-de-IGSS-13-630x420.jpg 630w, \/wp-content\/uploads\/sites\/5\/2019\/10\/Foro-de-Rectores-se-reune-con-Junta-Directiva-de-IGSS-13-300x200.jpg 300w, \/wp-content\/uploads\/sites\/5\/2019\/10\/Foro-de-Rectores-se-reune-con-Junta-Directiva-de-IGSS-13-768x512.jpg 768w, \/wp-content\/uploads\/sites\/5\/2019\/10\/Foro-de-Rectores-se-reune-con-Junta-Directiva-de-IGSS-13-1024x683.jpg 1024w, \/wp-content\/uploads\/sites\/5\/2019\/10\/Foro-de-Rectores-se-reune-con-Junta-Directiva-de-IGSS-13-696x464.jpg 696w, \/wp-content\/uploads\/sites\/5\/2019\/10\/Foro-de-Rectores-se-reune-con-Junta-Directiva-de-IGSS-13-1068x712.jpg 1068w, \/wp-content\/uploads\/sites\/5\/2019\/10\/Foro-de-Rectores-se-reune-con-Junta-Directiva-de-IGSS-13-534x356.jpg 534w, \/wp-content\/uploads\/sites\/5\/2019\/10\/Foro-de-Rectores-se-reune-con-Junta-Directiva-de-IGSS-13.jpg 1440w\" sizes=\"(max-width: 630px) 100vw, 630px\" alt=\"\">\r\n                            <\/a>\r\n                            \r\n                        <\/figure>\r\n                    <\/div>\r\n                            <\/div>\r\n                        <\/div>\r\n\r\n                        <div class = \"td-doubleSlider-2\">\r\n                            <div class = \"td-slider\">\r\n                                \r\n                    <div class = \"td-button td-item1\">\r\n                        <div class = \"td-border\"><\/div>\r\n                    <\/div>\r\n                    <div class = \"td-button td-item2\">\r\n                        <div class = \"td-border\"><\/div>\r\n                    <\/div>\r\n                    <div class = \"td-button td-item3\">\r\n                        <div class = \"td-border\"><\/div>\r\n                    <\/div>\r\n                    <div class = \"td-button td-item4\">\r\n                        <div class = \"td-border\"><\/div>\r\n                    <\/div>\r\n                    <div class = \"td-button td-item5\">\r\n                        <div class = \"td-border\"><\/div>\r\n                    <\/div>\r\n                    <div class = \"td-button td-item6\">\r\n                        <div class = \"td-border\"><\/div>\r\n                    <\/div>\r\n                    <div class = \"td-button td-item7\">\r\n                        <div class = \"td-border\"><\/div>\r\n                    <\/div>\r\n                    <div class = \"td-button td-item8\">\r\n                        <div class = \"td-border\"><\/div>\r\n                    <\/div>\r\n                    <div class = \"td-button td-item9\">\r\n                        <div class = \"td-border\"><\/div>\r\n                    <\/div>\r\n                    <div class = \"td-button td-item10\">\r\n                        <div class = \"td-border\"><\/div>\r\n                    <\/div>\r\n                    <div class = \"td-button td-item11\">\r\n                        <div class = \"td-border\"><\/div>\r\n                    <\/div>\r\n                    <div class = \"td-button td-item12\">\r\n                        <div class = \"td-border\"><\/div>\r\n                    <\/div>\r\n                    <div class = \"td-button td-item13\">\r\n                        <div class = \"td-border\"><\/div>\r\n                    <\/div>\r\n                    <div class = \"td-button td-item14\">\r\n                        <div class = \"td-border\"><\/div>\r\n                    <\/div>\r\n                    <div class = \"td-button td-item15\">\r\n                        <div class = \"td-border\"><\/div>\r\n                    <\/div>\r\n                    <div class = \"td-button td-item16\">\r\n                        <div class = \"td-border\"><\/div>\r\n                    <\/div>\r\n                    <div class = \"td-button td-item17\">\r\n                        <div class = \"td-border\"><\/div>\r\n                    <\/div>\r\n                            <\/div>\r\n                        <\/div>\r\n\r\n                    <\/div>\r\n\r\n                <\/div>\r\n                ","protected":false},"excerpt":{"rendered":"<p>Rectores y representantes de las universidades del pa\u00eds se reunieron hoy con los integrantes de la Junta Directiva del Instituto Guatemalteco de Seguridad Social (IGSS) con el objetivo de analizar mecanismos que conduzcan a la instituci\u00f3n a alcanzar sus objetivos. Es un proceso de apertura del IGSS a la academia y la profesionalizaci\u00f3n, expres\u00f3 el [&hellip;]<\/p>\n","protected":false},"author":9,"featured_media":12824,"comment_status":"open","ping_status":"open","sticky":false,"template":"","format":"standard","meta":{"footnotes":""},"categories":[3,13,15,19,21,29],"tags":[446,490,544],"coauthors":[888],"class_list":{"0":"post-12817","1":"post","2":"type-post","3":"status-publish","4":"format-standard","5":"has-post-thumbnail","7":"category-actualidad","8":"category-comunicados-de-prensa","9":"category-destacado","10":"category-integridad-y-trasparencia","11":"category-junta-directiva-igss","12":"category-publicaciones","13":"tag-foro-de-rectores","14":"tag-igss","15":"tag-junta-directiva-igss"},"_links":{"self":[{"href":"https:\/\/www.igssgt.org\/noticias\/wp-json\/wp\/v2\/posts\/12817","targetHints":{"allow":["GET"]}}],"collection":[{"href":"https:\/\/www.igssgt.org\/noticias\/wp-json\/wp\/v2\/posts"}],"about":[{"href":"https:\/\/www.igssgt.org\/noticias\/wp-json\/wp\/v2\/types\/post"}],"author":[{"embeddable":true,"href":"https:\/\/www.igssgt.org\/noticias\/wp-json\/wp\/v2\/users\/9"}],"replies":[{"embeddable":true,"href":"https:\/\/www.igssgt.org\/noticias\/wp-json\/wp\/v2\/comments?post=12817"}],"version-history":[{"count":1,"href":"https:\/\/www.igssgt.org\/noticias\/wp-json\/wp\/v2\/posts\/12817\/revisions"}],"predecessor-version":[{"id":12835,"href":"https:\/\/www.igssgt.org\/noticias\/wp-json\/wp\/v2\/posts\/12817\/revisions\/12835"}],"wp:featuredmedia":[{"embeddable":true,"href":"https:\/\/www.igssgt.org\/noticias\/wp-json\/wp\/v2\/media\/12824"}],"wp:attachment":[{"href":"https:\/\/www.igssgt.org\/noticias\/wp-json\/wp\/v2\/media?parent=12817"}],"wp:term":[{"taxonomy":"category","embeddable":true,"href":"https:\/\/www.igssgt.org\/noticias\/wp-json\/wp\/v2\/categories?post=12817"},{"taxonomy":"post_tag","embeddable":true,"href":"https:\/\/www.igssgt.org\/noticias\/wp-json\/wp\/v2\/tags?post=12817"},{"taxonomy":"author","embeddable":true,"href":"https:\/\/www.igssgt.org\/noticias\/wp-json\/wp\/v2\/coauthors?post=12817"}],"curies":[{"name":"wp","href":"https:\/\/api.w.org\/{rel}","templated":true}]}}