{"id":12936,"date":"2019-10-17T13:15:05","date_gmt":"2019-10-17T19:15:05","guid":{"rendered":"https:\/\/www.igssgt.org\/noticias\/?p=12936"},"modified":"2019-10-17T14:10:42","modified_gmt":"2019-10-17T20:10:42","slug":"capacitan-a-representantes-de-la-construccion-la-industria-y-de-mantenimiento","status":"publish","type":"post","link":"https:\/\/www.igssgt.org\/noticias\/2019\/10\/17\/capacitan-a-representantes-de-la-construccion-la-industria-y-de-mantenimiento\/","title":{"rendered":"Capacitan a representantes de la construcci\u00f3n, la industria y de mantenimiento"},"content":{"rendered":"\n<p>Como parte del fortalecimiento a la pol\u00edtica preventiva que impulsa el IGSS, expertos de la Secci\u00f3n de Seguridad e Higiene y Prevenci\u00f3n de Accidentes, as\u00ed como un consultor en seguridad laboral, impartieron la conferencia \u201cPrevenci\u00f3n de los riesgos laborales en los trabajos en alturas\u201d, la cual se realiz\u00f3 en el Auditorio de las Oficinas Centrales.<\/p>\n<p>Manuel Antonio Hern\u00e1ndez, inspector de Salud y Seguridad Ocupacional, explic\u00f3 que el objetivo del evento fue concientizar a representantes de las entidades de la construcci\u00f3n, industria y mantenimiento acerca del uso del Equipo de Protecci\u00f3n Personal (EPP). Este equipo b\u00e1sico consiste en casco, lentes, chaleco, guantes y botas, el cual debe utilizarse al ingresar a trabajar como primera defensa ante el entorno de riesgo en su centro de trabajo.<\/p>\n<p>Entre las principales recomendaciones hechas durante el evento est\u00e1n la de asumir una pol\u00edtica de protecci\u00f3n personal que permita que el trabajador permanezca libre de los riesgos que pongan en peligro su vida y su integridad f\u00edsica en general.<\/p>\n<p>El arquitecto Julio Meza, consultor en Salud y Seguridad Laboral, indic\u00f3 que el uso del equipo de protecci\u00f3n personal es vital para prevenir tragedias, as\u00ed como para la implementaci\u00f3n de una cultura de tolerancia cero en este tipo de accidentes.<\/p>\n<p>Se entender\u00e1 por trabajo en alturas toda labor o desplazamiento que se realice a 1.50 metros o m\u00e1s sobre un nivel inferior. Durante esta actividad se comprob\u00f3 el conocimiento sobre el uso del equipo que se debe de utilizar espec\u00edficamente en \u00e1reas de trabajo de altura.<\/p>\n<p>Para los expertos, los trabajadores son la primera l\u00ednea de defensa contra los accidentes y es necesario un sistema integral de gesti\u00f3n acompa\u00f1ada de evaluaciones permanentes para que los laborantes comprendan la magnitud de la prevenci\u00f3n de riesgos, tomando en cuenta que el trabajo en alturas est\u00e1 considerado como de alto riesgo debido a que es una de las primeras causas de accidentalidad y de muerte en el trabajo.<\/p>\n\n\n\n\r\n                <style type=\"text\/css\">\r\n                    \r\n                    #tdi_1  .td-doubleSlider-2 .td-item1 {\r\n                        background: url(\/wp-content\/uploads\/sites\/5\/2019\/10\/Capacitacion-a-representantes-de-la-construccion-igss-2019-1-80x60.jpg) 0 0 no-repeat;\r\n                    }\r\n                    #tdi_1  .td-doubleSlider-2 .td-item2 {\r\n                        background: url(\/wp-content\/uploads\/sites\/5\/2019\/10\/Capacitacion-a-representantes-de-la-construccion-igss-2019-2-80x60.jpg) 0 0 no-repeat;\r\n                    }\r\n                    #tdi_1  .td-doubleSlider-2 .td-item3 {\r\n                        background: url(\/wp-content\/uploads\/sites\/5\/2019\/10\/Capacitacion-a-representantes-de-la-construccion-igss-2019-3-80x60.jpg) 0 0 no-repeat;\r\n                    }\r\n                    #tdi_1  .td-doubleSlider-2 .td-item4 {\r\n                        background: url(\/wp-content\/uploads\/sites\/5\/2019\/10\/Capacitacion-a-representantes-de-la-construccion-igss-2019-4-80x60.jpg) 0 0 no-repeat;\r\n                    }\r\n                    #tdi_1  .td-doubleSlider-2 .td-item5 {\r\n                        background: url(\/wp-content\/uploads\/sites\/5\/2019\/10\/Capacitacion-a-representantes-de-la-construccion-igss-2019-5-80x60.jpg) 0 0 no-repeat;\r\n                    }\r\n                <\/style>\r\n\r\n                <div id=\"tdi_1\" class=\"td-gallery td-slide-on-2-columns\">\r\n                    <div class=\"post_td_gallery\">\r\n                        <div class=\"td-gallery-slide-top\">\r\n                           <div class=\"td-gallery-title\">Galer\u00eda de Im\u00e1genes<\/div>\r\n\r\n                            <div class=\"td-gallery-controls-wrapper\">\r\n                                <div class=\"td-gallery-slide-count\"><span class=\"td-gallery-slide-item-focus\">1<\/span> de 5<\/div>\r\n                                <div class=\"td-gallery-slide-prev-next-but\">\r\n                                    <i class = \"td-icon-left doubleSliderPrevButton\"><\/i>\r\n                                    <i class = \"td-icon-right doubleSliderNextButton\"><\/i>\r\n                                <\/div>\r\n                            <\/div>\r\n                        <\/div>\r\n\r\n                        <div class = \"td-doubleSlider-1 \">\r\n                            <div class = \"td-slider\">\r\n                                \r\n                    <div class = \"td-slide-item td-item1\">\r\n                        <figure class=\"td-slide-galery-figure td-slide-popup-gallery\">\r\n                            <a class=\"slide-gallery-image-link\" href=\"\/wp-content\/uploads\/sites\/5\/2019\/10\/Capacitacion-a-representantes-de-la-construccion-igss-2019-1-scaled.jpg\" title=\"Capacitacion a representantes de la construccion igss 2019-1\"  data-caption=\"\"  data-description=\"\">\r\n                                <img decoding=\"async\" src=\"\/wp-content\/uploads\/sites\/5\/2019\/10\/Capacitacion-a-representantes-de-la-construccion-igss-2019-1-630x420.jpg\" srcset=\"\/wp-content\/uploads\/sites\/5\/2019\/10\/Capacitacion-a-representantes-de-la-construccion-igss-2019-1-630x420.jpg 630w, \/wp-content\/uploads\/sites\/5\/2019\/10\/Capacitacion-a-representantes-de-la-construccion-igss-2019-1-1536x1024.jpg 1536w, \/wp-content\/uploads\/sites\/5\/2019\/10\/Capacitacion-a-representantes-de-la-construccion-igss-2019-1-2048x1365.jpg 2048w, \/wp-content\/uploads\/sites\/5\/2019\/10\/Capacitacion-a-representantes-de-la-construccion-igss-2019-1-300x200.jpg 300w, \/wp-content\/uploads\/sites\/5\/2019\/10\/Capacitacion-a-representantes-de-la-construccion-igss-2019-1-768x512.jpg 768w, \/wp-content\/uploads\/sites\/5\/2019\/10\/Capacitacion-a-representantes-de-la-construccion-igss-2019-1-1024x683.jpg 1024w, \/wp-content\/uploads\/sites\/5\/2019\/10\/Capacitacion-a-representantes-de-la-construccion-igss-2019-1-696x464.jpg 696w, \/wp-content\/uploads\/sites\/5\/2019\/10\/Capacitacion-a-representantes-de-la-construccion-igss-2019-1-1068x712.jpg 1068w, \/wp-content\/uploads\/sites\/5\/2019\/10\/Capacitacion-a-representantes-de-la-construccion-igss-2019-1-534x356.jpg 534w\" sizes=\"(max-width: 630px) 100vw, 630px\" alt=\"\">\r\n                            <\/a>\r\n                            \r\n                        <\/figure>\r\n                    <\/div>\r\n                    <div class = \"td-slide-item td-item2\">\r\n                        <figure class=\"td-slide-galery-figure td-slide-popup-gallery\">\r\n                            <a class=\"slide-gallery-image-link\" href=\"\/wp-content\/uploads\/sites\/5\/2019\/10\/Capacitacion-a-representantes-de-la-construccion-igss-2019-2-scaled.jpg\" title=\"Capacitacion a representantes de la construccion igss 2019-2\"  data-caption=\"\"  data-description=\"\">\r\n                                <img decoding=\"async\" src=\"\/wp-content\/uploads\/sites\/5\/2019\/10\/Capacitacion-a-representantes-de-la-construccion-igss-2019-2-630x420.jpg\" srcset=\"\/wp-content\/uploads\/sites\/5\/2019\/10\/Capacitacion-a-representantes-de-la-construccion-igss-2019-2-630x420.jpg 630w, \/wp-content\/uploads\/sites\/5\/2019\/10\/Capacitacion-a-representantes-de-la-construccion-igss-2019-2-1536x1024.jpg 1536w, \/wp-content\/uploads\/sites\/5\/2019\/10\/Capacitacion-a-representantes-de-la-construccion-igss-2019-2-2048x1365.jpg 2048w, \/wp-content\/uploads\/sites\/5\/2019\/10\/Capacitacion-a-representantes-de-la-construccion-igss-2019-2-300x200.jpg 300w, \/wp-content\/uploads\/sites\/5\/2019\/10\/Capacitacion-a-representantes-de-la-construccion-igss-2019-2-768x512.jpg 768w, \/wp-content\/uploads\/sites\/5\/2019\/10\/Capacitacion-a-representantes-de-la-construccion-igss-2019-2-1024x683.jpg 1024w, \/wp-content\/uploads\/sites\/5\/2019\/10\/Capacitacion-a-representantes-de-la-construccion-igss-2019-2-696x464.jpg 696w, \/wp-content\/uploads\/sites\/5\/2019\/10\/Capacitacion-a-representantes-de-la-construccion-igss-2019-2-1068x712.jpg 1068w, \/wp-content\/uploads\/sites\/5\/2019\/10\/Capacitacion-a-representantes-de-la-construccion-igss-2019-2-534x356.jpg 534w\" sizes=\"(max-width: 630px) 100vw, 630px\" alt=\"\">\r\n                            <\/a>\r\n                            \r\n                        <\/figure>\r\n                    <\/div>\r\n                    <div class = \"td-slide-item td-item3\">\r\n                        <figure class=\"td-slide-galery-figure td-slide-popup-gallery\">\r\n                            <a class=\"slide-gallery-image-link\" href=\"\/wp-content\/uploads\/sites\/5\/2019\/10\/Capacitacion-a-representantes-de-la-construccion-igss-2019-3-scaled.jpg\" title=\"Capacitacion a representantes de la construccion igss 2019-3\"  data-caption=\"\"  data-description=\"\">\r\n                                <img decoding=\"async\" src=\"\/wp-content\/uploads\/sites\/5\/2019\/10\/Capacitacion-a-representantes-de-la-construccion-igss-2019-3-630x420.jpg\" srcset=\"\/wp-content\/uploads\/sites\/5\/2019\/10\/Capacitacion-a-representantes-de-la-construccion-igss-2019-3-630x420.jpg 630w, \/wp-content\/uploads\/sites\/5\/2019\/10\/Capacitacion-a-representantes-de-la-construccion-igss-2019-3-1536x1024.jpg 1536w, \/wp-content\/uploads\/sites\/5\/2019\/10\/Capacitacion-a-representantes-de-la-construccion-igss-2019-3-2048x1365.jpg 2048w, \/wp-content\/uploads\/sites\/5\/2019\/10\/Capacitacion-a-representantes-de-la-construccion-igss-2019-3-300x200.jpg 300w, \/wp-content\/uploads\/sites\/5\/2019\/10\/Capacitacion-a-representantes-de-la-construccion-igss-2019-3-768x512.jpg 768w, \/wp-content\/uploads\/sites\/5\/2019\/10\/Capacitacion-a-representantes-de-la-construccion-igss-2019-3-1024x683.jpg 1024w, \/wp-content\/uploads\/sites\/5\/2019\/10\/Capacitacion-a-representantes-de-la-construccion-igss-2019-3-696x464.jpg 696w, \/wp-content\/uploads\/sites\/5\/2019\/10\/Capacitacion-a-representantes-de-la-construccion-igss-2019-3-1068x712.jpg 1068w, \/wp-content\/uploads\/sites\/5\/2019\/10\/Capacitacion-a-representantes-de-la-construccion-igss-2019-3-534x356.jpg 534w\" sizes=\"(max-width: 630px) 100vw, 630px\" alt=\"\">\r\n                            <\/a>\r\n                            \r\n                        <\/figure>\r\n                    <\/div>\r\n                    <div class = \"td-slide-item td-item4\">\r\n                        <figure class=\"td-slide-galery-figure td-slide-popup-gallery\">\r\n                            <a class=\"slide-gallery-image-link\" href=\"\/wp-content\/uploads\/sites\/5\/2019\/10\/Capacitacion-a-representantes-de-la-construccion-igss-2019-4-scaled.jpg\" title=\"Capacitacion a representantes de la construccion igss 2019-4\"  data-caption=\"\"  data-description=\"\">\r\n                                <img decoding=\"async\" src=\"\/wp-content\/uploads\/sites\/5\/2019\/10\/Capacitacion-a-representantes-de-la-construccion-igss-2019-4-630x420.jpg\" srcset=\"\/wp-content\/uploads\/sites\/5\/2019\/10\/Capacitacion-a-representantes-de-la-construccion-igss-2019-4-630x420.jpg 630w, \/wp-content\/uploads\/sites\/5\/2019\/10\/Capacitacion-a-representantes-de-la-construccion-igss-2019-4-1536x1024.jpg 1536w, \/wp-content\/uploads\/sites\/5\/2019\/10\/Capacitacion-a-representantes-de-la-construccion-igss-2019-4-2048x1365.jpg 2048w, \/wp-content\/uploads\/sites\/5\/2019\/10\/Capacitacion-a-representantes-de-la-construccion-igss-2019-4-300x200.jpg 300w, \/wp-content\/uploads\/sites\/5\/2019\/10\/Capacitacion-a-representantes-de-la-construccion-igss-2019-4-768x512.jpg 768w, \/wp-content\/uploads\/sites\/5\/2019\/10\/Capacitacion-a-representantes-de-la-construccion-igss-2019-4-1024x683.jpg 1024w, \/wp-content\/uploads\/sites\/5\/2019\/10\/Capacitacion-a-representantes-de-la-construccion-igss-2019-4-696x464.jpg 696w, \/wp-content\/uploads\/sites\/5\/2019\/10\/Capacitacion-a-representantes-de-la-construccion-igss-2019-4-1068x712.jpg 1068w, \/wp-content\/uploads\/sites\/5\/2019\/10\/Capacitacion-a-representantes-de-la-construccion-igss-2019-4-534x356.jpg 534w\" sizes=\"(max-width: 630px) 100vw, 630px\" alt=\"\">\r\n                            <\/a>\r\n                            \r\n                        <\/figure>\r\n                    <\/div>\r\n                    <div class = \"td-slide-item td-item5\">\r\n                        <figure class=\"td-slide-galery-figure td-slide-popup-gallery\">\r\n                            <a class=\"slide-gallery-image-link\" href=\"\/wp-content\/uploads\/sites\/5\/2019\/10\/Capacitacion-a-representantes-de-la-construccion-igss-2019-5-scaled.jpg\" title=\"Capacitacion a representantes de la construccion igss 2019-5\"  data-caption=\"\"  data-description=\"\">\r\n                                <img decoding=\"async\" src=\"\/wp-content\/uploads\/sites\/5\/2019\/10\/Capacitacion-a-representantes-de-la-construccion-igss-2019-5-682x420.jpg\" srcset=\"\/wp-content\/uploads\/sites\/5\/2019\/10\/Capacitacion-a-representantes-de-la-construccion-igss-2019-5-682x420.jpg 682w, \/wp-content\/uploads\/sites\/5\/2019\/10\/Capacitacion-a-representantes-de-la-construccion-igss-2019-5-1536x945.jpg 1536w, \/wp-content\/uploads\/sites\/5\/2019\/10\/Capacitacion-a-representantes-de-la-construccion-igss-2019-5-2048x1261.jpg 2048w, \/wp-content\/uploads\/sites\/5\/2019\/10\/Capacitacion-a-representantes-de-la-construccion-igss-2019-5-300x185.jpg 300w, \/wp-content\/uploads\/sites\/5\/2019\/10\/Capacitacion-a-representantes-de-la-construccion-igss-2019-5-768x473.jpg 768w, \/wp-content\/uploads\/sites\/5\/2019\/10\/Capacitacion-a-representantes-de-la-construccion-igss-2019-5-1024x630.jpg 1024w, \/wp-content\/uploads\/sites\/5\/2019\/10\/Capacitacion-a-representantes-de-la-construccion-igss-2019-5-696x428.jpg 696w, \/wp-content\/uploads\/sites\/5\/2019\/10\/Capacitacion-a-representantes-de-la-construccion-igss-2019-5-1068x657.jpg 1068w, \/wp-content\/uploads\/sites\/5\/2019\/10\/Capacitacion-a-representantes-de-la-construccion-igss-2019-5-356x220.jpg 356w, \/wp-content\/uploads\/sites\/5\/2019\/10\/Capacitacion-a-representantes-de-la-construccion-igss-2019-5-534x329.jpg 534w\" sizes=\"(max-width: 682px) 100vw, 682px\" alt=\"\">\r\n                            <\/a>\r\n                            \r\n                        <\/figure>\r\n                    <\/div>\r\n                            <\/div>\r\n                        <\/div>\r\n\r\n                        <div class = \"td-doubleSlider-2\">\r\n                            <div class = \"td-slider\">\r\n                                \r\n                    <div class = \"td-button td-item1\">\r\n                        <div class = \"td-border\"><\/div>\r\n                    <\/div>\r\n                    <div class = \"td-button td-item2\">\r\n                        <div class = \"td-border\"><\/div>\r\n                    <\/div>\r\n                    <div class = \"td-button td-item3\">\r\n                        <div class = \"td-border\"><\/div>\r\n                    <\/div>\r\n                    <div class = \"td-button td-item4\">\r\n                        <div class = \"td-border\"><\/div>\r\n                    <\/div>\r\n                    <div class = \"td-button td-item5\">\r\n                        <div class = \"td-border\"><\/div>\r\n                    <\/div>\r\n                            <\/div>\r\n                        <\/div>\r\n\r\n                    <\/div>\r\n\r\n                <\/div>\r\n                \n","protected":false},"excerpt":{"rendered":"<p>Como parte del fortalecimiento a la pol\u00edtica preventiva que impulsa el IGSS, expertos de la Secci\u00f3n de Seguridad e Higiene y Prevenci\u00f3n de Accidentes, as\u00ed como un consultor en seguridad laboral, impartieron la conferencia \u201cPrevenci\u00f3n de los riesgos laborales en los trabajos en alturas\u201d, la cual se realiz\u00f3 en el Auditorio de las Oficinas Centrales. [&hellip;]<\/p>\n","protected":false},"author":4,"featured_media":12938,"comment_status":"open","ping_status":"open","sticky":false,"template":"","format":"standard","meta":{"footnotes":""},"categories":[3,17,29],"tags":[160,490],"coauthors":[881],"class_list":{"0":"post-12936","1":"post","2":"type-post","3":"status-publish","4":"format-standard","5":"has-post-thumbnail","7":"category-actualidad","8":"category-formacion-y-desarrollo","9":"category-publicaciones","10":"tag-capacitacion","11":"tag-igss"},"_links":{"self":[{"href":"https:\/\/www.igssgt.org\/noticias\/wp-json\/wp\/v2\/posts\/12936","targetHints":{"allow":["GET"]}}],"collection":[{"href":"https:\/\/www.igssgt.org\/noticias\/wp-json\/wp\/v2\/posts"}],"about":[{"href":"https:\/\/www.igssgt.org\/noticias\/wp-json\/wp\/v2\/types\/post"}],"author":[{"embeddable":true,"href":"https:\/\/www.igssgt.org\/noticias\/wp-json\/wp\/v2\/users\/4"}],"replies":[{"embeddable":true,"href":"https:\/\/www.igssgt.org\/noticias\/wp-json\/wp\/v2\/comments?post=12936"}],"version-history":[{"count":1,"href":"https:\/\/www.igssgt.org\/noticias\/wp-json\/wp\/v2\/posts\/12936\/revisions"}],"predecessor-version":[{"id":12942,"href":"https:\/\/www.igssgt.org\/noticias\/wp-json\/wp\/v2\/posts\/12936\/revisions\/12942"}],"wp:featuredmedia":[{"embeddable":true,"href":"https:\/\/www.igssgt.org\/noticias\/wp-json\/wp\/v2\/media\/12938"}],"wp:attachment":[{"href":"https:\/\/www.igssgt.org\/noticias\/wp-json\/wp\/v2\/media?parent=12936"}],"wp:term":[{"taxonomy":"category","embeddable":true,"href":"https:\/\/www.igssgt.org\/noticias\/wp-json\/wp\/v2\/categories?post=12936"},{"taxonomy":"post_tag","embeddable":true,"href":"https:\/\/www.igssgt.org\/noticias\/wp-json\/wp\/v2\/tags?post=12936"},{"taxonomy":"author","embeddable":true,"href":"https:\/\/www.igssgt.org\/noticias\/wp-json\/wp\/v2\/coauthors?post=12936"}],"curies":[{"name":"wp","href":"https:\/\/api.w.org\/{rel}","templated":true}]}}