{"id":13042,"date":"2017-07-10T11:12:41","date_gmt":"2017-07-10T17:12:41","guid":{"rendered":"https:\/\/www.igssgt.org\/noticias\/?p=13042"},"modified":"2019-10-22T11:21:35","modified_gmt":"2019-10-22T17:21:35","slug":"jornada-de-lavado-de-manos-en-el-hospital-juan-jose-arevalo-bermejo","status":"publish","type":"post","link":"https:\/\/www.igssgt.org\/noticias\/2017\/07\/10\/jornada-de-lavado-de-manos-en-el-hospital-juan-jose-arevalo-bermejo\/","title":{"rendered":"Jornada de lavado de manos en el Hospital Juan Jos\u00e9 Ar\u00e9valo Bermejo"},"content":{"rendered":"\n<figure class=\"wp-block-image\"><img loading=\"lazy\" decoding=\"async\" width=\"768\" height=\"1024\" src=\"\/wp-content\/uploads\/sites\/5\/2019\/10\/Jornada-de-lavado-de-manos-hospital-igss-zona-6-11-768x1024.jpeg\" alt=\"\" class=\"wp-image-13044\" srcset=\"\/wp-content\/uploads\/sites\/5\/2019\/10\/Jornada-de-lavado-de-manos-hospital-igss-zona-6-11-768x1024.jpeg 768w, \/wp-content\/uploads\/sites\/5\/2019\/10\/Jornada-de-lavado-de-manos-hospital-igss-zona-6-11-225x300.jpeg 225w, \/wp-content\/uploads\/sites\/5\/2019\/10\/Jornada-de-lavado-de-manos-hospital-igss-zona-6-11-315x420.jpeg 315w, \/wp-content\/uploads\/sites\/5\/2019\/10\/Jornada-de-lavado-de-manos-hospital-igss-zona-6-11-696x928.jpeg 696w, \/wp-content\/uploads\/sites\/5\/2019\/10\/Jornada-de-lavado-de-manos-hospital-igss-zona-6-11-347x462.jpeg 347w, \/wp-content\/uploads\/sites\/5\/2019\/10\/Jornada-de-lavado-de-manos-hospital-igss-zona-6-11.jpeg 960w\" sizes=\"auto, (max-width: 768px) 100vw, 768px\" \/><\/figure>\n\n\n\n<p>Pacientes que acudieron a sus citas a diferentes servicios que se prestan en el Hospital Doctor Juan Jos\u00e9 Ar\u00e9valo Bermejo, del Instituto Guatemalteco de Seguridad Social (IGSS) de la zona 6, participaron hoy en la Jornada de Lavado de Manos, organizada por las autoridades de esta unidad.<\/p>\n\n\n\n<p>La actividad tiene como objetivo concienciar y sensibilizar a las personas acerca de la importancia de lavarse las manos como parte de un h\u00e1bito de higiene y fundamentalmente como una medida preventiva ante cualquier enfermedad.<\/p>\n\n\n\n<p>Los pacientes, entre ni\u00f1os y adultos, recibieron materiales impresos, charlas y demostraciones de parte de los integrantes del Comit\u00e9 de Prevenci\u00f3n y Promoci\u00f3n de la Salud del citado centro asistencial.<\/p>\n\n\n\r\n                <style type=\"text\/css\">\r\n                    \r\n                    #tdi_1  .td-doubleSlider-2 .td-item1 {\r\n                        background: url(\/wp-content\/uploads\/sites\/5\/2019\/10\/Jornada-de-lavado-de-manos-hospital-igss-zona-6-4-80x60.jpeg) 0 0 no-repeat;\r\n                    }\r\n                    #tdi_1  .td-doubleSlider-2 .td-item2 {\r\n                        background: url(\/wp-content\/uploads\/sites\/5\/2019\/10\/Jornada-de-lavado-de-manos-hospital-igss-zona-6-2-80x60.jpeg) 0 0 no-repeat;\r\n                    }\r\n                    #tdi_1  .td-doubleSlider-2 .td-item3 {\r\n                        background: url(\/wp-content\/uploads\/sites\/5\/2019\/10\/Jornada-de-lavado-de-manos-hospital-igss-zona-6-5-80x60.jpeg) 0 0 no-repeat;\r\n                    }\r\n                    #tdi_1  .td-doubleSlider-2 .td-item4 {\r\n                        background: url(\/wp-content\/uploads\/sites\/5\/2019\/10\/Jornada-de-lavado-de-manos-hospital-igss-zona-6-3-80x60.jpeg) 0 0 no-repeat;\r\n                    }\r\n                    #tdi_1  .td-doubleSlider-2 .td-item5 {\r\n                        background: url(\/wp-content\/uploads\/sites\/5\/2019\/10\/Jornada-de-lavado-de-manos-hospital-igss-zona-6-6-80x60.jpeg) 0 0 no-repeat;\r\n                    }\r\n                    #tdi_1  .td-doubleSlider-2 .td-item6 {\r\n                        background: url(\/wp-content\/uploads\/sites\/5\/2019\/10\/Jornada-de-lavado-de-manos-hospital-igss-zona-6-8-80x60.jpeg) 0 0 no-repeat;\r\n                    }\r\n                    #tdi_1  .td-doubleSlider-2 .td-item7 {\r\n                        background: url(\/wp-content\/uploads\/sites\/5\/2019\/10\/Jornada-de-lavado-de-manos-hospital-igss-zona-6-9-80x60.jpeg) 0 0 no-repeat;\r\n                    }\r\n                    #tdi_1  .td-doubleSlider-2 .td-item8 {\r\n                        background: url(\/wp-content\/uploads\/sites\/5\/2019\/10\/Jornada-de-lavado-de-manos-hospital-igss-zona-6-10-80x60.jpeg) 0 0 no-repeat;\r\n                    }\r\n                    #tdi_1  .td-doubleSlider-2 .td-item9 {\r\n                        background: url(\/wp-content\/uploads\/sites\/5\/2019\/10\/Jornada-de-lavado-de-manos-hospital-igss-zona-6-11-80x60.jpeg) 0 0 no-repeat;\r\n                    }\r\n                    #tdi_1  .td-doubleSlider-2 .td-item10 {\r\n                        background: url(\/wp-content\/uploads\/sites\/5\/2019\/10\/Jornada-de-lavado-de-manos-hospital-igss-zona-6-1-1-80x60.jpeg) 0 0 no-repeat;\r\n                    }\r\n                <\/style>\r\n\r\n                <div id=\"tdi_1\" class=\"td-gallery td-slide-on-2-columns\">\r\n                    <div class=\"post_td_gallery\">\r\n                        <div class=\"td-gallery-slide-top\">\r\n                           <div class=\"td-gallery-title\"><\/div>\r\n\r\n                            <div class=\"td-gallery-controls-wrapper\">\r\n                                <div class=\"td-gallery-slide-count\"><span class=\"td-gallery-slide-item-focus\">1<\/span> de 10<\/div>\r\n                                <div class=\"td-gallery-slide-prev-next-but\">\r\n                                    <i class = \"td-icon-left doubleSliderPrevButton\"><\/i>\r\n                                    <i class = \"td-icon-right doubleSliderNextButton\"><\/i>\r\n                                <\/div>\r\n                            <\/div>\r\n                        <\/div>\r\n\r\n                        <div class = \"td-doubleSlider-1 \">\r\n                            <div class = \"td-slider\">\r\n                                \r\n                    <div class = \"td-slide-item td-item1\">\r\n                        <figure class=\"td-slide-galery-figure td-slide-popup-gallery\">\r\n                            <a class=\"slide-gallery-image-link\" href=\"\/wp-content\/uploads\/sites\/5\/2019\/10\/Jornada-de-lavado-de-manos-hospital-igss-zona-6-4.jpeg\" title=\"Jornada-de-lavado-de-manos-hospital-igss-zona-6-4\"  data-caption=\"\"  data-description=\"\">\r\n                                <img decoding=\"async\" src=\"\/wp-content\/uploads\/sites\/5\/2019\/10\/Jornada-de-lavado-de-manos-hospital-igss-zona-6-4-560x420.jpeg\" srcset=\"\/wp-content\/uploads\/sites\/5\/2019\/10\/Jornada-de-lavado-de-manos-hospital-igss-zona-6-4-560x420.jpeg 560w, \/wp-content\/uploads\/sites\/5\/2019\/10\/Jornada-de-lavado-de-manos-hospital-igss-zona-6-4-300x225.jpeg 300w, \/wp-content\/uploads\/sites\/5\/2019\/10\/Jornada-de-lavado-de-manos-hospital-igss-zona-6-4-768x576.jpeg 768w, \/wp-content\/uploads\/sites\/5\/2019\/10\/Jornada-de-lavado-de-manos-hospital-igss-zona-6-4-1024x768.jpeg 1024w, \/wp-content\/uploads\/sites\/5\/2019\/10\/Jornada-de-lavado-de-manos-hospital-igss-zona-6-4-80x60.jpeg 80w, \/wp-content\/uploads\/sites\/5\/2019\/10\/Jornada-de-lavado-de-manos-hospital-igss-zona-6-4-696x522.jpeg 696w, \/wp-content\/uploads\/sites\/5\/2019\/10\/Jornada-de-lavado-de-manos-hospital-igss-zona-6-4-1068x801.jpeg 1068w, \/wp-content\/uploads\/sites\/5\/2019\/10\/Jornada-de-lavado-de-manos-hospital-igss-zona-6-4-265x198.jpeg 265w, \/wp-content\/uploads\/sites\/5\/2019\/10\/Jornada-de-lavado-de-manos-hospital-igss-zona-6-4-534x401.jpeg 534w, \/wp-content\/uploads\/sites\/5\/2019\/10\/Jornada-de-lavado-de-manos-hospital-igss-zona-6-4.jpeg 1280w\" sizes=\"(max-width: 560px) 100vw, 560px\" alt=\"\">\r\n                            <\/a>\r\n                            \r\n                        <\/figure>\r\n                    <\/div>\r\n                    <div class = \"td-slide-item td-item2\">\r\n                        <figure class=\"td-slide-galery-figure td-slide-popup-gallery\">\r\n                            <a class=\"slide-gallery-image-link\" href=\"\/wp-content\/uploads\/sites\/5\/2019\/10\/Jornada-de-lavado-de-manos-hospital-igss-zona-6-2.jpeg\" title=\"Jornada-de-lavado-de-manos-hospital-igss-zona-6-2\"  data-caption=\"\"  data-description=\"\">\r\n                                <img decoding=\"async\" src=\"\/wp-content\/uploads\/sites\/5\/2019\/10\/Jornada-de-lavado-de-manos-hospital-igss-zona-6-2-560x420.jpeg\" srcset=\"\/wp-content\/uploads\/sites\/5\/2019\/10\/Jornada-de-lavado-de-manos-hospital-igss-zona-6-2-560x420.jpeg 560w, \/wp-content\/uploads\/sites\/5\/2019\/10\/Jornada-de-lavado-de-manos-hospital-igss-zona-6-2-300x225.jpeg 300w, \/wp-content\/uploads\/sites\/5\/2019\/10\/Jornada-de-lavado-de-manos-hospital-igss-zona-6-2-768x576.jpeg 768w, \/wp-content\/uploads\/sites\/5\/2019\/10\/Jornada-de-lavado-de-manos-hospital-igss-zona-6-2-1024x768.jpeg 1024w, \/wp-content\/uploads\/sites\/5\/2019\/10\/Jornada-de-lavado-de-manos-hospital-igss-zona-6-2-80x60.jpeg 80w, \/wp-content\/uploads\/sites\/5\/2019\/10\/Jornada-de-lavado-de-manos-hospital-igss-zona-6-2-696x522.jpeg 696w, \/wp-content\/uploads\/sites\/5\/2019\/10\/Jornada-de-lavado-de-manos-hospital-igss-zona-6-2-1068x801.jpeg 1068w, \/wp-content\/uploads\/sites\/5\/2019\/10\/Jornada-de-lavado-de-manos-hospital-igss-zona-6-2-265x198.jpeg 265w, \/wp-content\/uploads\/sites\/5\/2019\/10\/Jornada-de-lavado-de-manos-hospital-igss-zona-6-2-534x401.jpeg 534w, \/wp-content\/uploads\/sites\/5\/2019\/10\/Jornada-de-lavado-de-manos-hospital-igss-zona-6-2.jpeg 1280w\" sizes=\"(max-width: 560px) 100vw, 560px\" alt=\"\">\r\n                            <\/a>\r\n                            \r\n                        <\/figure>\r\n                    <\/div>\r\n                    <div class = \"td-slide-item td-item3\">\r\n                        <figure class=\"td-slide-galery-figure td-slide-popup-gallery\">\r\n                            <a class=\"slide-gallery-image-link\" href=\"\/wp-content\/uploads\/sites\/5\/2019\/10\/Jornada-de-lavado-de-manos-hospital-igss-zona-6-5.jpeg\" title=\"Jornada-de-lavado-de-manos-hospital-igss-zona-6-5\"  data-caption=\"\"  data-description=\"\">\r\n                                <img decoding=\"async\" src=\"\/wp-content\/uploads\/sites\/5\/2019\/10\/Jornada-de-lavado-de-manos-hospital-igss-zona-6-5-315x420.jpeg\" srcset=\"\/wp-content\/uploads\/sites\/5\/2019\/10\/Jornada-de-lavado-de-manos-hospital-igss-zona-6-5-315x420.jpeg 315w, \/wp-content\/uploads\/sites\/5\/2019\/10\/Jornada-de-lavado-de-manos-hospital-igss-zona-6-5-225x300.jpeg 225w, \/wp-content\/uploads\/sites\/5\/2019\/10\/Jornada-de-lavado-de-manos-hospital-igss-zona-6-5-768x1024.jpeg 768w, \/wp-content\/uploads\/sites\/5\/2019\/10\/Jornada-de-lavado-de-manos-hospital-igss-zona-6-5-696x928.jpeg 696w, \/wp-content\/uploads\/sites\/5\/2019\/10\/Jornada-de-lavado-de-manos-hospital-igss-zona-6-5-347x462.jpeg 347w, \/wp-content\/uploads\/sites\/5\/2019\/10\/Jornada-de-lavado-de-manos-hospital-igss-zona-6-5.jpeg 960w\" sizes=\"(max-width: 315px) 100vw, 315px\" alt=\"\">\r\n                            <\/a>\r\n                            \r\n                        <\/figure>\r\n                    <\/div>\r\n                    <div class = \"td-slide-item td-item4\">\r\n                        <figure class=\"td-slide-galery-figure td-slide-popup-gallery\">\r\n                            <a class=\"slide-gallery-image-link\" href=\"\/wp-content\/uploads\/sites\/5\/2019\/10\/Jornada-de-lavado-de-manos-hospital-igss-zona-6-3.jpeg\" title=\"Jornada-de-lavado-de-manos-hospital-igss-zona-6-3\"  data-caption=\"\"  data-description=\"\">\r\n                                <img decoding=\"async\" src=\"\/wp-content\/uploads\/sites\/5\/2019\/10\/Jornada-de-lavado-de-manos-hospital-igss-zona-6-3-315x420.jpeg\" srcset=\"\/wp-content\/uploads\/sites\/5\/2019\/10\/Jornada-de-lavado-de-manos-hospital-igss-zona-6-3-315x420.jpeg 315w, \/wp-content\/uploads\/sites\/5\/2019\/10\/Jornada-de-lavado-de-manos-hospital-igss-zona-6-3-225x300.jpeg 225w, \/wp-content\/uploads\/sites\/5\/2019\/10\/Jornada-de-lavado-de-manos-hospital-igss-zona-6-3-768x1024.jpeg 768w, \/wp-content\/uploads\/sites\/5\/2019\/10\/Jornada-de-lavado-de-manos-hospital-igss-zona-6-3-696x928.jpeg 696w, \/wp-content\/uploads\/sites\/5\/2019\/10\/Jornada-de-lavado-de-manos-hospital-igss-zona-6-3-347x462.jpeg 347w, \/wp-content\/uploads\/sites\/5\/2019\/10\/Jornada-de-lavado-de-manos-hospital-igss-zona-6-3.jpeg 960w\" sizes=\"(max-width: 315px) 100vw, 315px\" alt=\"\">\r\n                            <\/a>\r\n                            \r\n                        <\/figure>\r\n                    <\/div>\r\n                    <div class = \"td-slide-item td-item5\">\r\n                        <figure class=\"td-slide-galery-figure td-slide-popup-gallery\">\r\n                            <a class=\"slide-gallery-image-link\" href=\"\/wp-content\/uploads\/sites\/5\/2019\/10\/Jornada-de-lavado-de-manos-hospital-igss-zona-6-6.jpeg\" title=\"Jornada-de-lavado-de-manos-hospital-igss-zona-6-6\"  data-caption=\"\"  data-description=\"\">\r\n                                <img decoding=\"async\" src=\"\/wp-content\/uploads\/sites\/5\/2019\/10\/Jornada-de-lavado-de-manos-hospital-igss-zona-6-6-315x420.jpeg\" srcset=\"\/wp-content\/uploads\/sites\/5\/2019\/10\/Jornada-de-lavado-de-manos-hospital-igss-zona-6-6-315x420.jpeg 315w, \/wp-content\/uploads\/sites\/5\/2019\/10\/Jornada-de-lavado-de-manos-hospital-igss-zona-6-6-225x300.jpeg 225w, \/wp-content\/uploads\/sites\/5\/2019\/10\/Jornada-de-lavado-de-manos-hospital-igss-zona-6-6-768x1024.jpeg 768w, \/wp-content\/uploads\/sites\/5\/2019\/10\/Jornada-de-lavado-de-manos-hospital-igss-zona-6-6-696x928.jpeg 696w, \/wp-content\/uploads\/sites\/5\/2019\/10\/Jornada-de-lavado-de-manos-hospital-igss-zona-6-6-347x462.jpeg 347w, \/wp-content\/uploads\/sites\/5\/2019\/10\/Jornada-de-lavado-de-manos-hospital-igss-zona-6-6.jpeg 960w\" sizes=\"(max-width: 315px) 100vw, 315px\" alt=\"\">\r\n                            <\/a>\r\n                            \r\n                        <\/figure>\r\n                    <\/div>\r\n                    <div class = \"td-slide-item td-item6\">\r\n                        <figure class=\"td-slide-galery-figure td-slide-popup-gallery\">\r\n                            <a class=\"slide-gallery-image-link\" href=\"\/wp-content\/uploads\/sites\/5\/2019\/10\/Jornada-de-lavado-de-manos-hospital-igss-zona-6-8.jpeg\" title=\"Jornada-de-lavado-de-manos-hospital-igss-zona-6-8\"  data-caption=\"\"  data-description=\"\">\r\n                                <img decoding=\"async\" src=\"\/wp-content\/uploads\/sites\/5\/2019\/10\/Jornada-de-lavado-de-manos-hospital-igss-zona-6-8-315x420.jpeg\" srcset=\"\/wp-content\/uploads\/sites\/5\/2019\/10\/Jornada-de-lavado-de-manos-hospital-igss-zona-6-8-315x420.jpeg 315w, \/wp-content\/uploads\/sites\/5\/2019\/10\/Jornada-de-lavado-de-manos-hospital-igss-zona-6-8-225x300.jpeg 225w, \/wp-content\/uploads\/sites\/5\/2019\/10\/Jornada-de-lavado-de-manos-hospital-igss-zona-6-8-768x1024.jpeg 768w, \/wp-content\/uploads\/sites\/5\/2019\/10\/Jornada-de-lavado-de-manos-hospital-igss-zona-6-8-696x928.jpeg 696w, \/wp-content\/uploads\/sites\/5\/2019\/10\/Jornada-de-lavado-de-manos-hospital-igss-zona-6-8-347x462.jpeg 347w, \/wp-content\/uploads\/sites\/5\/2019\/10\/Jornada-de-lavado-de-manos-hospital-igss-zona-6-8.jpeg 960w\" sizes=\"(max-width: 315px) 100vw, 315px\" alt=\"\">\r\n                            <\/a>\r\n                            \r\n                        <\/figure>\r\n                    <\/div>\r\n                    <div class = \"td-slide-item td-item7\">\r\n                        <figure class=\"td-slide-galery-figure td-slide-popup-gallery\">\r\n                            <a class=\"slide-gallery-image-link\" href=\"\/wp-content\/uploads\/sites\/5\/2019\/10\/Jornada-de-lavado-de-manos-hospital-igss-zona-6-9.jpeg\" title=\"Jornada-de-lavado-de-manos-hospital-igss-zona-6-9\"  data-caption=\"\"  data-description=\"\">\r\n                                <img decoding=\"async\" src=\"\/wp-content\/uploads\/sites\/5\/2019\/10\/Jornada-de-lavado-de-manos-hospital-igss-zona-6-9-315x420.jpeg\" srcset=\"\/wp-content\/uploads\/sites\/5\/2019\/10\/Jornada-de-lavado-de-manos-hospital-igss-zona-6-9-315x420.jpeg 315w, \/wp-content\/uploads\/sites\/5\/2019\/10\/Jornada-de-lavado-de-manos-hospital-igss-zona-6-9-225x300.jpeg 225w, \/wp-content\/uploads\/sites\/5\/2019\/10\/Jornada-de-lavado-de-manos-hospital-igss-zona-6-9-768x1024.jpeg 768w, \/wp-content\/uploads\/sites\/5\/2019\/10\/Jornada-de-lavado-de-manos-hospital-igss-zona-6-9-696x928.jpeg 696w, \/wp-content\/uploads\/sites\/5\/2019\/10\/Jornada-de-lavado-de-manos-hospital-igss-zona-6-9-347x462.jpeg 347w, \/wp-content\/uploads\/sites\/5\/2019\/10\/Jornada-de-lavado-de-manos-hospital-igss-zona-6-9.jpeg 960w\" sizes=\"(max-width: 315px) 100vw, 315px\" alt=\"\">\r\n                            <\/a>\r\n                            \r\n                        <\/figure>\r\n                    <\/div>\r\n                    <div class = \"td-slide-item td-item8\">\r\n                        <figure class=\"td-slide-galery-figure td-slide-popup-gallery\">\r\n                            <a class=\"slide-gallery-image-link\" href=\"\/wp-content\/uploads\/sites\/5\/2019\/10\/Jornada-de-lavado-de-manos-hospital-igss-zona-6-10.jpeg\" title=\"Jornada-de-lavado-de-manos-hospital-igss-zona-6-10\"  data-caption=\"\"  data-description=\"\">\r\n                                <img decoding=\"async\" src=\"\/wp-content\/uploads\/sites\/5\/2019\/10\/Jornada-de-lavado-de-manos-hospital-igss-zona-6-10-560x420.jpeg\" srcset=\"\/wp-content\/uploads\/sites\/5\/2019\/10\/Jornada-de-lavado-de-manos-hospital-igss-zona-6-10-560x420.jpeg 560w, \/wp-content\/uploads\/sites\/5\/2019\/10\/Jornada-de-lavado-de-manos-hospital-igss-zona-6-10-300x225.jpeg 300w, \/wp-content\/uploads\/sites\/5\/2019\/10\/Jornada-de-lavado-de-manos-hospital-igss-zona-6-10-768x576.jpeg 768w, \/wp-content\/uploads\/sites\/5\/2019\/10\/Jornada-de-lavado-de-manos-hospital-igss-zona-6-10-1024x768.jpeg 1024w, \/wp-content\/uploads\/sites\/5\/2019\/10\/Jornada-de-lavado-de-manos-hospital-igss-zona-6-10-80x60.jpeg 80w, \/wp-content\/uploads\/sites\/5\/2019\/10\/Jornada-de-lavado-de-manos-hospital-igss-zona-6-10-696x522.jpeg 696w, \/wp-content\/uploads\/sites\/5\/2019\/10\/Jornada-de-lavado-de-manos-hospital-igss-zona-6-10-1068x801.jpeg 1068w, \/wp-content\/uploads\/sites\/5\/2019\/10\/Jornada-de-lavado-de-manos-hospital-igss-zona-6-10-265x198.jpeg 265w, \/wp-content\/uploads\/sites\/5\/2019\/10\/Jornada-de-lavado-de-manos-hospital-igss-zona-6-10-534x401.jpeg 534w, \/wp-content\/uploads\/sites\/5\/2019\/10\/Jornada-de-lavado-de-manos-hospital-igss-zona-6-10.jpeg 1280w\" sizes=\"(max-width: 560px) 100vw, 560px\" alt=\"\">\r\n                            <\/a>\r\n                            \r\n                        <\/figure>\r\n                    <\/div>\r\n                    <div class = \"td-slide-item td-item9\">\r\n                        <figure class=\"td-slide-galery-figure td-slide-popup-gallery\">\r\n                            <a class=\"slide-gallery-image-link\" href=\"\/wp-content\/uploads\/sites\/5\/2019\/10\/Jornada-de-lavado-de-manos-hospital-igss-zona-6-11.jpeg\" title=\"Jornada-de-lavado-de-manos-hospital-igss-zona-6-11\"  data-caption=\"\"  data-description=\"\">\r\n                                <img decoding=\"async\" src=\"\/wp-content\/uploads\/sites\/5\/2019\/10\/Jornada-de-lavado-de-manos-hospital-igss-zona-6-11-315x420.jpeg\" srcset=\"\/wp-content\/uploads\/sites\/5\/2019\/10\/Jornada-de-lavado-de-manos-hospital-igss-zona-6-11-315x420.jpeg 315w, \/wp-content\/uploads\/sites\/5\/2019\/10\/Jornada-de-lavado-de-manos-hospital-igss-zona-6-11-225x300.jpeg 225w, \/wp-content\/uploads\/sites\/5\/2019\/10\/Jornada-de-lavado-de-manos-hospital-igss-zona-6-11-768x1024.jpeg 768w, \/wp-content\/uploads\/sites\/5\/2019\/10\/Jornada-de-lavado-de-manos-hospital-igss-zona-6-11-696x928.jpeg 696w, \/wp-content\/uploads\/sites\/5\/2019\/10\/Jornada-de-lavado-de-manos-hospital-igss-zona-6-11-347x462.jpeg 347w, \/wp-content\/uploads\/sites\/5\/2019\/10\/Jornada-de-lavado-de-manos-hospital-igss-zona-6-11.jpeg 960w\" sizes=\"(max-width: 315px) 100vw, 315px\" alt=\"\">\r\n                            <\/a>\r\n                            \r\n                        <\/figure>\r\n                    <\/div>\r\n                    <div class = \"td-slide-item td-item10\">\r\n                        <figure class=\"td-slide-galery-figure td-slide-popup-gallery\">\r\n                            <a class=\"slide-gallery-image-link\" href=\"\/wp-content\/uploads\/sites\/5\/2019\/10\/Jornada-de-lavado-de-manos-hospital-igss-zona-6-1-1.jpeg\" title=\"Jornada-de-lavado-de-manos-hospital-igss-zona-6-1 (1)\"  data-caption=\"\"  data-description=\"\">\r\n                                <img decoding=\"async\" src=\"\/wp-content\/uploads\/sites\/5\/2019\/10\/Jornada-de-lavado-de-manos-hospital-igss-zona-6-1-1-560x420.jpeg\" srcset=\"\/wp-content\/uploads\/sites\/5\/2019\/10\/Jornada-de-lavado-de-manos-hospital-igss-zona-6-1-1-560x420.jpeg 560w, \/wp-content\/uploads\/sites\/5\/2019\/10\/Jornada-de-lavado-de-manos-hospital-igss-zona-6-1-1-300x225.jpeg 300w, \/wp-content\/uploads\/sites\/5\/2019\/10\/Jornada-de-lavado-de-manos-hospital-igss-zona-6-1-1-768x576.jpeg 768w, \/wp-content\/uploads\/sites\/5\/2019\/10\/Jornada-de-lavado-de-manos-hospital-igss-zona-6-1-1-1024x768.jpeg 1024w, \/wp-content\/uploads\/sites\/5\/2019\/10\/Jornada-de-lavado-de-manos-hospital-igss-zona-6-1-1-80x60.jpeg 80w, \/wp-content\/uploads\/sites\/5\/2019\/10\/Jornada-de-lavado-de-manos-hospital-igss-zona-6-1-1-696x522.jpeg 696w, \/wp-content\/uploads\/sites\/5\/2019\/10\/Jornada-de-lavado-de-manos-hospital-igss-zona-6-1-1-1068x801.jpeg 1068w, \/wp-content\/uploads\/sites\/5\/2019\/10\/Jornada-de-lavado-de-manos-hospital-igss-zona-6-1-1-265x198.jpeg 265w, \/wp-content\/uploads\/sites\/5\/2019\/10\/Jornada-de-lavado-de-manos-hospital-igss-zona-6-1-1-534x401.jpeg 534w, \/wp-content\/uploads\/sites\/5\/2019\/10\/Jornada-de-lavado-de-manos-hospital-igss-zona-6-1-1.jpeg 1280w\" sizes=\"(max-width: 560px) 100vw, 560px\" alt=\"\">\r\n                            <\/a>\r\n                            \r\n                        <\/figure>\r\n                    <\/div>\r\n                            <\/div>\r\n                        <\/div>\r\n\r\n                        <div class = \"td-doubleSlider-2\">\r\n                            <div class = \"td-slider\">\r\n                                \r\n                    <div class = \"td-button td-item1\">\r\n                        <div class = \"td-border\"><\/div>\r\n                    <\/div>\r\n                    <div class = \"td-button td-item2\">\r\n                        <div class = \"td-border\"><\/div>\r\n                    <\/div>\r\n                    <div class = \"td-button td-item3\">\r\n                        <div class = \"td-border\"><\/div>\r\n                    <\/div>\r\n                    <div class = \"td-button td-item4\">\r\n                        <div class = \"td-border\"><\/div>\r\n                    <\/div>\r\n                    <div class = \"td-button td-item5\">\r\n                        <div class = \"td-border\"><\/div>\r\n                    <\/div>\r\n                    <div class = \"td-button td-item6\">\r\n                        <div class = \"td-border\"><\/div>\r\n                    <\/div>\r\n                    <div class = \"td-button td-item7\">\r\n                        <div class = \"td-border\"><\/div>\r\n                    <\/div>\r\n                    <div class = \"td-button td-item8\">\r\n                        <div class = \"td-border\"><\/div>\r\n                    <\/div>\r\n                    <div class = \"td-button td-item9\">\r\n                        <div class = \"td-border\"><\/div>\r\n                    <\/div>\r\n                    <div class = \"td-button td-item10\">\r\n                        <div class = \"td-border\"><\/div>\r\n                    <\/div>\r\n                            <\/div>\r\n                        <\/div>\r\n\r\n                    <\/div>\r\n\r\n                <\/div>\r\n                ","protected":false},"excerpt":{"rendered":"<p>Pacientes que acudieron a sus citas a diferentes servicios que se prestan en el Hospital Doctor Juan Jos\u00e9 Ar\u00e9valo Bermejo, del Instituto Guatemalteco de Seguridad Social (IGSS) de la zona 6, participaron hoy en la Jornada de Lavado de Manos, organizada por las autoridades de esta unidad. La actividad tiene como objetivo concienciar y sensibilizar [&hellip;]<\/p>\n","protected":false},"author":9,"featured_media":13043,"comment_status":"open","ping_status":"open","sticky":false,"template":"","format":"standard","meta":{"footnotes":""},"categories":[3,4,45,27,29,36],"tags":[484,490,496,532,536],"coauthors":[888],"class_list":{"0":"post-13042","1":"post","2":"type-post","3":"status-publish","4":"format-standard","5":"has-post-thumbnail","7":"category-actualidad","8":"category-afiliados","9":"category-jornadas-medicas","10":"category-prevencion-en-salud","11":"category-publicaciones","12":"category-unidades-medicas","13":"tag-hospital-juan-jose-arevalo-bermejo","14":"tag-igss","15":"tag-igss-z-6","16":"tag-jornada-de-lavado-de-manos","17":"tag-jornadas-medicas"},"_links":{"self":[{"href":"https:\/\/www.igssgt.org\/noticias\/wp-json\/wp\/v2\/posts\/13042","targetHints":{"allow":["GET"]}}],"collection":[{"href":"https:\/\/www.igssgt.org\/noticias\/wp-json\/wp\/v2\/posts"}],"about":[{"href":"https:\/\/www.igssgt.org\/noticias\/wp-json\/wp\/v2\/types\/post"}],"author":[{"embeddable":true,"href":"https:\/\/www.igssgt.org\/noticias\/wp-json\/wp\/v2\/users\/9"}],"replies":[{"embeddable":true,"href":"https:\/\/www.igssgt.org\/noticias\/wp-json\/wp\/v2\/comments?post=13042"}],"version-history":[{"count":1,"href":"https:\/\/www.igssgt.org\/noticias\/wp-json\/wp\/v2\/posts\/13042\/revisions"}],"predecessor-version":[{"id":13055,"href":"https:\/\/www.igssgt.org\/noticias\/wp-json\/wp\/v2\/posts\/13042\/revisions\/13055"}],"wp:featuredmedia":[{"embeddable":true,"href":"https:\/\/www.igssgt.org\/noticias\/wp-json\/wp\/v2\/media\/13043"}],"wp:attachment":[{"href":"https:\/\/www.igssgt.org\/noticias\/wp-json\/wp\/v2\/media?parent=13042"}],"wp:term":[{"taxonomy":"category","embeddable":true,"href":"https:\/\/www.igssgt.org\/noticias\/wp-json\/wp\/v2\/categories?post=13042"},{"taxonomy":"post_tag","embeddable":true,"href":"https:\/\/www.igssgt.org\/noticias\/wp-json\/wp\/v2\/tags?post=13042"},{"taxonomy":"author","embeddable":true,"href":"https:\/\/www.igssgt.org\/noticias\/wp-json\/wp\/v2\/coauthors?post=13042"}],"curies":[{"name":"wp","href":"https:\/\/api.w.org\/{rel}","templated":true}]}}