{"id":13168,"date":"2017-06-28T12:32:17","date_gmt":"2017-06-28T18:32:17","guid":{"rendered":"https:\/\/www.igssgt.org\/noticias\/?p=13168"},"modified":"2021-07-21T13:27:24","modified_gmt":"2021-07-21T19:27:24","slug":"el-igss-implementa-plan-para-la-mejora-de-la-atencion-de-jubilados-y-pensionados","status":"publish","type":"post","link":"https:\/\/www.igssgt.org\/noticias\/2017\/06\/28\/el-igss-implementa-plan-para-la-mejora-de-la-atencion-de-jubilados-y-pensionados\/","title":{"rendered":"El IGSS implementa plan para la mejora de la atenci\u00f3n de jubilados y pensionados"},"content":{"rendered":"\n<figure class=\"wp-block-image\"><img loading=\"lazy\" decoding=\"async\" width=\"696\" height=\"901\" src=\"\/wp-content\/uploads\/sites\/5\/2019\/10\/Comunicado-Plan-CAMIP-ver-julio-2017-696x901.jpg\" alt=\"\" class=\"wp-image-13169\" srcset=\"\/wp-content\/uploads\/sites\/5\/2019\/10\/Comunicado-Plan-CAMIP-ver-julio-2017-696x901.jpg 696w, \/wp-content\/uploads\/sites\/5\/2019\/10\/Comunicado-Plan-CAMIP-ver-julio-2017-696x901-232x300.jpg 232w, \/wp-content\/uploads\/sites\/5\/2019\/10\/Comunicado-Plan-CAMIP-ver-julio-2017-696x901-324x420.jpg 324w, \/wp-content\/uploads\/sites\/5\/2019\/10\/Comunicado-Plan-CAMIP-ver-julio-2017-696x901-357x462.jpg 357w\" sizes=\"auto, (max-width: 696px) 100vw, 696px\" \/><\/figure>\n\n\n\n<h3 class=\"wp-block-heading\"><strong>Las autoridades del Seguro Social fortalecen el modelo de gesti\u00f3n en el Centro de Atenci\u00f3n M\u00e9dica Integral para Pensionados (CAMIP) de Pamplona<\/strong><\/h3>\n\n\n\n<p>La Junta Directiva del Instituto manifest\u00f3 su compromiso de resolver inconformidades que se han derivado del crecimiento de la poblaci\u00f3n atendida, la cual supera los 50 mil pacientes.<\/p>\n\n\n\n<p>Asimismo, por algunas restricciones de las instancias contraloras respecto a la cantidad de medicamento, la Junta resolvi\u00f3 que puede prescribirse \u00fanicamente cada 2 meses.<\/p>\n\n\n\n<p>Se instruy\u00f3 a la Gerencia y a la Subgerencia de Prestaciones en Salud para fortalecer el modelo de gesti\u00f3n con base a estructura, procesos y productos para los CAMIP.<\/p>\n\n\n\n<p>Tambi\u00e9n se instal\u00f3 una mesa t\u00e9cnica que incluye a la representaci\u00f3n de los pacientes con el fin de buscar soluciones a los diversos problemas en esta Unidad del Instituto.<\/p>\n\n\n\n<p><strong>Resultados del Plan de Contingencia en CAMIP:<\/strong><\/p>\n\n\n\n<ul class=\"wp-block-list\"><li><strong>Ha aumentado el nivel de abastecimiento de medicamentos,<\/strong>&nbsp;el cual actualmente es del 94.3 %.<\/li><li><strong>Se cuenta desde inicios de junio del a\u00f1o en curso con 14 m\u00e9dicos m\u00e1s que fueron contratados para la elaboraci\u00f3n de recetas para pacientes que recogen sus medicamentos cada dos meses,<\/strong>&nbsp;lo cual fue corroborado por personeros de la Defensor\u00eda de las Personas Mayores y Defensor\u00eda de la Salud, de la Procuradur\u00eda de los Derechos Humanos (PDH).<\/li><li>En atenci\u00f3n a la creciente sobrepoblaci\u00f3n de beneficiarios,&nbsp;<strong>para descongestionar el \u00e1rea de farmacia se cuenta con el apoyo de siete bodegueros m\u00e1s<\/strong>&nbsp;y se habilit\u00f3 una ventanilla espec\u00edfica para la atenci\u00f3n de pacientes con discapacidades.<\/li><li>Se procedi\u00f3 a nombrar como director del CAMIP Pamplona, zona 12, al<strong>&nbsp;Dr. Oscar Fernando Casta\u00f1eda Orellana.<\/strong><\/li><li><strong>En los pr\u00f3ximos meses se contempla la apertura del CAMIP de Galer\u00edas del Sur, zona 11<\/strong>, lo que aliviar\u00e1 el problema de la superpoblaci\u00f3n en Pamplona.<\/li><\/ul>\n\n\n\n<p>Lo anterior es parte del plan de contingencia, que incluye la conformaci\u00f3n de un equipo t\u00e9cnico con altas capacidades en temas de administraci\u00f3n para buscar las soluciones a los problemas de los CAMIP, especialmente en Pamplona. El acompa\u00f1amiento respectivo est\u00e1 a cargo de la PDH, que fue invitada por el doctor Juan Carlos Lorenti Marroqu\u00edn, subgerente de Prestaciones de Salud del IGSS.<\/p>\n","protected":false},"excerpt":{"rendered":"<p>Las autoridades del Seguro Social fortalecen el modelo de gesti\u00f3n en el Centro de Atenci\u00f3n M\u00e9dica Integral para Pensionados (CAMIP) de Pamplona La Junta Directiva del Instituto manifest\u00f3 su compromiso de resolver inconformidades que se han derivado del crecimiento de la poblaci\u00f3n atendida, la cual supera los 50 mil pacientes. Asimismo, por algunas restricciones de [&hellip;]<\/p>\n","protected":false},"author":9,"featured_media":13170,"comment_status":"open","ping_status":"open","sticky":false,"template":"","format":"standard","meta":{"footnotes":""},"categories":[3,13,20,25,29],"tags":[146,149,325,490,543,699],"coauthors":[888],"class_list":{"0":"post-13168","1":"post","2":"type-post","3":"status-publish","4":"format-standard","5":"has-post-thumbnail","7":"category-actualidad","8":"category-comunicados-de-prensa","9":"category-jubilados","10":"category-pensionados","11":"category-publicaciones","12":"tag-camip","13":"tag-camip-pamplona","14":"tag-dr-oscar-fernando-castaneda-orellana","15":"tag-igss","16":"tag-jubilados","17":"tag-pensionados"},"_links":{"self":[{"href":"https:\/\/www.igssgt.org\/noticias\/wp-json\/wp\/v2\/posts\/13168","targetHints":{"allow":["GET"]}}],"collection":[{"href":"https:\/\/www.igssgt.org\/noticias\/wp-json\/wp\/v2\/posts"}],"about":[{"href":"https:\/\/www.igssgt.org\/noticias\/wp-json\/wp\/v2\/types\/post"}],"author":[{"embeddable":true,"href":"https:\/\/www.igssgt.org\/noticias\/wp-json\/wp\/v2\/users\/9"}],"replies":[{"embeddable":true,"href":"https:\/\/www.igssgt.org\/noticias\/wp-json\/wp\/v2\/comments?post=13168"}],"version-history":[{"count":1,"href":"https:\/\/www.igssgt.org\/noticias\/wp-json\/wp\/v2\/posts\/13168\/revisions"}],"predecessor-version":[{"id":13171,"href":"https:\/\/www.igssgt.org\/noticias\/wp-json\/wp\/v2\/posts\/13168\/revisions\/13171"}],"wp:featuredmedia":[{"embeddable":true,"href":"https:\/\/www.igssgt.org\/noticias\/wp-json\/wp\/v2\/media\/13170"}],"wp:attachment":[{"href":"https:\/\/www.igssgt.org\/noticias\/wp-json\/wp\/v2\/media?parent=13168"}],"wp:term":[{"taxonomy":"category","embeddable":true,"href":"https:\/\/www.igssgt.org\/noticias\/wp-json\/wp\/v2\/categories?post=13168"},{"taxonomy":"post_tag","embeddable":true,"href":"https:\/\/www.igssgt.org\/noticias\/wp-json\/wp\/v2\/tags?post=13168"},{"taxonomy":"author","embeddable":true,"href":"https:\/\/www.igssgt.org\/noticias\/wp-json\/wp\/v2\/coauthors?post=13168"}],"curies":[{"name":"wp","href":"https:\/\/api.w.org\/{rel}","templated":true}]}}