{"id":13182,"date":"2019-10-23T13:25:05","date_gmt":"2019-10-23T19:25:05","guid":{"rendered":"https:\/\/www.igssgt.org\/noticias\/?p=13182"},"modified":"2020-04-23T18:49:30","modified_gmt":"2020-04-24T00:49:30","slug":"diario-la-hora-que-es-el-sindrome-de-apnea-del-sueno-y-como-tratarlo-a-traves-del-igss","status":"publish","type":"post","link":"https:\/\/www.igssgt.org\/noticias\/2019\/10\/23\/diario-la-hora-que-es-el-sindrome-de-apnea-del-sueno-y-como-tratarlo-a-traves-del-igss\/","title":{"rendered":"Diario La Hora: \u00bfQu\u00e9 es el S\u00edndrome de Apnea del sue\u00f1o y c\u00f3mo tratarlo a trav\u00e9s del IGSS?"},"content":{"rendered":"\n<figure id=\"attachment_13185\" aria-describedby=\"caption-attachment-13185\" style=\"width: 696px\" class=\"wp-caption aligncenter\"><a href=\"\/wp-content\/uploads\/sites\/5\/2019\/10\/La-Hora-apnea-del-sueno-IGSSm2019-02.jpg\"><img loading=\"lazy\" decoding=\"async\" class=\"size-full wp-image-13185\" src=\"\/wp-content\/uploads\/sites\/5\/2019\/10\/La-Hora-apnea-del-sueno-IGSSm2019-02.jpg\" alt=\"\" width=\"696\" height=\"521\" srcset=\"\/wp-content\/uploads\/sites\/5\/2019\/10\/La-Hora-apnea-del-sueno-IGSSm2019-02.jpg 696w, \/wp-content\/uploads\/sites\/5\/2019\/10\/La-Hora-apnea-del-sueno-IGSSm2019-02-300x225.jpg 300w, \/wp-content\/uploads\/sites\/5\/2019\/10\/La-Hora-apnea-del-sueno-IGSSm2019-02-561x420.jpg 561w, \/wp-content\/uploads\/sites\/5\/2019\/10\/La-Hora-apnea-del-sueno-IGSSm2019-02-80x60.jpg 80w, \/wp-content\/uploads\/sites\/5\/2019\/10\/La-Hora-apnea-del-sueno-IGSSm2019-02-265x198.jpg 265w, \/wp-content\/uploads\/sites\/5\/2019\/10\/La-Hora-apnea-del-sueno-IGSSm2019-02-534x400.jpg 534w\" sizes=\"auto, (max-width: 696px) 100vw, 696px\" \/><\/a><figcaption id=\"caption-attachment-13185\" class=\"wp-caption-text\">El tratamiento para la AOS, se proporciona a trav\u00e9s de un dispositivo de presi\u00f3n positiva continua en las v\u00edas respiratorias (CPAP, por sus siglas en ingl\u00e9s). FOTO LA HORA\/MARGARITA GIR\u00d3N<\/figcaption><\/figure>\n<h4><em><strong>Por Margarita Gir\u00f3n<\/strong><\/em><\/h4>\n<p>El S\u00edndrome de Apnea Obstructiva del Sue\u00f1o (AOS) es un padecimiento que hoy en d\u00eda afecta a muchas personas en el mundo y Guatemala no es la excepci\u00f3n, por ello, el Instituto Guatemalteco de Seguridad Social (IGSS), cuenta con un tratamiento para los afiliados que sean diagnosticados con el padecimiento y desde hace unos meses cuenta con una unidad espec\u00edfica, en la que se realizan los estudios que permiten diagnosticar la enfermedad.<\/p>\n<p class=\"paragraph-with-ads\">El s\u00edndrome AOS, es un problema que ocurre cuando la respiraci\u00f3n se detiene mientras la persona se encuentra dormida, debido a que las v\u00edas respiratorias se han estrechado o bloqueado parcialmente.<\/p>\n<p>El doctor Jos\u00e9 Waldemar Castillo, internista neum\u00f3logo, jefe de la Unidad Pulmonar del IGSS, explic\u00f3 cu\u00e1les son los s\u00edntomas del padecimiento, as\u00ed como el procedimiento que el Instituto realiza para poder tratar a los pacientes que padecen de AOS.<\/p>\n<p>Castillo detall\u00f3 que los trastornos del sue\u00f1o en t\u00e9rminos generales pueden presentarse en diferentes etapas de la vida; sin embargo, existe una mayor tendencia a padecerlos en casos de adultos y adultos mayores, principalmente hombres, provocando un deterioro de la salud en t\u00e9rminos generales.<\/p>\n<p>De acuerdo con Castillo, la AOS, es una enfermedad que se manifiesta mientras la persona duerme y existe una relaci\u00f3n con cuatro o cinco enfermedades que pueden tener un componente parecido y por ello es importante diferenciarlas.<\/p>\n<p>\u201cPara poder diferenciarlas existe un protocolo que utilizamos en el IGSS a trav\u00e9s del cual identificamos los s\u00edntomas del paciente, junto a un protocolo de estudios que incluye radiograf\u00edas, espirometr\u00edas y todos los elementos asociados junto a un examen espec\u00edfico\u201d, dijo Castillo.<\/p>\n<figure id=\"attachment_13187\" aria-describedby=\"caption-attachment-13187\" style=\"width: 777px\" class=\"wp-caption aligncenter\"><a href=\"\/wp-content\/uploads\/sites\/5\/2019\/10\/La-Hora-apnea-del-sueno-IGSSm2019-03.jpg\"><img loading=\"lazy\" decoding=\"async\" class=\"size-full wp-image-13187\" src=\"\/wp-content\/uploads\/sites\/5\/2019\/10\/La-Hora-apnea-del-sueno-IGSSm2019-03.jpg\" alt=\"\" width=\"777\" height=\"582\" srcset=\"\/wp-content\/uploads\/sites\/5\/2019\/10\/La-Hora-apnea-del-sueno-IGSSm2019-03.jpg 777w, \/wp-content\/uploads\/sites\/5\/2019\/10\/La-Hora-apnea-del-sueno-IGSSm2019-03-300x225.jpg 300w, \/wp-content\/uploads\/sites\/5\/2019\/10\/La-Hora-apnea-del-sueno-IGSSm2019-03-768x575.jpg 768w, \/wp-content\/uploads\/sites\/5\/2019\/10\/La-Hora-apnea-del-sueno-IGSSm2019-03-561x420.jpg 561w, \/wp-content\/uploads\/sites\/5\/2019\/10\/La-Hora-apnea-del-sueno-IGSSm2019-03-80x60.jpg 80w, \/wp-content\/uploads\/sites\/5\/2019\/10\/La-Hora-apnea-del-sueno-IGSSm2019-03-696x521.jpg 696w, \/wp-content\/uploads\/sites\/5\/2019\/10\/La-Hora-apnea-del-sueno-IGSSm2019-03-265x198.jpg 265w, \/wp-content\/uploads\/sites\/5\/2019\/10\/La-Hora-apnea-del-sueno-IGSSm2019-03-534x400.jpg 534w\" sizes=\"auto, (max-width: 777px) 100vw, 777px\" \/><\/a><figcaption id=\"caption-attachment-13187\" class=\"wp-caption-text\">Seg\u00fan Castillo, entre abril y octubre de este a\u00f1o, ya con el equipo del IGSS, se han realizado 70 ex\u00e1menes de los cuales un gran porcentaje ha dado positivo y se les ha suministrado el dispositivo. FOTO LA HORA\/MARGARITA GIR\u00d3N<\/figcaption><\/figure>\n<h4><strong>\u00bfQU\u00c9 FACTORES INFLUYEN EN LOS PACIENTES QUE PADECEN EL AOS?<\/strong><\/h4>\n<p>Castillo describi\u00f3 que existen caracter\u00edsticas que pueden asociarse con la AOS y que pueden despertar una alarma en los pacientes, dentro de ellos destacan, ser de g\u00e9nero masculino, mayor de 30 a\u00f1os, tener un \u00edndice de masa corporal arriba de 30, ser roncador y adem\u00e1s puede asociarse paralelamente a enfermedades como hipotiroidismo, diabetes, hipertensi\u00f3n o incluso problemas de colesterol y triglic\u00e9ridos.<\/p>\n<p>\u201cEn el Instituto utilizamos un test que brinda un puntaje que permite clasificar al paciente y aunque el mismo no es una prueba de diagn\u00f3stico, ayuda para determinar el cuadro de los pacientes acompa\u00f1ado de las pruebas f\u00edsicas y ex\u00e1menes de laboratorio que nos dan el diagn\u00f3stico definitivo\u201d, puntualiz\u00f3 Castillo.<\/p>\n<p>En ese sentido, Castillo destac\u00f3 que es importante realizar el protocolo y los estudios necesarios, para descartar que se trate de un problema no relacionado a la AOS, como la sinusitis u otro padecimiento que produzca que los pacientes ronquen.<\/p>\n<h4><strong>UNA NUEVA FORMA EN LA QUE EL SEGURO SOCIAL BRINDA ATENCI\u00d3N A LOS PACIENTES<\/strong><\/h4>\n<p>De acuerdo con Castillo, desde 1993 el Seguro Social, atiende este tipo de padecimiento y aunque anteriormente, los estudios se realizaban a trav\u00e9s de servicios contratados, a partir de abril de 2019, el IGSS cuenta con una unidad que realiza los estudios que permiten diagnosticar la enfermedad.<\/p>\n<p>\u201cDe 1993 a la fecha, se han realizado aproximadamente 1 mil 500 estudios; sin embargo, entre abril y octubre de este a\u00f1o, ya con el equipo del IGSS, se han realizado 70 ex\u00e1menes y esto ha permitido que el Seguro Social est\u00e9 a la vanguardia en equipo y tecnolog\u00eda, que tambi\u00e9n nos ha ayudado a detectar personas en alto riesgo\u201d, destac\u00f3 Castillo.<\/p>\n<figure id=\"attachment_13188\" aria-describedby=\"caption-attachment-13188\" style=\"width: 777px\" class=\"wp-caption aligncenter\"><a href=\"\/wp-content\/uploads\/sites\/5\/2019\/10\/La-Hora-apnea-del-sueno-IGSSm2019-05.jpg\"><img loading=\"lazy\" decoding=\"async\" class=\"size-full wp-image-13188\" src=\"\/wp-content\/uploads\/sites\/5\/2019\/10\/La-Hora-apnea-del-sueno-IGSSm2019-05.jpg\" alt=\"\" width=\"777\" height=\"582\" srcset=\"\/wp-content\/uploads\/sites\/5\/2019\/10\/La-Hora-apnea-del-sueno-IGSSm2019-05.jpg 777w, \/wp-content\/uploads\/sites\/5\/2019\/10\/La-Hora-apnea-del-sueno-IGSSm2019-05-300x225.jpg 300w, \/wp-content\/uploads\/sites\/5\/2019\/10\/La-Hora-apnea-del-sueno-IGSSm2019-05-768x575.jpg 768w, \/wp-content\/uploads\/sites\/5\/2019\/10\/La-Hora-apnea-del-sueno-IGSSm2019-05-561x420.jpg 561w, \/wp-content\/uploads\/sites\/5\/2019\/10\/La-Hora-apnea-del-sueno-IGSSm2019-05-80x60.jpg 80w, \/wp-content\/uploads\/sites\/5\/2019\/10\/La-Hora-apnea-del-sueno-IGSSm2019-05-696x521.jpg 696w, \/wp-content\/uploads\/sites\/5\/2019\/10\/La-Hora-apnea-del-sueno-IGSSm2019-05-265x198.jpg 265w, \/wp-content\/uploads\/sites\/5\/2019\/10\/La-Hora-apnea-del-sueno-IGSSm2019-05-534x400.jpg 534w\" sizes=\"auto, (max-width: 777px) 100vw, 777px\" \/><\/a><figcaption id=\"caption-attachment-13188\" class=\"wp-caption-text\">Waldemar Castillo, jefe de la unidad pulmonar del Seguro Social, destac\u00f3 que cada CPAP tiene un costo aproximado de Q14 mil.<br \/>FOTO LA HORA\/MARGARITA GIR\u00d3N<\/figcaption><\/figure>\n<h4><strong>AS\u00cd ES EL PROCEDIMIENTO DE CONSULTA<\/strong><\/h4>\n<p>El jefe de la unidad pulmonar del IGSS, explic\u00f3 que el procedimiento inicia con una consulta m\u00e9dica en la Unidad Perif\u00e9rica en la cual el afiliado describe las caracter\u00edsticas de su rutina de sue\u00f1o y luego es referido a la Unidad Pulmonar del Instituto. Cabe destacar que durante la entrevista, el paciente idealmente debe estar acompa\u00f1ado de su pareja o de una persona con la que comparta habitaci\u00f3n para obtener m\u00e1s detalles sobre el ronquido que produce.<\/p>\n<p>\u201cLo que principalmente aqueja a la pareja es el ronquido, que en muchos casos puede ser un fluido extremo que puede llegar a afectar m\u00e1s a la persona que comparte habitaci\u00f3n con el paciente, que al paciente mismo\u201d, indic\u00f3 Castillo.<\/p>\n<p>Tambi\u00e9n detall\u00f3 que, el ronquido puede aumentar de forma cr\u00f3nica, de acuerdo a la obstrucci\u00f3n que se genere en la faringe y en la medida que el ronquido aumenta, por esfuerzo que hace el paciente para respirar, podr\u00edan colapsar las v\u00edas respiratorias derivando en una apnea.<\/p>\n<p>\u201cLas personas que roncan mucho, generalmente van acompa\u00f1ados de apnea o pausa respiratoria, entonces derivan en que el paciente no duerma bien y veamos consecuencias como baja de ox\u00edgeno durante el per\u00edodo de sue\u00f1o, repercusiones en \u00f3rganos primarios y perif\u00e9ricos, provocando que el paciente se levante cansado, con sue\u00f1o y con alteraciones en el humor incluso por no dormir adecuadamente\u201d, puntualiz\u00f3 Castillo.<\/p>\n<p>El entrevistado tambi\u00e9n refiri\u00f3 que existen repercusiones sociales derivadas de la AOS, que pueden influir en percances viales, poco rendimiento en el ambiente laboral, poca concentraci\u00f3n y riesgo de accidentes laborales.<\/p>\n<p>Asimismo, Castillo a\u00f1adi\u00f3 que la AOS, tambi\u00e9n tiene efectos familiares pues se han reportado casos en los que el ronquido, puede afectar el sue\u00f1o de los miembros del c\u00edrculo familiar que duermen en habitaciones inmediatas a quien padece la enfermedad.<\/p>\n<figure id=\"attachment_13193\" aria-describedby=\"caption-attachment-13193\" style=\"width: 777px\" class=\"wp-caption aligncenter\"><a href=\"\/wp-content\/uploads\/sites\/5\/2019\/10\/La-Hora-apnea-del-sueno-IGSSm2019-06.jpg\"><img loading=\"lazy\" decoding=\"async\" class=\"size-full wp-image-13193\" src=\"\/wp-content\/uploads\/sites\/5\/2019\/10\/La-Hora-apnea-del-sueno-IGSSm2019-06.jpg\" alt=\"\" width=\"777\" height=\"582\" srcset=\"\/wp-content\/uploads\/sites\/5\/2019\/10\/La-Hora-apnea-del-sueno-IGSSm2019-06.jpg 777w, \/wp-content\/uploads\/sites\/5\/2019\/10\/La-Hora-apnea-del-sueno-IGSSm2019-06-300x225.jpg 300w, \/wp-content\/uploads\/sites\/5\/2019\/10\/La-Hora-apnea-del-sueno-IGSSm2019-06-768x575.jpg 768w, \/wp-content\/uploads\/sites\/5\/2019\/10\/La-Hora-apnea-del-sueno-IGSSm2019-06-561x420.jpg 561w, \/wp-content\/uploads\/sites\/5\/2019\/10\/La-Hora-apnea-del-sueno-IGSSm2019-06-80x60.jpg 80w, \/wp-content\/uploads\/sites\/5\/2019\/10\/La-Hora-apnea-del-sueno-IGSSm2019-06-696x521.jpg 696w, \/wp-content\/uploads\/sites\/5\/2019\/10\/La-Hora-apnea-del-sueno-IGSSm2019-06-265x198.jpg 265w, \/wp-content\/uploads\/sites\/5\/2019\/10\/La-Hora-apnea-del-sueno-IGSSm2019-06-534x400.jpg 534w\" sizes=\"auto, (max-width: 777px) 100vw, 777px\" \/><\/a><figcaption id=\"caption-attachment-13193\" class=\"wp-caption-text\">Waldemar Castillo: Nosotros disponemos de estos dispositivos en el hospital y est\u00e1n puestos a disposici\u00f3n de los pacientes como tratamiento de la AOS.<br \/>FOTO LA HORA\/MARGARITA GIR\u00d3N<\/figcaption><\/figure>\n<h4><strong>EL TRATAMIENTO CPAP<\/strong><\/h4>\n<p>Seg\u00fan detall\u00f3 Castillo, el tratamiento para la AOS, se proporciona a trav\u00e9s de un dispositivo de presi\u00f3n positiva continua en las v\u00edas respiratorias (CPAP, por sus siglas en ingl\u00e9s) que a decir de Castillo, ofrece una soluci\u00f3n inmediata para el tratamiento de la apnea obstructiva del sue\u00f1o en la mayor\u00eda de las personas.<\/p>\n<p>\u201cNosotros disponemos de estos dispositivos en el hospital y est\u00e1n puestos a disposici\u00f3n de los pacientes como tratamiento de la AOS, paralelamente con el tratamiento de otras enfermedades que padezcan\u201d, dijo Castillo.<\/p>\n<p>El jefe de la unidad pulmonar del Seguro Social, destac\u00f3 que cada CPAP tiene un costo aproximado de Q14 mil, sumado a los estudios de diagn\u00f3stico que tiene un costo promedio de Q5 mil, pero para los afiliados no tiene ning\u00fan costo pues es parte de la cobertura que los pacientes tienen al ser afiliados al Seguro Social, adem\u00e1s de los tratamientos derivados de otras enfermedades asociadas a la AOS.<\/p>\n<p>\u201cLa enfermedad es una presentaci\u00f3n extrema de una serie de comorbilidades, de tal manera que cuando vemos a estos pacientes, sabemos que nos estamos enfrentando a la AOS, m\u00e1s otros padecimientos, que nos lleva a brindar a los afiliados un tratamiento integral\u201d, enfatiz\u00f3 Castillo.<\/p>\n<p>De acuerdo con Castillo, dentro de los beneficios del CPAP, destacan la eliminaci\u00f3n del ronquido, correcci\u00f3n de la apnea y mejora del ox\u00edgeno en la sangre, derivando en que el paciente duerma c\u00f3modo a trav\u00e9s de un aparato port\u00e1til, que no es invasivo y que se usa \u00fanicamente mientras el paciente duerme.<\/p>\n<p>El entrevistado agreg\u00f3 que es importante que los pacientes con AOS, no sean estigmatizados, pues eso mismo provoca que no consulten al m\u00e9dico y que no sean atendidos m\u00e9dicamente antes que el padecimiento se vuelva cr\u00f3nico.<\/p>\n<p>\u201cEs necesario concientizar y sensibilizar a las personas sobre la AOS, adem\u00e1s contamos con una Instituci\u00f3n que est\u00e1 abierta a sus beneficiarios y estamos en la mejor disposici\u00f3n de poderlos ayudar para romper ese estigma y decirles que existe un tratamiento para su enfermedad\u201d, puntualiz\u00f3 el profesional.<\/p>\n<p>Fuente: <strong>Diario La Hora<\/strong><\/p>\n<p>Enlace en internet: <strong><a href=\"https:\/\/lahora.gt\/que-es-el-sindrome-de-apnea-del-sueno-y-como-tratarlo-a-traves-del-igss-aqui-le-contamos\/\">https:\/\/lahora.gt\/que-es-el-sindrome-de-apnea-del-sueno-y-como-tratarlo-a-traves-del-igss-aqui-le-contamos\/<\/a><\/strong><\/p>\n","protected":false},"excerpt":{"rendered":"<p>Por Margarita Gir\u00f3n El S\u00edndrome de Apnea Obstructiva del Sue\u00f1o (AOS) es un padecimiento que hoy en d\u00eda afecta a muchas personas en el mundo y Guatemala no es la excepci\u00f3n, por ello, el Instituto Guatemalteco de Seguridad Social (IGSS), cuenta con un tratamiento para los afiliados que sean diagnosticados con el padecimiento y desde [&hellip;]<\/p>\n","protected":false},"author":4,"featured_media":13183,"comment_status":"open","ping_status":"open","sticky":false,"template":"","format":"standard","meta":{"footnotes":""},"categories":[3,15,41,29],"tags":[1009,1043,1138,490,939],"coauthors":[881],"class_list":{"0":"post-13182","1":"post","2":"type-post","3":"status-publish","4":"format-standard","5":"has-post-thumbnail","7":"category-actualidad","8":"category-destacado","9":"category-igss-en-los-medios","10":"category-publicaciones","11":"tag-apnea-obstructiva-del-sueno","12":"tag-diario-la-hora","13":"tag-dr-waldemar-castillo","14":"tag-igss","15":"tag-neumologia"},"_links":{"self":[{"href":"https:\/\/www.igssgt.org\/noticias\/wp-json\/wp\/v2\/posts\/13182","targetHints":{"allow":["GET"]}}],"collection":[{"href":"https:\/\/www.igssgt.org\/noticias\/wp-json\/wp\/v2\/posts"}],"about":[{"href":"https:\/\/www.igssgt.org\/noticias\/wp-json\/wp\/v2\/types\/post"}],"author":[{"embeddable":true,"href":"https:\/\/www.igssgt.org\/noticias\/wp-json\/wp\/v2\/users\/4"}],"replies":[{"embeddable":true,"href":"https:\/\/www.igssgt.org\/noticias\/wp-json\/wp\/v2\/comments?post=13182"}],"version-history":[{"count":8,"href":"https:\/\/www.igssgt.org\/noticias\/wp-json\/wp\/v2\/posts\/13182\/revisions"}],"predecessor-version":[{"id":17193,"href":"https:\/\/www.igssgt.org\/noticias\/wp-json\/wp\/v2\/posts\/13182\/revisions\/17193"}],"wp:featuredmedia":[{"embeddable":true,"href":"https:\/\/www.igssgt.org\/noticias\/wp-json\/wp\/v2\/media\/13183"}],"wp:attachment":[{"href":"https:\/\/www.igssgt.org\/noticias\/wp-json\/wp\/v2\/media?parent=13182"}],"wp:term":[{"taxonomy":"category","embeddable":true,"href":"https:\/\/www.igssgt.org\/noticias\/wp-json\/wp\/v2\/categories?post=13182"},{"taxonomy":"post_tag","embeddable":true,"href":"https:\/\/www.igssgt.org\/noticias\/wp-json\/wp\/v2\/tags?post=13182"},{"taxonomy":"author","embeddable":true,"href":"https:\/\/www.igssgt.org\/noticias\/wp-json\/wp\/v2\/coauthors?post=13182"}],"curies":[{"name":"wp","href":"https:\/\/api.w.org\/{rel}","templated":true}]}}