{"id":13195,"date":"2017-06-27T14:12:35","date_gmt":"2017-06-27T20:12:35","guid":{"rendered":"https:\/\/www.igssgt.org\/noticias\/?p=13195"},"modified":"2019-10-23T14:15:46","modified_gmt":"2019-10-23T20:15:46","slug":"nuestro-diario-finca-tiene-19-anos-sin-pagar-igss","status":"publish","type":"post","link":"https:\/\/www.igssgt.org\/noticias\/2017\/06\/27\/nuestro-diario-finca-tiene-19-anos-sin-pagar-igss\/","title":{"rendered":"Nuestro Diario: Finca tiene 19 a\u00f1os sin pagar IGSS"},"content":{"rendered":"\n<h3 class=\"wp-block-heading\"><strong>Hombre muri\u00f3 en protesta de empleados que ped\u00eda su jubilaci\u00f3n.<\/strong><\/h3>\n\n\n\n<figure class=\"wp-block-image\"><img loading=\"lazy\" decoding=\"async\" width=\"696\" height=\"665\" src=\"\/wp-content\/uploads\/sites\/5\/2019\/10\/Nuestro-Diario-FINCA-TIENE-19-AnOS-SIN-PAGAR-IGSS-696x665.jpg\" alt=\"\" class=\"wp-image-13196\" srcset=\"\/wp-content\/uploads\/sites\/5\/2019\/10\/Nuestro-Diario-FINCA-TIENE-19-AnOS-SIN-PAGAR-IGSS-696x665.jpg 696w, \/wp-content\/uploads\/sites\/5\/2019\/10\/Nuestro-Diario-FINCA-TIENE-19-AnOS-SIN-PAGAR-IGSS-696x665-300x287.jpg 300w, \/wp-content\/uploads\/sites\/5\/2019\/10\/Nuestro-Diario-FINCA-TIENE-19-AnOS-SIN-PAGAR-IGSS-696x665-440x420.jpg 440w, \/wp-content\/uploads\/sites\/5\/2019\/10\/Nuestro-Diario-FINCA-TIENE-19-AnOS-SIN-PAGAR-IGSS-696x665-484x462.jpg 484w\" sizes=\"auto, (max-width: 696px) 100vw, 696px\" \/><\/figure>\n\n\n\n<p><em><strong>Por Sandra Valdez<\/strong><\/em><\/p>\n","protected":false},"excerpt":{"rendered":"<p>Hombre muri\u00f3 en protesta de empleados que ped\u00eda su jubilaci\u00f3n. Por Sandra Valdez<\/p>\n","protected":false},"author":9,"featured_media":13197,"comment_status":"open","ping_status":"open","sticky":false,"template":"","format":"standard","meta":{"footnotes":""},"categories":[3,4,41,23,29],"tags":[490,568,665,771],"coauthors":[888],"class_list":{"0":"post-13195","1":"post","2":"type-post","3":"status-publish","4":"format-standard","5":"has-post-thumbnail","7":"category-actualidad","8":"category-afiliados","9":"category-igss-en-los-medios","10":"category-patronos","11":"category-publicaciones","12":"tag-igss","13":"tag-lic-edson-rivera","14":"tag-nuestro-diario","15":"tag-sandra-valdez"},"_links":{"self":[{"href":"https:\/\/www.igssgt.org\/noticias\/wp-json\/wp\/v2\/posts\/13195","targetHints":{"allow":["GET"]}}],"collection":[{"href":"https:\/\/www.igssgt.org\/noticias\/wp-json\/wp\/v2\/posts"}],"about":[{"href":"https:\/\/www.igssgt.org\/noticias\/wp-json\/wp\/v2\/types\/post"}],"author":[{"embeddable":true,"href":"https:\/\/www.igssgt.org\/noticias\/wp-json\/wp\/v2\/users\/9"}],"replies":[{"embeddable":true,"href":"https:\/\/www.igssgt.org\/noticias\/wp-json\/wp\/v2\/comments?post=13195"}],"version-history":[{"count":1,"href":"https:\/\/www.igssgt.org\/noticias\/wp-json\/wp\/v2\/posts\/13195\/revisions"}],"predecessor-version":[{"id":13198,"href":"https:\/\/www.igssgt.org\/noticias\/wp-json\/wp\/v2\/posts\/13195\/revisions\/13198"}],"wp:featuredmedia":[{"embeddable":true,"href":"https:\/\/www.igssgt.org\/noticias\/wp-json\/wp\/v2\/media\/13197"}],"wp:attachment":[{"href":"https:\/\/www.igssgt.org\/noticias\/wp-json\/wp\/v2\/media?parent=13195"}],"wp:term":[{"taxonomy":"category","embeddable":true,"href":"https:\/\/www.igssgt.org\/noticias\/wp-json\/wp\/v2\/categories?post=13195"},{"taxonomy":"post_tag","embeddable":true,"href":"https:\/\/www.igssgt.org\/noticias\/wp-json\/wp\/v2\/tags?post=13195"},{"taxonomy":"author","embeddable":true,"href":"https:\/\/www.igssgt.org\/noticias\/wp-json\/wp\/v2\/coauthors?post=13195"}],"curies":[{"name":"wp","href":"https:\/\/api.w.org\/{rel}","templated":true}]}}