{"id":13542,"date":"2017-04-25T09:59:48","date_gmt":"2017-04-25T15:59:48","guid":{"rendered":"https:\/\/www.igssgt.org\/noticias\/?p=13542"},"modified":"2020-02-03T11:34:30","modified_gmt":"2020-02-03T17:34:30","slug":"la-red-106-1-afiliados-y-derechohabientes-del-igss-beneficiados-por-jornada-de-vacunacion","status":"publish","type":"post","link":"https:\/\/www.igssgt.org\/noticias\/2017\/04\/25\/la-red-106-1-afiliados-y-derechohabientes-del-igss-beneficiados-por-jornada-de-vacunacion\/","title":{"rendered":"La Red 106.1: Afiliados y derechohabientes del IGSS beneficiados por jornada de vacunaci\u00f3n"},"content":{"rendered":"\n<p>Afiliados y derechohabientes del Instituto Guatemalteco de Seguridad Social (IGSS), ser\u00e1n vacunados durante el desarrollo de la Semana Mundial de la Inmunizaci\u00f3n, que se desarrollar\u00e1 del 24 al 30 de abril 2017, indica la doctora M\u00f3nica Paola Rodr\u00edguez, encargada de la Secci\u00f3n Materno Infantil, de la Instituci\u00f3n.<\/p>\n\n\n\n<p>Este a\u00f1o el lema de esta conmemoraci\u00f3n es \u201cVac\u00fanate y Celebremos un Futuro Saludable\u201d, a acuerdo la Organizaci\u00f3n Mundial de la Salud (OMS), y la Organizaci\u00f3n Panamericana de la Salud (OPS), la Semana Mundial de la Inmunizaci\u00f3n se conmemora la \u00faltima semana de abril la cual tiene la finalidad de promover el uso de las vacunas para proteger la morbilidad a las personas de todas las edades.<\/p>\n\n\n\n<p>Seg\u00fan la OMS al d\u00eda de hoy a nivel mundial hay 19.4 millones de ni\u00f1os sin vacunar o est\u00e1n insuficientemente vacunados.<\/p>\n\n\n\n<figure class=\"wp-block-audio\"><audio controls src=\"\/wp-content\/uploads\/sites\/5\/2019\/11\/inmunizacioneslarednoticias-redconectadosvoz-ivoox18329018.mp3\"><\/audio><\/figure>\n\n\n\n<p>Fuente: La Red 106.1<\/p>\n\n\n\n<p>Enlace en internet: La Red<\/p>\n","protected":false},"excerpt":{"rendered":"<p>Afiliados y derechohabientes del Instituto Guatemalteco de Seguridad Social (IGSS), ser\u00e1n vacunados durante el desarrollo de la Semana Mundial de la Inmunizaci\u00f3n, que se desarrollar\u00e1 del 24 al 30 de abril 2017, indica la doctora M\u00f3nica Paola Rodr\u00edguez, encargada de la Secci\u00f3n Materno Infantil, de la Instituci\u00f3n. Este a\u00f1o el lema de esta conmemoraci\u00f3n es [&hellip;]<\/p>\n","protected":false},"author":9,"featured_media":13543,"comment_status":"open","ping_status":"open","sticky":false,"template":"","format":"standard","meta":{"footnotes":""},"categories":[3,15,41,29],"tags":[375,490,552,675,782],"coauthors":[888],"class_list":{"0":"post-13542","1":"post","2":"type-post","3":"status-publish","4":"format-standard","5":"has-post-thumbnail","7":"category-actualidad","8":"category-destacado","9":"category-igss-en-los-medios","10":"category-publicaciones","11":"tag-dra-monica-rodriguez","12":"tag-igss","13":"tag-la-red-106-1","14":"tag-oms","15":"tag-semana-mundial-de-la-inmunizacion"},"_links":{"self":[{"href":"https:\/\/www.igssgt.org\/noticias\/wp-json\/wp\/v2\/posts\/13542","targetHints":{"allow":["GET"]}}],"collection":[{"href":"https:\/\/www.igssgt.org\/noticias\/wp-json\/wp\/v2\/posts"}],"about":[{"href":"https:\/\/www.igssgt.org\/noticias\/wp-json\/wp\/v2\/types\/post"}],"author":[{"embeddable":true,"href":"https:\/\/www.igssgt.org\/noticias\/wp-json\/wp\/v2\/users\/9"}],"replies":[{"embeddable":true,"href":"https:\/\/www.igssgt.org\/noticias\/wp-json\/wp\/v2\/comments?post=13542"}],"version-history":[{"count":3,"href":"https:\/\/www.igssgt.org\/noticias\/wp-json\/wp\/v2\/posts\/13542\/revisions"}],"predecessor-version":[{"id":15873,"href":"https:\/\/www.igssgt.org\/noticias\/wp-json\/wp\/v2\/posts\/13542\/revisions\/15873"}],"wp:featuredmedia":[{"embeddable":true,"href":"https:\/\/www.igssgt.org\/noticias\/wp-json\/wp\/v2\/media\/13543"}],"wp:attachment":[{"href":"https:\/\/www.igssgt.org\/noticias\/wp-json\/wp\/v2\/media?parent=13542"}],"wp:term":[{"taxonomy":"category","embeddable":true,"href":"https:\/\/www.igssgt.org\/noticias\/wp-json\/wp\/v2\/categories?post=13542"},{"taxonomy":"post_tag","embeddable":true,"href":"https:\/\/www.igssgt.org\/noticias\/wp-json\/wp\/v2\/tags?post=13542"},{"taxonomy":"author","embeddable":true,"href":"https:\/\/www.igssgt.org\/noticias\/wp-json\/wp\/v2\/coauthors?post=13542"}],"curies":[{"name":"wp","href":"https:\/\/api.w.org\/{rel}","templated":true}]}}