{"id":13557,"date":"2017-04-24T11:08:33","date_gmt":"2017-04-24T17:08:33","guid":{"rendered":"https:\/\/www.igssgt.org\/noticias\/?p=13557"},"modified":"2019-11-07T10:56:55","modified_gmt":"2019-11-07T16:56:55","slug":"igss-conmemora-la-semana-mundial-de-la-inmunizacion","status":"publish","type":"post","link":"https:\/\/www.igssgt.org\/noticias\/2017\/04\/24\/igss-conmemora-la-semana-mundial-de-la-inmunizacion\/","title":{"rendered":"IGSS conmemora la Semana Mundial de la Inmunizaci\u00f3n"},"content":{"rendered":"\n<h3 class=\"wp-block-heading\"><strong>El Instituto refuerza la vacunaci\u00f3n permanente<\/strong><\/h3>\n\n\n\n<figure class=\"wp-block-image\"><img loading=\"lazy\" decoding=\"async\" width=\"960\" height=\"540\" src=\"\/wp-content\/uploads\/sites\/5\/2019\/10\/Semana-Mundial-de-la-Inmunizacion-IGSS-Guatemala-02-1.jpg\" alt=\"\" class=\"wp-image-13563\" srcset=\"\/wp-content\/uploads\/sites\/5\/2019\/10\/Semana-Mundial-de-la-Inmunizacion-IGSS-Guatemala-02-1.jpg 960w, \/wp-content\/uploads\/sites\/5\/2019\/10\/Semana-Mundial-de-la-Inmunizacion-IGSS-Guatemala-02-1-300x169.jpg 300w, \/wp-content\/uploads\/sites\/5\/2019\/10\/Semana-Mundial-de-la-Inmunizacion-IGSS-Guatemala-02-1-768x432.jpg 768w, \/wp-content\/uploads\/sites\/5\/2019\/10\/Semana-Mundial-de-la-Inmunizacion-IGSS-Guatemala-02-1-747x420.jpg 747w, \/wp-content\/uploads\/sites\/5\/2019\/10\/Semana-Mundial-de-la-Inmunizacion-IGSS-Guatemala-02-1-696x392.jpg 696w, \/wp-content\/uploads\/sites\/5\/2019\/10\/Semana-Mundial-de-la-Inmunizacion-IGSS-Guatemala-02-1-534x300.jpg 534w\" sizes=\"auto, (max-width: 960px) 100vw, 960px\" \/><\/figure>\n\n\n\n<p>Afiliados y derechohabientes del Instituto Guatemalteco de Seguridad Social (IGSS), ser\u00e1n vacunados durante el desarrollo de la Semana Mundial de la Inmunizaci\u00f3n, que se desarrollar\u00e1 del 24 al 30 de abril 2017, indica la doctora M\u00f3nica Paola Rodr\u00edguez, encargada de la Secci\u00f3n Materno Infantil, de la Instituci\u00f3n.<\/p>\n\n\n\n<p>Este a\u00f1o el lema de esta conmemoraci\u00f3n es \u201c<a href=\"https:\/\/www.facebook.com\/hashtag\/vac%C3%BAnate?source=feed_text&amp;story_id=934461560028732\">Vac\u00fanate<\/a>&nbsp;y Celebremos un Futuro Saludable\u201d, a acuerdo la Organizaci\u00f3n Mundial de la Salud (OMS), y la Organizaci\u00f3n Panamericana de la Salud (OPS), la Semana Mundial de la Inmunizaci\u00f3n se conmemora la \u00faltima semana de abril la cual tiene la finalidad de promover el uso de las vacunas para proteger la morbilidad a las personas de todas las edades.<\/p>\n\n\n\n<p>Seg\u00fan la OMS al d\u00eda de hoy a nivel mundial hay 19.4 millones de ni\u00f1os sin vacunar o est\u00e1n insuficientemente vacunados.<\/p>\n\n\n\n<p>En el 2012, 194 Estados que integran esa organizaci\u00f3n se comprometieron realizar los esfuerzos necesarios para prevenir millones de muertes causadas por enfermedades prevenibles mediante la vacunaci\u00f3n, explica la doctora Rodr\u00edguez.<\/p>\n\n\n\n<div class=\"wp-block-image\"><figure class=\"aligncenter\"><a href=\"http:\/\/noticias-igss.org\/wp-content\/uploads\/2017\/04\/Semana-Mundial-de-la-Inmunizacion-IGSS-Guatemala-06.jpg\"><img loading=\"lazy\" decoding=\"async\" width=\"960\" height=\"540\" src=\"\/wp-content\/uploads\/sites\/5\/2019\/10\/Semana-Mundial-de-la-Inmunizacion-IGSS-Guatemala-06-1.jpg\" alt=\"\" class=\"wp-image-13561\" srcset=\"\/wp-content\/uploads\/sites\/5\/2019\/10\/Semana-Mundial-de-la-Inmunizacion-IGSS-Guatemala-06-1.jpg 960w, \/wp-content\/uploads\/sites\/5\/2019\/10\/Semana-Mundial-de-la-Inmunizacion-IGSS-Guatemala-06-1-300x169.jpg 300w, \/wp-content\/uploads\/sites\/5\/2019\/10\/Semana-Mundial-de-la-Inmunizacion-IGSS-Guatemala-06-1-768x432.jpg 768w, \/wp-content\/uploads\/sites\/5\/2019\/10\/Semana-Mundial-de-la-Inmunizacion-IGSS-Guatemala-06-1-747x420.jpg 747w, \/wp-content\/uploads\/sites\/5\/2019\/10\/Semana-Mundial-de-la-Inmunizacion-IGSS-Guatemala-06-1-696x392.jpg 696w, \/wp-content\/uploads\/sites\/5\/2019\/10\/Semana-Mundial-de-la-Inmunizacion-IGSS-Guatemala-06-1-534x300.jpg 534w\" sizes=\"auto, (max-width: 960px) 100vw, 960px\" \/><\/a><\/figure><\/div>\n\n\n\n<h3 class=\"wp-block-heading\"><strong>Las Vacunas<\/strong><\/h3>\n\n\n\n<p>En las unidades del IGSS se cuenta con una campa\u00f1a permanente de inmunizaci\u00f3n de distintas enfermedades, pero como parte de la estrategia desde hace varias semanas fueron revisados los expedientes de centenares de ni\u00f1os y se espera ponerlos al d\u00eda en su Esquema de Vacunaci\u00f3n. En esta semana tambi\u00e9n se atender\u00e1 a adultos, adultos mayores y embarazadas, agrega la profesional.<\/p>\n\n\n\n<p>El acto simb\u00f3lico de inauguraci\u00f3n de esta semana fue realizado en la Unidad Perif\u00e9rica de la zona 5, del Instituto Guatemalteco de Seguridad Social (IGSS), en el que se cont\u00f3 con la presencia de autoridades del Instituto.<\/p>\n\n\n\n<p>La inmunizaci\u00f3n est\u00e1 dirigida a ni\u00f1os con su respectivo esquema, adultos y adultos mayores con la vacuna contra la influenza, as\u00ed como a las mujeres embarazadas, a las que se les aplicar\u00e1n los toxoides tet\u00e1nicos, indica el doctor Jos\u00e9 Napole\u00f3n Castillo Mollinedo, jefe hospitalario de dicha unidad.<\/p>\n\n\n\n<div class=\"wp-block-image\"><figure class=\"aligncenter\"><a href=\"http:\/\/noticias-igss.org\/wp-content\/uploads\/2017\/04\/Semana-Mundial-de-la-Inmunizacion-IGSS-Guatemala-07.jpg\"><img loading=\"lazy\" decoding=\"async\" width=\"960\" height=\"540\" src=\"\/wp-content\/uploads\/sites\/5\/2019\/10\/Semana-Mundial-de-la-Inmunizacion-IGSS-Guatemala-07-1.jpg\" alt=\"\" class=\"wp-image-13559\" srcset=\"\/wp-content\/uploads\/sites\/5\/2019\/10\/Semana-Mundial-de-la-Inmunizacion-IGSS-Guatemala-07-1.jpg 960w, \/wp-content\/uploads\/sites\/5\/2019\/10\/Semana-Mundial-de-la-Inmunizacion-IGSS-Guatemala-07-1-300x169.jpg 300w, \/wp-content\/uploads\/sites\/5\/2019\/10\/Semana-Mundial-de-la-Inmunizacion-IGSS-Guatemala-07-1-768x432.jpg 768w, \/wp-content\/uploads\/sites\/5\/2019\/10\/Semana-Mundial-de-la-Inmunizacion-IGSS-Guatemala-07-1-747x420.jpg 747w, \/wp-content\/uploads\/sites\/5\/2019\/10\/Semana-Mundial-de-la-Inmunizacion-IGSS-Guatemala-07-1-696x392.jpg 696w, \/wp-content\/uploads\/sites\/5\/2019\/10\/Semana-Mundial-de-la-Inmunizacion-IGSS-Guatemala-07-1-534x300.jpg 534w\" sizes=\"auto, (max-width: 960px) 100vw, 960px\" \/><\/a><\/figure><\/div>\n\n\n\n<h3 class=\"wp-block-heading\"><strong>Los beneficiados<\/strong><\/h3>\n\n\n\n<p>Se estima de lunes a viernes solo en la perif\u00e9rica de la zona 5, ser\u00e1n vacunadas unas 800 personas, principalmente ni\u00f1os, pues se cuenta con las jornadas matutina, vespertina y nocturna, resalta la doctora Vilma Morales de Oquendo, jefe del servicio de Pediatr\u00eda, de la Unidad Perif\u00e9rica de la zona 5.<\/p>\n\n\n\n<p>La unidad est\u00e1 abastecida con todas las vacunas necesarias para atender esta jornada, as\u00ed como para darle el seguimiento normal al esquema establecido por el Instituto para todo este a\u00f1o, explica la doctora de Oquendo.<\/p>\n\n\n\n<p>\u201cLas vacunas son de beneficio para todo ser humano, permiten crear un banco de memoria de defensas para utilizarlo en cualquier momento, para la prevenci\u00f3n de muchas enfermedades\u201d concluye el doctor Castillo.<\/p>\n\n\n\n\r\n                <style type=\"text\/css\">\r\n                    \r\n                    #tdi_1  .td-doubleSlider-2 .td-item1 {\r\n                        background: url(\/wp-content\/uploads\/sites\/5\/2019\/10\/Semana-Mundial-de-la-Inmunizacion-IGSS-Guatemala-01-80x60.jpg) 0 0 no-repeat;\r\n                    }\r\n                    #tdi_1  .td-doubleSlider-2 .td-item2 {\r\n                        background: url(\/wp-content\/uploads\/sites\/5\/2019\/10\/Semana-Mundial-de-la-Inmunizacion-IGSS-Guatemala-02-1-80x60.jpg) 0 0 no-repeat;\r\n                    }\r\n                    #tdi_1  .td-doubleSlider-2 .td-item3 {\r\n                        background: url(\/wp-content\/uploads\/sites\/5\/2019\/10\/Semana-Mundial-de-la-Inmunizacion-IGSS-Guatemala-05-80x60.jpg) 0 0 no-repeat;\r\n                    }\r\n                    #tdi_1  .td-doubleSlider-2 .td-item4 {\r\n                        background: url(\/wp-content\/uploads\/sites\/5\/2019\/10\/Semana-Mundial-de-la-Inmunizacion-IGSS-Guatemala-06-1-80x60.jpg) 0 0 no-repeat;\r\n                    }\r\n                    #tdi_1  .td-doubleSlider-2 .td-item5 {\r\n                        background: url(\/wp-content\/uploads\/sites\/5\/2019\/10\/Semana-Mundial-de-la-Inmunizacion-IGSS-Guatemala-04-80x60.jpg) 0 0 no-repeat;\r\n                    }\r\n                    #tdi_1  .td-doubleSlider-2 .td-item6 {\r\n                        background: url(\/wp-content\/uploads\/sites\/5\/2019\/10\/Semana-Mundial-de-la-Inmunizacion-IGSS-Guatemala-02-80x60.jpg) 0 0 no-repeat;\r\n                    }\r\n                    #tdi_1  .td-doubleSlider-2 .td-item7 {\r\n                        background: url(\/wp-content\/uploads\/sites\/5\/2019\/10\/Semana-Mundial-de-la-Inmunizacion-IGSS-Guatemala-03-80x60.jpg) 0 0 no-repeat;\r\n                    }\r\n                    #tdi_1  .td-doubleSlider-2 .td-item8 {\r\n                        background: url(\/wp-content\/uploads\/sites\/5\/2019\/10\/Semana-Mundial-de-la-Inmunizacion-IGSS-Guatemala-07-1-80x60.jpg) 0 0 no-repeat;\r\n                    }\r\n                <\/style>\r\n\r\n                <div id=\"tdi_1\" class=\"td-gallery td-slide-on-2-columns\">\r\n                    <div class=\"post_td_gallery\">\r\n                        <div class=\"td-gallery-slide-top\">\r\n                           <div class=\"td-gallery-title\"><\/div>\r\n\r\n                            <div class=\"td-gallery-controls-wrapper\">\r\n                                <div class=\"td-gallery-slide-count\"><span class=\"td-gallery-slide-item-focus\">1<\/span> de 8<\/div>\r\n                                <div class=\"td-gallery-slide-prev-next-but\">\r\n                                    <i class = \"td-icon-left doubleSliderPrevButton\"><\/i>\r\n                                    <i class = \"td-icon-right doubleSliderNextButton\"><\/i>\r\n                                <\/div>\r\n                            <\/div>\r\n                        <\/div>\r\n\r\n                        <div class = \"td-doubleSlider-1 \">\r\n                            <div class = \"td-slider\">\r\n                                \r\n                    <div class = \"td-slide-item td-item1\">\r\n                        <figure class=\"td-slide-galery-figure td-slide-popup-gallery\">\r\n                            <a class=\"slide-gallery-image-link\" href=\"\/wp-content\/uploads\/sites\/5\/2019\/10\/Semana-Mundial-de-la-Inmunizacion-IGSS-Guatemala-01.jpg\" title=\"Semana-Mundial-de-la-Inmunizacion-IGSS-Guatemala-01\"  data-caption=\"\"  data-description=\"\">\r\n                                <img decoding=\"async\" src=\"\/wp-content\/uploads\/sites\/5\/2019\/10\/Semana-Mundial-de-la-Inmunizacion-IGSS-Guatemala-01-747x420.jpg\" srcset=\"\/wp-content\/uploads\/sites\/5\/2019\/10\/Semana-Mundial-de-la-Inmunizacion-IGSS-Guatemala-01-747x420.jpg 747w, \/wp-content\/uploads\/sites\/5\/2019\/10\/Semana-Mundial-de-la-Inmunizacion-IGSS-Guatemala-01-300x169.jpg 300w, \/wp-content\/uploads\/sites\/5\/2019\/10\/Semana-Mundial-de-la-Inmunizacion-IGSS-Guatemala-01-768x432.jpg 768w, \/wp-content\/uploads\/sites\/5\/2019\/10\/Semana-Mundial-de-la-Inmunizacion-IGSS-Guatemala-01-696x392.jpg 696w, \/wp-content\/uploads\/sites\/5\/2019\/10\/Semana-Mundial-de-la-Inmunizacion-IGSS-Guatemala-01-534x300.jpg 534w, \/wp-content\/uploads\/sites\/5\/2019\/10\/Semana-Mundial-de-la-Inmunizacion-IGSS-Guatemala-01.jpg 960w\" sizes=\"(max-width: 747px) 100vw, 747px\" alt=\"\">\r\n                            <\/a>\r\n                            \r\n                        <\/figure>\r\n                    <\/div>\r\n                    <div class = \"td-slide-item td-item2\">\r\n                        <figure class=\"td-slide-galery-figure td-slide-popup-gallery\">\r\n                            <a class=\"slide-gallery-image-link\" href=\"\/wp-content\/uploads\/sites\/5\/2019\/10\/Semana-Mundial-de-la-Inmunizacion-IGSS-Guatemala-02-1.jpg\" title=\"Semana-Mundial-de-la-Inmunizacion-IGSS-Guatemala-02 (1)\"  data-caption=\"\"  data-description=\"\">\r\n                                <img decoding=\"async\" src=\"\/wp-content\/uploads\/sites\/5\/2019\/10\/Semana-Mundial-de-la-Inmunizacion-IGSS-Guatemala-02-1-747x420.jpg\" srcset=\"\/wp-content\/uploads\/sites\/5\/2019\/10\/Semana-Mundial-de-la-Inmunizacion-IGSS-Guatemala-02-1-747x420.jpg 747w, \/wp-content\/uploads\/sites\/5\/2019\/10\/Semana-Mundial-de-la-Inmunizacion-IGSS-Guatemala-02-1-300x169.jpg 300w, \/wp-content\/uploads\/sites\/5\/2019\/10\/Semana-Mundial-de-la-Inmunizacion-IGSS-Guatemala-02-1-768x432.jpg 768w, \/wp-content\/uploads\/sites\/5\/2019\/10\/Semana-Mundial-de-la-Inmunizacion-IGSS-Guatemala-02-1-696x392.jpg 696w, \/wp-content\/uploads\/sites\/5\/2019\/10\/Semana-Mundial-de-la-Inmunizacion-IGSS-Guatemala-02-1-534x300.jpg 534w, \/wp-content\/uploads\/sites\/5\/2019\/10\/Semana-Mundial-de-la-Inmunizacion-IGSS-Guatemala-02-1.jpg 960w\" sizes=\"(max-width: 747px) 100vw, 747px\" alt=\"\">\r\n                            <\/a>\r\n                            \r\n                        <\/figure>\r\n                    <\/div>\r\n                    <div class = \"td-slide-item td-item3\">\r\n                        <figure class=\"td-slide-galery-figure td-slide-popup-gallery\">\r\n                            <a class=\"slide-gallery-image-link\" href=\"\/wp-content\/uploads\/sites\/5\/2019\/10\/Semana-Mundial-de-la-Inmunizacion-IGSS-Guatemala-05.jpg\" title=\"Semana-Mundial-de-la-Inmunizacion-IGSS-Guatemala-05\"  data-caption=\"\"  data-description=\"\">\r\n                                <img decoding=\"async\" src=\"\/wp-content\/uploads\/sites\/5\/2019\/10\/Semana-Mundial-de-la-Inmunizacion-IGSS-Guatemala-05-747x420.jpg\" srcset=\"\/wp-content\/uploads\/sites\/5\/2019\/10\/Semana-Mundial-de-la-Inmunizacion-IGSS-Guatemala-05-747x420.jpg 747w, \/wp-content\/uploads\/sites\/5\/2019\/10\/Semana-Mundial-de-la-Inmunizacion-IGSS-Guatemala-05-300x169.jpg 300w, \/wp-content\/uploads\/sites\/5\/2019\/10\/Semana-Mundial-de-la-Inmunizacion-IGSS-Guatemala-05-768x432.jpg 768w, \/wp-content\/uploads\/sites\/5\/2019\/10\/Semana-Mundial-de-la-Inmunizacion-IGSS-Guatemala-05-696x392.jpg 696w, \/wp-content\/uploads\/sites\/5\/2019\/10\/Semana-Mundial-de-la-Inmunizacion-IGSS-Guatemala-05-534x300.jpg 534w, \/wp-content\/uploads\/sites\/5\/2019\/10\/Semana-Mundial-de-la-Inmunizacion-IGSS-Guatemala-05.jpg 960w\" sizes=\"(max-width: 747px) 100vw, 747px\" alt=\"\">\r\n                            <\/a>\r\n                            \r\n                        <\/figure>\r\n                    <\/div>\r\n                    <div class = \"td-slide-item td-item4\">\r\n                        <figure class=\"td-slide-galery-figure td-slide-popup-gallery\">\r\n                            <a class=\"slide-gallery-image-link\" href=\"\/wp-content\/uploads\/sites\/5\/2019\/10\/Semana-Mundial-de-la-Inmunizacion-IGSS-Guatemala-06-1.jpg\" title=\"Semana-Mundial-de-la-Inmunizacion-IGSS-Guatemala-06 (1)\"  data-caption=\"\"  data-description=\"\">\r\n                                <img decoding=\"async\" src=\"\/wp-content\/uploads\/sites\/5\/2019\/10\/Semana-Mundial-de-la-Inmunizacion-IGSS-Guatemala-06-1-747x420.jpg\" srcset=\"\/wp-content\/uploads\/sites\/5\/2019\/10\/Semana-Mundial-de-la-Inmunizacion-IGSS-Guatemala-06-1-747x420.jpg 747w, \/wp-content\/uploads\/sites\/5\/2019\/10\/Semana-Mundial-de-la-Inmunizacion-IGSS-Guatemala-06-1-300x169.jpg 300w, \/wp-content\/uploads\/sites\/5\/2019\/10\/Semana-Mundial-de-la-Inmunizacion-IGSS-Guatemala-06-1-768x432.jpg 768w, \/wp-content\/uploads\/sites\/5\/2019\/10\/Semana-Mundial-de-la-Inmunizacion-IGSS-Guatemala-06-1-696x392.jpg 696w, \/wp-content\/uploads\/sites\/5\/2019\/10\/Semana-Mundial-de-la-Inmunizacion-IGSS-Guatemala-06-1-534x300.jpg 534w, \/wp-content\/uploads\/sites\/5\/2019\/10\/Semana-Mundial-de-la-Inmunizacion-IGSS-Guatemala-06-1.jpg 960w\" sizes=\"(max-width: 747px) 100vw, 747px\" alt=\"\">\r\n                            <\/a>\r\n                            \r\n                        <\/figure>\r\n                    <\/div>\r\n                    <div class = \"td-slide-item td-item5\">\r\n                        <figure class=\"td-slide-galery-figure td-slide-popup-gallery\">\r\n                            <a class=\"slide-gallery-image-link\" href=\"\/wp-content\/uploads\/sites\/5\/2019\/10\/Semana-Mundial-de-la-Inmunizacion-IGSS-Guatemala-04.jpg\" title=\"Semana-Mundial-de-la-Inmunizacion-IGSS-Guatemala-04\"  data-caption=\"\"  data-description=\"\">\r\n                                <img decoding=\"async\" src=\"\/wp-content\/uploads\/sites\/5\/2019\/10\/Semana-Mundial-de-la-Inmunizacion-IGSS-Guatemala-04-747x420.jpg\" srcset=\"\/wp-content\/uploads\/sites\/5\/2019\/10\/Semana-Mundial-de-la-Inmunizacion-IGSS-Guatemala-04-747x420.jpg 747w, \/wp-content\/uploads\/sites\/5\/2019\/10\/Semana-Mundial-de-la-Inmunizacion-IGSS-Guatemala-04-300x169.jpg 300w, \/wp-content\/uploads\/sites\/5\/2019\/10\/Semana-Mundial-de-la-Inmunizacion-IGSS-Guatemala-04-768x432.jpg 768w, \/wp-content\/uploads\/sites\/5\/2019\/10\/Semana-Mundial-de-la-Inmunizacion-IGSS-Guatemala-04-696x392.jpg 696w, \/wp-content\/uploads\/sites\/5\/2019\/10\/Semana-Mundial-de-la-Inmunizacion-IGSS-Guatemala-04-534x300.jpg 534w, \/wp-content\/uploads\/sites\/5\/2019\/10\/Semana-Mundial-de-la-Inmunizacion-IGSS-Guatemala-04.jpg 960w\" sizes=\"(max-width: 747px) 100vw, 747px\" alt=\"\">\r\n                            <\/a>\r\n                            \r\n                        <\/figure>\r\n                    <\/div>\r\n                    <div class = \"td-slide-item td-item6\">\r\n                        <figure class=\"td-slide-galery-figure td-slide-popup-gallery\">\r\n                            <a class=\"slide-gallery-image-link\" href=\"\/wp-content\/uploads\/sites\/5\/2019\/10\/Semana-Mundial-de-la-Inmunizacion-IGSS-Guatemala-02.jpg\" title=\"Semana-Mundial-de-la-Inmunizacion-IGSS-Guatemala-02\"  data-caption=\"\"  data-description=\"\">\r\n                                <img decoding=\"async\" src=\"\/wp-content\/uploads\/sites\/5\/2019\/10\/Semana-Mundial-de-la-Inmunizacion-IGSS-Guatemala-02-747x420.jpg\" srcset=\"\/wp-content\/uploads\/sites\/5\/2019\/10\/Semana-Mundial-de-la-Inmunizacion-IGSS-Guatemala-02-747x420.jpg 747w, \/wp-content\/uploads\/sites\/5\/2019\/10\/Semana-Mundial-de-la-Inmunizacion-IGSS-Guatemala-02-300x169.jpg 300w, \/wp-content\/uploads\/sites\/5\/2019\/10\/Semana-Mundial-de-la-Inmunizacion-IGSS-Guatemala-02-768x432.jpg 768w, \/wp-content\/uploads\/sites\/5\/2019\/10\/Semana-Mundial-de-la-Inmunizacion-IGSS-Guatemala-02-696x392.jpg 696w, \/wp-content\/uploads\/sites\/5\/2019\/10\/Semana-Mundial-de-la-Inmunizacion-IGSS-Guatemala-02-534x300.jpg 534w, \/wp-content\/uploads\/sites\/5\/2019\/10\/Semana-Mundial-de-la-Inmunizacion-IGSS-Guatemala-02.jpg 960w\" sizes=\"(max-width: 747px) 100vw, 747px\" alt=\"\">\r\n                            <\/a>\r\n                            \r\n                        <\/figure>\r\n                    <\/div>\r\n                    <div class = \"td-slide-item td-item7\">\r\n                        <figure class=\"td-slide-galery-figure td-slide-popup-gallery\">\r\n                            <a class=\"slide-gallery-image-link\" href=\"\/wp-content\/uploads\/sites\/5\/2019\/10\/Semana-Mundial-de-la-Inmunizacion-IGSS-Guatemala-03.jpg\" title=\"Semana-Mundial-de-la-Inmunizacion-IGSS-Guatemala-03\"  data-caption=\"\"  data-description=\"\">\r\n                                <img decoding=\"async\" src=\"\/wp-content\/uploads\/sites\/5\/2019\/10\/Semana-Mundial-de-la-Inmunizacion-IGSS-Guatemala-03-747x420.jpg\" srcset=\"\/wp-content\/uploads\/sites\/5\/2019\/10\/Semana-Mundial-de-la-Inmunizacion-IGSS-Guatemala-03-747x420.jpg 747w, \/wp-content\/uploads\/sites\/5\/2019\/10\/Semana-Mundial-de-la-Inmunizacion-IGSS-Guatemala-03-300x169.jpg 300w, \/wp-content\/uploads\/sites\/5\/2019\/10\/Semana-Mundial-de-la-Inmunizacion-IGSS-Guatemala-03-768x432.jpg 768w, \/wp-content\/uploads\/sites\/5\/2019\/10\/Semana-Mundial-de-la-Inmunizacion-IGSS-Guatemala-03-696x392.jpg 696w, \/wp-content\/uploads\/sites\/5\/2019\/10\/Semana-Mundial-de-la-Inmunizacion-IGSS-Guatemala-03-534x300.jpg 534w, \/wp-content\/uploads\/sites\/5\/2019\/10\/Semana-Mundial-de-la-Inmunizacion-IGSS-Guatemala-03.jpg 960w\" sizes=\"(max-width: 747px) 100vw, 747px\" alt=\"\">\r\n                            <\/a>\r\n                            \r\n                        <\/figure>\r\n                    <\/div>\r\n                    <div class = \"td-slide-item td-item8\">\r\n                        <figure class=\"td-slide-galery-figure td-slide-popup-gallery\">\r\n                            <a class=\"slide-gallery-image-link\" href=\"\/wp-content\/uploads\/sites\/5\/2019\/10\/Semana-Mundial-de-la-Inmunizacion-IGSS-Guatemala-07-1.jpg\" title=\"Semana-Mundial-de-la-Inmunizacion-IGSS-Guatemala-07 (1)\"  data-caption=\"\"  data-description=\"\">\r\n                                <img decoding=\"async\" src=\"\/wp-content\/uploads\/sites\/5\/2019\/10\/Semana-Mundial-de-la-Inmunizacion-IGSS-Guatemala-07-1-747x420.jpg\" srcset=\"\/wp-content\/uploads\/sites\/5\/2019\/10\/Semana-Mundial-de-la-Inmunizacion-IGSS-Guatemala-07-1-747x420.jpg 747w, \/wp-content\/uploads\/sites\/5\/2019\/10\/Semana-Mundial-de-la-Inmunizacion-IGSS-Guatemala-07-1-300x169.jpg 300w, \/wp-content\/uploads\/sites\/5\/2019\/10\/Semana-Mundial-de-la-Inmunizacion-IGSS-Guatemala-07-1-768x432.jpg 768w, \/wp-content\/uploads\/sites\/5\/2019\/10\/Semana-Mundial-de-la-Inmunizacion-IGSS-Guatemala-07-1-696x392.jpg 696w, \/wp-content\/uploads\/sites\/5\/2019\/10\/Semana-Mundial-de-la-Inmunizacion-IGSS-Guatemala-07-1-534x300.jpg 534w, \/wp-content\/uploads\/sites\/5\/2019\/10\/Semana-Mundial-de-la-Inmunizacion-IGSS-Guatemala-07-1.jpg 960w\" sizes=\"(max-width: 747px) 100vw, 747px\" alt=\"\">\r\n                            <\/a>\r\n                            \r\n                        <\/figure>\r\n                    <\/div>\r\n                            <\/div>\r\n                        <\/div>\r\n\r\n                        <div class = \"td-doubleSlider-2\">\r\n                            <div class = \"td-slider\">\r\n                                \r\n                    <div class = \"td-button td-item1\">\r\n                        <div class = \"td-border\"><\/div>\r\n                    <\/div>\r\n                    <div class = \"td-button td-item2\">\r\n                        <div class = \"td-border\"><\/div>\r\n                    <\/div>\r\n                    <div class = \"td-button td-item3\">\r\n                        <div class = \"td-border\"><\/div>\r\n                    <\/div>\r\n                    <div class = \"td-button td-item4\">\r\n                        <div class = \"td-border\"><\/div>\r\n                    <\/div>\r\n                    <div class = \"td-button td-item5\">\r\n                        <div class = \"td-border\"><\/div>\r\n                    <\/div>\r\n                    <div class = \"td-button td-item6\">\r\n                        <div class = \"td-border\"><\/div>\r\n                    <\/div>\r\n                    <div class = \"td-button td-item7\">\r\n                        <div class = \"td-border\"><\/div>\r\n                    <\/div>\r\n                    <div class = \"td-button td-item8\">\r\n                        <div class = \"td-border\"><\/div>\r\n                    <\/div>\r\n                            <\/div>\r\n                        <\/div>\r\n\r\n                    <\/div>\r\n\r\n                <\/div>\r\n                \n","protected":false},"excerpt":{"rendered":"<p>El Instituto refuerza la vacunaci\u00f3n permanente Afiliados y derechohabientes del Instituto Guatemalteco de Seguridad Social (IGSS), ser\u00e1n vacunados durante el desarrollo de la Semana Mundial de la Inmunizaci\u00f3n, que se desarrollar\u00e1 del 24 al 30 de abril 2017, indica la doctora M\u00f3nica Paola Rodr\u00edguez, encargada de la Secci\u00f3n Materno Infantil, de la Instituci\u00f3n. Este a\u00f1o [&hellip;]<\/p>\n","protected":false},"author":9,"featured_media":13564,"comment_status":"open","ping_status":"open","sticky":false,"template":"","format":"standard","meta":{"footnotes":""},"categories":[3,15,45,27,29,31],"tags":[303,375,490,782,837],"coauthors":[888],"class_list":{"0":"post-13557","1":"post","2":"type-post","3":"status-publish","4":"format-standard","5":"has-post-thumbnail","7":"category-actualidad","8":"category-destacado","9":"category-jornadas-medicas","10":"category-prevencion-en-salud","11":"category-publicaciones","12":"category-salud","13":"tag-dr-jose-napoleon-castillo-mollinedo","14":"tag-dra-monica-rodriguez","15":"tag-igss","16":"tag-semana-mundial-de-la-inmunizacion","17":"tag-unidad-periferica-zona-5"},"_links":{"self":[{"href":"https:\/\/www.igssgt.org\/noticias\/wp-json\/wp\/v2\/posts\/13557","targetHints":{"allow":["GET"]}}],"collection":[{"href":"https:\/\/www.igssgt.org\/noticias\/wp-json\/wp\/v2\/posts"}],"about":[{"href":"https:\/\/www.igssgt.org\/noticias\/wp-json\/wp\/v2\/types\/post"}],"author":[{"embeddable":true,"href":"https:\/\/www.igssgt.org\/noticias\/wp-json\/wp\/v2\/users\/9"}],"replies":[{"embeddable":true,"href":"https:\/\/www.igssgt.org\/noticias\/wp-json\/wp\/v2\/comments?post=13557"}],"version-history":[{"count":2,"href":"https:\/\/www.igssgt.org\/noticias\/wp-json\/wp\/v2\/posts\/13557\/revisions"}],"predecessor-version":[{"id":14369,"href":"https:\/\/www.igssgt.org\/noticias\/wp-json\/wp\/v2\/posts\/13557\/revisions\/14369"}],"wp:featuredmedia":[{"embeddable":true,"href":"https:\/\/www.igssgt.org\/noticias\/wp-json\/wp\/v2\/media\/13564"}],"wp:attachment":[{"href":"https:\/\/www.igssgt.org\/noticias\/wp-json\/wp\/v2\/media?parent=13557"}],"wp:term":[{"taxonomy":"category","embeddable":true,"href":"https:\/\/www.igssgt.org\/noticias\/wp-json\/wp\/v2\/categories?post=13557"},{"taxonomy":"post_tag","embeddable":true,"href":"https:\/\/www.igssgt.org\/noticias\/wp-json\/wp\/v2\/tags?post=13557"},{"taxonomy":"author","embeddable":true,"href":"https:\/\/www.igssgt.org\/noticias\/wp-json\/wp\/v2\/coauthors?post=13557"}],"curies":[{"name":"wp","href":"https:\/\/api.w.org\/{rel}","templated":true}]}}