{"id":13583,"date":"2017-04-19T12:03:18","date_gmt":"2017-04-19T18:03:18","guid":{"rendered":"https:\/\/www.igssgt.org\/noticias\/?p=13583"},"modified":"2019-11-07T11:06:10","modified_gmt":"2019-11-07T17:06:10","slug":"el-igss-realizara-jornada-de-inmunizacion","status":"publish","type":"post","link":"https:\/\/www.igssgt.org\/noticias\/2017\/04\/19\/el-igss-realizara-jornada-de-inmunizacion\/","title":{"rendered":"El IGSS realizar\u00e1 jornada de inmunizaci\u00f3n"},"content":{"rendered":"\n<h3 class=\"wp-block-heading\"><strong>Semana Mundial de Vacunaci\u00f3n<\/strong><\/h3>\n\n\n\n<div class=\"wp-block-image\"><figure class=\"aligncenter\"><a href=\"http:\/\/noticias-igss.org\/wp-content\/uploads\/2017\/04\/Jornada-de-vacunacion-IGSS-Guatemala-2017-02.jpg\"><img loading=\"lazy\" decoding=\"async\" width=\"1024\" height=\"683\" src=\"\/wp-content\/uploads\/sites\/5\/2019\/10\/Jornada-de-vacunacion-IGSS-Guatemala-2017-02-1024x683.jpg\" alt=\"\" class=\"wp-image-13586\" srcset=\"\/wp-content\/uploads\/sites\/5\/2019\/10\/Jornada-de-vacunacion-IGSS-Guatemala-2017-02-1024x683.jpg 1024w, \/wp-content\/uploads\/sites\/5\/2019\/10\/Jornada-de-vacunacion-IGSS-Guatemala-2017-02-300x200.jpg 300w, \/wp-content\/uploads\/sites\/5\/2019\/10\/Jornada-de-vacunacion-IGSS-Guatemala-2017-02-768x512.jpg 768w, \/wp-content\/uploads\/sites\/5\/2019\/10\/Jornada-de-vacunacion-IGSS-Guatemala-2017-02-630x420.jpg 630w, \/wp-content\/uploads\/sites\/5\/2019\/10\/Jornada-de-vacunacion-IGSS-Guatemala-2017-02-696x464.jpg 696w, \/wp-content\/uploads\/sites\/5\/2019\/10\/Jornada-de-vacunacion-IGSS-Guatemala-2017-02-1068x712.jpg 1068w, \/wp-content\/uploads\/sites\/5\/2019\/10\/Jornada-de-vacunacion-IGSS-Guatemala-2017-02-534x356.jpg 534w, \/wp-content\/uploads\/sites\/5\/2019\/10\/Jornada-de-vacunacion-IGSS-Guatemala-2017-02.jpg 1440w\" sizes=\"auto, (max-width: 1024px) 100vw, 1024px\" \/><\/a><\/figure><\/div>\n\n\n\n<p>Una jornada de inmunizaci\u00f3n ser\u00e1 realizada en la Unidad Perif\u00e9rica de la zona 5, del Instituto Guatemalteco de Seguridad Social (IGSS), en el marco de la conmemoraci\u00f3n de la Semana Mundial de la Vacunaci\u00f3n, del 24 al 28 de abril de 2017, informa el doctor Jos\u00e9 Napole\u00f3n Castillo, jefe hospitalario de esa unidad.<\/p>\n\n\n\n<p>Como parte del proceso para desarrollar esta actividad se ha realizado una revisi\u00f3n a los expedientes de los ni\u00f1os beneficiarios, y se espera actualizar a quienes est\u00e9n atrasados con sus vacunas, para luego continuar con el esquema establecido por el Instituto, indica el doctor Castillo.<\/p>\n\n\n\n<blockquote class=\"wp-block-quote is-layout-flow wp-block-quote-is-layout-flow\"><p>DURANTE LOS CINCO D\u00cdAS QUE DURA LA JORNADA SE ESPERA INOCULAR A 800 PERSONAS<\/p><\/blockquote>\n\n\n\n<p>La inmunizaci\u00f3n est\u00e1 dirigida a ni\u00f1os con su respectivo esquema, a adultos y adultos mayores con la vacuna contra la influenza, as\u00ed como a las mujeres embarazadas, a las que se les aplicar\u00e1n los toxoides tet\u00e1nicos.<\/p>\n\n\n\n<div class=\"wp-block-image\"><figure class=\"aligncenter\"><a href=\"http:\/\/noticias-igss.org\/wp-content\/uploads\/2017\/04\/Jornada-de-vacunacion-IGSS-Guatemala-2017-03.jpg\"><img loading=\"lazy\" decoding=\"async\" width=\"1024\" height=\"683\" src=\"\/wp-content\/uploads\/sites\/5\/2019\/10\/Jornada-de-vacunacion-IGSS-Guatemala-2017-03-1024x683.jpg\" alt=\"\" class=\"wp-image-13585\" srcset=\"\/wp-content\/uploads\/sites\/5\/2019\/10\/Jornada-de-vacunacion-IGSS-Guatemala-2017-03-1024x683.jpg 1024w, \/wp-content\/uploads\/sites\/5\/2019\/10\/Jornada-de-vacunacion-IGSS-Guatemala-2017-03-300x200.jpg 300w, \/wp-content\/uploads\/sites\/5\/2019\/10\/Jornada-de-vacunacion-IGSS-Guatemala-2017-03-768x512.jpg 768w, \/wp-content\/uploads\/sites\/5\/2019\/10\/Jornada-de-vacunacion-IGSS-Guatemala-2017-03-630x420.jpg 630w, \/wp-content\/uploads\/sites\/5\/2019\/10\/Jornada-de-vacunacion-IGSS-Guatemala-2017-03-696x464.jpg 696w, \/wp-content\/uploads\/sites\/5\/2019\/10\/Jornada-de-vacunacion-IGSS-Guatemala-2017-03-1068x712.jpg 1068w, \/wp-content\/uploads\/sites\/5\/2019\/10\/Jornada-de-vacunacion-IGSS-Guatemala-2017-03-534x356.jpg 534w, \/wp-content\/uploads\/sites\/5\/2019\/10\/Jornada-de-vacunacion-IGSS-Guatemala-2017-03.jpg 1440w\" sizes=\"auto, (max-width: 1024px) 100vw, 1024px\" \/><\/a><\/figure><\/div>\n\n\n\n<h3 class=\"wp-block-heading\"><strong>Cientos de beneficiados<\/strong><\/h3>\n\n\n\n<p>Durante los cinco d\u00edas que dura la jornada se espera inocular a 800 personas, principalmente ni\u00f1os, pues se cuenta con las jornadas matutina, vespertina y nocturna, resalta la doctora Vilma Morales de Oquendo, jefe del servicio de Pediatr\u00eda, de la Unidad Perif\u00e9rica de la zona 5.<\/p>\n\n\n\n<p>La unidad est\u00e1 abastecida con todas las vacunas necesarias para atender esta jornada, as\u00ed como para darle el seguimiento normal al esquema establecido por el Instituto para todo este a\u00f1o, explica la doctora de Oquendo.<\/p>\n\n\n\n<p>El lema de esta Semana Mundial es \u201cLas Vacunas funcionan\u201d, pues se previenen muchas enfermedades \u201cLas vacunas son de beneficio para todo ser humano. Estas permiten crear un banco de memoria de defensas para utilizarlo en cualquier momento\u201d, concluye el doctor Castillo.<\/p>\n\n\n\n<div class=\"wp-block-image\"><figure class=\"aligncenter\"><a href=\"http:\/\/noticias-igss.org\/wp-content\/uploads\/2017\/04\/Jornada-de-vacunacion-IGSS-Guatemala-2017-04.jpg\"><img loading=\"lazy\" decoding=\"async\" width=\"1024\" height=\"683\" src=\"\/wp-content\/uploads\/sites\/5\/2019\/10\/Jornada-de-vacunacion-IGSS-Guatemala-2017-04-1024x683.jpg\" alt=\"\" class=\"wp-image-13584\" srcset=\"\/wp-content\/uploads\/sites\/5\/2019\/10\/Jornada-de-vacunacion-IGSS-Guatemala-2017-04-1024x683.jpg 1024w, \/wp-content\/uploads\/sites\/5\/2019\/10\/Jornada-de-vacunacion-IGSS-Guatemala-2017-04-300x200.jpg 300w, \/wp-content\/uploads\/sites\/5\/2019\/10\/Jornada-de-vacunacion-IGSS-Guatemala-2017-04-768x512.jpg 768w, \/wp-content\/uploads\/sites\/5\/2019\/10\/Jornada-de-vacunacion-IGSS-Guatemala-2017-04-630x420.jpg 630w, \/wp-content\/uploads\/sites\/5\/2019\/10\/Jornada-de-vacunacion-IGSS-Guatemala-2017-04-696x464.jpg 696w, \/wp-content\/uploads\/sites\/5\/2019\/10\/Jornada-de-vacunacion-IGSS-Guatemala-2017-04-1068x712.jpg 1068w, \/wp-content\/uploads\/sites\/5\/2019\/10\/Jornada-de-vacunacion-IGSS-Guatemala-2017-04-534x356.jpg 534w, \/wp-content\/uploads\/sites\/5\/2019\/10\/Jornada-de-vacunacion-IGSS-Guatemala-2017-04.jpg 1440w\" sizes=\"auto, (max-width: 1024px) 100vw, 1024px\" \/><\/a><\/figure><\/div>\n","protected":false},"excerpt":{"rendered":"<p>Semana Mundial de Vacunaci\u00f3n Una jornada de inmunizaci\u00f3n ser\u00e1 realizada en la Unidad Perif\u00e9rica de la zona 5, del Instituto Guatemalteco de Seguridad Social (IGSS), en el marco de la conmemoraci\u00f3n de la Semana Mundial de la Vacunaci\u00f3n, del 24 al 28 de abril de 2017, informa el doctor Jos\u00e9 Napole\u00f3n Castillo, jefe hospitalario de [&hellip;]<\/p>\n","protected":false},"author":9,"featured_media":13587,"comment_status":"open","ping_status":"open","sticky":false,"template":"","format":"standard","meta":{"footnotes":""},"categories":[3,15,45,27,33,36],"tags":[490,535,837,847],"coauthors":[888],"class_list":{"0":"post-13583","1":"post","2":"type-post","3":"status-publish","4":"format-standard","5":"has-post-thumbnail","7":"category-actualidad","8":"category-destacado","9":"category-jornadas-medicas","10":"category-prevencion-en-salud","11":"category-servicios-de-salud","12":"category-unidades-medicas","13":"tag-igss","14":"tag-jornada-de-vacunacion","15":"tag-unidad-periferica-zona-5","16":"tag-vacunacion"},"_links":{"self":[{"href":"https:\/\/www.igssgt.org\/noticias\/wp-json\/wp\/v2\/posts\/13583","targetHints":{"allow":["GET"]}}],"collection":[{"href":"https:\/\/www.igssgt.org\/noticias\/wp-json\/wp\/v2\/posts"}],"about":[{"href":"https:\/\/www.igssgt.org\/noticias\/wp-json\/wp\/v2\/types\/post"}],"author":[{"embeddable":true,"href":"https:\/\/www.igssgt.org\/noticias\/wp-json\/wp\/v2\/users\/9"}],"replies":[{"embeddable":true,"href":"https:\/\/www.igssgt.org\/noticias\/wp-json\/wp\/v2\/comments?post=13583"}],"version-history":[{"count":2,"href":"https:\/\/www.igssgt.org\/noticias\/wp-json\/wp\/v2\/posts\/13583\/revisions"}],"predecessor-version":[{"id":14371,"href":"https:\/\/www.igssgt.org\/noticias\/wp-json\/wp\/v2\/posts\/13583\/revisions\/14371"}],"wp:featuredmedia":[{"embeddable":true,"href":"https:\/\/www.igssgt.org\/noticias\/wp-json\/wp\/v2\/media\/13587"}],"wp:attachment":[{"href":"https:\/\/www.igssgt.org\/noticias\/wp-json\/wp\/v2\/media?parent=13583"}],"wp:term":[{"taxonomy":"category","embeddable":true,"href":"https:\/\/www.igssgt.org\/noticias\/wp-json\/wp\/v2\/categories?post=13583"},{"taxonomy":"post_tag","embeddable":true,"href":"https:\/\/www.igssgt.org\/noticias\/wp-json\/wp\/v2\/tags?post=13583"},{"taxonomy":"author","embeddable":true,"href":"https:\/\/www.igssgt.org\/noticias\/wp-json\/wp\/v2\/coauthors?post=13583"}],"curies":[{"name":"wp","href":"https:\/\/api.w.org\/{rel}","templated":true}]}}