{"id":13599,"date":"2019-10-25T12:15:09","date_gmt":"2019-10-25T18:15:09","guid":{"rendered":"https:\/\/www.igssgt.org\/noticias\/?p=13599"},"modified":"2019-10-25T13:43:09","modified_gmt":"2019-10-25T19:43:09","slug":"el-igss-reconoce-una-vida-de-servicio","status":"publish","type":"post","link":"https:\/\/www.igssgt.org\/noticias\/2019\/10\/25\/el-igss-reconoce-una-vida-de-servicio\/","title":{"rendered":"El IGSS reconoce una vida de servicio"},"content":{"rendered":"\n<p>El Instituto Guatemalteco de Seguridad Social (IGSS) conmemora el Mes de la Seguridad Social, durante el cual reconoci\u00f3 a 247 personas que han trabajado durante 25 a\u00f1os consecutivos en la instituci\u00f3n.<\/p>\n<p>El licenciado Carlos Contreras, presidente de la Junta Directiva, reconoci\u00f3 el esfuerzo de los trabajadores y los inst\u00f3 a seguir mejorando para continuar con los cambios en el IGSS. \u00abEl IGSS es lo que ustedes son, si ustedes son diligentes y responsables, el IGSS tambi\u00e9n ser\u00e1 as\u00ed\u00bb, asegur\u00f3 el presidente Contreras.<\/p>\n<p>El trabajo de las personas ha contribuido al desarrollo de la instituci\u00f3n y en la mejora de la prestaci\u00f3n de los servicios para los trabajadores y sus familias, quienes est\u00e1n protegidos dentro del paraguas de la Seguridad Social.<\/p>\n<blockquote class=\"twitter-tweet\">\n<p dir=\"ltr\" lang=\"es\">El licenciado Carlos Contreras, presidente de la Junta Directiva del <a href=\"https:\/\/twitter.com\/hashtag\/IGSS?src=hash&amp;ref_src=twsrc%5Etfw\">#IGSS<\/a>, reconoce el trabajo de las personas que por 25 a\u00f1os han servido a la instituci\u00f3n. <a href=\"https:\/\/t.co\/waX4znawEi\">pic.twitter.com\/waX4znawEi<\/a><\/p>\n\u2014 Noticias IGSS (@Noticias_IGSS) <a href=\"https:\/\/twitter.com\/Noticias_IGSS\/status\/1187815526157955072?ref_src=twsrc%5Etfw\">October 25, 2019<\/a><\/blockquote>\n<p>\u00a0<\/p>\n<p>La Dra. Ana Marilyn Ortiz, gerente del #IGSS, reconoci\u00f3 el trabajo de las personas que durante 25 a\u00f1os han dedicado su vida al servicio \u00abser servidores p\u00fablicos es algo maravilloso, aunque a veces se sacrifica a la familia para cuidar al familiar de alguien m\u00e1s\u00bb, resalt\u00f3.<\/p>\n<p>Para la Subgerencia de Recursos Humanos, la entrega del diploma y el pin por trayectoria es una oportunidad que tiene el IGSS de reconocer el trabajo de las personas \u201chemos reconocido un poquito del esfuerzo de nuestros trabajadores, tanto el galard\u00f3n por los 25 a\u00f1os como el galard\u00f3n a la excelencia que se ha entregado a los mejores trabajadores\u201d, se\u00f1al\u00f3 la subgerente Cinthya Figueroa.<\/p>\n<p>Los trabajadores que recibieron el reconocimiento se pronunciaron complacidos con la entrega y recordaron c\u00f3mo el IGSS ha sido una parte importante en su vida.<\/p>\n<p>\u201cEs una vida la que uno tiene en el Instituto, para m\u00ed es importante el reconcimiento porque como personal de enfermer\u00eda nos ayuda a continuar con las labores d\u00eda a d\u00eda y si hay algo que deba mejorarse que se haga porque es en beneficios de nuestros afiliados\u201d, dijo Mayra Alonzo, enfermera de la Unidad de Retalhuleu.<\/p>\n<blockquote class=\"twitter-tweet\">\n<p dir=\"ltr\" lang=\"es\">La Dra. Ana Marilyn Ortiz, gerente del <a href=\"https:\/\/twitter.com\/hashtag\/IGSS?src=hash&amp;ref_src=twsrc%5Etfw\">#IGSS<\/a>, manifiesta que el recurso m\u00e1s valioso del Instituto es el humano. Felicita a quienes han dedicado 25 a\u00f1os de su vida al servicio. <a href=\"https:\/\/t.co\/WdqXKwlo5l\">pic.twitter.com\/WdqXKwlo5l<\/a><\/p>\n\u2014 Noticias IGSS (@Noticias_IGSS) <a href=\"https:\/\/twitter.com\/Noticias_IGSS\/status\/1187816194373541889?ref_src=twsrc%5Etfw\">October 25, 2019<\/a><\/blockquote>\n<p><\/p>\n<h4><strong>Momento emotivo<\/strong><\/h4>\n<p>Entre los galardonados se encuentra el m\u00e9dico Jos\u00e9 Napole\u00f3n Castillo Mollinedo, director de la Unidad Perif\u00e9rica de la zona 5, pero para la entrega de su reconocimiento, las autoridades del IGSS invitaron a su madre, la se\u00f1ora Julia Mollinedo, para que fuera ella la encargada de ponerle el pin.<\/p>\n<p>\u201cEs una gran bendici\u00f3n la que Dios me ha dado de tener a estas alturas de mi vida a mi madre viva. Son 25 a\u00f1os de servicio de sacrificio, de trabajo, de desvelos, de rotar por los hospitales y haber superado mis desaf\u00edos y llegar a cumplir 25 a\u00f1os de prestar mis servicios en el Instituto y que hoy haya sido mi madre la que me entre\u00f3 el pin\u201d, dijo Castillo.<\/p>\n<p>\u201cSent\u00ed un gran gusto al ponerle su pin y es un gran honor como madre. Lo que los hijos son es una alegr\u00eda para uno, porque uno comparte el sacrificio que hacen ellos, pero si uno no los ayuda ellos no se superan\u201d, dijo la se\u00f1ora Julia Mollinedo, madre del m\u00e9dico.<\/p>\n\n\n\n\r\n                <style type=\"text\/css\">\r\n                    \r\n                    #tdi_1  .td-doubleSlider-2 .td-item1 {\r\n                        background: url(\/wp-content\/uploads\/sites\/5\/2019\/10\/Reconocimiento-25-anos-IGSS-2019-1-80x60.jpg) 0 0 no-repeat;\r\n                    }\r\n                    #tdi_1  .td-doubleSlider-2 .td-item2 {\r\n                        background: url(\/wp-content\/uploads\/sites\/5\/2019\/10\/Reconocimiento-25-anos-IGSS-2019-2-80x60.jpg) 0 0 no-repeat;\r\n                    }\r\n                    #tdi_1  .td-doubleSlider-2 .td-item3 {\r\n                        background: url(\/wp-content\/uploads\/sites\/5\/2019\/10\/Reconocimiento-25-anos-IGSS-2019-3-80x60.jpg) 0 0 no-repeat;\r\n                    }\r\n                    #tdi_1  .td-doubleSlider-2 .td-item4 {\r\n                        background: url(\/wp-content\/uploads\/sites\/5\/2019\/10\/Reconocimiento-25-anos-IGSS-2019-4-80x60.jpg) 0 0 no-repeat;\r\n                    }\r\n                <\/style>\r\n\r\n                <div id=\"tdi_1\" class=\"td-gallery td-slide-on-2-columns\">\r\n                    <div class=\"post_td_gallery\">\r\n                        <div class=\"td-gallery-slide-top\">\r\n                           <div class=\"td-gallery-title\">Galer\u00eda de Im\u00e1genes<\/div>\r\n\r\n                            <div class=\"td-gallery-controls-wrapper\">\r\n                                <div class=\"td-gallery-slide-count\"><span class=\"td-gallery-slide-item-focus\">1<\/span> de 4<\/div>\r\n                                <div class=\"td-gallery-slide-prev-next-but\">\r\n                                    <i class = \"td-icon-left doubleSliderPrevButton\"><\/i>\r\n                                    <i class = \"td-icon-right doubleSliderNextButton\"><\/i>\r\n                                <\/div>\r\n                            <\/div>\r\n                        <\/div>\r\n\r\n                        <div class = \"td-doubleSlider-1 \">\r\n                            <div class = \"td-slider\">\r\n                                \r\n                    <div class = \"td-slide-item td-item1\">\r\n                        <figure class=\"td-slide-galery-figure td-slide-popup-gallery\">\r\n                            <a class=\"slide-gallery-image-link\" href=\"\/wp-content\/uploads\/sites\/5\/2019\/10\/Reconocimiento-25-anos-IGSS-2019-1.jpg\" title=\"Reconocimiento 25 anos IGSS 2019-1\"  data-caption=\"\"  data-description=\"\">\r\n                                <img decoding=\"async\" src=\"\/wp-content\/uploads\/sites\/5\/2019\/10\/Reconocimiento-25-anos-IGSS-2019-1-560x420.jpg\" srcset=\"\/wp-content\/uploads\/sites\/5\/2019\/10\/Reconocimiento-25-anos-IGSS-2019-1-560x420.jpg 560w, \/wp-content\/uploads\/sites\/5\/2019\/10\/Reconocimiento-25-anos-IGSS-2019-1-300x225.jpg 300w, \/wp-content\/uploads\/sites\/5\/2019\/10\/Reconocimiento-25-anos-IGSS-2019-1-768x576.jpg 768w, \/wp-content\/uploads\/sites\/5\/2019\/10\/Reconocimiento-25-anos-IGSS-2019-1-1024x768.jpg 1024w, \/wp-content\/uploads\/sites\/5\/2019\/10\/Reconocimiento-25-anos-IGSS-2019-1-80x60.jpg 80w, \/wp-content\/uploads\/sites\/5\/2019\/10\/Reconocimiento-25-anos-IGSS-2019-1-696x522.jpg 696w, \/wp-content\/uploads\/sites\/5\/2019\/10\/Reconocimiento-25-anos-IGSS-2019-1-1068x801.jpg 1068w, \/wp-content\/uploads\/sites\/5\/2019\/10\/Reconocimiento-25-anos-IGSS-2019-1-265x198.jpg 265w, \/wp-content\/uploads\/sites\/5\/2019\/10\/Reconocimiento-25-anos-IGSS-2019-1-534x401.jpg 534w, \/wp-content\/uploads\/sites\/5\/2019\/10\/Reconocimiento-25-anos-IGSS-2019-1.jpg 1280w\" sizes=\"(max-width: 560px) 100vw, 560px\" alt=\"\">\r\n                            <\/a>\r\n                            \r\n                        <\/figure>\r\n                    <\/div>\r\n                    <div class = \"td-slide-item td-item2\">\r\n                        <figure class=\"td-slide-galery-figure td-slide-popup-gallery\">\r\n                            <a class=\"slide-gallery-image-link\" href=\"\/wp-content\/uploads\/sites\/5\/2019\/10\/Reconocimiento-25-anos-IGSS-2019-2.jpg\" title=\"Reconocimiento 25 anos IGSS 2019-2\"  data-caption=\"\"  data-description=\"\">\r\n                                <img decoding=\"async\" src=\"\/wp-content\/uploads\/sites\/5\/2019\/10\/Reconocimiento-25-anos-IGSS-2019-2-422x420.jpg\" srcset=\"\/wp-content\/uploads\/sites\/5\/2019\/10\/Reconocimiento-25-anos-IGSS-2019-2-422x420.jpg 422w, \/wp-content\/uploads\/sites\/5\/2019\/10\/Reconocimiento-25-anos-IGSS-2019-2-150x150.jpg 150w, \/wp-content\/uploads\/sites\/5\/2019\/10\/Reconocimiento-25-anos-IGSS-2019-2-300x300.jpg 300w, \/wp-content\/uploads\/sites\/5\/2019\/10\/Reconocimiento-25-anos-IGSS-2019-2-768x765.jpg 768w, \/wp-content\/uploads\/sites\/5\/2019\/10\/Reconocimiento-25-anos-IGSS-2019-2-696x693.jpg 696w, \/wp-content\/uploads\/sites\/5\/2019\/10\/Reconocimiento-25-anos-IGSS-2019-2-464x462.jpg 464w, \/wp-content\/uploads\/sites\/5\/2019\/10\/Reconocimiento-25-anos-IGSS-2019-2.jpg 902w\" sizes=\"(max-width: 422px) 100vw, 422px\" alt=\"\">\r\n                            <\/a>\r\n                            \r\n                        <\/figure>\r\n                    <\/div>\r\n                    <div class = \"td-slide-item td-item3\">\r\n                        <figure class=\"td-slide-galery-figure td-slide-popup-gallery\">\r\n                            <a class=\"slide-gallery-image-link\" href=\"\/wp-content\/uploads\/sites\/5\/2019\/10\/Reconocimiento-25-anos-IGSS-2019-3.jpg\" title=\"Reconocimiento 25 anos IGSS 2019-3\"  data-caption=\"\"  data-description=\"\">\r\n                                <img decoding=\"async\" src=\"\/wp-content\/uploads\/sites\/5\/2019\/10\/Reconocimiento-25-anos-IGSS-2019-3-560x420.jpg\" srcset=\"\/wp-content\/uploads\/sites\/5\/2019\/10\/Reconocimiento-25-anos-IGSS-2019-3-560x420.jpg 560w, \/wp-content\/uploads\/sites\/5\/2019\/10\/Reconocimiento-25-anos-IGSS-2019-3-300x225.jpg 300w, \/wp-content\/uploads\/sites\/5\/2019\/10\/Reconocimiento-25-anos-IGSS-2019-3-768x576.jpg 768w, \/wp-content\/uploads\/sites\/5\/2019\/10\/Reconocimiento-25-anos-IGSS-2019-3-1024x768.jpg 1024w, \/wp-content\/uploads\/sites\/5\/2019\/10\/Reconocimiento-25-anos-IGSS-2019-3-80x60.jpg 80w, \/wp-content\/uploads\/sites\/5\/2019\/10\/Reconocimiento-25-anos-IGSS-2019-3-696x522.jpg 696w, \/wp-content\/uploads\/sites\/5\/2019\/10\/Reconocimiento-25-anos-IGSS-2019-3-1068x801.jpg 1068w, \/wp-content\/uploads\/sites\/5\/2019\/10\/Reconocimiento-25-anos-IGSS-2019-3-265x198.jpg 265w, \/wp-content\/uploads\/sites\/5\/2019\/10\/Reconocimiento-25-anos-IGSS-2019-3-534x401.jpg 534w, \/wp-content\/uploads\/sites\/5\/2019\/10\/Reconocimiento-25-anos-IGSS-2019-3.jpg 1280w\" sizes=\"(max-width: 560px) 100vw, 560px\" alt=\"\">\r\n                            <\/a>\r\n                            \r\n                        <\/figure>\r\n                    <\/div>\r\n                    <div class = \"td-slide-item td-item4\">\r\n                        <figure class=\"td-slide-galery-figure td-slide-popup-gallery\">\r\n                            <a class=\"slide-gallery-image-link\" href=\"\/wp-content\/uploads\/sites\/5\/2019\/10\/Reconocimiento-25-anos-IGSS-2019-4.jpg\" title=\"Reconocimiento 25 anos IGSS 2019-4\"  data-caption=\"\"  data-description=\"\">\r\n                                <img decoding=\"async\" src=\"\/wp-content\/uploads\/sites\/5\/2019\/10\/Reconocimiento-25-anos-IGSS-2019-4-560x420.jpg\" srcset=\"\/wp-content\/uploads\/sites\/5\/2019\/10\/Reconocimiento-25-anos-IGSS-2019-4-560x420.jpg 560w, \/wp-content\/uploads\/sites\/5\/2019\/10\/Reconocimiento-25-anos-IGSS-2019-4-300x225.jpg 300w, \/wp-content\/uploads\/sites\/5\/2019\/10\/Reconocimiento-25-anos-IGSS-2019-4-768x576.jpg 768w, \/wp-content\/uploads\/sites\/5\/2019\/10\/Reconocimiento-25-anos-IGSS-2019-4-1024x768.jpg 1024w, \/wp-content\/uploads\/sites\/5\/2019\/10\/Reconocimiento-25-anos-IGSS-2019-4-80x60.jpg 80w, \/wp-content\/uploads\/sites\/5\/2019\/10\/Reconocimiento-25-anos-IGSS-2019-4-696x522.jpg 696w, \/wp-content\/uploads\/sites\/5\/2019\/10\/Reconocimiento-25-anos-IGSS-2019-4-1068x801.jpg 1068w, \/wp-content\/uploads\/sites\/5\/2019\/10\/Reconocimiento-25-anos-IGSS-2019-4-265x198.jpg 265w, \/wp-content\/uploads\/sites\/5\/2019\/10\/Reconocimiento-25-anos-IGSS-2019-4-534x401.jpg 534w, \/wp-content\/uploads\/sites\/5\/2019\/10\/Reconocimiento-25-anos-IGSS-2019-4.jpg 1280w\" sizes=\"(max-width: 560px) 100vw, 560px\" alt=\"\">\r\n                            <\/a>\r\n                            \r\n                        <\/figure>\r\n                    <\/div>\r\n                            <\/div>\r\n                        <\/div>\r\n\r\n                        <div class = \"td-doubleSlider-2\">\r\n                            <div class = \"td-slider\">\r\n                                \r\n                    <div class = \"td-button td-item1\">\r\n                        <div class = \"td-border\"><\/div>\r\n                    <\/div>\r\n                    <div class = \"td-button td-item2\">\r\n                        <div class = \"td-border\"><\/div>\r\n                    <\/div>\r\n                    <div class = \"td-button td-item3\">\r\n                        <div class = \"td-border\"><\/div>\r\n                    <\/div>\r\n                    <div class = \"td-button td-item4\">\r\n                        <div class = \"td-border\"><\/div>\r\n                    <\/div>\r\n                            <\/div>\r\n                        <\/div>\r\n\r\n                    <\/div>\r\n\r\n                <\/div>\r\n                \n","protected":false},"excerpt":{"rendered":"<p>El Instituto Guatemalteco de Seguridad Social (IGSS) conmemora el Mes de la Seguridad Social, durante el cual reconoci\u00f3 a 247 personas que han trabajado durante 25 a\u00f1os consecutivos en la instituci\u00f3n. El licenciado Carlos Contreras, presidente de la Junta Directiva, reconoci\u00f3 el esfuerzo de los trabajadores y los inst\u00f3 a seguir mejorando para continuar con [&hellip;]<\/p>\n","protected":false},"author":4,"featured_media":13602,"comment_status":"open","ping_status":"open","sticky":false,"template":"","format":"standard","meta":{"footnotes":""},"categories":[3,29],"tags":[490,1000],"coauthors":[881],"class_list":{"0":"post-13599","1":"post","2":"type-post","3":"status-publish","4":"format-standard","5":"has-post-thumbnail","7":"category-actualidad","8":"category-publicaciones","9":"tag-igss","10":"tag-reconocimiento-25-anos-de-servicio"},"_links":{"self":[{"href":"https:\/\/www.igssgt.org\/noticias\/wp-json\/wp\/v2\/posts\/13599","targetHints":{"allow":["GET"]}}],"collection":[{"href":"https:\/\/www.igssgt.org\/noticias\/wp-json\/wp\/v2\/posts"}],"about":[{"href":"https:\/\/www.igssgt.org\/noticias\/wp-json\/wp\/v2\/types\/post"}],"author":[{"embeddable":true,"href":"https:\/\/www.igssgt.org\/noticias\/wp-json\/wp\/v2\/users\/4"}],"replies":[{"embeddable":true,"href":"https:\/\/www.igssgt.org\/noticias\/wp-json\/wp\/v2\/comments?post=13599"}],"version-history":[{"count":3,"href":"https:\/\/www.igssgt.org\/noticias\/wp-json\/wp\/v2\/posts\/13599\/revisions"}],"predecessor-version":[{"id":13606,"href":"https:\/\/www.igssgt.org\/noticias\/wp-json\/wp\/v2\/posts\/13599\/revisions\/13606"}],"wp:featuredmedia":[{"embeddable":true,"href":"https:\/\/www.igssgt.org\/noticias\/wp-json\/wp\/v2\/media\/13602"}],"wp:attachment":[{"href":"https:\/\/www.igssgt.org\/noticias\/wp-json\/wp\/v2\/media?parent=13599"}],"wp:term":[{"taxonomy":"category","embeddable":true,"href":"https:\/\/www.igssgt.org\/noticias\/wp-json\/wp\/v2\/categories?post=13599"},{"taxonomy":"post_tag","embeddable":true,"href":"https:\/\/www.igssgt.org\/noticias\/wp-json\/wp\/v2\/tags?post=13599"},{"taxonomy":"author","embeddable":true,"href":"https:\/\/www.igssgt.org\/noticias\/wp-json\/wp\/v2\/coauthors?post=13599"}],"curies":[{"name":"wp","href":"https:\/\/api.w.org\/{rel}","templated":true}]}}