{"id":13787,"date":"2017-03-02T11:01:52","date_gmt":"2017-03-02T17:01:52","guid":{"rendered":"https:\/\/www.igssgt.org\/noticias\/?p=13787"},"modified":"2019-10-28T11:05:11","modified_gmt":"2019-10-28T17:05:11","slug":"nuestro-mundo-canal-7-dr-juan-jose-rodas-conversa-sobre-enfermedades-prevenibles-en-ninos-en-verano","status":"publish","type":"post","link":"https:\/\/www.igssgt.org\/noticias\/2017\/03\/02\/nuestro-mundo-canal-7-dr-juan-jose-rodas-conversa-sobre-enfermedades-prevenibles-en-ninos-en-verano\/","title":{"rendered":"Nuestro Mundo, Canal 7: Dr. Juan Jos\u00e9 Rodas conversa sobre enfermedades prevenibles en ni\u00f1os en verano"},"content":{"rendered":"\n<div class=\"wp-block-image\"><figure class=\"aligncenter\"><img loading=\"lazy\" decoding=\"async\" width=\"696\" height=\"392\" src=\"\/wp-content\/uploads\/sites\/5\/2019\/10\/Nuestro-Mundo-Canal-7-Dr-Juan-Jose-Rodas-IGSS-Guatemala-02-696x392.jpg\" alt=\"\" class=\"wp-image-13789\" srcset=\"\/wp-content\/uploads\/sites\/5\/2019\/10\/Nuestro-Mundo-Canal-7-Dr-Juan-Jose-Rodas-IGSS-Guatemala-02-696x392.jpg 696w, \/wp-content\/uploads\/sites\/5\/2019\/10\/Nuestro-Mundo-Canal-7-Dr-Juan-Jose-Rodas-IGSS-Guatemala-02-696x392-300x169.jpg 300w, \/wp-content\/uploads\/sites\/5\/2019\/10\/Nuestro-Mundo-Canal-7-Dr-Juan-Jose-Rodas-IGSS-Guatemala-02-696x392-534x301.jpg 534w\" sizes=\"auto, (max-width: 696px) 100vw, 696px\" \/><\/figure><\/div>\n\n\n\n<p>Dr. Juan Jose Rodas, pediatra del&nbsp;<a href=\"https:\/\/www.facebook.com\/hashtag\/igss?source=feed_text&amp;story_id=900469823427906\">#IGSS<\/a>&nbsp;conversa en el programa&nbsp;<a href=\"https:\/\/www.facebook.com\/NuestroMundoGuatemala\/\">Nuestro Mundo<\/a>&nbsp;sobre enfermedades prevenibles en ni\u00f1os en \u00e9poca de verano.<br>Las principales enfermedades de&nbsp;<a href=\"https:\/\/www.facebook.com\/hashtag\/verano?source=feed_text&amp;story_id=900469823427906\">#verano<\/a>&nbsp;en ni\u00f1os son gastrointestinales, se manifiestan con v\u00f3mitos y diarrea. Pueden complicarse con deshidrataci\u00f3n.<br>Otros padecimientos en ni\u00f1os: conjuntivitis, otitis media y externa, lesiones en piel y malestar de garganta.<br>El Dr. Rodas recomienda cuidar la higiene en la preparaci\u00f3n de los alimentos, evitar la exposici\u00f3n excesiva al sol y mantener a las ni\u00f1as y ni\u00f1os adecuadamente hidratados.<\/p>\n","protected":false},"excerpt":{"rendered":"<p>Dr. Juan Jose Rodas, pediatra del&nbsp;#IGSS&nbsp;conversa en el programa&nbsp;Nuestro Mundo&nbsp;sobre enfermedades prevenibles en ni\u00f1os en \u00e9poca de verano.Las principales enfermedades de&nbsp;#verano&nbsp;en ni\u00f1os son gastrointestinales, se manifiestan con v\u00f3mitos y diarrea. Pueden complicarse con deshidrataci\u00f3n.Otros padecimientos en ni\u00f1os: conjuntivitis, otitis media y externa, lesiones en piel y malestar de garganta.El Dr. Rodas recomienda cuidar la higiene [&hellip;]<\/p>\n","protected":false},"author":9,"featured_media":13788,"comment_status":"open","ping_status":"open","sticky":false,"template":"","format":"standard","meta":{"footnotes":""},"categories":[3,15,41,27,29],"tags":[308,490,666,726],"coauthors":[888],"class_list":{"0":"post-13787","1":"post","2":"type-post","3":"status-publish","4":"format-standard","5":"has-post-thumbnail","7":"category-actualidad","8":"category-destacado","9":"category-igss-en-los-medios","10":"category-prevencion-en-salud","11":"category-publicaciones","12":"tag-dr-juan-jose-rodas","13":"tag-igss","14":"tag-nuestro-mundo-canal-7","15":"tag-prevencion-en-salud"},"_links":{"self":[{"href":"https:\/\/www.igssgt.org\/noticias\/wp-json\/wp\/v2\/posts\/13787","targetHints":{"allow":["GET"]}}],"collection":[{"href":"https:\/\/www.igssgt.org\/noticias\/wp-json\/wp\/v2\/posts"}],"about":[{"href":"https:\/\/www.igssgt.org\/noticias\/wp-json\/wp\/v2\/types\/post"}],"author":[{"embeddable":true,"href":"https:\/\/www.igssgt.org\/noticias\/wp-json\/wp\/v2\/users\/9"}],"replies":[{"embeddable":true,"href":"https:\/\/www.igssgt.org\/noticias\/wp-json\/wp\/v2\/comments?post=13787"}],"version-history":[{"count":1,"href":"https:\/\/www.igssgt.org\/noticias\/wp-json\/wp\/v2\/posts\/13787\/revisions"}],"predecessor-version":[{"id":13790,"href":"https:\/\/www.igssgt.org\/noticias\/wp-json\/wp\/v2\/posts\/13787\/revisions\/13790"}],"wp:featuredmedia":[{"embeddable":true,"href":"https:\/\/www.igssgt.org\/noticias\/wp-json\/wp\/v2\/media\/13788"}],"wp:attachment":[{"href":"https:\/\/www.igssgt.org\/noticias\/wp-json\/wp\/v2\/media?parent=13787"}],"wp:term":[{"taxonomy":"category","embeddable":true,"href":"https:\/\/www.igssgt.org\/noticias\/wp-json\/wp\/v2\/categories?post=13787"},{"taxonomy":"post_tag","embeddable":true,"href":"https:\/\/www.igssgt.org\/noticias\/wp-json\/wp\/v2\/tags?post=13787"},{"taxonomy":"author","embeddable":true,"href":"https:\/\/www.igssgt.org\/noticias\/wp-json\/wp\/v2\/coauthors?post=13787"}],"curies":[{"name":"wp","href":"https:\/\/api.w.org\/{rel}","templated":true}]}}