{"id":13882,"date":"2017-02-09T12:47:37","date_gmt":"2017-02-09T18:47:37","guid":{"rendered":"https:\/\/www.igssgt.org\/noticias\/?p=13882"},"modified":"2019-11-07T15:47:32","modified_gmt":"2019-11-07T21:47:32","slug":"diario-de-centro-america-inspecciones-laborales-seran-tripartitas","status":"publish","type":"post","link":"https:\/\/www.igssgt.org\/noticias\/2017\/02\/09\/diario-de-centro-america-inspecciones-laborales-seran-tripartitas\/","title":{"rendered":"Diario de Centro Am\u00e9rica: Inspecciones laborales ser\u00e1n tripartitas"},"content":{"rendered":"\n<h3 class=\"wp-block-heading\"><strong>La SAT y el IGSS se sumar\u00e1n a las verificaciones.<\/strong><\/h3>\n\n\n\n<figure class=\"wp-block-image\"><a href=\"http:\/\/noticias-igss.org\/wp-content\/uploads\/2017\/02\/DCA-Diario-de-Centro-America-Inspecciones-laborales-sera%CC%81n-tripartitas-IGSS-Guatemala.jpg\"><img loading=\"lazy\" decoding=\"async\" width=\"873\" height=\"1024\" src=\"\/wp-content\/uploads\/sites\/5\/2019\/10\/DCA-Diario-de-Centro-America-Inspecciones-laborales-sera\u0301n-tripartitas-IGSS-Guatemala-873x1024.jpg\" alt=\"\" class=\"wp-image-13883\" srcset=\"\/wp-content\/uploads\/sites\/5\/2019\/10\/DCA-Diario-de-Centro-America-Inspecciones-laborales-sera\u0301n-tripartitas-IGSS-Guatemala-873x1024.jpg 873w, \/wp-content\/uploads\/sites\/5\/2019\/10\/DCA-Diario-de-Centro-America-Inspecciones-laborales-sera\u0301n-tripartitas-IGSS-Guatemala-1310x1536.jpg 1310w, \/wp-content\/uploads\/sites\/5\/2019\/10\/DCA-Diario-de-Centro-America-Inspecciones-laborales-sera\u0301n-tripartitas-IGSS-Guatemala-1747x2048.jpg 1747w, \/wp-content\/uploads\/sites\/5\/2019\/10\/DCA-Diario-de-Centro-America-Inspecciones-laborales-sera\u0301n-tripartitas-IGSS-Guatemala-256x300.jpg 256w, \/wp-content\/uploads\/sites\/5\/2019\/10\/DCA-Diario-de-Centro-America-Inspecciones-laborales-sera\u0301n-tripartitas-IGSS-Guatemala-768x900.jpg 768w, \/wp-content\/uploads\/sites\/5\/2019\/10\/DCA-Diario-de-Centro-America-Inspecciones-laborales-sera\u0301n-tripartitas-IGSS-Guatemala-358x420.jpg 358w, \/wp-content\/uploads\/sites\/5\/2019\/10\/DCA-Diario-de-Centro-America-Inspecciones-laborales-sera\u0301n-tripartitas-IGSS-Guatemala-696x816.jpg 696w, \/wp-content\/uploads\/sites\/5\/2019\/10\/DCA-Diario-de-Centro-America-Inspecciones-laborales-sera\u0301n-tripartitas-IGSS-Guatemala-1068x1252.jpg 1068w, \/wp-content\/uploads\/sites\/5\/2019\/10\/DCA-Diario-de-Centro-America-Inspecciones-laborales-sera\u0301n-tripartitas-IGSS-Guatemala-394x462.jpg 394w\" sizes=\"auto, (max-width: 873px) 100vw, 873px\" \/><\/a><figcaption> Publicaci\u00f3n del Diario de Centro Am\u00e9rica, p\u00e1gina 10, de fecha 9 de febrero de 2017.<\/figcaption><\/figure>\n\n\n\n<p>Como parte de la estrategia del Ministerio de Trabajo (Mintrab) para garantizar el cumplimiento de las obligaciones por parte del sector empleador, se prev\u00e9 que en un corto plazo la Superintendencia de Administraci\u00f3n Tributaria (SAT) y el Instituto Guatemalteco de Seguridad Social ( IGSS) se sumen a las supervisiones que llevan a cabo los 247 inspectores de Trabajo.<\/p>\n\n\n\n<p>Guillermo G\u00e1ndara, viceministro de Administraci\u00f3n del Trabajo, explic\u00f3 que esta iniciativa mejorar\u00e1 la eficiencia en el \u00e1rea de la seguridad social, fiscal y laboral.<br>\u201cEsta medida se debe dar en el cumplimiento de disposiciones legales, y los esfuerzos ir encaminados a buscar la formalizaci\u00f3n de las empresas que no cumplen con sus responsabilidades\u201d, opin\u00f3 Guido Ricci, director de la Unidad Laboral del Comit\u00e9 Coordinador de Asociaciones Agr\u00edcolas, Comerciales, Industriales y Financieras.<\/p>\n\n\n\n<blockquote class=\"wp-block-quote is-layout-flow wp-block-quote-is-layout-flow\"><p>INICIATIVA MEJORAR\u00c1 LA EFICIENCIA EN EL \u00c1REA DE LA SEGURIDAD SOCIAL, FISCAL Y LABORAL.<\/p><\/blockquote>\n\n\n\n<h3 class=\"wp-block-heading\"><strong>Nuevos servicios<\/strong><\/h3>\n\n\n\n<p>El plan ser\u00e1 reforzado con la incorporaci\u00f3n del Sistema Electr\u00f3nico del Informe del Empleador, el cual ya est\u00e1 funcionando a trav\u00e9s de la p\u00e1gina&nbsp;<a href=\"https:\/\/recibos.mintrabajo.gob.gt\/\">https:\/\/recibos.mintrabajo.gob.gt\/<\/a><\/p>\n\n\n\n<p>El nuevo portal, indic\u00f3 G\u00e1ndara, permitir\u00e1 a las empresas registrar en l\u00ednea las prestaciones econ\u00f3micas retribuidas en el a\u00f1o y los d\u00edas trabajados y devengados del personal, con lo cual cotejar\u00e1n si existe incumplimiento en el pago del salario m\u00ednimo.<br>En consonancia con esta acci\u00f3n, el Mintrab hizo p\u00fablica desde ayer en la secci\u00f3n Atenci\u00f3n al Ciudadano la informaci\u00f3n de cada uno de los inspectores.<\/p>\n\n\n\n<p>\u201cEs necesario que la Inspecci\u00f3n General de Trabajo elimine la impunidad y que la relaci\u00f3n entre las partes no resulte en detrimento de la clase trabajadora\u201d, manifest\u00f3 Luis Linares, analista de la Asociaci\u00f3n de Investigaci\u00f3n y Estudios Sociales.<\/p>\n\n\n\n<h3 class=\"wp-block-heading\"><strong>En la provincia<\/strong><\/h3>\n\n\n\n<p>Adem\u00e1s de los servicios anteriores, dos unidades m\u00f3viles ser\u00e1n desplegadas en diferentes municipios para abordar temas como el trabajo infantil y el cumplimiento de las obligaciones del sector agro.<\/p>\n\n\n\n<p>Enlace en internet:&nbsp;<strong>Diario de Centro Am\u00e9rica&nbsp;<\/strong><\/p>\n\n\n\n<p><a href=\"http:\/\/www.dca.gob.gt\/\" target=\"_blank\" rel=\"noreferrer noopener\" aria-label=\" (opens in a new tab)\">http:\/\/www.dca.gob.gt\/<\/a><\/p>\n","protected":false},"excerpt":{"rendered":"<p>La SAT y el IGSS se sumar\u00e1n a las verificaciones. Como parte de la estrategia del Ministerio de Trabajo (Mintrab) para garantizar el cumplimiento de las obligaciones por parte del sector empleador, se prev\u00e9 que en un corto plazo la Superintendencia de Administraci\u00f3n Tributaria (SAT) y el Instituto Guatemalteco de Seguridad Social ( IGSS) se [&hellip;]<\/p>\n","protected":false},"author":9,"featured_media":13884,"comment_status":"open","ping_status":"open","sticky":false,"template":"","format":"standard","meta":{"footnotes":""},"categories":[3,15,40,41,23,29],"tags":[121,460,462,490,516,614,645,777,835,854],"coauthors":[888],"class_list":{"0":"post-13882","1":"post","2":"type-post","3":"status-publish","4":"format-standard","5":"has-post-thumbnail","7":"category-actualidad","8":"category-destacado","9":"category-hemeroteca","10":"category-igss-en-los-medios","11":"category-patronos","12":"category-publicaciones","13":"tag-asies","14":"tag-guido-ricci","15":"tag-guillermo-gandara","16":"tag-igss","17":"tag-inspectores-de-trabajo","18":"tag-luis-linares","19":"tag-mintrab","20":"tag-seguridad-social","21":"tag-unidad-laboral-cacif","22":"tag-viceministro-de-administracion-laboral"},"_links":{"self":[{"href":"https:\/\/www.igssgt.org\/noticias\/wp-json\/wp\/v2\/posts\/13882","targetHints":{"allow":["GET"]}}],"collection":[{"href":"https:\/\/www.igssgt.org\/noticias\/wp-json\/wp\/v2\/posts"}],"about":[{"href":"https:\/\/www.igssgt.org\/noticias\/wp-json\/wp\/v2\/types\/post"}],"author":[{"embeddable":true,"href":"https:\/\/www.igssgt.org\/noticias\/wp-json\/wp\/v2\/users\/9"}],"replies":[{"embeddable":true,"href":"https:\/\/www.igssgt.org\/noticias\/wp-json\/wp\/v2\/comments?post=13882"}],"version-history":[{"count":3,"href":"https:\/\/www.igssgt.org\/noticias\/wp-json\/wp\/v2\/posts\/13882\/revisions"}],"predecessor-version":[{"id":14398,"href":"https:\/\/www.igssgt.org\/noticias\/wp-json\/wp\/v2\/posts\/13882\/revisions\/14398"}],"wp:featuredmedia":[{"embeddable":true,"href":"https:\/\/www.igssgt.org\/noticias\/wp-json\/wp\/v2\/media\/13884"}],"wp:attachment":[{"href":"https:\/\/www.igssgt.org\/noticias\/wp-json\/wp\/v2\/media?parent=13882"}],"wp:term":[{"taxonomy":"category","embeddable":true,"href":"https:\/\/www.igssgt.org\/noticias\/wp-json\/wp\/v2\/categories?post=13882"},{"taxonomy":"post_tag","embeddable":true,"href":"https:\/\/www.igssgt.org\/noticias\/wp-json\/wp\/v2\/tags?post=13882"},{"taxonomy":"author","embeddable":true,"href":"https:\/\/www.igssgt.org\/noticias\/wp-json\/wp\/v2\/coauthors?post=13882"}],"curies":[{"name":"wp","href":"https:\/\/api.w.org\/{rel}","templated":true}]}}