{"id":13931,"date":"2017-01-17T15:03:23","date_gmt":"2017-01-17T21:03:23","guid":{"rendered":"https:\/\/www.igssgt.org\/noticias\/?p=13931"},"modified":"2019-10-28T15:10:34","modified_gmt":"2019-10-28T21:10:34","slug":"inicia-jornada-de-aplicacion-de-fluor","status":"publish","type":"post","link":"https:\/\/www.igssgt.org\/noticias\/2017\/01\/17\/inicia-jornada-de-aplicacion-de-fluor\/","title":{"rendered":"Inicia jornada de aplicaci\u00f3n de fl\u00faor"},"content":{"rendered":"\n<h3 class=\"wp-block-heading\"><strong>La actividad fue instituida por la Unidad Perif\u00e9rica de la zona 5<\/strong><\/h3>\n\n\n\n<div class=\"wp-block-image\"><figure class=\"aligncenter\"><a href=\"http:\/\/noticias-igss.org\/wp-content\/uploads\/2017\/01\/jornada-de-aplicacion-de-fluor-IGSS-zona-5-02.jpg\"><img loading=\"lazy\" decoding=\"async\" width=\"960\" height=\"640\" src=\"\/wp-content\/uploads\/sites\/5\/2019\/10\/jornada-de-aplicacion-de-fluor-IGSS-zona-5-02.jpg\" alt=\"\" class=\"wp-image-13935\" srcset=\"\/wp-content\/uploads\/sites\/5\/2019\/10\/jornada-de-aplicacion-de-fluor-IGSS-zona-5-02.jpg 960w, \/wp-content\/uploads\/sites\/5\/2019\/10\/jornada-de-aplicacion-de-fluor-IGSS-zona-5-02-300x200.jpg 300w, \/wp-content\/uploads\/sites\/5\/2019\/10\/jornada-de-aplicacion-de-fluor-IGSS-zona-5-02-768x512.jpg 768w, \/wp-content\/uploads\/sites\/5\/2019\/10\/jornada-de-aplicacion-de-fluor-IGSS-zona-5-02-630x420.jpg 630w, \/wp-content\/uploads\/sites\/5\/2019\/10\/jornada-de-aplicacion-de-fluor-IGSS-zona-5-02-696x464.jpg 696w, \/wp-content\/uploads\/sites\/5\/2019\/10\/jornada-de-aplicacion-de-fluor-IGSS-zona-5-02-534x356.jpg 534w\" sizes=\"auto, (max-width: 960px) 100vw, 960px\" \/><\/a><\/figure><\/div>\n\n\n\n<p>Este d\u00eda dio inicio la Jornada de Aplicaci\u00f3n de Fl\u00faor a Ni\u00f1os y Adultos, como parte del A\u00f1o de la Prevenci\u00f3n, Promoci\u00f3n y Educaci\u00f3n en Salud 2017, que fue instituido por las autoridades de la Unidad Perif\u00e9rica de la zona 5, del Instituto Guatemalteco de Seguridad Social (IGSS), informa el Dr. Carlos Argueta subdirector ejecutivo de la misma.<\/p>\n\n\n\n<blockquote class=\"wp-block-quote is-layout-flow wp-block-quote-is-layout-flow\"><p>A\u00d1O DE LA PREVENCI\u00d3N, PROMOCI\u00d3N Y EDUCACI\u00d3N EN SALUD<\/p><\/blockquote>\n\n\n\n<p>Esta jornada de aplicaci\u00f3n t\u00f3pica de fl\u00faor se lleva a cabo de las 07:00 a las 19:00 horas, la cual este lunes 16 de enero y concluye el 16 de febrero. Se espera atender entre 30 y 50 pacientes cada d\u00eda, entre ni\u00f1os y adultos, explica la Dra. Sonia Garc\u00eda jefe del Servicio de Odontolog\u00eda para ni\u00f1os y adultos, de dicha unidad.<\/p>\n\n\n\n<p>Seg\u00fan la entrevistada, esta es la primera jornada que se realiza en el presente a\u00f1o, pero se tiene previsto que cada mes se lleven a cabo otras jornadas de las distintas especialidades.<\/p>\n\n\n\n<figure class=\"wp-block-image\"><a href=\"http:\/\/noticias-igss.org\/wp-content\/uploads\/2017\/01\/jornada-de-aplicacion-de-fluor-IGSS-zona-5-05.jpg\"><img loading=\"lazy\" decoding=\"async\" width=\"960\" height=\"640\" src=\"\/wp-content\/uploads\/sites\/5\/2019\/10\/jornada-de-aplicacion-de-fluor-IGSS-zona-5-05-1.jpg\" alt=\"\" class=\"wp-image-13937\" srcset=\"\/wp-content\/uploads\/sites\/5\/2019\/10\/jornada-de-aplicacion-de-fluor-IGSS-zona-5-05-1.jpg 960w, \/wp-content\/uploads\/sites\/5\/2019\/10\/jornada-de-aplicacion-de-fluor-IGSS-zona-5-05-1-300x200.jpg 300w, \/wp-content\/uploads\/sites\/5\/2019\/10\/jornada-de-aplicacion-de-fluor-IGSS-zona-5-05-1-768x512.jpg 768w, \/wp-content\/uploads\/sites\/5\/2019\/10\/jornada-de-aplicacion-de-fluor-IGSS-zona-5-05-1-630x420.jpg 630w, \/wp-content\/uploads\/sites\/5\/2019\/10\/jornada-de-aplicacion-de-fluor-IGSS-zona-5-05-1-696x464.jpg 696w, \/wp-content\/uploads\/sites\/5\/2019\/10\/jornada-de-aplicacion-de-fluor-IGSS-zona-5-05-1-534x356.jpg 534w\" sizes=\"auto, (max-width: 960px) 100vw, 960px\" \/><\/a><figcaption> Dr. Carlos Argueta subdirector ejecutivo de la Unidad Perif\u00e9rica de la Zona 5.<\/figcaption><\/figure>\n\n\n\n<h3 class=\"wp-block-heading\"><strong>UNA FAMILIA<\/strong><\/h3>\n\n\n\n<p>Hoy venimos al IGSS de la zona 5, por le tocaba consulta de mi hijo Kenneth Alexander, de 6 a\u00f1os, pero como nos enteramos de esta jornada de aplicaci\u00f3n de fl\u00faor, aprovechamos para que nos la aplicaran a todos los integrantes de la familia, indica Nancy Maribel D\u00e1vila, quien lleg\u00f3 junto a su esposo Luis Fernando L\u00f3pez y su hijo Cristofer Mois\u00e9s L\u00f3pez D\u00e1vila, de 11 a\u00f1os.<\/p>\n\n\n\n<p>La doctora Garc\u00eda explica cu\u00e1les son los beneficios del fl\u00faor, indicando que este act\u00faa como un sellante que ayuda a que el esmalte se mineralice y forme una barrera de protecci\u00f3n de los dientes, generalmente es de gran beneficio para las personas que tienen caries como para las que poseen un buen cuidado oral, logrando as\u00ed un tiempo m\u00e1s duradero de piezas sanas.<\/p>\n\n\n\r\n                <style type=\"text\/css\">\r\n                    \r\n                    #tdi_1  .td-doubleSlider-2 .td-item1 {\r\n                        background: url(\/wp-content\/uploads\/sites\/5\/2019\/10\/jornada-de-aplicacion-de-fluor-IGSS-zona-5-05-1-80x60.jpg) 0 0 no-repeat;\r\n                    }\r\n                    #tdi_1  .td-doubleSlider-2 .td-item2 {\r\n                        background: url(\/wp-content\/uploads\/sites\/5\/2019\/10\/jornada-de-aplicacion-de-fluor-IGSS-zona-5-01-80x60.jpg) 0 0 no-repeat;\r\n                    }\r\n                    #tdi_1  .td-doubleSlider-2 .td-item3 {\r\n                        background: url(\/wp-content\/uploads\/sites\/5\/2019\/10\/jornada-de-aplicacion-de-fluor-IGSS-zona-5-02-80x60.jpg) 0 0 no-repeat;\r\n                    }\r\n                    #tdi_1  .td-doubleSlider-2 .td-item4 {\r\n                        background: url(\/wp-content\/uploads\/sites\/5\/2019\/10\/jornada-de-aplicacion-de-fluor-IGSS-zona-5-04-80x60.jpg) 0 0 no-repeat;\r\n                    }\r\n                    #tdi_1  .td-doubleSlider-2 .td-item5 {\r\n                        background: url(\/wp-content\/uploads\/sites\/5\/2019\/10\/jornada-de-aplicacion-de-fluor-IGSS-zona-5-03-80x60.jpg) 0 0 no-repeat;\r\n                    }\r\n                    #tdi_1  .td-doubleSlider-2 .td-item6 {\r\n                        background: url(\/wp-content\/uploads\/sites\/5\/2019\/10\/cirugia-vascular-igss-05-80x60.jpg) 0 0 no-repeat;\r\n                    }\r\n                    #tdi_1  .td-doubleSlider-2 .td-item7 {\r\n                        background: url(\/wp-content\/uploads\/sites\/5\/2019\/10\/cirugia-vascular-igss-06-80x60.jpg) 0 0 no-repeat;\r\n                    }\r\n                    #tdi_1  .td-doubleSlider-2 .td-item8 {\r\n                        background: url(\/wp-content\/uploads\/sites\/5\/2019\/10\/jornada-de-aplicacion-de-fluor-IGSS-zona-5-06-80x60.jpg) 0 0 no-repeat;\r\n                    }\r\n                <\/style>\r\n\r\n                <div id=\"tdi_1\" class=\"td-gallery td-slide-on-2-columns\">\r\n                    <div class=\"post_td_gallery\">\r\n                        <div class=\"td-gallery-slide-top\">\r\n                           <div class=\"td-gallery-title\"><\/div>\r\n\r\n                            <div class=\"td-gallery-controls-wrapper\">\r\n                                <div class=\"td-gallery-slide-count\"><span class=\"td-gallery-slide-item-focus\">1<\/span> de 8<\/div>\r\n                                <div class=\"td-gallery-slide-prev-next-but\">\r\n                                    <i class = \"td-icon-left doubleSliderPrevButton\"><\/i>\r\n                                    <i class = \"td-icon-right doubleSliderNextButton\"><\/i>\r\n                                <\/div>\r\n                            <\/div>\r\n                        <\/div>\r\n\r\n                        <div class = \"td-doubleSlider-1 \">\r\n                            <div class = \"td-slider\">\r\n                                \r\n                    <div class = \"td-slide-item td-item1\">\r\n                        <figure class=\"td-slide-galery-figure td-slide-popup-gallery\">\r\n                            <a class=\"slide-gallery-image-link\" href=\"\/wp-content\/uploads\/sites\/5\/2019\/10\/jornada-de-aplicacion-de-fluor-IGSS-zona-5-05-1.jpg\" title=\"jornada-de-aplicacion-de-fluor-IGSS-zona-5-05 (1)\"  data-caption=\"\"  data-description=\"\">\r\n                                <img decoding=\"async\" src=\"\/wp-content\/uploads\/sites\/5\/2019\/10\/jornada-de-aplicacion-de-fluor-IGSS-zona-5-05-1-630x420.jpg\" srcset=\"\/wp-content\/uploads\/sites\/5\/2019\/10\/jornada-de-aplicacion-de-fluor-IGSS-zona-5-05-1-630x420.jpg 630w, \/wp-content\/uploads\/sites\/5\/2019\/10\/jornada-de-aplicacion-de-fluor-IGSS-zona-5-05-1-300x200.jpg 300w, \/wp-content\/uploads\/sites\/5\/2019\/10\/jornada-de-aplicacion-de-fluor-IGSS-zona-5-05-1-768x512.jpg 768w, \/wp-content\/uploads\/sites\/5\/2019\/10\/jornada-de-aplicacion-de-fluor-IGSS-zona-5-05-1-696x464.jpg 696w, \/wp-content\/uploads\/sites\/5\/2019\/10\/jornada-de-aplicacion-de-fluor-IGSS-zona-5-05-1-534x356.jpg 534w, \/wp-content\/uploads\/sites\/5\/2019\/10\/jornada-de-aplicacion-de-fluor-IGSS-zona-5-05-1.jpg 960w\" sizes=\"(max-width: 630px) 100vw, 630px\" alt=\"\">\r\n                            <\/a>\r\n                            \r\n                        <\/figure>\r\n                    <\/div>\r\n                    <div class = \"td-slide-item td-item2\">\r\n                        <figure class=\"td-slide-galery-figure td-slide-popup-gallery\">\r\n                            <a class=\"slide-gallery-image-link\" href=\"\/wp-content\/uploads\/sites\/5\/2019\/10\/jornada-de-aplicacion-de-fluor-IGSS-zona-5-01.jpg\" title=\"jornada-de-aplicacion-de-fluor-IGSS-zona-5-01\"  data-caption=\"\"  data-description=\"\">\r\n                                <img decoding=\"async\" src=\"\/wp-content\/uploads\/sites\/5\/2019\/10\/jornada-de-aplicacion-de-fluor-IGSS-zona-5-01-630x420.jpg\" srcset=\"\/wp-content\/uploads\/sites\/5\/2019\/10\/jornada-de-aplicacion-de-fluor-IGSS-zona-5-01-630x420.jpg 630w, \/wp-content\/uploads\/sites\/5\/2019\/10\/jornada-de-aplicacion-de-fluor-IGSS-zona-5-01-300x200.jpg 300w, \/wp-content\/uploads\/sites\/5\/2019\/10\/jornada-de-aplicacion-de-fluor-IGSS-zona-5-01-768x512.jpg 768w, \/wp-content\/uploads\/sites\/5\/2019\/10\/jornada-de-aplicacion-de-fluor-IGSS-zona-5-01-696x464.jpg 696w, \/wp-content\/uploads\/sites\/5\/2019\/10\/jornada-de-aplicacion-de-fluor-IGSS-zona-5-01-534x356.jpg 534w, \/wp-content\/uploads\/sites\/5\/2019\/10\/jornada-de-aplicacion-de-fluor-IGSS-zona-5-01.jpg 960w\" sizes=\"(max-width: 630px) 100vw, 630px\" alt=\"\">\r\n                            <\/a>\r\n                            \r\n                        <\/figure>\r\n                    <\/div>\r\n                    <div class = \"td-slide-item td-item3\">\r\n                        <figure class=\"td-slide-galery-figure td-slide-popup-gallery\">\r\n                            <a class=\"slide-gallery-image-link\" href=\"\/wp-content\/uploads\/sites\/5\/2019\/10\/jornada-de-aplicacion-de-fluor-IGSS-zona-5-02.jpg\" title=\"jornada-de-aplicacion-de-fluor-IGSS-zona-5-02\"  data-caption=\"\"  data-description=\"\">\r\n                                <img decoding=\"async\" src=\"\/wp-content\/uploads\/sites\/5\/2019\/10\/jornada-de-aplicacion-de-fluor-IGSS-zona-5-02-630x420.jpg\" srcset=\"\/wp-content\/uploads\/sites\/5\/2019\/10\/jornada-de-aplicacion-de-fluor-IGSS-zona-5-02-630x420.jpg 630w, \/wp-content\/uploads\/sites\/5\/2019\/10\/jornada-de-aplicacion-de-fluor-IGSS-zona-5-02-300x200.jpg 300w, \/wp-content\/uploads\/sites\/5\/2019\/10\/jornada-de-aplicacion-de-fluor-IGSS-zona-5-02-768x512.jpg 768w, \/wp-content\/uploads\/sites\/5\/2019\/10\/jornada-de-aplicacion-de-fluor-IGSS-zona-5-02-696x464.jpg 696w, \/wp-content\/uploads\/sites\/5\/2019\/10\/jornada-de-aplicacion-de-fluor-IGSS-zona-5-02-534x356.jpg 534w, \/wp-content\/uploads\/sites\/5\/2019\/10\/jornada-de-aplicacion-de-fluor-IGSS-zona-5-02.jpg 960w\" sizes=\"(max-width: 630px) 100vw, 630px\" alt=\"\">\r\n                            <\/a>\r\n                            \r\n                        <\/figure>\r\n                    <\/div>\r\n                    <div class = \"td-slide-item td-item4\">\r\n                        <figure class=\"td-slide-galery-figure td-slide-popup-gallery\">\r\n                            <a class=\"slide-gallery-image-link\" href=\"\/wp-content\/uploads\/sites\/5\/2019\/10\/jornada-de-aplicacion-de-fluor-IGSS-zona-5-04.jpg\" title=\"jornada-de-aplicacion-de-fluor-IGSS-zona-5-04\"  data-caption=\"\"  data-description=\"\">\r\n                                <img decoding=\"async\" src=\"\/wp-content\/uploads\/sites\/5\/2019\/10\/jornada-de-aplicacion-de-fluor-IGSS-zona-5-04-630x420.jpg\" srcset=\"\/wp-content\/uploads\/sites\/5\/2019\/10\/jornada-de-aplicacion-de-fluor-IGSS-zona-5-04-630x420.jpg 630w, \/wp-content\/uploads\/sites\/5\/2019\/10\/jornada-de-aplicacion-de-fluor-IGSS-zona-5-04-300x200.jpg 300w, \/wp-content\/uploads\/sites\/5\/2019\/10\/jornada-de-aplicacion-de-fluor-IGSS-zona-5-04-768x512.jpg 768w, \/wp-content\/uploads\/sites\/5\/2019\/10\/jornada-de-aplicacion-de-fluor-IGSS-zona-5-04-696x464.jpg 696w, \/wp-content\/uploads\/sites\/5\/2019\/10\/jornada-de-aplicacion-de-fluor-IGSS-zona-5-04-534x356.jpg 534w, \/wp-content\/uploads\/sites\/5\/2019\/10\/jornada-de-aplicacion-de-fluor-IGSS-zona-5-04.jpg 960w\" sizes=\"(max-width: 630px) 100vw, 630px\" alt=\"\">\r\n                            <\/a>\r\n                            \r\n                        <\/figure>\r\n                    <\/div>\r\n                    <div class = \"td-slide-item td-item5\">\r\n                        <figure class=\"td-slide-galery-figure td-slide-popup-gallery\">\r\n                            <a class=\"slide-gallery-image-link\" href=\"\/wp-content\/uploads\/sites\/5\/2019\/10\/jornada-de-aplicacion-de-fluor-IGSS-zona-5-03.jpg\" title=\"jornada-de-aplicacion-de-fluor-IGSS-zona-5-03\"  data-caption=\"\"  data-description=\"\">\r\n                                <img decoding=\"async\" src=\"\/wp-content\/uploads\/sites\/5\/2019\/10\/jornada-de-aplicacion-de-fluor-IGSS-zona-5-03-630x420.jpg\" srcset=\"\/wp-content\/uploads\/sites\/5\/2019\/10\/jornada-de-aplicacion-de-fluor-IGSS-zona-5-03-630x420.jpg 630w, \/wp-content\/uploads\/sites\/5\/2019\/10\/jornada-de-aplicacion-de-fluor-IGSS-zona-5-03-300x200.jpg 300w, \/wp-content\/uploads\/sites\/5\/2019\/10\/jornada-de-aplicacion-de-fluor-IGSS-zona-5-03-768x512.jpg 768w, \/wp-content\/uploads\/sites\/5\/2019\/10\/jornada-de-aplicacion-de-fluor-IGSS-zona-5-03-696x464.jpg 696w, \/wp-content\/uploads\/sites\/5\/2019\/10\/jornada-de-aplicacion-de-fluor-IGSS-zona-5-03-534x356.jpg 534w, \/wp-content\/uploads\/sites\/5\/2019\/10\/jornada-de-aplicacion-de-fluor-IGSS-zona-5-03.jpg 960w\" sizes=\"(max-width: 630px) 100vw, 630px\" alt=\"\">\r\n                            <\/a>\r\n                            \r\n                        <\/figure>\r\n                    <\/div>\r\n                    <div class = \"td-slide-item td-item6\">\r\n                        <figure class=\"td-slide-galery-figure td-slide-popup-gallery\">\r\n                            <a class=\"slide-gallery-image-link\" href=\"\/wp-content\/uploads\/sites\/5\/2019\/10\/cirugia-vascular-igss-05.jpg\" title=\"cirugia-vascular-igss-05\"  data-caption=\"\"  data-description=\"\">\r\n                                <img decoding=\"async\" src=\"\/wp-content\/uploads\/sites\/5\/2019\/10\/cirugia-vascular-igss-05-630x420.jpg\" srcset=\"\/wp-content\/uploads\/sites\/5\/2019\/10\/cirugia-vascular-igss-05-630x420.jpg 630w, \/wp-content\/uploads\/sites\/5\/2019\/10\/cirugia-vascular-igss-05-300x200.jpg 300w, \/wp-content\/uploads\/sites\/5\/2019\/10\/cirugia-vascular-igss-05-768x512.jpg 768w, \/wp-content\/uploads\/sites\/5\/2019\/10\/cirugia-vascular-igss-05-1024x683.jpg 1024w, \/wp-content\/uploads\/sites\/5\/2019\/10\/cirugia-vascular-igss-05-696x464.jpg 696w, \/wp-content\/uploads\/sites\/5\/2019\/10\/cirugia-vascular-igss-05-1068x712.jpg 1068w, \/wp-content\/uploads\/sites\/5\/2019\/10\/cirugia-vascular-igss-05-534x356.jpg 534w, \/wp-content\/uploads\/sites\/5\/2019\/10\/cirugia-vascular-igss-05.jpg 1440w\" sizes=\"(max-width: 630px) 100vw, 630px\" alt=\"\">\r\n                            <\/a>\r\n                            \r\n                        <\/figure>\r\n                    <\/div>\r\n                    <div class = \"td-slide-item td-item7\">\r\n                        <figure class=\"td-slide-galery-figure td-slide-popup-gallery\">\r\n                            <a class=\"slide-gallery-image-link\" href=\"\/wp-content\/uploads\/sites\/5\/2019\/10\/cirugia-vascular-igss-06.jpg\" title=\"cirugia-vascular-igss-06\"  data-caption=\"\"  data-description=\"\">\r\n                                <img decoding=\"async\" src=\"\/wp-content\/uploads\/sites\/5\/2019\/10\/cirugia-vascular-igss-06-630x420.jpg\" srcset=\"\/wp-content\/uploads\/sites\/5\/2019\/10\/cirugia-vascular-igss-06-630x420.jpg 630w, \/wp-content\/uploads\/sites\/5\/2019\/10\/cirugia-vascular-igss-06-300x200.jpg 300w, \/wp-content\/uploads\/sites\/5\/2019\/10\/cirugia-vascular-igss-06-768x512.jpg 768w, \/wp-content\/uploads\/sites\/5\/2019\/10\/cirugia-vascular-igss-06-1024x683.jpg 1024w, \/wp-content\/uploads\/sites\/5\/2019\/10\/cirugia-vascular-igss-06-696x464.jpg 696w, \/wp-content\/uploads\/sites\/5\/2019\/10\/cirugia-vascular-igss-06-1068x712.jpg 1068w, \/wp-content\/uploads\/sites\/5\/2019\/10\/cirugia-vascular-igss-06-534x356.jpg 534w, \/wp-content\/uploads\/sites\/5\/2019\/10\/cirugia-vascular-igss-06.jpg 1440w\" sizes=\"(max-width: 630px) 100vw, 630px\" alt=\"\">\r\n                            <\/a>\r\n                            \r\n                        <\/figure>\r\n                    <\/div>\r\n                    <div class = \"td-slide-item td-item8\">\r\n                        <figure class=\"td-slide-galery-figure td-slide-popup-gallery\">\r\n                            <a class=\"slide-gallery-image-link\" href=\"\/wp-content\/uploads\/sites\/5\/2019\/10\/jornada-de-aplicacion-de-fluor-IGSS-zona-5-06.jpg\" title=\"jornada-de-aplicacion-de-fluor-IGSS-zona-5-06\"  data-caption=\"\"  data-description=\"\">\r\n                                <img decoding=\"async\" src=\"\/wp-content\/uploads\/sites\/5\/2019\/10\/jornada-de-aplicacion-de-fluor-IGSS-zona-5-06-630x420.jpg\" srcset=\"\/wp-content\/uploads\/sites\/5\/2019\/10\/jornada-de-aplicacion-de-fluor-IGSS-zona-5-06-630x420.jpg 630w, \/wp-content\/uploads\/sites\/5\/2019\/10\/jornada-de-aplicacion-de-fluor-IGSS-zona-5-06-300x200.jpg 300w, \/wp-content\/uploads\/sites\/5\/2019\/10\/jornada-de-aplicacion-de-fluor-IGSS-zona-5-06-768x512.jpg 768w, \/wp-content\/uploads\/sites\/5\/2019\/10\/jornada-de-aplicacion-de-fluor-IGSS-zona-5-06-696x464.jpg 696w, \/wp-content\/uploads\/sites\/5\/2019\/10\/jornada-de-aplicacion-de-fluor-IGSS-zona-5-06-534x356.jpg 534w, \/wp-content\/uploads\/sites\/5\/2019\/10\/jornada-de-aplicacion-de-fluor-IGSS-zona-5-06.jpg 960w\" sizes=\"(max-width: 630px) 100vw, 630px\" alt=\"\">\r\n                            <\/a>\r\n                            \r\n                        <\/figure>\r\n                    <\/div>\r\n                            <\/div>\r\n                        <\/div>\r\n\r\n                        <div class = \"td-doubleSlider-2\">\r\n                            <div class = \"td-slider\">\r\n                                \r\n                    <div class = \"td-button td-item1\">\r\n                        <div class = \"td-border\"><\/div>\r\n                    <\/div>\r\n                    <div class = \"td-button td-item2\">\r\n                        <div class = \"td-border\"><\/div>\r\n                    <\/div>\r\n                    <div class = \"td-button td-item3\">\r\n                        <div class = \"td-border\"><\/div>\r\n                    <\/div>\r\n                    <div class = \"td-button td-item4\">\r\n                        <div class = \"td-border\"><\/div>\r\n                    <\/div>\r\n                    <div class = \"td-button td-item5\">\r\n                        <div class = \"td-border\"><\/div>\r\n                    <\/div>\r\n                    <div class = \"td-button td-item6\">\r\n                        <div class = \"td-border\"><\/div>\r\n                    <\/div>\r\n                    <div class = \"td-button td-item7\">\r\n                        <div class = \"td-border\"><\/div>\r\n                    <\/div>\r\n                    <div class = \"td-button td-item8\">\r\n                        <div class = \"td-border\"><\/div>\r\n                    <\/div>\r\n                            <\/div>\r\n                        <\/div>\r\n\r\n                    <\/div>\r\n\r\n                <\/div>\r\n                ","protected":false},"excerpt":{"rendered":"<p>La actividad fue instituida por la Unidad Perif\u00e9rica de la zona 5 Este d\u00eda dio inicio la Jornada de Aplicaci\u00f3n de Fl\u00faor a Ni\u00f1os y Adultos, como parte del A\u00f1o de la Prevenci\u00f3n, Promoci\u00f3n y Educaci\u00f3n en Salud 2017, que fue instituido por las autoridades de la Unidad Perif\u00e9rica de la zona 5, del Instituto [&hellip;]<\/p>\n","protected":false},"author":9,"featured_media":13936,"comment_status":"open","ping_status":"open","sticky":false,"template":"","format":"standard","meta":{"footnotes":""},"categories":[3,15,45,27,29,33,36],"tags":[271,382,490,531,536,789,837],"coauthors":[888],"class_list":{"0":"post-13931","1":"post","2":"type-post","3":"status-publish","4":"format-standard","5":"has-post-thumbnail","7":"category-actualidad","8":"category-destacado","9":"category-jornadas-medicas","10":"category-prevencion-en-salud","11":"category-publicaciones","12":"category-servicios-de-salud","13":"category-unidades-medicas","14":"tag-dr-carlos-argueta","15":"tag-dra-sonia-garcia","16":"tag-igss","17":"tag-jornada-de-aplicacion-de-fluor","18":"tag-jornadas-medicas","19":"tag-servicio-de-odontologia-para-ninos-y-adultos","20":"tag-unidad-periferica-zona-5"},"_links":{"self":[{"href":"https:\/\/www.igssgt.org\/noticias\/wp-json\/wp\/v2\/posts\/13931","targetHints":{"allow":["GET"]}}],"collection":[{"href":"https:\/\/www.igssgt.org\/noticias\/wp-json\/wp\/v2\/posts"}],"about":[{"href":"https:\/\/www.igssgt.org\/noticias\/wp-json\/wp\/v2\/types\/post"}],"author":[{"embeddable":true,"href":"https:\/\/www.igssgt.org\/noticias\/wp-json\/wp\/v2\/users\/9"}],"replies":[{"embeddable":true,"href":"https:\/\/www.igssgt.org\/noticias\/wp-json\/wp\/v2\/comments?post=13931"}],"version-history":[{"count":2,"href":"https:\/\/www.igssgt.org\/noticias\/wp-json\/wp\/v2\/posts\/13931\/revisions"}],"predecessor-version":[{"id":13939,"href":"https:\/\/www.igssgt.org\/noticias\/wp-json\/wp\/v2\/posts\/13931\/revisions\/13939"}],"wp:featuredmedia":[{"embeddable":true,"href":"https:\/\/www.igssgt.org\/noticias\/wp-json\/wp\/v2\/media\/13936"}],"wp:attachment":[{"href":"https:\/\/www.igssgt.org\/noticias\/wp-json\/wp\/v2\/media?parent=13931"}],"wp:term":[{"taxonomy":"category","embeddable":true,"href":"https:\/\/www.igssgt.org\/noticias\/wp-json\/wp\/v2\/categories?post=13931"},{"taxonomy":"post_tag","embeddable":true,"href":"https:\/\/www.igssgt.org\/noticias\/wp-json\/wp\/v2\/tags?post=13931"},{"taxonomy":"author","embeddable":true,"href":"https:\/\/www.igssgt.org\/noticias\/wp-json\/wp\/v2\/coauthors?post=13931"}],"curies":[{"name":"wp","href":"https:\/\/api.w.org\/{rel}","templated":true}]}}